{"id":9513,"date":"2012-02-03T11:08:07","date_gmt":"2012-02-03T10:08:07","guid":{"rendered":""},"modified":"2019-05-22T10:02:14","modified_gmt":"2019-05-22T08:02:14","slug":"mallorca-fruits-restores-the-mallorcan-almonds-splendor","status":"publish","type":"post","link":"https:\/\/www.masmallorca.es\/en\/gastronomy\/mallorca-fruits-restores-the-mallorcan-almonds-splendor.html","title":{"rendered":"Mallorca Fruits restores the mallorcan almond&#8217;s splendor"},"content":{"rendered":"<p style=\"text-align: justify;\"><strong><img loading=\"lazy\" decoding=\"async\" class=\" alignright size-full wp-image-9498\" style=\"border: 0px none; margin-left: 20px; margin-right: 20px; float: right;\" src=\"https:\/\/www.masmallorca.es\/wp-content\/uploads\/2012\/02\/Mallorca-Fruits-almendra-mallorquina-Gourmet.jpg\" alt=\"Mallorca Fruits - majorcan almond -Gourmet\" width=\"150\" height=\"107\" \/><\/strong>The Fruits Secs group launched the Mallorca Fruits trademark in 2010 in an effort to defend the interests of the over 3,000 Mallorcan almond producers.<\/p>\n<p><!--more--><\/p>\n<p style=\"text-align: justify;\">To this end, It distributes and merchandizes an innovative and exclusive quality product that is supported by the government of the Balearic Islands with a quality seal called the \u201cAmetla Mallorquina\u201d (<a title=\"Mallorcan almond, majorcan almonds\" href=\"https:\/\/www.mallorcashop.net\/en\/25-almonds\" target=\"_blank\" rel=\"noopener noreferrer\">Mallorcan Almond<\/a>), which will allow the product to be sustained over time and guarantee the characteristics that distinguish the almond from others and make it unique.<\/p>\n<p><img loading=\"lazy\" decoding=\"async\" class=\" alignleft size-full wp-image-9503\" style=\"margin: 20px 20px 10px 0px; float: left;\" title=\"Mallorcan almond\" src=\"https:\/\/www.masmallorca.es\/wp-content\/uploads\/2012\/02\/Mallorca-Fruits-almendros-mallorquines-flor-almendro.jpg\" alt=\"Mallorcan almond\" width=\"300\" height=\"292\" \/><\/p>\n<p style=\"text-align: justify;\">\n<p style=\"text-align: justify;\">The trademark is sold by 60 stores located in Palma, Alc\u00fadia, Pollen\u00e7a, Art\u00e0, Fornalutx, Valldemossa, Dei\u00e0, S\u00f3ller and Sineu.<\/p>\n<p style=\"text-align: justify;\">The <a title=\"Mallorcan almond, majorcan almonds\" href=\"https:\/\/www.mallorcashop.net\/en\/25-almonds\" target=\"_blank\" rel=\"noopener noreferrer\">Mallorcan almond<\/a> possesses specific qualities that distinguish it from almonds with other origins, such as being very sweet and oily. A staple of the Mediterranean diet, its consumption contributes to combating medical conditions such as osteoporosis, cholesterol and diabetes, and serves as an important source of vitamins and minerals.<\/p>\n<p style=\"text-align: justify;\">The Mallorca Fruits trademark offers customers a wide variety of over 20 almond-based products and by-products, which are sorted\u00a0 into\u00a0 six\u00a0 categories:\u00a0 gourmet, pastries, industrial, gifts, snacks and packs.<\/p>\n<p style=\"text-align: justify;\">The group is fomenting a series of commercial alliances with big name brands in the tourism sector and the food services sector Meli\u00e1 Hotels International, Air Nostrum, Maci\u00e0 Batle&#8230;) and has launched a new line of healthy products that are sugar-free, gluten-free and have almond milk.<\/p>\n<p style=\"text-align: justify;\">Participation in trade fairs is considered a relevant factor. The group attended the International confectionary Trade Fair in cologne (germany) for the second time in 2012, and\u00a0attended the Barcelona Degusta fair for the first time in December.<\/p>\n<p style=\"text-align: justify;\"><strong><strong style=\"text-align: justify;\"><img loading=\"lazy\" decoding=\"async\" class=\" size-full wp-image-9508\" title=\"Almendra de mallorca mallorcan almond, majorcan almonds\" src=\"https:\/\/www.masmallorca.es\/wp-content\/uploads\/2012\/02\/almendra-de-mallorca-mallorcan-almond.jpg\" alt=\"majorcan almonds\" width=\"540\" height=\"360\" srcset=\"https:\/\/www.masmallorca.es\/wp-content\/uploads\/2012\/02\/almendra-de-mallorca-mallorcan-almond.jpg 540w, https:\/\/www.masmallorca.es\/wp-content\/uploads\/2012\/02\/almendra-de-mallorca-mallorcan-almond-300x200.jpg 300w\" sizes=\"(max-width: 540px) 100vw, 540px\" \/><\/strong><\/strong><\/p>\n<p style=\"text-align: justify;\">\n<p style=\"text-align: justify;\">\n","protected":false},"excerpt":{"rendered":"<p>The Fruits Secs group launched the Mallorca Fruits trademark in 2010 in an effort to defend the interests of the over 3,000 Mallorcan almond producers.<\/p>\n","protected":false},"author":1,"featured_media":9494,"comment_status":"closed","ping_status":"closed","sticky":false,"template":"","format":"standard","meta":{"_et_pb_use_builder":"","_et_pb_old_content":"","_et_gb_content_width":"","footnotes":""},"categories":[28],"tags":[],"class_list":["post-9513","post","type-post","status-publish","format-standard","has-post-thumbnail","hentry","category-gastronomy","et-has-post-format-content","et_post_format-et-post-format-standard"],"yoast_head":"<!-- This site is optimized with the Yoast SEO plugin v27.4 - https:\/\/yoast.com\/product\/yoast-seo-wordpress\/ -->\n<title>Mallorcan almond&#039;s splendor | +Mallorca: the magazine of Mallorca<\/title>\n<meta name=\"description\" content=\"+Mallorca, Gastronomy: Mallorcan almonds. The Mallorcan almond, an ingredient of island gastronomy and the Mediterranean diet, is sweeter and more oily.\" \/>\n<meta name=\"robots\" content=\"index, follow, max-snippet:-1, max-image-preview:large, max-video-preview:-1\" \/>\n<link rel=\"canonical\" href=\"https:\/\/www.masmallorca.es\/en\/gastronomy\/mallorca-fruits-restores-the-mallorcan-almonds-splendor.html\" \/>\n<meta property=\"og:locale\" content=\"en_US\" \/>\n<meta property=\"og:type\" content=\"article\" \/>\n<meta property=\"og:title\" content=\"Mallorcan almond&#039;s splendor | +Mallorca: the magazine of Mallorca\" \/>\n<meta property=\"og:description\" content=\"+Mallorca, Gastronomy: Mallorcan almonds. The Mallorcan almond, an ingredient of island gastronomy and the Mediterranean diet, is sweeter and more oily.\" \/>\n<meta property=\"og:url\" content=\"https:\/\/www.masmallorca.es\/en\/gastronomy\/mallorca-fruits-restores-the-mallorcan-almonds-splendor.html\" \/>\n<meta property=\"og:site_name\" content=\"+Mallorca: the magazine of Mallorca\" \/>\n<meta property=\"article:publisher\" content=\"https:\/\/www.facebook.com\/mallorcamagazine\/\" \/>\n<meta property=\"article:published_time\" content=\"2012-02-03T10:08:07+00:00\" \/>\n<meta property=\"article:modified_time\" content=\"2019-05-22T08:02:14+00:00\" \/>\n<meta property=\"og:image\" content=\"https:\/\/www.masmallorca.es\/wp-content\/uploads\/2012\/02\/almendra-de-mallorca-mallorcan-almond.jpg\" \/>\n\t<meta property=\"og:image:width\" content=\"540\" \/>\n\t<meta property=\"og:image:height\" content=\"360\" \/>\n\t<meta property=\"og:image:type\" content=\"image\/jpeg\" \/>\n<meta name=\"author\" content=\"masmallorca\" \/>\n<meta name=\"twitter:card\" content=\"summary_large_image\" \/>\n<meta name=\"twitter:creator\" content=\"@masmallorca\" \/>\n<meta name=\"twitter:site\" content=\"@masmallorca\" \/>\n<meta name=\"twitter:label1\" content=\"Written by\" \/>\n\t<meta name=\"twitter:data1\" content=\"masmallorca\" \/>\n\t<meta name=\"twitter:label2\" content=\"Est. reading time\" \/>\n\t<meta name=\"twitter:data2\" content=\"1 minute\" \/>\n<script type=\"application\/ld+json\" class=\"yoast-schema-graph\">{\"@context\":\"https:\\\/\\\/schema.org\",\"@graph\":[{\"@type\":\"Article\",\"@id\":\"https:\\\/\\\/www.masmallorca.es\\\/en\\\/gastronomy\\\/mallorca-fruits-restores-the-mallorcan-almonds-splendor.html#article\",\"isPartOf\":{\"@id\":\"https:\\\/\\\/www.masmallorca.es\\\/en\\\/gastronomy\\\/mallorca-fruits-restores-the-mallorcan-almonds-splendor.html\"},\"author\":{\"name\":\"masmallorca\",\"@id\":\"https:\\\/\\\/www.masmallorca.es\\\/en#\\\/schema\\\/person\\\/554c84e7dfd9917fdba2cace51081633\"},\"headline\":\"Mallorca Fruits restores the mallorcan almond&#8217;s splendor\",\"datePublished\":\"2012-02-03T10:08:07+00:00\",\"dateModified\":\"2019-05-22T08:02:14+00:00\",\"mainEntityOfPage\":{\"@id\":\"https:\\\/\\\/www.masmallorca.es\\\/en\\\/gastronomy\\\/mallorca-fruits-restores-the-mallorcan-almonds-splendor.html\"},\"wordCount\":270,\"publisher\":{\"@id\":\"https:\\\/\\\/www.masmallorca.es\\\/en#organization\"},\"image\":{\"@id\":\"https:\\\/\\\/www.masmallorca.es\\\/en\\\/gastronomy\\\/mallorca-fruits-restores-the-mallorcan-almonds-splendor.html#primaryimage\"},\"thumbnailUrl\":\"https:\\\/\\\/www.masmallorca.es\\\/wp-content\\\/uploads\\\/2012\\\/02\\\/almendra-de-mallorca-mallorcan-almond.jpg\",\"articleSection\":[\"Gastronomy\"],\"inLanguage\":\"en-US\"},{\"@type\":\"WebPage\",\"@id\":\"https:\\\/\\\/www.masmallorca.es\\\/en\\\/gastronomy\\\/mallorca-fruits-restores-the-mallorcan-almonds-splendor.html\",\"url\":\"https:\\\/\\\/www.masmallorca.es\\\/en\\\/gastronomy\\\/mallorca-fruits-restores-the-mallorcan-almonds-splendor.html\",\"name\":\"Mallorcan almond's splendor | +Mallorca: the magazine of Mallorca\",\"isPartOf\":{\"@id\":\"https:\\\/\\\/www.masmallorca.es\\\/en#website\"},\"primaryImageOfPage\":{\"@id\":\"https:\\\/\\\/www.masmallorca.es\\\/en\\\/gastronomy\\\/mallorca-fruits-restores-the-mallorcan-almonds-splendor.html#primaryimage\"},\"image\":{\"@id\":\"https:\\\/\\\/www.masmallorca.es\\\/en\\\/gastronomy\\\/mallorca-fruits-restores-the-mallorcan-almonds-splendor.html#primaryimage\"},\"thumbnailUrl\":\"https:\\\/\\\/www.masmallorca.es\\\/wp-content\\\/uploads\\\/2012\\\/02\\\/almendra-de-mallorca-mallorcan-almond.jpg\",\"datePublished\":\"2012-02-03T10:08:07+00:00\",\"dateModified\":\"2019-05-22T08:02:14+00:00\",\"description\":\"+Mallorca, Gastronomy: Mallorcan almonds. The Mallorcan almond, an ingredient of island gastronomy and the Mediterranean diet, is sweeter and more oily.\",\"breadcrumb\":{\"@id\":\"https:\\\/\\\/www.masmallorca.es\\\/en\\\/gastronomy\\\/mallorca-fruits-restores-the-mallorcan-almonds-splendor.html#breadcrumb\"},\"inLanguage\":\"en-US\",\"potentialAction\":[{\"@type\":\"ReadAction\",\"target\":[\"https:\\\/\\\/www.masmallorca.es\\\/en\\\/gastronomy\\\/mallorca-fruits-restores-the-mallorcan-almonds-splendor.html\"]}]},{\"@type\":\"ImageObject\",\"inLanguage\":\"en-US\",\"@id\":\"https:\\\/\\\/www.masmallorca.es\\\/en\\\/gastronomy\\\/mallorca-fruits-restores-the-mallorcan-almonds-splendor.html#primaryimage\",\"url\":\"https:\\\/\\\/www.masmallorca.es\\\/wp-content\\\/uploads\\\/2012\\\/02\\\/almendra-de-mallorca-mallorcan-almond.jpg\",\"contentUrl\":\"https:\\\/\\\/www.masmallorca.es\\\/wp-content\\\/uploads\\\/2012\\\/02\\\/almendra-de-mallorca-mallorcan-almond.jpg\",\"width\":540,\"height\":360,\"caption\":\"almendra mallorquina de Mallorca\"},{\"@type\":\"BreadcrumbList\",\"@id\":\"https:\\\/\\\/www.masmallorca.es\\\/en\\\/gastronomy\\\/mallorca-fruits-restores-the-mallorcan-almonds-splendor.html#breadcrumb\",\"itemListElement\":[{\"@type\":\"ListItem\",\"position\":1,\"name\":\"Portada\",\"item\":\"https:\\\/\\\/www.masmallorca.es\\\/en\"},{\"@type\":\"ListItem\",\"position\":2,\"name\":\"Gastronomy\",\"item\":\"https:\\\/\\\/www.masmallorca.es\\\/en\\\/gastronomy\"},{\"@type\":\"ListItem\",\"position\":3,\"name\":\"Mallorca Fruits restores the mallorcan almond&#8217;s splendor\"}]},{\"@type\":\"WebSite\",\"@id\":\"https:\\\/\\\/www.masmallorca.es\\\/en#website\",\"url\":\"https:\\\/\\\/www.masmallorca.es\\\/en\",\"name\":\"+Mallorca: la revista de Mallorca\",\"description\":\"More than sun and beach..\",\"publisher\":{\"@id\":\"https:\\\/\\\/www.masmallorca.es\\\/en#organization\"},\"alternateName\":\"+Mallorca\",\"potentialAction\":[{\"@type\":\"SearchAction\",\"target\":{\"@type\":\"EntryPoint\",\"urlTemplate\":\"https:\\\/\\\/www.masmallorca.es\\\/en?s={search_term_string}\"},\"query-input\":{\"@type\":\"PropertyValueSpecification\",\"valueRequired\":true,\"valueName\":\"search_term_string\"}}],\"inLanguage\":\"en-US\"},{\"@type\":\"Organization\",\"@id\":\"https:\\\/\\\/www.masmallorca.es\\\/en#organization\",\"name\":\"+Mallorca Magazine\",\"alternateName\":\"M\u00e1s Mallorca\",\"url\":\"https:\\\/\\\/www.masmallorca.es\\\/en\",\"logo\":{\"@type\":\"ImageObject\",\"inLanguage\":\"en-US\",\"@id\":\"https:\\\/\\\/www.masmallorca.es\\\/en#\\\/schema\\\/logo\\\/image\\\/\",\"url\":\"https:\\\/\\\/www.masmallorca.es\\\/wp-content\\\/uploads\\\/2021\\\/04\\\/logomallorca-1.png\",\"contentUrl\":\"https:\\\/\\\/www.masmallorca.es\\\/wp-content\\\/uploads\\\/2021\\\/04\\\/logomallorca-1.png\",\"width\":326,\"height\":84,\"caption\":\"+Mallorca Magazine\"},\"image\":{\"@id\":\"https:\\\/\\\/www.masmallorca.es\\\/en#\\\/schema\\\/logo\\\/image\\\/\"},\"sameAs\":[\"https:\\\/\\\/www.facebook.com\\\/mallorcamagazine\\\/\",\"https:\\\/\\\/x.com\\\/masmallorca\"]},{\"@type\":\"Person\",\"@id\":\"https:\\\/\\\/www.masmallorca.es\\\/en#\\\/schema\\\/person\\\/554c84e7dfd9917fdba2cace51081633\",\"name\":\"masmallorca\"}]}<\/script>\n<!-- \/ Yoast SEO plugin. -->","yoast_head_json":{"title":"Mallorcan almond's splendor | +Mallorca: the magazine of Mallorca","description":"+Mallorca, Gastronomy: Mallorcan almonds. The Mallorcan almond, an ingredient of island gastronomy and the Mediterranean diet, is sweeter and more oily.","robots":{"index":"index","follow":"follow","max-snippet":"max-snippet:-1","max-image-preview":"max-image-preview:large","max-video-preview":"max-video-preview:-1"},"canonical":"https:\/\/www.masmallorca.es\/en\/gastronomy\/mallorca-fruits-restores-the-mallorcan-almonds-splendor.html","og_locale":"en_US","og_type":"article","og_title":"Mallorcan almond's splendor | +Mallorca: the magazine of Mallorca","og_description":"+Mallorca, Gastronomy: Mallorcan almonds. The Mallorcan almond, an ingredient of island gastronomy and the Mediterranean diet, is sweeter and more oily.","og_url":"https:\/\/www.masmallorca.es\/en\/gastronomy\/mallorca-fruits-restores-the-mallorcan-almonds-splendor.html","og_site_name":"+Mallorca: the magazine of Mallorca","article_publisher":"https:\/\/www.facebook.com\/mallorcamagazine\/","article_published_time":"2012-02-03T10:08:07+00:00","article_modified_time":"2019-05-22T08:02:14+00:00","og_image":[{"width":540,"height":360,"url":"https:\/\/www.masmallorca.es\/wp-content\/uploads\/2012\/02\/almendra-de-mallorca-mallorcan-almond.jpg","type":"image\/jpeg"}],"author":"masmallorca","twitter_card":"summary_large_image","twitter_creator":"@masmallorca","twitter_site":"@masmallorca","twitter_misc":{"Written by":"masmallorca","Est. reading time":"1 minute"},"schema":{"@context":"https:\/\/schema.org","@graph":[{"@type":"Article","@id":"https:\/\/www.masmallorca.es\/en\/gastronomy\/mallorca-fruits-restores-the-mallorcan-almonds-splendor.html#article","isPartOf":{"@id":"https:\/\/www.masmallorca.es\/en\/gastronomy\/mallorca-fruits-restores-the-mallorcan-almonds-splendor.html"},"author":{"name":"masmallorca","@id":"https:\/\/www.masmallorca.es\/en#\/schema\/person\/554c84e7dfd9917fdba2cace51081633"},"headline":"Mallorca Fruits restores the mallorcan almond&#8217;s splendor","datePublished":"2012-02-03T10:08:07+00:00","dateModified":"2019-05-22T08:02:14+00:00","mainEntityOfPage":{"@id":"https:\/\/www.masmallorca.es\/en\/gastronomy\/mallorca-fruits-restores-the-mallorcan-almonds-splendor.html"},"wordCount":270,"publisher":{"@id":"https:\/\/www.masmallorca.es\/en#organization"},"image":{"@id":"https:\/\/www.masmallorca.es\/en\/gastronomy\/mallorca-fruits-restores-the-mallorcan-almonds-splendor.html#primaryimage"},"thumbnailUrl":"https:\/\/www.masmallorca.es\/wp-content\/uploads\/2012\/02\/almendra-de-mallorca-mallorcan-almond.jpg","articleSection":["Gastronomy"],"inLanguage":"en-US"},{"@type":"WebPage","@id":"https:\/\/www.masmallorca.es\/en\/gastronomy\/mallorca-fruits-restores-the-mallorcan-almonds-splendor.html","url":"https:\/\/www.masmallorca.es\/en\/gastronomy\/mallorca-fruits-restores-the-mallorcan-almonds-splendor.html","name":"Mallorcan almond's splendor | +Mallorca: the magazine of Mallorca","isPartOf":{"@id":"https:\/\/www.masmallorca.es\/en#website"},"primaryImageOfPage":{"@id":"https:\/\/www.masmallorca.es\/en\/gastronomy\/mallorca-fruits-restores-the-mallorcan-almonds-splendor.html#primaryimage"},"image":{"@id":"https:\/\/www.masmallorca.es\/en\/gastronomy\/mallorca-fruits-restores-the-mallorcan-almonds-splendor.html#primaryimage"},"thumbnailUrl":"https:\/\/www.masmallorca.es\/wp-content\/uploads\/2012\/02\/almendra-de-mallorca-mallorcan-almond.jpg","datePublished":"2012-02-03T10:08:07+00:00","dateModified":"2019-05-22T08:02:14+00:00","description":"+Mallorca, Gastronomy: Mallorcan almonds. The Mallorcan almond, an ingredient of island gastronomy and the Mediterranean diet, is sweeter and more oily.","breadcrumb":{"@id":"https:\/\/www.masmallorca.es\/en\/gastronomy\/mallorca-fruits-restores-the-mallorcan-almonds-splendor.html#breadcrumb"},"inLanguage":"en-US","potentialAction":[{"@type":"ReadAction","target":["https:\/\/www.masmallorca.es\/en\/gastronomy\/mallorca-fruits-restores-the-mallorcan-almonds-splendor.html"]}]},{"@type":"ImageObject","inLanguage":"en-US","@id":"https:\/\/www.masmallorca.es\/en\/gastronomy\/mallorca-fruits-restores-the-mallorcan-almonds-splendor.html#primaryimage","url":"https:\/\/www.masmallorca.es\/wp-content\/uploads\/2012\/02\/almendra-de-mallorca-mallorcan-almond.jpg","contentUrl":"https:\/\/www.masmallorca.es\/wp-content\/uploads\/2012\/02\/almendra-de-mallorca-mallorcan-almond.jpg","width":540,"height":360,"caption":"almendra mallorquina de Mallorca"},{"@type":"BreadcrumbList","@id":"https:\/\/www.masmallorca.es\/en\/gastronomy\/mallorca-fruits-restores-the-mallorcan-almonds-splendor.html#breadcrumb","itemListElement":[{"@type":"ListItem","position":1,"name":"Portada","item":"https:\/\/www.masmallorca.es\/en"},{"@type":"ListItem","position":2,"name":"Gastronomy","item":"https:\/\/www.masmallorca.es\/en\/gastronomy"},{"@type":"ListItem","position":3,"name":"Mallorca Fruits restores the mallorcan almond&#8217;s splendor"}]},{"@type":"WebSite","@id":"https:\/\/www.masmallorca.es\/en#website","url":"https:\/\/www.masmallorca.es\/en","name":"+Mallorca: la revista de Mallorca","description":"More than sun and beach..","publisher":{"@id":"https:\/\/www.masmallorca.es\/en#organization"},"alternateName":"+Mallorca","potentialAction":[{"@type":"SearchAction","target":{"@type":"EntryPoint","urlTemplate":"https:\/\/www.masmallorca.es\/en?s={search_term_string}"},"query-input":{"@type":"PropertyValueSpecification","valueRequired":true,"valueName":"search_term_string"}}],"inLanguage":"en-US"},{"@type":"Organization","@id":"https:\/\/www.masmallorca.es\/en#organization","name":"+Mallorca Magazine","alternateName":"M\u00e1s Mallorca","url":"https:\/\/www.masmallorca.es\/en","logo":{"@type":"ImageObject","inLanguage":"en-US","@id":"https:\/\/www.masmallorca.es\/en#\/schema\/logo\/image\/","url":"https:\/\/www.masmallorca.es\/wp-content\/uploads\/2021\/04\/logomallorca-1.png","contentUrl":"https:\/\/www.masmallorca.es\/wp-content\/uploads\/2021\/04\/logomallorca-1.png","width":326,"height":84,"caption":"+Mallorca Magazine"},"image":{"@id":"https:\/\/www.masmallorca.es\/en#\/schema\/logo\/image\/"},"sameAs":["https:\/\/www.facebook.com\/mallorcamagazine\/","https:\/\/x.com\/masmallorca"]},{"@type":"Person","@id":"https:\/\/www.masmallorca.es\/en#\/schema\/person\/554c84e7dfd9917fdba2cace51081633","name":"masmallorca"}]}},"_links":{"self":[{"href":"https:\/\/www.masmallorca.es\/en\/wp-json\/wp\/v2\/posts\/9513","targetHints":{"allow":["GET"]}}],"collection":[{"href":"https:\/\/www.masmallorca.es\/en\/wp-json\/wp\/v2\/posts"}],"about":[{"href":"https:\/\/www.masmallorca.es\/en\/wp-json\/wp\/v2\/types\/post"}],"author":[{"embeddable":true,"href":"https:\/\/www.masmallorca.es\/en\/wp-json\/wp\/v2\/users\/1"}],"replies":[{"embeddable":true,"href":"https:\/\/www.masmallorca.es\/en\/wp-json\/wp\/v2\/comments?post=9513"}],"version-history":[{"count":0,"href":"https:\/\/www.masmallorca.es\/en\/wp-json\/wp\/v2\/posts\/9513\/revisions"}],"wp:featuredmedia":[{"embeddable":true,"href":"https:\/\/www.masmallorca.es\/en\/wp-json\/wp\/v2\/media\/9494"}],"wp:attachment":[{"href":"https:\/\/www.masmallorca.es\/en\/wp-json\/wp\/v2\/media?parent=9513"}],"wp:term":[{"taxonomy":"category","embeddable":true,"href":"https:\/\/www.masmallorca.es\/en\/wp-json\/wp\/v2\/categories?post=9513"},{"taxonomy":"post_tag","embeddable":true,"href":"https:\/\/www.masmallorca.es\/en\/wp-json\/wp\/v2\/tags?post=9513"}],"curies":[{"name":"wp","href":"https:\/\/api.w.org\/{rel}","templated":true}]}}