{"id":78,"date":"2009-03-25T15:37:15","date_gmt":"2009-03-25T14:37:15","guid":{"rendered":"<p style=\"text-align: justify;\"><img class=\" alignright size-full wp-image-62\" style=\"margin-right: 20px; margin-left: 20px; float: right;\" alt=\"santa-ana_mallorca_medieval\" src=\"http:\/\/www.masmallorca.es\/wp-content\/uploads\/2009\/03\/santa-ana_mallorca_medi"},"modified":"2009-03-25T15:37:15","modified_gmt":"2009-03-25T14:37:15","slug":"mallorca-medieval-2","status":"publish","type":"post","link":"https:\/\/www.masmallorca.es\/en\/culture\/mallorca-medieval-2.html","title":{"rendered":"Mallorca medieval II &#8211; Resettlement churches"},"content":{"rendered":"<p style=\"text-align: justify;\"><img loading=\"lazy\" decoding=\"async\" class=\" alignright size-full wp-image-62\" style=\"margin-right: 20px; margin-left: 20px; float: right;\" alt=\"santa-ana_mallorca_medieval\" src=\"https:\/\/www.masmallorca.es\/wp-content\/uploads\/2009\/03\/santa-ana_mallorca_medieval.jpg\" height=\"83\" width=\"150\" \/>Castellitx, Santa Luc\u00eda, Sant Pere d\u2019Escorca, Santa Ana, Sant Miquel de Campanet, La Sangre in Muro, Santa Fe in Palma. Most of these 13th-century Majorcan churches are now 14th century Gothic or completely rebuilt during the centuries that followed.&nbsp;<\/p>\n<p>  <!--more--> <\/p>\n<p style=\"text-align: justify;\">Therefore, an interesting route is the one that makes reference to the religious buildings following a model that goes back to the beginnings of the Catalan conquest. They are small churches whose main characteristics are limited dimensions and simple constructions. They share a same construction pattern: a rectangular floor plan, single nave, flat presbytery and wooden beamed apex ceilings, supported by a series of pointed diaphragm arches, scarce openings and great simplicity. It is a simple, economic and practical construction typology, originating in the construction patterns employed by the Catalan order of Cistercians in their monasteries when building household rooms, especially bedrooms and refectories. It was later adopted by the Mendicant orders. These churches have already been above in their corresponding town sections. However, St. Miquel of  Campanet\u2019s, which can be reached from the town itself via the diversion to the caves of Campanet, has not been described yet.<\/p>\n<p style=\"text-align: justify;\"><img loading=\"lazy\" decoding=\"async\" class=\" alignleft size-full wp-image-67\" alt=\"mallorca_medieval_sant_miquel_campanet\" style=\"margin: 15px 20px 10px 0px; float: left;\" src=\"https:\/\/www.masmallorca.es\/wp-content\/uploads\/2009\/03\/mallorca_medieval_sant_miquel_campanet.jpg\" height=\"175\" width=\"350\" srcset=\"https:\/\/www.masmallorca.es\/wp-content\/uploads\/2009\/03\/mallorca_medieval_sant_miquel_campanet.jpg 350w, https:\/\/www.masmallorca.es\/wp-content\/uploads\/2009\/03\/mallorca_medieval_sant_miquel_campanet-300x150.jpg 300w\" sizes=\"(max-width: 350px) 100vw, 350px\" \/>The primitive building was constructed in the 13th century, but between 1480 and 1482, it was subject to improvements and enlargements. The dates are written on the interior arches, the second one bearing the signature of Melcion Comes. It has an apex roof rounded off by a 15th-century belfry with a small pointed arch. The building\u2019s portal bears a depressed arch, whereas the main portal has a voussoired rounded arch, sheltered by a small porch with wooden beams and tiles. The ceiling is made of wood and has two pointed diaphragm arches. The chevet, on the eastern facade, shows the remains of a great diaphragm arch, possibly belonging to an old gate. The facade is crowned by a belfry finishing in a cross, located in the angle formed by the roof&#8217;s slopes. This could be the primitive 13th century belfry. The sacristy dates from 1408. A Gothic panel depicting Archangel St. Michael presides over the high altarpiece. The low part boasts a Gothic statue of Christ, framed by a niche, which is an object of great devotion by the people. Legend has it that the inhabitants of the neighbouring town of Sa Pobla tried to steal it but they did not succeed in taking it outside the municipal borderline. Other similar buildings, either previously or not,  include the small church of St. Mary of  Bellver, identified with the chapel of St. Lloren\u00e7 des Cardassar, in the  farm of Son Vives.<\/p>\n<p style=\"text-align: center;\"><img loading=\"lazy\" decoding=\"async\" class=\" size-full wp-image-72\" alt=\"mallorca_medieval_catellitx\" style=\"border: 0px none; vertical-align: middle;\" src=\"https:\/\/www.masmallorca.es\/wp-content\/uploads\/2009\/03\/mallorca_medieval_catellitx.jpg\" height=\"106\" width=\"540\" srcset=\"https:\/\/www.masmallorca.es\/wp-content\/uploads\/2009\/03\/mallorca_medieval_catellitx.jpg 540w, https:\/\/www.masmallorca.es\/wp-content\/uploads\/2009\/03\/mallorca_medieval_catellitx-300x59.jpg 300w\" sizes=\"(max-width: 540px) 100vw, 540px\" \/><\/p>\n<p style=\"text-align: justify;\">\u00a0<\/p>\n","protected":false},"excerpt":{"rendered":"<p>Castellitx, Santa Luc\u00eda, Sant Pere d\u2019Escorca, Santa Ana, Sant Miquel de Campanet, La Sangre in Muro, Santa Fe in Palma. Most of these 13th-century Majorcan churches are now 14th century Gothic or completely rebuilt during the centuries that followed.&nbsp;<\/p>\n","protected":false},"author":1,"featured_media":74,"comment_status":"closed","ping_status":"closed","sticky":false,"template":"","format":"standard","meta":{"_et_pb_use_builder":"","_et_pb_old_content":"","_et_gb_content_width":"","footnotes":""},"categories":[18],"tags":[],"class_list":["post-78","post","type-post","status-publish","format-standard","has-post-thumbnail","hentry","category-culture","et-has-post-format-content","et_post_format-et-post-format-standard"],"yoast_head":"<!-- This site is optimized with the Yoast SEO plugin v27.4 - https:\/\/yoast.com\/product\/yoast-seo-wordpress\/ -->\n<title>Mallorca medieval II - Resettlement churches | +Mallorca<\/title>\n<meta name=\"description\" content=\"M\u00e1s Mallorca, Cultura: Mallorca medieval II - Iglesias de repoblaci\u00f3n. Castellitx, Santa Ll\u00facia, Sant Pere d\u00b4Escorca, Sant Miquel de Campanet, La Sang de Muro, Santa Fe de Palma\" \/>\n<meta name=\"robots\" content=\"index, follow, max-snippet:-1, max-image-preview:large, max-video-preview:-1\" \/>\n<link rel=\"canonical\" href=\"https:\/\/www.masmallorca.es\/en\/culture\/mallorca-medieval-2.html\" \/>\n<meta property=\"og:locale\" content=\"en_US\" \/>\n<meta property=\"og:type\" content=\"article\" \/>\n<meta property=\"og:title\" content=\"Mallorca medieval II - Resettlement churches | +Mallorca\" \/>\n<meta property=\"og:description\" content=\"M\u00e1s Mallorca, Cultura: Mallorca medieval II - Iglesias de repoblaci\u00f3n. Castellitx, Santa Ll\u00facia, Sant Pere d\u00b4Escorca, Sant Miquel de Campanet, La Sang de Muro, Santa Fe de Palma\" \/>\n<meta property=\"og:url\" content=\"https:\/\/www.masmallorca.es\/en\/culture\/mallorca-medieval-2.html\" \/>\n<meta property=\"og:site_name\" content=\"+Mallorca: the magazine of Mallorca\" \/>\n<meta property=\"article:publisher\" content=\"https:\/\/www.facebook.com\/mallorcamagazine\/\" \/>\n<meta property=\"article:published_time\" content=\"2009-03-25T14:37:15+00:00\" \/>\n<meta property=\"og:image\" content=\"https:\/\/www.masmallorca.es\/wp-content\/uploads\/2009\/03\/mallorca_medieval_catellitx.jpg\" \/>\n\t<meta property=\"og:image:width\" content=\"540\" \/>\n\t<meta property=\"og:image:height\" content=\"106\" \/>\n\t<meta property=\"og:image:type\" content=\"image\/jpeg\" \/>\n<meta name=\"author\" content=\"masmallorca\" \/>\n<meta name=\"twitter:card\" content=\"summary_large_image\" \/>\n<meta name=\"twitter:creator\" content=\"@masmallorca\" \/>\n<meta name=\"twitter:site\" content=\"@masmallorca\" \/>\n<meta name=\"twitter:label1\" content=\"Written by\" \/>\n\t<meta name=\"twitter:data1\" content=\"masmallorca\" \/>\n\t<meta name=\"twitter:label2\" content=\"Est. reading time\" \/>\n\t<meta name=\"twitter:data2\" content=\"2 minutes\" \/>\n<script type=\"application\/ld+json\" class=\"yoast-schema-graph\">{\"@context\":\"https:\\\/\\\/schema.org\",\"@graph\":[{\"@type\":\"Article\",\"@id\":\"https:\\\/\\\/www.masmallorca.es\\\/en\\\/culture\\\/mallorca-medieval-2.html#article\",\"isPartOf\":{\"@id\":\"https:\\\/\\\/www.masmallorca.es\\\/en\\\/culture\\\/mallorca-medieval-2.html\"},\"author\":{\"name\":\"masmallorca\",\"@id\":\"https:\\\/\\\/www.masmallorca.es\\\/en#\\\/schema\\\/person\\\/554c84e7dfd9917fdba2cace51081633\"},\"headline\":\"Mallorca medieval II &#8211; Resettlement churches\",\"datePublished\":\"2009-03-25T14:37:15+00:00\",\"mainEntityOfPage\":{\"@id\":\"https:\\\/\\\/www.masmallorca.es\\\/en\\\/culture\\\/mallorca-medieval-2.html\"},\"wordCount\":437,\"publisher\":{\"@id\":\"https:\\\/\\\/www.masmallorca.es\\\/en#organization\"},\"image\":{\"@id\":\"https:\\\/\\\/www.masmallorca.es\\\/en\\\/culture\\\/mallorca-medieval-2.html#primaryimage\"},\"thumbnailUrl\":\"https:\\\/\\\/www.masmallorca.es\\\/wp-content\\\/uploads\\\/2009\\\/03\\\/mallorca_medieval_catellitx.jpg\",\"articleSection\":[\"Culture\"],\"inLanguage\":\"en-US\"},{\"@type\":\"WebPage\",\"@id\":\"https:\\\/\\\/www.masmallorca.es\\\/en\\\/culture\\\/mallorca-medieval-2.html\",\"url\":\"https:\\\/\\\/www.masmallorca.es\\\/en\\\/culture\\\/mallorca-medieval-2.html\",\"name\":\"Mallorca medieval II - Resettlement churches | +Mallorca\",\"isPartOf\":{\"@id\":\"https:\\\/\\\/www.masmallorca.es\\\/en#website\"},\"primaryImageOfPage\":{\"@id\":\"https:\\\/\\\/www.masmallorca.es\\\/en\\\/culture\\\/mallorca-medieval-2.html#primaryimage\"},\"image\":{\"@id\":\"https:\\\/\\\/www.masmallorca.es\\\/en\\\/culture\\\/mallorca-medieval-2.html#primaryimage\"},\"thumbnailUrl\":\"https:\\\/\\\/www.masmallorca.es\\\/wp-content\\\/uploads\\\/2009\\\/03\\\/mallorca_medieval_catellitx.jpg\",\"datePublished\":\"2009-03-25T14:37:15+00:00\",\"description\":\"M\u00e1s Mallorca, Cultura: Mallorca medieval II - Iglesias de repoblaci\u00f3n. Castellitx, Santa Ll\u00facia, Sant Pere d\u00b4Escorca, Sant Miquel de Campanet, La Sang de Muro, Santa Fe de Palma\",\"breadcrumb\":{\"@id\":\"https:\\\/\\\/www.masmallorca.es\\\/en\\\/culture\\\/mallorca-medieval-2.html#breadcrumb\"},\"inLanguage\":\"en-US\",\"potentialAction\":[{\"@type\":\"ReadAction\",\"target\":[\"https:\\\/\\\/www.masmallorca.es\\\/en\\\/culture\\\/mallorca-medieval-2.html\"]}]},{\"@type\":\"ImageObject\",\"inLanguage\":\"en-US\",\"@id\":\"https:\\\/\\\/www.masmallorca.es\\\/en\\\/culture\\\/mallorca-medieval-2.html#primaryimage\",\"url\":\"https:\\\/\\\/www.masmallorca.es\\\/wp-content\\\/uploads\\\/2009\\\/03\\\/mallorca_medieval_catellitx.jpg\",\"contentUrl\":\"https:\\\/\\\/www.masmallorca.es\\\/wp-content\\\/uploads\\\/2009\\\/03\\\/mallorca_medieval_catellitx.jpg\",\"width\":540,\"height\":106,\"caption\":\"Mallorca medieval II - Iglesias de repoblaci\u00f3n\"},{\"@type\":\"BreadcrumbList\",\"@id\":\"https:\\\/\\\/www.masmallorca.es\\\/en\\\/culture\\\/mallorca-medieval-2.html#breadcrumb\",\"itemListElement\":[{\"@type\":\"ListItem\",\"position\":1,\"name\":\"Portada\",\"item\":\"https:\\\/\\\/www.masmallorca.es\\\/en\"},{\"@type\":\"ListItem\",\"position\":2,\"name\":\"Culture\",\"item\":\"https:\\\/\\\/www.masmallorca.es\\\/en\\\/culture\"},{\"@type\":\"ListItem\",\"position\":3,\"name\":\"Mallorca medieval II &#8211; Resettlement churches\"}]},{\"@type\":\"WebSite\",\"@id\":\"https:\\\/\\\/www.masmallorca.es\\\/en#website\",\"url\":\"https:\\\/\\\/www.masmallorca.es\\\/en\",\"name\":\"+Mallorca: la revista de Mallorca\",\"description\":\"More than sun and beach..\",\"publisher\":{\"@id\":\"https:\\\/\\\/www.masmallorca.es\\\/en#organization\"},\"alternateName\":\"+Mallorca\",\"potentialAction\":[{\"@type\":\"SearchAction\",\"target\":{\"@type\":\"EntryPoint\",\"urlTemplate\":\"https:\\\/\\\/www.masmallorca.es\\\/en?s={search_term_string}\"},\"query-input\":{\"@type\":\"PropertyValueSpecification\",\"valueRequired\":true,\"valueName\":\"search_term_string\"}}],\"inLanguage\":\"en-US\"},{\"@type\":\"Organization\",\"@id\":\"https:\\\/\\\/www.masmallorca.es\\\/en#organization\",\"name\":\"+Mallorca Magazine\",\"alternateName\":\"M\u00e1s Mallorca\",\"url\":\"https:\\\/\\\/www.masmallorca.es\\\/en\",\"logo\":{\"@type\":\"ImageObject\",\"inLanguage\":\"en-US\",\"@id\":\"https:\\\/\\\/www.masmallorca.es\\\/en#\\\/schema\\\/logo\\\/image\\\/\",\"url\":\"https:\\\/\\\/www.masmallorca.es\\\/wp-content\\\/uploads\\\/2021\\\/04\\\/logomallorca-1.png\",\"contentUrl\":\"https:\\\/\\\/www.masmallorca.es\\\/wp-content\\\/uploads\\\/2021\\\/04\\\/logomallorca-1.png\",\"width\":326,\"height\":84,\"caption\":\"+Mallorca Magazine\"},\"image\":{\"@id\":\"https:\\\/\\\/www.masmallorca.es\\\/en#\\\/schema\\\/logo\\\/image\\\/\"},\"sameAs\":[\"https:\\\/\\\/www.facebook.com\\\/mallorcamagazine\\\/\",\"https:\\\/\\\/x.com\\\/masmallorca\"]},{\"@type\":\"Person\",\"@id\":\"https:\\\/\\\/www.masmallorca.es\\\/en#\\\/schema\\\/person\\\/554c84e7dfd9917fdba2cace51081633\",\"name\":\"masmallorca\"}]}<\/script>\n<!-- \/ Yoast SEO plugin. -->","yoast_head_json":{"title":"Mallorca medieval II - Resettlement churches | +Mallorca","description":"M\u00e1s Mallorca, Cultura: Mallorca medieval II - Iglesias de repoblaci\u00f3n. Castellitx, Santa Ll\u00facia, Sant Pere d\u00b4Escorca, Sant Miquel de Campanet, La Sang de Muro, Santa Fe de Palma","robots":{"index":"index","follow":"follow","max-snippet":"max-snippet:-1","max-image-preview":"max-image-preview:large","max-video-preview":"max-video-preview:-1"},"canonical":"https:\/\/www.masmallorca.es\/en\/culture\/mallorca-medieval-2.html","og_locale":"en_US","og_type":"article","og_title":"Mallorca medieval II - Resettlement churches | +Mallorca","og_description":"M\u00e1s Mallorca, Cultura: Mallorca medieval II - Iglesias de repoblaci\u00f3n. Castellitx, Santa Ll\u00facia, Sant Pere d\u00b4Escorca, Sant Miquel de Campanet, La Sang de Muro, Santa Fe de Palma","og_url":"https:\/\/www.masmallorca.es\/en\/culture\/mallorca-medieval-2.html","og_site_name":"+Mallorca: the magazine of Mallorca","article_publisher":"https:\/\/www.facebook.com\/mallorcamagazine\/","article_published_time":"2009-03-25T14:37:15+00:00","og_image":[{"width":540,"height":106,"url":"https:\/\/www.masmallorca.es\/wp-content\/uploads\/2009\/03\/mallorca_medieval_catellitx.jpg","type":"image\/jpeg"}],"author":"masmallorca","twitter_card":"summary_large_image","twitter_creator":"@masmallorca","twitter_site":"@masmallorca","twitter_misc":{"Written by":"masmallorca","Est. reading time":"2 minutes"},"schema":{"@context":"https:\/\/schema.org","@graph":[{"@type":"Article","@id":"https:\/\/www.masmallorca.es\/en\/culture\/mallorca-medieval-2.html#article","isPartOf":{"@id":"https:\/\/www.masmallorca.es\/en\/culture\/mallorca-medieval-2.html"},"author":{"name":"masmallorca","@id":"https:\/\/www.masmallorca.es\/en#\/schema\/person\/554c84e7dfd9917fdba2cace51081633"},"headline":"Mallorca medieval II &#8211; Resettlement churches","datePublished":"2009-03-25T14:37:15+00:00","mainEntityOfPage":{"@id":"https:\/\/www.masmallorca.es\/en\/culture\/mallorca-medieval-2.html"},"wordCount":437,"publisher":{"@id":"https:\/\/www.masmallorca.es\/en#organization"},"image":{"@id":"https:\/\/www.masmallorca.es\/en\/culture\/mallorca-medieval-2.html#primaryimage"},"thumbnailUrl":"https:\/\/www.masmallorca.es\/wp-content\/uploads\/2009\/03\/mallorca_medieval_catellitx.jpg","articleSection":["Culture"],"inLanguage":"en-US"},{"@type":"WebPage","@id":"https:\/\/www.masmallorca.es\/en\/culture\/mallorca-medieval-2.html","url":"https:\/\/www.masmallorca.es\/en\/culture\/mallorca-medieval-2.html","name":"Mallorca medieval II - Resettlement churches | +Mallorca","isPartOf":{"@id":"https:\/\/www.masmallorca.es\/en#website"},"primaryImageOfPage":{"@id":"https:\/\/www.masmallorca.es\/en\/culture\/mallorca-medieval-2.html#primaryimage"},"image":{"@id":"https:\/\/www.masmallorca.es\/en\/culture\/mallorca-medieval-2.html#primaryimage"},"thumbnailUrl":"https:\/\/www.masmallorca.es\/wp-content\/uploads\/2009\/03\/mallorca_medieval_catellitx.jpg","datePublished":"2009-03-25T14:37:15+00:00","description":"M\u00e1s Mallorca, Cultura: Mallorca medieval II - Iglesias de repoblaci\u00f3n. Castellitx, Santa Ll\u00facia, Sant Pere d\u00b4Escorca, Sant Miquel de Campanet, La Sang de Muro, Santa Fe de Palma","breadcrumb":{"@id":"https:\/\/www.masmallorca.es\/en\/culture\/mallorca-medieval-2.html#breadcrumb"},"inLanguage":"en-US","potentialAction":[{"@type":"ReadAction","target":["https:\/\/www.masmallorca.es\/en\/culture\/mallorca-medieval-2.html"]}]},{"@type":"ImageObject","inLanguage":"en-US","@id":"https:\/\/www.masmallorca.es\/en\/culture\/mallorca-medieval-2.html#primaryimage","url":"https:\/\/www.masmallorca.es\/wp-content\/uploads\/2009\/03\/mallorca_medieval_catellitx.jpg","contentUrl":"https:\/\/www.masmallorca.es\/wp-content\/uploads\/2009\/03\/mallorca_medieval_catellitx.jpg","width":540,"height":106,"caption":"Mallorca medieval II - Iglesias de repoblaci\u00f3n"},{"@type":"BreadcrumbList","@id":"https:\/\/www.masmallorca.es\/en\/culture\/mallorca-medieval-2.html#breadcrumb","itemListElement":[{"@type":"ListItem","position":1,"name":"Portada","item":"https:\/\/www.masmallorca.es\/en"},{"@type":"ListItem","position":2,"name":"Culture","item":"https:\/\/www.masmallorca.es\/en\/culture"},{"@type":"ListItem","position":3,"name":"Mallorca medieval II &#8211; Resettlement churches"}]},{"@type":"WebSite","@id":"https:\/\/www.masmallorca.es\/en#website","url":"https:\/\/www.masmallorca.es\/en","name":"+Mallorca: la revista de Mallorca","description":"More than sun and beach..","publisher":{"@id":"https:\/\/www.masmallorca.es\/en#organization"},"alternateName":"+Mallorca","potentialAction":[{"@type":"SearchAction","target":{"@type":"EntryPoint","urlTemplate":"https:\/\/www.masmallorca.es\/en?s={search_term_string}"},"query-input":{"@type":"PropertyValueSpecification","valueRequired":true,"valueName":"search_term_string"}}],"inLanguage":"en-US"},{"@type":"Organization","@id":"https:\/\/www.masmallorca.es\/en#organization","name":"+Mallorca Magazine","alternateName":"M\u00e1s Mallorca","url":"https:\/\/www.masmallorca.es\/en","logo":{"@type":"ImageObject","inLanguage":"en-US","@id":"https:\/\/www.masmallorca.es\/en#\/schema\/logo\/image\/","url":"https:\/\/www.masmallorca.es\/wp-content\/uploads\/2021\/04\/logomallorca-1.png","contentUrl":"https:\/\/www.masmallorca.es\/wp-content\/uploads\/2021\/04\/logomallorca-1.png","width":326,"height":84,"caption":"+Mallorca Magazine"},"image":{"@id":"https:\/\/www.masmallorca.es\/en#\/schema\/logo\/image\/"},"sameAs":["https:\/\/www.facebook.com\/mallorcamagazine\/","https:\/\/x.com\/masmallorca"]},{"@type":"Person","@id":"https:\/\/www.masmallorca.es\/en#\/schema\/person\/554c84e7dfd9917fdba2cace51081633","name":"masmallorca"}]}},"_links":{"self":[{"href":"https:\/\/www.masmallorca.es\/en\/wp-json\/wp\/v2\/posts\/78","targetHints":{"allow":["GET"]}}],"collection":[{"href":"https:\/\/www.masmallorca.es\/en\/wp-json\/wp\/v2\/posts"}],"about":[{"href":"https:\/\/www.masmallorca.es\/en\/wp-json\/wp\/v2\/types\/post"}],"author":[{"embeddable":true,"href":"https:\/\/www.masmallorca.es\/en\/wp-json\/wp\/v2\/users\/1"}],"replies":[{"embeddable":true,"href":"https:\/\/www.masmallorca.es\/en\/wp-json\/wp\/v2\/comments?post=78"}],"version-history":[{"count":0,"href":"https:\/\/www.masmallorca.es\/en\/wp-json\/wp\/v2\/posts\/78\/revisions"}],"wp:featuredmedia":[{"embeddable":true,"href":"https:\/\/www.masmallorca.es\/en\/wp-json\/wp\/v2\/media\/74"}],"wp:attachment":[{"href":"https:\/\/www.masmallorca.es\/en\/wp-json\/wp\/v2\/media?parent=78"}],"wp:term":[{"taxonomy":"category","embeddable":true,"href":"https:\/\/www.masmallorca.es\/en\/wp-json\/wp\/v2\/categories?post=78"},{"taxonomy":"post_tag","embeddable":true,"href":"https:\/\/www.masmallorca.es\/en\/wp-json\/wp\/v2\/tags?post=78"}],"curies":[{"name":"wp","href":"https:\/\/api.w.org\/{rel}","templated":true}]}}