{"id":3131,"date":"2009-10-27T19:04:44","date_gmt":"2009-10-27T18:04:44","guid":{"rendered":"<p style=\"text-align: justify;\"><img class=\" alignright size-full wp-image-3115\" style=\"float: right; margin-left: 20px; margin-right: 20px;\" src=\"http:\/\/www.masmallorca.es\/wp-content\/uploads\/2009\/10\/punt-mallorqui_1.jpg\" width=\"150\" height=\"100\" \/>The ma"},"modified":"2009-10-27T19:04:44","modified_gmt":"2009-10-27T18:04:44","slug":"mallorcan-embroidery","status":"publish","type":"post","link":"https:\/\/www.masmallorca.es\/en\/local-produce\/mallorcan-embroidery.html","title":{"rendered":"Mallorcan embroidery"},"content":{"rendered":"<p style=\"text-align: justify;\"><img loading=\"lazy\" decoding=\"async\" class=\" alignright size-full wp-image-3115\" style=\"float: right; margin-left: 20px; margin-right: 20px;\" src=\"https:\/\/www.masmallorca.es\/wp-content\/uploads\/2009\/10\/punt-mallorqui_1.jpg\" width=\"150\" height=\"100\" \/>The mallorcan-embroidery stitch is part of the history of Majorca\u2019s traditional embroidery. The mallorcan-embroidery is a free-stitch embroidery technique, as it is done directly on top of the fabric. The embroidery is present on clothes and house linen.<\/p>\n<p>  <!--more-->  <\/p>\n<p><strong><br \/><img loading=\"lazy\" decoding=\"async\" class=\" alignleft size-full wp-image-3120\" style=\"margin: 10px 20px 10px 0px; float: left;\" src=\"https:\/\/www.masmallorca.es\/wp-content\/uploads\/2009\/10\/punt-mallorqui_2.jpg\" width=\"300\" height=\"358\" srcset=\"https:\/\/www.masmallorca.es\/wp-content\/uploads\/2009\/10\/punt-mallorqui_2.jpg 300w, https:\/\/www.masmallorca.es\/wp-content\/uploads\/2009\/10\/punt-mallorqui_2-251x300.jpg 251w\" sizes=\"(max-width: 300px) 100vw, 300px\" \/><\/strong><\/p>\n<p style=\"text-align: justify;\">Examples from the 18th Century have been preserved, although its importance has been lost over time.<\/p>\n<p><strong>&nbsp;<\/strong><\/p>\n<p style=\"text-align: justify;\"><strong>History<\/strong><\/p>\n<p style=\"text-align: justify;\">In olden times the base fabric was homemade cloth: linen fabrics woven at home.<\/p>\n<p style=\"text-align: justify;\">Fine linen fabrics are now used. At first a single colour was used in one or two tones: turquoise blue, honey or copper red. The motifs are always plants, flowers, fruit and leaves, joined by lines of undulating stalks that are never very dense and are reminiscent of grapevine tendrils.<\/p>\n<p style=\"text-align: justify;\">\u00a0<\/p>\n<p style=\"text-align: justify;\">\u00a0<\/p>\n","protected":false},"excerpt":{"rendered":"<p>The mallorcan-embroidery stitch is part of the history of Majorca\u2019s traditional embroidery. The mallorcan-embroidery is a free-stitch embroidery technique, as it is done directly on top of the fabric. The embroidery is present on clothes and house linen.<\/p>\n","protected":false},"author":1,"featured_media":3127,"comment_status":"closed","ping_status":"closed","sticky":false,"template":"","format":"standard","meta":{"_et_pb_use_builder":"","_et_pb_old_content":"","_et_gb_content_width":"","footnotes":""},"categories":[23],"tags":[],"class_list":["post-3131","post","type-post","status-publish","format-standard","has-post-thumbnail","hentry","category-local-produce","et-has-post-format-content","et_post_format-et-post-format-standard"],"yoast_head":"<!-- This site is optimized with the Yoast SEO plugin v27.4 - https:\/\/yoast.com\/product\/yoast-seo-wordpress\/ -->\n<title>Mallorcan embroidery | +Mallorca: The Magazine of Mallorca<\/title>\n<meta name=\"description\" content=\"M\u00e1s Mallorca, Productos t\u00edpicos: El punto mallorqu\u00edn, forma parte de la historia del bordado popular de Mallorca. El punto mallorqu\u00edn es un bordado de punto libre, se realiza directamente encima de la tela, en vestidos y ropa del hogar.\" \/>\n<meta name=\"robots\" content=\"index, follow, max-snippet:-1, max-image-preview:large, max-video-preview:-1\" \/>\n<link rel=\"canonical\" href=\"https:\/\/www.masmallorca.es\/en\/local-produce\/mallorcan-embroidery.html\" \/>\n<meta property=\"og:locale\" content=\"en_US\" \/>\n<meta property=\"og:type\" content=\"article\" \/>\n<meta property=\"og:title\" content=\"Mallorcan embroidery | +Mallorca: The Magazine of Mallorca\" \/>\n<meta property=\"og:description\" content=\"M\u00e1s Mallorca, Productos t\u00edpicos: El punto mallorqu\u00edn, forma parte de la historia del bordado popular de Mallorca. El punto mallorqu\u00edn es un bordado de punto libre, se realiza directamente encima de la tela, en vestidos y ropa del hogar.\" \/>\n<meta property=\"og:url\" content=\"https:\/\/www.masmallorca.es\/en\/local-produce\/mallorcan-embroidery.html\" \/>\n<meta property=\"og:site_name\" content=\"+Mallorca: the magazine of Mallorca\" \/>\n<meta property=\"article:publisher\" content=\"https:\/\/www.facebook.com\/mallorcamagazine\/\" \/>\n<meta property=\"article:published_time\" content=\"2009-10-27T18:04:44+00:00\" \/>\n<meta property=\"og:image\" content=\"https:\/\/www.masmallorca.es\/wp-content\/uploads\/2009\/10\/punt-mallorqui_3.jpg\" \/>\n\t<meta property=\"og:image:width\" content=\"540\" \/>\n\t<meta property=\"og:image:height\" content=\"325\" \/>\n\t<meta property=\"og:image:type\" content=\"image\/jpeg\" \/>\n<meta name=\"author\" content=\"masmallorca\" \/>\n<meta name=\"twitter:card\" content=\"summary_large_image\" \/>\n<meta name=\"twitter:creator\" content=\"@masmallorca\" \/>\n<meta name=\"twitter:site\" content=\"@masmallorca\" \/>\n<meta name=\"twitter:label1\" content=\"Written by\" \/>\n\t<meta name=\"twitter:data1\" content=\"masmallorca\" \/>\n\t<meta name=\"twitter:label2\" content=\"Est. reading time\" \/>\n\t<meta name=\"twitter:data2\" content=\"1 minute\" \/>\n<script type=\"application\/ld+json\" class=\"yoast-schema-graph\">{\"@context\":\"https:\\\/\\\/schema.org\",\"@graph\":[{\"@type\":\"Article\",\"@id\":\"https:\\\/\\\/www.masmallorca.es\\\/en\\\/local-produce\\\/mallorcan-embroidery.html#article\",\"isPartOf\":{\"@id\":\"https:\\\/\\\/www.masmallorca.es\\\/en\\\/local-produce\\\/mallorcan-embroidery.html\"},\"author\":{\"name\":\"masmallorca\",\"@id\":\"https:\\\/\\\/www.masmallorca.es\\\/en#\\\/schema\\\/person\\\/554c84e7dfd9917fdba2cace51081633\"},\"headline\":\"Mallorcan embroidery\",\"datePublished\":\"2009-10-27T18:04:44+00:00\",\"mainEntityOfPage\":{\"@id\":\"https:\\\/\\\/www.masmallorca.es\\\/en\\\/local-produce\\\/mallorcan-embroidery.html\"},\"wordCount\":123,\"publisher\":{\"@id\":\"https:\\\/\\\/www.masmallorca.es\\\/en#organization\"},\"image\":{\"@id\":\"https:\\\/\\\/www.masmallorca.es\\\/en\\\/local-produce\\\/mallorcan-embroidery.html#primaryimage\"},\"thumbnailUrl\":\"https:\\\/\\\/www.masmallorca.es\\\/wp-content\\\/uploads\\\/2009\\\/10\\\/punt-mallorqui_3.jpg\",\"articleSection\":[\"Local Produce\"],\"inLanguage\":\"en-US\"},{\"@type\":\"WebPage\",\"@id\":\"https:\\\/\\\/www.masmallorca.es\\\/en\\\/local-produce\\\/mallorcan-embroidery.html\",\"url\":\"https:\\\/\\\/www.masmallorca.es\\\/en\\\/local-produce\\\/mallorcan-embroidery.html\",\"name\":\"Mallorcan embroidery | +Mallorca: The Magazine of Mallorca\",\"isPartOf\":{\"@id\":\"https:\\\/\\\/www.masmallorca.es\\\/en#website\"},\"primaryImageOfPage\":{\"@id\":\"https:\\\/\\\/www.masmallorca.es\\\/en\\\/local-produce\\\/mallorcan-embroidery.html#primaryimage\"},\"image\":{\"@id\":\"https:\\\/\\\/www.masmallorca.es\\\/en\\\/local-produce\\\/mallorcan-embroidery.html#primaryimage\"},\"thumbnailUrl\":\"https:\\\/\\\/www.masmallorca.es\\\/wp-content\\\/uploads\\\/2009\\\/10\\\/punt-mallorqui_3.jpg\",\"datePublished\":\"2009-10-27T18:04:44+00:00\",\"description\":\"M\u00e1s Mallorca, Productos t\u00edpicos: El punto mallorqu\u00edn, forma parte de la historia del bordado popular de Mallorca. El punto mallorqu\u00edn es un bordado de punto libre, se realiza directamente encima de la tela, en vestidos y ropa del hogar.\",\"breadcrumb\":{\"@id\":\"https:\\\/\\\/www.masmallorca.es\\\/en\\\/local-produce\\\/mallorcan-embroidery.html#breadcrumb\"},\"inLanguage\":\"en-US\",\"potentialAction\":[{\"@type\":\"ReadAction\",\"target\":[\"https:\\\/\\\/www.masmallorca.es\\\/en\\\/local-produce\\\/mallorcan-embroidery.html\"]}]},{\"@type\":\"ImageObject\",\"inLanguage\":\"en-US\",\"@id\":\"https:\\\/\\\/www.masmallorca.es\\\/en\\\/local-produce\\\/mallorcan-embroidery.html#primaryimage\",\"url\":\"https:\\\/\\\/www.masmallorca.es\\\/wp-content\\\/uploads\\\/2009\\\/10\\\/punt-mallorqui_3.jpg\",\"contentUrl\":\"https:\\\/\\\/www.masmallorca.es\\\/wp-content\\\/uploads\\\/2009\\\/10\\\/punt-mallorqui_3.jpg\",\"width\":540,\"height\":325},{\"@type\":\"BreadcrumbList\",\"@id\":\"https:\\\/\\\/www.masmallorca.es\\\/en\\\/local-produce\\\/mallorcan-embroidery.html#breadcrumb\",\"itemListElement\":[{\"@type\":\"ListItem\",\"position\":1,\"name\":\"Portada\",\"item\":\"https:\\\/\\\/www.masmallorca.es\\\/en\"},{\"@type\":\"ListItem\",\"position\":2,\"name\":\"Local Produce\",\"item\":\"https:\\\/\\\/www.masmallorca.es\\\/en\\\/local-produce\"},{\"@type\":\"ListItem\",\"position\":3,\"name\":\"Mallorcan embroidery\"}]},{\"@type\":\"WebSite\",\"@id\":\"https:\\\/\\\/www.masmallorca.es\\\/en#website\",\"url\":\"https:\\\/\\\/www.masmallorca.es\\\/en\",\"name\":\"+Mallorca: la revista de Mallorca\",\"description\":\"More than sun and beach..\",\"publisher\":{\"@id\":\"https:\\\/\\\/www.masmallorca.es\\\/en#organization\"},\"alternateName\":\"+Mallorca\",\"potentialAction\":[{\"@type\":\"SearchAction\",\"target\":{\"@type\":\"EntryPoint\",\"urlTemplate\":\"https:\\\/\\\/www.masmallorca.es\\\/en?s={search_term_string}\"},\"query-input\":{\"@type\":\"PropertyValueSpecification\",\"valueRequired\":true,\"valueName\":\"search_term_string\"}}],\"inLanguage\":\"en-US\"},{\"@type\":\"Organization\",\"@id\":\"https:\\\/\\\/www.masmallorca.es\\\/en#organization\",\"name\":\"+Mallorca Magazine\",\"alternateName\":\"M\u00e1s Mallorca\",\"url\":\"https:\\\/\\\/www.masmallorca.es\\\/en\",\"logo\":{\"@type\":\"ImageObject\",\"inLanguage\":\"en-US\",\"@id\":\"https:\\\/\\\/www.masmallorca.es\\\/en#\\\/schema\\\/logo\\\/image\\\/\",\"url\":\"https:\\\/\\\/www.masmallorca.es\\\/wp-content\\\/uploads\\\/2021\\\/04\\\/logomallorca-1.png\",\"contentUrl\":\"https:\\\/\\\/www.masmallorca.es\\\/wp-content\\\/uploads\\\/2021\\\/04\\\/logomallorca-1.png\",\"width\":326,\"height\":84,\"caption\":\"+Mallorca Magazine\"},\"image\":{\"@id\":\"https:\\\/\\\/www.masmallorca.es\\\/en#\\\/schema\\\/logo\\\/image\\\/\"},\"sameAs\":[\"https:\\\/\\\/www.facebook.com\\\/mallorcamagazine\\\/\",\"https:\\\/\\\/x.com\\\/masmallorca\"]},{\"@type\":\"Person\",\"@id\":\"https:\\\/\\\/www.masmallorca.es\\\/en#\\\/schema\\\/person\\\/554c84e7dfd9917fdba2cace51081633\",\"name\":\"masmallorca\"}]}<\/script>\n<!-- \/ Yoast SEO plugin. -->","yoast_head_json":{"title":"Mallorcan embroidery | +Mallorca: The Magazine of Mallorca","description":"M\u00e1s Mallorca, Productos t\u00edpicos: El punto mallorqu\u00edn, forma parte de la historia del bordado popular de Mallorca. El punto mallorqu\u00edn es un bordado de punto libre, se realiza directamente encima de la tela, en vestidos y ropa del hogar.","robots":{"index":"index","follow":"follow","max-snippet":"max-snippet:-1","max-image-preview":"max-image-preview:large","max-video-preview":"max-video-preview:-1"},"canonical":"https:\/\/www.masmallorca.es\/en\/local-produce\/mallorcan-embroidery.html","og_locale":"en_US","og_type":"article","og_title":"Mallorcan embroidery | +Mallorca: The Magazine of Mallorca","og_description":"M\u00e1s Mallorca, Productos t\u00edpicos: El punto mallorqu\u00edn, forma parte de la historia del bordado popular de Mallorca. El punto mallorqu\u00edn es un bordado de punto libre, se realiza directamente encima de la tela, en vestidos y ropa del hogar.","og_url":"https:\/\/www.masmallorca.es\/en\/local-produce\/mallorcan-embroidery.html","og_site_name":"+Mallorca: the magazine of Mallorca","article_publisher":"https:\/\/www.facebook.com\/mallorcamagazine\/","article_published_time":"2009-10-27T18:04:44+00:00","og_image":[{"width":540,"height":325,"url":"https:\/\/www.masmallorca.es\/wp-content\/uploads\/2009\/10\/punt-mallorqui_3.jpg","type":"image\/jpeg"}],"author":"masmallorca","twitter_card":"summary_large_image","twitter_creator":"@masmallorca","twitter_site":"@masmallorca","twitter_misc":{"Written by":"masmallorca","Est. reading time":"1 minute"},"schema":{"@context":"https:\/\/schema.org","@graph":[{"@type":"Article","@id":"https:\/\/www.masmallorca.es\/en\/local-produce\/mallorcan-embroidery.html#article","isPartOf":{"@id":"https:\/\/www.masmallorca.es\/en\/local-produce\/mallorcan-embroidery.html"},"author":{"name":"masmallorca","@id":"https:\/\/www.masmallorca.es\/en#\/schema\/person\/554c84e7dfd9917fdba2cace51081633"},"headline":"Mallorcan embroidery","datePublished":"2009-10-27T18:04:44+00:00","mainEntityOfPage":{"@id":"https:\/\/www.masmallorca.es\/en\/local-produce\/mallorcan-embroidery.html"},"wordCount":123,"publisher":{"@id":"https:\/\/www.masmallorca.es\/en#organization"},"image":{"@id":"https:\/\/www.masmallorca.es\/en\/local-produce\/mallorcan-embroidery.html#primaryimage"},"thumbnailUrl":"https:\/\/www.masmallorca.es\/wp-content\/uploads\/2009\/10\/punt-mallorqui_3.jpg","articleSection":["Local Produce"],"inLanguage":"en-US"},{"@type":"WebPage","@id":"https:\/\/www.masmallorca.es\/en\/local-produce\/mallorcan-embroidery.html","url":"https:\/\/www.masmallorca.es\/en\/local-produce\/mallorcan-embroidery.html","name":"Mallorcan embroidery | +Mallorca: The Magazine of Mallorca","isPartOf":{"@id":"https:\/\/www.masmallorca.es\/en#website"},"primaryImageOfPage":{"@id":"https:\/\/www.masmallorca.es\/en\/local-produce\/mallorcan-embroidery.html#primaryimage"},"image":{"@id":"https:\/\/www.masmallorca.es\/en\/local-produce\/mallorcan-embroidery.html#primaryimage"},"thumbnailUrl":"https:\/\/www.masmallorca.es\/wp-content\/uploads\/2009\/10\/punt-mallorqui_3.jpg","datePublished":"2009-10-27T18:04:44+00:00","description":"M\u00e1s Mallorca, Productos t\u00edpicos: El punto mallorqu\u00edn, forma parte de la historia del bordado popular de Mallorca. El punto mallorqu\u00edn es un bordado de punto libre, se realiza directamente encima de la tela, en vestidos y ropa del hogar.","breadcrumb":{"@id":"https:\/\/www.masmallorca.es\/en\/local-produce\/mallorcan-embroidery.html#breadcrumb"},"inLanguage":"en-US","potentialAction":[{"@type":"ReadAction","target":["https:\/\/www.masmallorca.es\/en\/local-produce\/mallorcan-embroidery.html"]}]},{"@type":"ImageObject","inLanguage":"en-US","@id":"https:\/\/www.masmallorca.es\/en\/local-produce\/mallorcan-embroidery.html#primaryimage","url":"https:\/\/www.masmallorca.es\/wp-content\/uploads\/2009\/10\/punt-mallorqui_3.jpg","contentUrl":"https:\/\/www.masmallorca.es\/wp-content\/uploads\/2009\/10\/punt-mallorqui_3.jpg","width":540,"height":325},{"@type":"BreadcrumbList","@id":"https:\/\/www.masmallorca.es\/en\/local-produce\/mallorcan-embroidery.html#breadcrumb","itemListElement":[{"@type":"ListItem","position":1,"name":"Portada","item":"https:\/\/www.masmallorca.es\/en"},{"@type":"ListItem","position":2,"name":"Local Produce","item":"https:\/\/www.masmallorca.es\/en\/local-produce"},{"@type":"ListItem","position":3,"name":"Mallorcan embroidery"}]},{"@type":"WebSite","@id":"https:\/\/www.masmallorca.es\/en#website","url":"https:\/\/www.masmallorca.es\/en","name":"+Mallorca: la revista de Mallorca","description":"More than sun and beach..","publisher":{"@id":"https:\/\/www.masmallorca.es\/en#organization"},"alternateName":"+Mallorca","potentialAction":[{"@type":"SearchAction","target":{"@type":"EntryPoint","urlTemplate":"https:\/\/www.masmallorca.es\/en?s={search_term_string}"},"query-input":{"@type":"PropertyValueSpecification","valueRequired":true,"valueName":"search_term_string"}}],"inLanguage":"en-US"},{"@type":"Organization","@id":"https:\/\/www.masmallorca.es\/en#organization","name":"+Mallorca Magazine","alternateName":"M\u00e1s Mallorca","url":"https:\/\/www.masmallorca.es\/en","logo":{"@type":"ImageObject","inLanguage":"en-US","@id":"https:\/\/www.masmallorca.es\/en#\/schema\/logo\/image\/","url":"https:\/\/www.masmallorca.es\/wp-content\/uploads\/2021\/04\/logomallorca-1.png","contentUrl":"https:\/\/www.masmallorca.es\/wp-content\/uploads\/2021\/04\/logomallorca-1.png","width":326,"height":84,"caption":"+Mallorca Magazine"},"image":{"@id":"https:\/\/www.masmallorca.es\/en#\/schema\/logo\/image\/"},"sameAs":["https:\/\/www.facebook.com\/mallorcamagazine\/","https:\/\/x.com\/masmallorca"]},{"@type":"Person","@id":"https:\/\/www.masmallorca.es\/en#\/schema\/person\/554c84e7dfd9917fdba2cace51081633","name":"masmallorca"}]}},"_links":{"self":[{"href":"https:\/\/www.masmallorca.es\/en\/wp-json\/wp\/v2\/posts\/3131","targetHints":{"allow":["GET"]}}],"collection":[{"href":"https:\/\/www.masmallorca.es\/en\/wp-json\/wp\/v2\/posts"}],"about":[{"href":"https:\/\/www.masmallorca.es\/en\/wp-json\/wp\/v2\/types\/post"}],"author":[{"embeddable":true,"href":"https:\/\/www.masmallorca.es\/en\/wp-json\/wp\/v2\/users\/1"}],"replies":[{"embeddable":true,"href":"https:\/\/www.masmallorca.es\/en\/wp-json\/wp\/v2\/comments?post=3131"}],"version-history":[{"count":0,"href":"https:\/\/www.masmallorca.es\/en\/wp-json\/wp\/v2\/posts\/3131\/revisions"}],"wp:featuredmedia":[{"embeddable":true,"href":"https:\/\/www.masmallorca.es\/en\/wp-json\/wp\/v2\/media\/3127"}],"wp:attachment":[{"href":"https:\/\/www.masmallorca.es\/en\/wp-json\/wp\/v2\/media?parent=3131"}],"wp:term":[{"taxonomy":"category","embeddable":true,"href":"https:\/\/www.masmallorca.es\/en\/wp-json\/wp\/v2\/categories?post=3131"},{"taxonomy":"post_tag","embeddable":true,"href":"https:\/\/www.masmallorca.es\/en\/wp-json\/wp\/v2\/tags?post=3131"}],"curies":[{"name":"wp","href":"https:\/\/api.w.org\/{rel}","templated":true}]}}