{"id":18792,"date":"2017-09-15T18:32:27","date_gmt":"2017-09-15T16:32:27","guid":{"rendered":"http:\/\/www.masmallorca.es\/places-of-special-interest\/chive-consomme.html"},"modified":"2018-10-03T13:00:06","modified_gmt":"2018-10-03T11:00:06","slug":"chive-consomme","status":"publish","type":"post","link":"https:\/\/www.masmallorca.es\/en\/gastronomy\/chive-consomme.html","title":{"rendered":"Chive consomm\u00e9 by Marcel Ress"},"content":{"rendered":"<p style=\"text-align: justify;\"><strong><img loading=\"lazy\" decoding=\"async\" class=\"alignnone wp-image-18773 size-full\" style=\"border: 0px none; margin-left: 20px; margin-right: 20px; float: right;\" title=\"Chive consomm\u00e9, by Marcel Ress\" src=\"https:\/\/www.masmallorca.es\/wp-content\/uploads\/2017\/09\/Consome-de-cebollino-1.jpg\" alt=\"Chive consomm\u00e9, by Marcel Ress\" width=\"150\" height=\"100\" \/><\/strong><\/p>\n<p style=\"text-align: justify;\">Clam, chive consomm\u00e9 and pickled mushrooms.<br \/>\nBy Marcel Ress<\/p>\n<p style=\"text-align: justify;\"><strong>\u00a0<\/strong><\/p>\n<p><!--more--><\/p>\n<p><img loading=\"lazy\" decoding=\"async\" class=\"alignnone wp-image-18783 size-full\" style=\"float: left; margin: 20px 20px 50px 0px;\" title=\"Chive consomm\u00e9, by Marcel Ress\" src=\"https:\/\/www.masmallorca.es\/wp-content\/uploads\/2017\/09\/Consome-de-cebollino-Marcel-Ress.jpg\" alt=\"Chive consomm\u00e9, by Marcel Ress\" width=\"420\" height=\"278\" srcset=\"https:\/\/www.masmallorca.es\/wp-content\/uploads\/2017\/09\/Consome-de-cebollino-Marcel-Ress.jpg 420w, https:\/\/www.masmallorca.es\/wp-content\/uploads\/2017\/09\/Consome-de-cebollino-Marcel-Ress-300x199.jpg 300w\" sizes=\"(max-width: 420px) 100vw, 420px\" \/><\/p>\n<p style=\"text-align: justify;\"><strong>\u00a0<\/strong><\/p>\n<h2 style=\"text-align: justify;\"><span style=\"font-size: 12pt;\"><strong>INGREDIENTS<\/strong><\/span><\/h2>\n<p style=\"text-align: justify;\">1 sea bass, 8 clams, 4 large oyster mushroom, 12 small oyster mushrooms, 200ml sea bass stock, Noilly Prat, a bunch of chives, spring onions, sea salt, 100mg xanthan gum, 6 bitter oranges, 100ml sugar syrup, 5g pectin, 100ml Champaign vinegar, 200ml water, 200g sugar, pink pepper, coriander seeds, bay leaves, star anise, onion, garlic.<\/p>\n<p style=\"text-align: justify;\"><strong>Garnish:<\/strong> Crustacean sweets, chive flowers, chive stems, fleur de sal, olive oil (100% Arbequina).<\/p>\n<p>&nbsp;<\/p>\n<h2 style=\"text-align: justify;\"><span style=\"font-size: 12pt;\"><strong>SWEET AND SOUR BROTH<\/strong><\/span><\/h2>\n<p style=\"text-align: justify;\">Oyster mushrooms, 100ml Champaign vinegar, 200ml water, 200g sugar, pink pepper, coriander seeds, bay leaves, star anise, onion, garlic.<\/p>\n<p style=\"text-align: justify;\"><strong>Preparation:<\/strong> Boil all ingredients, apart from the oyster mushrooms, and leave to cool. Thinly machine slice the large oyster mushrooms and vacuum cook along with the broth for 12 hours. Preserve the small oyster mushrooms in olive oil with fresh herbs and garlic.<\/p>\n<p>&nbsp;<\/p>\n<p><strong>FOR THE BITTER ORANGE JELLY<\/strong><br \/>\n6 bitter oranges, 100ml sugar syrup, 5 g Pectin.<\/p>\n<p style=\"text-align: justify;\"><strong>Preparation:<\/strong> Squeeze the 6 oranges, blanch 3 oranges twice. Boil the sugar syrup and orange juice. Add the orange skins and continue to boil. Add the pectin and heat to 126\u00baC. Pour into a container and leave to set, cut the jelly into 1 x 1 cm cubes.<\/p>\n<p>&nbsp;<\/p>\n<p style=\"text-align: justify;\"><strong>CHIVE CONSOMME<\/strong><br \/>\n200ml seabass stock, Noilly Prat, bunch of chives, spring onions, fleur de sal, 100mg xanthan gum.<\/p>\n<p style=\"text-align: justify;\"><strong>Preparation:<\/strong> Heat the seabass stock with a shot of Noilly Prat at 54\u00baC. Chop the chives and spring onion and cook in the stock for 5 minutes.<\/p>\n<p style=\"text-align: justify;\"><strong>Important:<\/strong> do not let the temperature exceed 54\u00baC, or you will lose the fresh green colour of the ingredients. Mix the Xanthan gum with the stock in the Thermomix and strain. Season and leave to cool.<\/p>\n<p style=\"text-align: justify;\">Clean and peel the clams. Blanch the Pak Choi and season with marsala and olive oil. Place the seabass, skin side up and cook slowly. Serve with garnish.<\/p>\n<p>&nbsp;<\/p>\n<p>Bon Appetite!<\/p>\n<p><img loading=\"lazy\" decoding=\"async\" class=\"alignnone wp-image-18778 size-full\" style=\"margin: 20px 20px 10px 0px; float: left;\" title=\"Chive consomm\u00e9, by Marcel Ress\" src=\"https:\/\/www.masmallorca.es\/wp-content\/uploads\/2017\/09\/Consome-de-cebollino-3.jpg\" alt=\"Chive consomm\u00e9, by Marcel Ress\" width=\"940\" height=\"627\" srcset=\"https:\/\/www.masmallorca.es\/wp-content\/uploads\/2017\/09\/Consome-de-cebollino-3.jpg 940w, https:\/\/www.masmallorca.es\/wp-content\/uploads\/2017\/09\/Consome-de-cebollino-3-300x200.jpg 300w, https:\/\/www.masmallorca.es\/wp-content\/uploads\/2017\/09\/Consome-de-cebollino-3-768x512.jpg 768w\" sizes=\"(max-width: 940px) 100vw, 940px\" \/><\/p>\n<p style=\"text-align: justify;\">\u00a0<\/p>\n<p>&nbsp;<\/p>\n<p>&nbsp;<\/p>\n","protected":false},"excerpt":{"rendered":"<p>Clam, chive consomm\u00e9 and pickled mushrooms. By Marcel Ress \u00a0<\/p>\n","protected":false},"author":1,"featured_media":18780,"comment_status":"closed","ping_status":"closed","sticky":false,"template":"","format":"standard","meta":{"_et_pb_use_builder":"","_et_pb_old_content":"","_et_gb_content_width":"","footnotes":""},"categories":[28],"tags":[],"class_list":["post-18792","post","type-post","status-publish","format-standard","has-post-thumbnail","hentry","category-gastronomy","et-has-post-format-content","et_post_format-et-post-format-standard"],"yoast_head":"<!-- This site is optimized with the Yoast SEO plugin v27.4 - https:\/\/yoast.com\/product\/yoast-seo-wordpress\/ -->\n<title>Chive consomm\u00e9 by Marcel Ress | +Mallorca, the magazine of Mallorca<\/title>\n<meta name=\"description\" content=\"+Mallorca, Gastronomy: Chive consomm\u00e9. Clam, chive consomm\u00e9 and pickled mushrooms. By Marcel Ress. Sea bass, mushrooms, Noilly Prat, onions, sea salt...\" \/>\n<meta name=\"robots\" content=\"index, follow, max-snippet:-1, max-image-preview:large, max-video-preview:-1\" \/>\n<link rel=\"canonical\" href=\"https:\/\/www.masmallorca.es\/en\/gastronomy\/chive-consomme.html\" \/>\n<meta property=\"og:locale\" content=\"en_US\" \/>\n<meta property=\"og:type\" content=\"article\" \/>\n<meta property=\"og:title\" content=\"Chive consomm\u00e9 by Marcel Ress | +Mallorca, the magazine of Mallorca\" \/>\n<meta property=\"og:description\" content=\"+Mallorca, Gastronomy: Chive consomm\u00e9. Clam, chive consomm\u00e9 and pickled mushrooms. By Marcel Ress. Sea bass, mushrooms, Noilly Prat, onions, sea salt...\" \/>\n<meta property=\"og:url\" content=\"https:\/\/www.masmallorca.es\/en\/gastronomy\/chive-consomme.html\" \/>\n<meta property=\"og:site_name\" content=\"+Mallorca: the magazine of Mallorca\" \/>\n<meta property=\"article:publisher\" content=\"https:\/\/www.facebook.com\/mallorcamagazine\/\" \/>\n<meta property=\"article:published_time\" content=\"2017-09-15T16:32:27+00:00\" \/>\n<meta property=\"article:modified_time\" content=\"2018-10-03T11:00:06+00:00\" \/>\n<meta property=\"og:image\" content=\"https:\/\/www.masmallorca.es\/wp-content\/uploads\/2017\/09\/Consome-de-cebollino-3.jpg\" \/>\n\t<meta property=\"og:image:width\" content=\"940\" \/>\n\t<meta property=\"og:image:height\" content=\"627\" \/>\n\t<meta property=\"og:image:type\" content=\"image\/jpeg\" \/>\n<meta name=\"author\" content=\"masmallorca\" \/>\n<meta name=\"twitter:card\" content=\"summary_large_image\" \/>\n<meta name=\"twitter:creator\" content=\"@masmallorca\" \/>\n<meta name=\"twitter:site\" content=\"@masmallorca\" \/>\n<meta name=\"twitter:label1\" content=\"Written by\" \/>\n\t<meta name=\"twitter:data1\" content=\"masmallorca\" \/>\n\t<meta name=\"twitter:label2\" content=\"Est. reading time\" \/>\n\t<meta name=\"twitter:data2\" content=\"2 minutes\" \/>\n<script type=\"application\/ld+json\" class=\"yoast-schema-graph\">{\"@context\":\"https:\\\/\\\/schema.org\",\"@graph\":[{\"@type\":\"Article\",\"@id\":\"https:\\\/\\\/www.masmallorca.es\\\/en\\\/gastronomy\\\/chive-consomme.html#article\",\"isPartOf\":{\"@id\":\"https:\\\/\\\/www.masmallorca.es\\\/en\\\/gastronomy\\\/chive-consomme.html\"},\"author\":{\"name\":\"masmallorca\",\"@id\":\"https:\\\/\\\/www.masmallorca.es\\\/en#\\\/schema\\\/person\\\/554c84e7dfd9917fdba2cace51081633\"},\"headline\":\"Chive consomm\u00e9 by Marcel Ress\",\"datePublished\":\"2017-09-15T16:32:27+00:00\",\"dateModified\":\"2018-10-03T11:00:06+00:00\",\"mainEntityOfPage\":{\"@id\":\"https:\\\/\\\/www.masmallorca.es\\\/en\\\/gastronomy\\\/chive-consomme.html\"},\"wordCount\":315,\"publisher\":{\"@id\":\"https:\\\/\\\/www.masmallorca.es\\\/en#organization\"},\"image\":{\"@id\":\"https:\\\/\\\/www.masmallorca.es\\\/en\\\/gastronomy\\\/chive-consomme.html#primaryimage\"},\"thumbnailUrl\":\"https:\\\/\\\/www.masmallorca.es\\\/wp-content\\\/uploads\\\/2017\\\/09\\\/Consome-de-cebollino-3.jpg\",\"articleSection\":[\"Gastronomy\"],\"inLanguage\":\"en-US\"},{\"@type\":\"WebPage\",\"@id\":\"https:\\\/\\\/www.masmallorca.es\\\/en\\\/gastronomy\\\/chive-consomme.html\",\"url\":\"https:\\\/\\\/www.masmallorca.es\\\/en\\\/gastronomy\\\/chive-consomme.html\",\"name\":\"Chive consomm\u00e9 by Marcel Ress | +Mallorca, the magazine of Mallorca\",\"isPartOf\":{\"@id\":\"https:\\\/\\\/www.masmallorca.es\\\/en#website\"},\"primaryImageOfPage\":{\"@id\":\"https:\\\/\\\/www.masmallorca.es\\\/en\\\/gastronomy\\\/chive-consomme.html#primaryimage\"},\"image\":{\"@id\":\"https:\\\/\\\/www.masmallorca.es\\\/en\\\/gastronomy\\\/chive-consomme.html#primaryimage\"},\"thumbnailUrl\":\"https:\\\/\\\/www.masmallorca.es\\\/wp-content\\\/uploads\\\/2017\\\/09\\\/Consome-de-cebollino-3.jpg\",\"datePublished\":\"2017-09-15T16:32:27+00:00\",\"dateModified\":\"2018-10-03T11:00:06+00:00\",\"description\":\"+Mallorca, Gastronomy: Chive consomm\u00e9. Clam, chive consomm\u00e9 and pickled mushrooms. By Marcel Ress. Sea bass, mushrooms, Noilly Prat, onions, sea salt...\",\"breadcrumb\":{\"@id\":\"https:\\\/\\\/www.masmallorca.es\\\/en\\\/gastronomy\\\/chive-consomme.html#breadcrumb\"},\"inLanguage\":\"en-US\",\"potentialAction\":[{\"@type\":\"ReadAction\",\"target\":[\"https:\\\/\\\/www.masmallorca.es\\\/en\\\/gastronomy\\\/chive-consomme.html\"]}]},{\"@type\":\"ImageObject\",\"inLanguage\":\"en-US\",\"@id\":\"https:\\\/\\\/www.masmallorca.es\\\/en\\\/gastronomy\\\/chive-consomme.html#primaryimage\",\"url\":\"https:\\\/\\\/www.masmallorca.es\\\/wp-content\\\/uploads\\\/2017\\\/09\\\/Consome-de-cebollino-3.jpg\",\"contentUrl\":\"https:\\\/\\\/www.masmallorca.es\\\/wp-content\\\/uploads\\\/2017\\\/09\\\/Consome-de-cebollino-3.jpg\",\"width\":940,\"height\":627},{\"@type\":\"BreadcrumbList\",\"@id\":\"https:\\\/\\\/www.masmallorca.es\\\/en\\\/gastronomy\\\/chive-consomme.html#breadcrumb\",\"itemListElement\":[{\"@type\":\"ListItem\",\"position\":1,\"name\":\"Portada\",\"item\":\"https:\\\/\\\/www.masmallorca.es\\\/en\"},{\"@type\":\"ListItem\",\"position\":2,\"name\":\"Gastronomy\",\"item\":\"https:\\\/\\\/www.masmallorca.es\\\/en\\\/gastronomy\"},{\"@type\":\"ListItem\",\"position\":3,\"name\":\"Chive consomm\u00e9 by Marcel Ress\"}]},{\"@type\":\"WebSite\",\"@id\":\"https:\\\/\\\/www.masmallorca.es\\\/en#website\",\"url\":\"https:\\\/\\\/www.masmallorca.es\\\/en\",\"name\":\"+Mallorca: la revista de Mallorca\",\"description\":\"More than sun and beach..\",\"publisher\":{\"@id\":\"https:\\\/\\\/www.masmallorca.es\\\/en#organization\"},\"alternateName\":\"+Mallorca\",\"potentialAction\":[{\"@type\":\"SearchAction\",\"target\":{\"@type\":\"EntryPoint\",\"urlTemplate\":\"https:\\\/\\\/www.masmallorca.es\\\/en?s={search_term_string}\"},\"query-input\":{\"@type\":\"PropertyValueSpecification\",\"valueRequired\":true,\"valueName\":\"search_term_string\"}}],\"inLanguage\":\"en-US\"},{\"@type\":\"Organization\",\"@id\":\"https:\\\/\\\/www.masmallorca.es\\\/en#organization\",\"name\":\"+Mallorca Magazine\",\"alternateName\":\"M\u00e1s Mallorca\",\"url\":\"https:\\\/\\\/www.masmallorca.es\\\/en\",\"logo\":{\"@type\":\"ImageObject\",\"inLanguage\":\"en-US\",\"@id\":\"https:\\\/\\\/www.masmallorca.es\\\/en#\\\/schema\\\/logo\\\/image\\\/\",\"url\":\"https:\\\/\\\/www.masmallorca.es\\\/wp-content\\\/uploads\\\/2021\\\/04\\\/logomallorca-1.png\",\"contentUrl\":\"https:\\\/\\\/www.masmallorca.es\\\/wp-content\\\/uploads\\\/2021\\\/04\\\/logomallorca-1.png\",\"width\":326,\"height\":84,\"caption\":\"+Mallorca Magazine\"},\"image\":{\"@id\":\"https:\\\/\\\/www.masmallorca.es\\\/en#\\\/schema\\\/logo\\\/image\\\/\"},\"sameAs\":[\"https:\\\/\\\/www.facebook.com\\\/mallorcamagazine\\\/\",\"https:\\\/\\\/x.com\\\/masmallorca\"]},{\"@type\":\"Person\",\"@id\":\"https:\\\/\\\/www.masmallorca.es\\\/en#\\\/schema\\\/person\\\/554c84e7dfd9917fdba2cace51081633\",\"name\":\"masmallorca\"}]}<\/script>\n<!-- \/ Yoast SEO plugin. -->","yoast_head_json":{"title":"Chive consomm\u00e9 by Marcel Ress | +Mallorca, the magazine of Mallorca","description":"+Mallorca, Gastronomy: Chive consomm\u00e9. Clam, chive consomm\u00e9 and pickled mushrooms. By Marcel Ress. Sea bass, mushrooms, Noilly Prat, onions, sea salt...","robots":{"index":"index","follow":"follow","max-snippet":"max-snippet:-1","max-image-preview":"max-image-preview:large","max-video-preview":"max-video-preview:-1"},"canonical":"https:\/\/www.masmallorca.es\/en\/gastronomy\/chive-consomme.html","og_locale":"en_US","og_type":"article","og_title":"Chive consomm\u00e9 by Marcel Ress | +Mallorca, the magazine of Mallorca","og_description":"+Mallorca, Gastronomy: Chive consomm\u00e9. Clam, chive consomm\u00e9 and pickled mushrooms. By Marcel Ress. Sea bass, mushrooms, Noilly Prat, onions, sea salt...","og_url":"https:\/\/www.masmallorca.es\/en\/gastronomy\/chive-consomme.html","og_site_name":"+Mallorca: the magazine of Mallorca","article_publisher":"https:\/\/www.facebook.com\/mallorcamagazine\/","article_published_time":"2017-09-15T16:32:27+00:00","article_modified_time":"2018-10-03T11:00:06+00:00","og_image":[{"width":940,"height":627,"url":"https:\/\/www.masmallorca.es\/wp-content\/uploads\/2017\/09\/Consome-de-cebollino-3.jpg","type":"image\/jpeg"}],"author":"masmallorca","twitter_card":"summary_large_image","twitter_creator":"@masmallorca","twitter_site":"@masmallorca","twitter_misc":{"Written by":"masmallorca","Est. reading time":"2 minutes"},"schema":{"@context":"https:\/\/schema.org","@graph":[{"@type":"Article","@id":"https:\/\/www.masmallorca.es\/en\/gastronomy\/chive-consomme.html#article","isPartOf":{"@id":"https:\/\/www.masmallorca.es\/en\/gastronomy\/chive-consomme.html"},"author":{"name":"masmallorca","@id":"https:\/\/www.masmallorca.es\/en#\/schema\/person\/554c84e7dfd9917fdba2cace51081633"},"headline":"Chive consomm\u00e9 by Marcel Ress","datePublished":"2017-09-15T16:32:27+00:00","dateModified":"2018-10-03T11:00:06+00:00","mainEntityOfPage":{"@id":"https:\/\/www.masmallorca.es\/en\/gastronomy\/chive-consomme.html"},"wordCount":315,"publisher":{"@id":"https:\/\/www.masmallorca.es\/en#organization"},"image":{"@id":"https:\/\/www.masmallorca.es\/en\/gastronomy\/chive-consomme.html#primaryimage"},"thumbnailUrl":"https:\/\/www.masmallorca.es\/wp-content\/uploads\/2017\/09\/Consome-de-cebollino-3.jpg","articleSection":["Gastronomy"],"inLanguage":"en-US"},{"@type":"WebPage","@id":"https:\/\/www.masmallorca.es\/en\/gastronomy\/chive-consomme.html","url":"https:\/\/www.masmallorca.es\/en\/gastronomy\/chive-consomme.html","name":"Chive consomm\u00e9 by Marcel Ress | +Mallorca, the magazine of Mallorca","isPartOf":{"@id":"https:\/\/www.masmallorca.es\/en#website"},"primaryImageOfPage":{"@id":"https:\/\/www.masmallorca.es\/en\/gastronomy\/chive-consomme.html#primaryimage"},"image":{"@id":"https:\/\/www.masmallorca.es\/en\/gastronomy\/chive-consomme.html#primaryimage"},"thumbnailUrl":"https:\/\/www.masmallorca.es\/wp-content\/uploads\/2017\/09\/Consome-de-cebollino-3.jpg","datePublished":"2017-09-15T16:32:27+00:00","dateModified":"2018-10-03T11:00:06+00:00","description":"+Mallorca, Gastronomy: Chive consomm\u00e9. Clam, chive consomm\u00e9 and pickled mushrooms. By Marcel Ress. Sea bass, mushrooms, Noilly Prat, onions, sea salt...","breadcrumb":{"@id":"https:\/\/www.masmallorca.es\/en\/gastronomy\/chive-consomme.html#breadcrumb"},"inLanguage":"en-US","potentialAction":[{"@type":"ReadAction","target":["https:\/\/www.masmallorca.es\/en\/gastronomy\/chive-consomme.html"]}]},{"@type":"ImageObject","inLanguage":"en-US","@id":"https:\/\/www.masmallorca.es\/en\/gastronomy\/chive-consomme.html#primaryimage","url":"https:\/\/www.masmallorca.es\/wp-content\/uploads\/2017\/09\/Consome-de-cebollino-3.jpg","contentUrl":"https:\/\/www.masmallorca.es\/wp-content\/uploads\/2017\/09\/Consome-de-cebollino-3.jpg","width":940,"height":627},{"@type":"BreadcrumbList","@id":"https:\/\/www.masmallorca.es\/en\/gastronomy\/chive-consomme.html#breadcrumb","itemListElement":[{"@type":"ListItem","position":1,"name":"Portada","item":"https:\/\/www.masmallorca.es\/en"},{"@type":"ListItem","position":2,"name":"Gastronomy","item":"https:\/\/www.masmallorca.es\/en\/gastronomy"},{"@type":"ListItem","position":3,"name":"Chive consomm\u00e9 by Marcel Ress"}]},{"@type":"WebSite","@id":"https:\/\/www.masmallorca.es\/en#website","url":"https:\/\/www.masmallorca.es\/en","name":"+Mallorca: la revista de Mallorca","description":"More than sun and beach..","publisher":{"@id":"https:\/\/www.masmallorca.es\/en#organization"},"alternateName":"+Mallorca","potentialAction":[{"@type":"SearchAction","target":{"@type":"EntryPoint","urlTemplate":"https:\/\/www.masmallorca.es\/en?s={search_term_string}"},"query-input":{"@type":"PropertyValueSpecification","valueRequired":true,"valueName":"search_term_string"}}],"inLanguage":"en-US"},{"@type":"Organization","@id":"https:\/\/www.masmallorca.es\/en#organization","name":"+Mallorca Magazine","alternateName":"M\u00e1s Mallorca","url":"https:\/\/www.masmallorca.es\/en","logo":{"@type":"ImageObject","inLanguage":"en-US","@id":"https:\/\/www.masmallorca.es\/en#\/schema\/logo\/image\/","url":"https:\/\/www.masmallorca.es\/wp-content\/uploads\/2021\/04\/logomallorca-1.png","contentUrl":"https:\/\/www.masmallorca.es\/wp-content\/uploads\/2021\/04\/logomallorca-1.png","width":326,"height":84,"caption":"+Mallorca Magazine"},"image":{"@id":"https:\/\/www.masmallorca.es\/en#\/schema\/logo\/image\/"},"sameAs":["https:\/\/www.facebook.com\/mallorcamagazine\/","https:\/\/x.com\/masmallorca"]},{"@type":"Person","@id":"https:\/\/www.masmallorca.es\/en#\/schema\/person\/554c84e7dfd9917fdba2cace51081633","name":"masmallorca"}]}},"_links":{"self":[{"href":"https:\/\/www.masmallorca.es\/en\/wp-json\/wp\/v2\/posts\/18792","targetHints":{"allow":["GET"]}}],"collection":[{"href":"https:\/\/www.masmallorca.es\/en\/wp-json\/wp\/v2\/posts"}],"about":[{"href":"https:\/\/www.masmallorca.es\/en\/wp-json\/wp\/v2\/types\/post"}],"author":[{"embeddable":true,"href":"https:\/\/www.masmallorca.es\/en\/wp-json\/wp\/v2\/users\/1"}],"replies":[{"embeddable":true,"href":"https:\/\/www.masmallorca.es\/en\/wp-json\/wp\/v2\/comments?post=18792"}],"version-history":[{"count":0,"href":"https:\/\/www.masmallorca.es\/en\/wp-json\/wp\/v2\/posts\/18792\/revisions"}],"wp:featuredmedia":[{"embeddable":true,"href":"https:\/\/www.masmallorca.es\/en\/wp-json\/wp\/v2\/media\/18780"}],"wp:attachment":[{"href":"https:\/\/www.masmallorca.es\/en\/wp-json\/wp\/v2\/media?parent=18792"}],"wp:term":[{"taxonomy":"category","embeddable":true,"href":"https:\/\/www.masmallorca.es\/en\/wp-json\/wp\/v2\/categories?post=18792"},{"taxonomy":"post_tag","embeddable":true,"href":"https:\/\/www.masmallorca.es\/en\/wp-json\/wp\/v2\/tags?post=18792"}],"curies":[{"name":"wp","href":"https:\/\/api.w.org\/{rel}","templated":true}]}}