{"id":11687,"date":"2014-04-28T16:10:09","date_gmt":"2014-04-28T14:10:09","guid":{"rendered":""},"modified":"2023-12-05T12:59:19","modified_gmt":"2023-12-05T11:59:19","slug":"the-picturesque-village-of-valldemossa","status":"publish","type":"post","link":"https:\/\/www.masmallorca.es\/en\/places-of-special-interest\/the-picturesque-village-of-valldemossa.html","title":{"rendered":"Valldemossa: The picturesque village"},"content":{"rendered":"\n<p>Valldemossa is part of the <strong>Tramuntana Valley<\/strong>, rich in springs and surrounded by abundant and luxuriant vegetation.<\/p>\n\n\n\n<!--more-->\n\n\n\n<figure class=\"wp-block-gallery has-nested-images columns-default is-cropped wp-block-gallery-1 is-layout-flex wp-block-gallery-is-layout-flex\">\n<figure class=\"wp-block-image size-large\"><img loading=\"lazy\" decoding=\"async\" width=\"893\" height=\"634\" data-id=\"30995\" src=\"https:\/\/www.masmallorca.es\/wp-content\/uploads\/2023\/12\/pueblo-valldemossa-mallorca-traje.jpg\" alt=\"typical Mallorcan costumes\" class=\"wp-image-30995\" srcset=\"https:\/\/www.masmallorca.es\/wp-content\/uploads\/2023\/12\/pueblo-valldemossa-mallorca-traje.jpg 893w, https:\/\/www.masmallorca.es\/wp-content\/uploads\/2023\/12\/pueblo-valldemossa-mallorca-traje-300x213.jpg 300w, https:\/\/www.masmallorca.es\/wp-content\/uploads\/2023\/12\/pueblo-valldemossa-mallorca-traje-768x545.jpg 768w, https:\/\/www.masmallorca.es\/wp-content\/uploads\/2023\/12\/pueblo-valldemossa-mallorca-traje-400x284.jpg 400w\" sizes=\"(max-width: 893px) 100vw, 893px\" \/><figcaption class=\"wp-element-caption\">Typical Mallorcan costumes<\/figcaption><\/figure>\n\n\n\n<figure class=\"wp-block-image size-large\"><img loading=\"lazy\" decoding=\"async\" width=\"898\" height=\"668\" data-id=\"30990\" src=\"https:\/\/www.masmallorca.es\/wp-content\/uploads\/2023\/12\/pueblo-valldemossa-mallorca-escalera.jpg\" alt=\"Valldemossa, Mallorca\" class=\"wp-image-30990\" srcset=\"https:\/\/www.masmallorca.es\/wp-content\/uploads\/2023\/12\/pueblo-valldemossa-mallorca-escalera.jpg 898w, https:\/\/www.masmallorca.es\/wp-content\/uploads\/2023\/12\/pueblo-valldemossa-mallorca-escalera-300x223.jpg 300w, https:\/\/www.masmallorca.es\/wp-content\/uploads\/2023\/12\/pueblo-valldemossa-mallorca-escalera-768x571.jpg 768w\" sizes=\"(max-width: 898px) 100vw, 898px\" \/><\/figure>\n<\/figure>\n\n\n\n<p>The village has charming, narrow, steep streets, the birth home of&nbsp;<a title=\" Santa Catalina Thom\u00e1s\" href=\"https:\/\/www.masmallorca.es\/nuestra-gente\/santa-catalina-thomas.html\" target=\"_blank\" rel=\"noopener noreferrer\">Santa Catalina Thom\u00e1s<\/a> is also still preserved.<\/p>\n\n\n\n<p>The village of Valldemossa is closely linked to <strong>La Cartuja<\/strong>, a monastery that dates back to the 14th century. <\/p>\n\n\n\n<p>Around the year 1300, King Jaume\u00a0 the 2nd, built himself a small palace that he later gave to his son King Sancho, who not long afterwards donated it to the <a href=\"https:\/\/en.wikipedia.org\/wiki\/Carthusians\" target=\"_blank\" rel=\"noreferrer noopener\">Carthusian monks<\/a> so they could settle in it. <\/p>\n\n\n\n<p>The Cartuja or monastery was later built, attached to the palace, both buildings still stand today.<\/p>\n\n\n\n<p>Apart from famous guests like <strong>Chopin<\/strong> and <strong>George Sand<\/strong>, many important people spent time in the Cartuja; Rub\u00e9n Dar\u00edo, Jovellanos, Santiago Rusi\u00f1ol and many others. <\/p>\n\n\n\n<p>A beautiful church with gardens and terraces with one of the most spectacular views in the Valldemossa valley.<br>You will be able to discover a fantastic SXVI printing house and its woodcut collection.<\/p>\n\n\n\n<h2 class=\"wp-block-heading\">The primitive Guasp printing press is one of the best preserved of the 17th century in Europe: year 1622. It still works!<\/h2>\n\n\n\n<p>A collection of <a href=\"https:\/\/www.masmallorca.es\/nuestra-gente\/el-archiduque-luis-salvador-turista-numero-1-de-mallorca.html\">Archduke Louis Salvador of Austria<\/a>, cousin of Empress Sissi, who came to Mallorca on his steamboat and fell in love with this part of the island.<\/p>\n\n\n\n<figure class=\"wp-block-image size-full is-resized\"><img loading=\"lazy\" decoding=\"async\" width=\"940\" height=\"626\" src=\"https:\/\/www.masmallorca.es\/wp-content\/uploads\/2014\/04\/cartuja-valldemossa-mallorca.jpg\" alt=\"The charterhouse Monastery. &quot;La Cartuja&quot;, Mallorca\" class=\"wp-image-31002\" style=\"width:830px;height:auto\" srcset=\"https:\/\/www.masmallorca.es\/wp-content\/uploads\/2014\/04\/cartuja-valldemossa-mallorca.jpg 940w, https:\/\/www.masmallorca.es\/wp-content\/uploads\/2014\/04\/cartuja-valldemossa-mallorca-300x200.jpg 300w, https:\/\/www.masmallorca.es\/wp-content\/uploads\/2014\/04\/cartuja-valldemossa-mallorca-768x511.jpg 768w\" sizes=\"(max-width: 940px) 100vw, 940px\" \/><figcaption class=\"wp-element-caption\">The charterhouse Monastery, Mallorca<\/figcaption><\/figure>\n\n\n\n<h2 class=\"wp-block-heading\">Today many famous artists and painters choose Valldemossa as their home.<\/h2>\n\n\n\n<p>Valldemossa really is a charming village that has been able to preserve the style and feel from bygone centuries.<\/p>\n\n\n\n<p>Some of the oldest houses maintain their original facades,\u00a0 some of these crowned with masonic symbols, a sign that this town for centuries has been home to artists and the most enlightened of visitors.<\/p>\n\n\n\n<figure class=\"wp-block-gallery has-nested-images columns-default is-cropped wp-block-gallery-2 is-layout-flex wp-block-gallery-is-layout-flex\">\n<figure class=\"wp-block-image size-large\"><img loading=\"lazy\" decoding=\"async\" width=\"540\" height=\"810\" data-id=\"11683\" src=\"https:\/\/www.masmallorca.es\/wp-content\/uploads\/2014\/04\/valldemossa-mallorca-panaderia-coca-patata.jpg\" alt=\"Valldemossa bakery, potato coca\" class=\"wp-image-11683\" srcset=\"https:\/\/www.masmallorca.es\/wp-content\/uploads\/2014\/04\/valldemossa-mallorca-panaderia-coca-patata.jpg 540w, https:\/\/www.masmallorca.es\/wp-content\/uploads\/2014\/04\/valldemossa-mallorca-panaderia-coca-patata-200x300.jpg 200w\" sizes=\"(max-width: 540px) 100vw, 540px\" \/><figcaption class=\"wp-element-caption\">Valldemossa bakery, potato coca<\/figcaption><\/figure>\n\n\n\n<figure class=\"wp-block-image size-large\"><img loading=\"lazy\" decoding=\"async\" width=\"1024\" height=\"768\" data-id=\"31007\" src=\"https:\/\/www.masmallorca.es\/wp-content\/uploads\/2014\/04\/santa-catalina-thomas-valldemossa-1024x768.jpg\" alt=\"Santa Catalina Thomas\" class=\"wp-image-31007\" srcset=\"https:\/\/www.masmallorca.es\/wp-content\/uploads\/2014\/04\/santa-catalina-thomas-valldemossa-1024x768.jpg 1024w, https:\/\/www.masmallorca.es\/wp-content\/uploads\/2014\/04\/santa-catalina-thomas-valldemossa-300x225.jpg 300w, https:\/\/www.masmallorca.es\/wp-content\/uploads\/2014\/04\/santa-catalina-thomas-valldemossa-768x576.jpg 768w, https:\/\/www.masmallorca.es\/wp-content\/uploads\/2014\/04\/santa-catalina-thomas-valldemossa-1536x1152.jpg 1536w, https:\/\/www.masmallorca.es\/wp-content\/uploads\/2014\/04\/santa-catalina-thomas-valldemossa-2048x1536.jpg 2048w, https:\/\/www.masmallorca.es\/wp-content\/uploads\/2014\/04\/santa-catalina-thomas-valldemossa-1080x810.jpg 1080w\" sizes=\"(max-width: 1024px) 100vw, 1024px\" \/><figcaption class=\"wp-element-caption\">Santa Catalina Thomas, Valldemossa<\/figcaption><\/figure>\n<\/figure>\n","protected":false},"excerpt":{"rendered":"<p>Valldemossa is part of the Tramuntana Valley, rich in springs and surrounded by abundant and luxuriant vegetation.<\/p>\n","protected":false},"author":1,"featured_media":30985,"comment_status":"closed","ping_status":"closed","sticky":false,"template":"","format":"standard","meta":{"_et_pb_use_builder":"","_et_pb_old_content":"","_et_gb_content_width":"","footnotes":""},"categories":[33],"tags":[],"class_list":["post-11687","post","type-post","status-publish","format-standard","has-post-thumbnail","hentry","category-places-of-special-interest","et-has-post-format-content","et_post_format-et-post-format-standard"],"yoast_head":"<!-- This site is optimized with the Yoast SEO plugin v27.4 - https:\/\/yoast.com\/product\/yoast-seo-wordpress\/ -->\n<title>Valldemossa: The picturesque village | +Mallorca: The Magazine of Mallorca<\/title>\n<meta name=\"description\" content=\"Valldemossa is part of the Tramuntana Valley, is closely linked to La Cartuja. The village has charming, steep streets.\u00a0Santa Catalina Thom\u00e1s\" \/>\n<meta name=\"robots\" content=\"index, follow, max-snippet:-1, max-image-preview:large, max-video-preview:-1\" \/>\n<link rel=\"canonical\" href=\"https:\/\/www.masmallorca.es\/en\/places-of-special-interest\/the-picturesque-village-of-valldemossa.html\" \/>\n<meta property=\"og:locale\" content=\"en_US\" \/>\n<meta property=\"og:type\" content=\"article\" \/>\n<meta property=\"og:title\" content=\"Valldemossa: The picturesque village | +Mallorca: The Magazine of Mallorca\" \/>\n<meta property=\"og:description\" content=\"Valldemossa is part of the Tramuntana Valley, is closely linked to La Cartuja. The village has charming, steep streets.\u00a0Santa Catalina Thom\u00e1s\" \/>\n<meta property=\"og:url\" content=\"https:\/\/www.masmallorca.es\/en\/places-of-special-interest\/the-picturesque-village-of-valldemossa.html\" \/>\n<meta property=\"og:site_name\" content=\"+Mallorca: the magazine of Mallorca\" \/>\n<meta property=\"article:publisher\" content=\"https:\/\/www.facebook.com\/mallorcamagazine\/\" \/>\n<meta property=\"article:published_time\" content=\"2014-04-28T14:10:09+00:00\" \/>\n<meta property=\"article:modified_time\" content=\"2023-12-05T11:59:19+00:00\" \/>\n<meta property=\"og:image\" content=\"https:\/\/www.masmallorca.es\/wp-content\/uploads\/2014\/04\/pueblo-valldemossa-mallorca.jpg\" \/>\n\t<meta property=\"og:image:width\" content=\"940\" \/>\n\t<meta property=\"og:image:height\" content=\"547\" \/>\n\t<meta property=\"og:image:type\" content=\"image\/jpeg\" \/>\n<meta name=\"author\" content=\"masmallorca\" \/>\n<meta name=\"twitter:card\" content=\"summary_large_image\" \/>\n<meta name=\"twitter:creator\" content=\"@masmallorca\" \/>\n<meta name=\"twitter:site\" content=\"@masmallorca\" \/>\n<meta name=\"twitter:label1\" content=\"Written by\" \/>\n\t<meta name=\"twitter:data1\" content=\"masmallorca\" \/>\n\t<meta name=\"twitter:label2\" content=\"Est. reading time\" \/>\n\t<meta name=\"twitter:data2\" content=\"3 minutes\" \/>\n<script type=\"application\/ld+json\" class=\"yoast-schema-graph\">{\"@context\":\"https:\\\/\\\/schema.org\",\"@graph\":[{\"@type\":\"Article\",\"@id\":\"https:\\\/\\\/www.masmallorca.es\\\/en\\\/places-of-special-interest\\\/the-picturesque-village-of-valldemossa.html#article\",\"isPartOf\":{\"@id\":\"https:\\\/\\\/www.masmallorca.es\\\/en\\\/places-of-special-interest\\\/the-picturesque-village-of-valldemossa.html\"},\"author\":{\"name\":\"masmallorca\",\"@id\":\"https:\\\/\\\/www.masmallorca.es\\\/en#\\\/schema\\\/person\\\/554c84e7dfd9917fdba2cace51081633\"},\"headline\":\"Valldemossa: The picturesque village\",\"datePublished\":\"2014-04-28T14:10:09+00:00\",\"dateModified\":\"2023-12-05T11:59:19+00:00\",\"mainEntityOfPage\":{\"@id\":\"https:\\\/\\\/www.masmallorca.es\\\/en\\\/places-of-special-interest\\\/the-picturesque-village-of-valldemossa.html\"},\"wordCount\":303,\"publisher\":{\"@id\":\"https:\\\/\\\/www.masmallorca.es\\\/en#organization\"},\"image\":{\"@id\":\"https:\\\/\\\/www.masmallorca.es\\\/en\\\/places-of-special-interest\\\/the-picturesque-village-of-valldemossa.html#primaryimage\"},\"thumbnailUrl\":\"https:\\\/\\\/www.masmallorca.es\\\/wp-content\\\/uploads\\\/2014\\\/04\\\/pueblo-valldemossa-mallorca.jpg\",\"articleSection\":[\"Places of special interest\"],\"inLanguage\":\"en-US\"},{\"@type\":\"WebPage\",\"@id\":\"https:\\\/\\\/www.masmallorca.es\\\/en\\\/places-of-special-interest\\\/the-picturesque-village-of-valldemossa.html\",\"url\":\"https:\\\/\\\/www.masmallorca.es\\\/en\\\/places-of-special-interest\\\/the-picturesque-village-of-valldemossa.html\",\"name\":\"Valldemossa: The picturesque village | +Mallorca: The Magazine of Mallorca\",\"isPartOf\":{\"@id\":\"https:\\\/\\\/www.masmallorca.es\\\/en#website\"},\"primaryImageOfPage\":{\"@id\":\"https:\\\/\\\/www.masmallorca.es\\\/en\\\/places-of-special-interest\\\/the-picturesque-village-of-valldemossa.html#primaryimage\"},\"image\":{\"@id\":\"https:\\\/\\\/www.masmallorca.es\\\/en\\\/places-of-special-interest\\\/the-picturesque-village-of-valldemossa.html#primaryimage\"},\"thumbnailUrl\":\"https:\\\/\\\/www.masmallorca.es\\\/wp-content\\\/uploads\\\/2014\\\/04\\\/pueblo-valldemossa-mallorca.jpg\",\"datePublished\":\"2014-04-28T14:10:09+00:00\",\"dateModified\":\"2023-12-05T11:59:19+00:00\",\"description\":\"Valldemossa is part of the Tramuntana Valley, is closely linked to La Cartuja. The village has charming, steep streets.\u00a0Santa Catalina Thom\u00e1s\",\"breadcrumb\":{\"@id\":\"https:\\\/\\\/www.masmallorca.es\\\/en\\\/places-of-special-interest\\\/the-picturesque-village-of-valldemossa.html#breadcrumb\"},\"inLanguage\":\"en-US\",\"potentialAction\":[{\"@type\":\"ReadAction\",\"target\":[\"https:\\\/\\\/www.masmallorca.es\\\/en\\\/places-of-special-interest\\\/the-picturesque-village-of-valldemossa.html\"]}]},{\"@type\":\"ImageObject\",\"inLanguage\":\"en-US\",\"@id\":\"https:\\\/\\\/www.masmallorca.es\\\/en\\\/places-of-special-interest\\\/the-picturesque-village-of-valldemossa.html#primaryimage\",\"url\":\"https:\\\/\\\/www.masmallorca.es\\\/wp-content\\\/uploads\\\/2014\\\/04\\\/pueblo-valldemossa-mallorca.jpg\",\"contentUrl\":\"https:\\\/\\\/www.masmallorca.es\\\/wp-content\\\/uploads\\\/2014\\\/04\\\/pueblo-valldemossa-mallorca.jpg\",\"width\":940,\"height\":547,\"caption\":\"Pueblo de Valldemossa, Mallorca\"},{\"@type\":\"BreadcrumbList\",\"@id\":\"https:\\\/\\\/www.masmallorca.es\\\/en\\\/places-of-special-interest\\\/the-picturesque-village-of-valldemossa.html#breadcrumb\",\"itemListElement\":[{\"@type\":\"ListItem\",\"position\":1,\"name\":\"Portada\",\"item\":\"https:\\\/\\\/www.masmallorca.es\\\/en\"},{\"@type\":\"ListItem\",\"position\":2,\"name\":\"Places of special interest\",\"item\":\"https:\\\/\\\/www.masmallorca.es\\\/en\\\/places-of-special-interest\"},{\"@type\":\"ListItem\",\"position\":3,\"name\":\"Valldemossa: The picturesque village\"}]},{\"@type\":\"WebSite\",\"@id\":\"https:\\\/\\\/www.masmallorca.es\\\/en#website\",\"url\":\"https:\\\/\\\/www.masmallorca.es\\\/en\",\"name\":\"+Mallorca: la revista de Mallorca\",\"description\":\"More than sun and beach..\",\"publisher\":{\"@id\":\"https:\\\/\\\/www.masmallorca.es\\\/en#organization\"},\"alternateName\":\"+Mallorca\",\"potentialAction\":[{\"@type\":\"SearchAction\",\"target\":{\"@type\":\"EntryPoint\",\"urlTemplate\":\"https:\\\/\\\/www.masmallorca.es\\\/en?s={search_term_string}\"},\"query-input\":{\"@type\":\"PropertyValueSpecification\",\"valueRequired\":true,\"valueName\":\"search_term_string\"}}],\"inLanguage\":\"en-US\"},{\"@type\":\"Organization\",\"@id\":\"https:\\\/\\\/www.masmallorca.es\\\/en#organization\",\"name\":\"+Mallorca Magazine\",\"alternateName\":\"M\u00e1s Mallorca\",\"url\":\"https:\\\/\\\/www.masmallorca.es\\\/en\",\"logo\":{\"@type\":\"ImageObject\",\"inLanguage\":\"en-US\",\"@id\":\"https:\\\/\\\/www.masmallorca.es\\\/en#\\\/schema\\\/logo\\\/image\\\/\",\"url\":\"https:\\\/\\\/www.masmallorca.es\\\/wp-content\\\/uploads\\\/2021\\\/04\\\/logomallorca-1.png\",\"contentUrl\":\"https:\\\/\\\/www.masmallorca.es\\\/wp-content\\\/uploads\\\/2021\\\/04\\\/logomallorca-1.png\",\"width\":326,\"height\":84,\"caption\":\"+Mallorca Magazine\"},\"image\":{\"@id\":\"https:\\\/\\\/www.masmallorca.es\\\/en#\\\/schema\\\/logo\\\/image\\\/\"},\"sameAs\":[\"https:\\\/\\\/www.facebook.com\\\/mallorcamagazine\\\/\",\"https:\\\/\\\/x.com\\\/masmallorca\"]},{\"@type\":\"Person\",\"@id\":\"https:\\\/\\\/www.masmallorca.es\\\/en#\\\/schema\\\/person\\\/554c84e7dfd9917fdba2cace51081633\",\"name\":\"masmallorca\"}]}<\/script>\n<!-- \/ Yoast SEO plugin. -->","yoast_head_json":{"title":"Valldemossa: The picturesque village | +Mallorca: The Magazine of Mallorca","description":"Valldemossa is part of the Tramuntana Valley, is closely linked to La Cartuja. The village has charming, steep streets.\u00a0Santa Catalina Thom\u00e1s","robots":{"index":"index","follow":"follow","max-snippet":"max-snippet:-1","max-image-preview":"max-image-preview:large","max-video-preview":"max-video-preview:-1"},"canonical":"https:\/\/www.masmallorca.es\/en\/places-of-special-interest\/the-picturesque-village-of-valldemossa.html","og_locale":"en_US","og_type":"article","og_title":"Valldemossa: The picturesque village | +Mallorca: The Magazine of Mallorca","og_description":"Valldemossa is part of the Tramuntana Valley, is closely linked to La Cartuja. The village has charming, steep streets.\u00a0Santa Catalina Thom\u00e1s","og_url":"https:\/\/www.masmallorca.es\/en\/places-of-special-interest\/the-picturesque-village-of-valldemossa.html","og_site_name":"+Mallorca: the magazine of Mallorca","article_publisher":"https:\/\/www.facebook.com\/mallorcamagazine\/","article_published_time":"2014-04-28T14:10:09+00:00","article_modified_time":"2023-12-05T11:59:19+00:00","og_image":[{"width":940,"height":547,"url":"https:\/\/www.masmallorca.es\/wp-content\/uploads\/2014\/04\/pueblo-valldemossa-mallorca.jpg","type":"image\/jpeg"}],"author":"masmallorca","twitter_card":"summary_large_image","twitter_creator":"@masmallorca","twitter_site":"@masmallorca","twitter_misc":{"Written by":"masmallorca","Est. reading time":"3 minutes"},"schema":{"@context":"https:\/\/schema.org","@graph":[{"@type":"Article","@id":"https:\/\/www.masmallorca.es\/en\/places-of-special-interest\/the-picturesque-village-of-valldemossa.html#article","isPartOf":{"@id":"https:\/\/www.masmallorca.es\/en\/places-of-special-interest\/the-picturesque-village-of-valldemossa.html"},"author":{"name":"masmallorca","@id":"https:\/\/www.masmallorca.es\/en#\/schema\/person\/554c84e7dfd9917fdba2cace51081633"},"headline":"Valldemossa: The picturesque village","datePublished":"2014-04-28T14:10:09+00:00","dateModified":"2023-12-05T11:59:19+00:00","mainEntityOfPage":{"@id":"https:\/\/www.masmallorca.es\/en\/places-of-special-interest\/the-picturesque-village-of-valldemossa.html"},"wordCount":303,"publisher":{"@id":"https:\/\/www.masmallorca.es\/en#organization"},"image":{"@id":"https:\/\/www.masmallorca.es\/en\/places-of-special-interest\/the-picturesque-village-of-valldemossa.html#primaryimage"},"thumbnailUrl":"https:\/\/www.masmallorca.es\/wp-content\/uploads\/2014\/04\/pueblo-valldemossa-mallorca.jpg","articleSection":["Places of special interest"],"inLanguage":"en-US"},{"@type":"WebPage","@id":"https:\/\/www.masmallorca.es\/en\/places-of-special-interest\/the-picturesque-village-of-valldemossa.html","url":"https:\/\/www.masmallorca.es\/en\/places-of-special-interest\/the-picturesque-village-of-valldemossa.html","name":"Valldemossa: The picturesque village | +Mallorca: The Magazine of Mallorca","isPartOf":{"@id":"https:\/\/www.masmallorca.es\/en#website"},"primaryImageOfPage":{"@id":"https:\/\/www.masmallorca.es\/en\/places-of-special-interest\/the-picturesque-village-of-valldemossa.html#primaryimage"},"image":{"@id":"https:\/\/www.masmallorca.es\/en\/places-of-special-interest\/the-picturesque-village-of-valldemossa.html#primaryimage"},"thumbnailUrl":"https:\/\/www.masmallorca.es\/wp-content\/uploads\/2014\/04\/pueblo-valldemossa-mallorca.jpg","datePublished":"2014-04-28T14:10:09+00:00","dateModified":"2023-12-05T11:59:19+00:00","description":"Valldemossa is part of the Tramuntana Valley, is closely linked to La Cartuja. The village has charming, steep streets.\u00a0Santa Catalina Thom\u00e1s","breadcrumb":{"@id":"https:\/\/www.masmallorca.es\/en\/places-of-special-interest\/the-picturesque-village-of-valldemossa.html#breadcrumb"},"inLanguage":"en-US","potentialAction":[{"@type":"ReadAction","target":["https:\/\/www.masmallorca.es\/en\/places-of-special-interest\/the-picturesque-village-of-valldemossa.html"]}]},{"@type":"ImageObject","inLanguage":"en-US","@id":"https:\/\/www.masmallorca.es\/en\/places-of-special-interest\/the-picturesque-village-of-valldemossa.html#primaryimage","url":"https:\/\/www.masmallorca.es\/wp-content\/uploads\/2014\/04\/pueblo-valldemossa-mallorca.jpg","contentUrl":"https:\/\/www.masmallorca.es\/wp-content\/uploads\/2014\/04\/pueblo-valldemossa-mallorca.jpg","width":940,"height":547,"caption":"Pueblo de Valldemossa, Mallorca"},{"@type":"BreadcrumbList","@id":"https:\/\/www.masmallorca.es\/en\/places-of-special-interest\/the-picturesque-village-of-valldemossa.html#breadcrumb","itemListElement":[{"@type":"ListItem","position":1,"name":"Portada","item":"https:\/\/www.masmallorca.es\/en"},{"@type":"ListItem","position":2,"name":"Places of special interest","item":"https:\/\/www.masmallorca.es\/en\/places-of-special-interest"},{"@type":"ListItem","position":3,"name":"Valldemossa: The picturesque village"}]},{"@type":"WebSite","@id":"https:\/\/www.masmallorca.es\/en#website","url":"https:\/\/www.masmallorca.es\/en","name":"+Mallorca: la revista de Mallorca","description":"More than sun and beach..","publisher":{"@id":"https:\/\/www.masmallorca.es\/en#organization"},"alternateName":"+Mallorca","potentialAction":[{"@type":"SearchAction","target":{"@type":"EntryPoint","urlTemplate":"https:\/\/www.masmallorca.es\/en?s={search_term_string}"},"query-input":{"@type":"PropertyValueSpecification","valueRequired":true,"valueName":"search_term_string"}}],"inLanguage":"en-US"},{"@type":"Organization","@id":"https:\/\/www.masmallorca.es\/en#organization","name":"+Mallorca Magazine","alternateName":"M\u00e1s Mallorca","url":"https:\/\/www.masmallorca.es\/en","logo":{"@type":"ImageObject","inLanguage":"en-US","@id":"https:\/\/www.masmallorca.es\/en#\/schema\/logo\/image\/","url":"https:\/\/www.masmallorca.es\/wp-content\/uploads\/2021\/04\/logomallorca-1.png","contentUrl":"https:\/\/www.masmallorca.es\/wp-content\/uploads\/2021\/04\/logomallorca-1.png","width":326,"height":84,"caption":"+Mallorca Magazine"},"image":{"@id":"https:\/\/www.masmallorca.es\/en#\/schema\/logo\/image\/"},"sameAs":["https:\/\/www.facebook.com\/mallorcamagazine\/","https:\/\/x.com\/masmallorca"]},{"@type":"Person","@id":"https:\/\/www.masmallorca.es\/en#\/schema\/person\/554c84e7dfd9917fdba2cace51081633","name":"masmallorca"}]}},"_links":{"self":[{"href":"https:\/\/www.masmallorca.es\/en\/wp-json\/wp\/v2\/posts\/11687","targetHints":{"allow":["GET"]}}],"collection":[{"href":"https:\/\/www.masmallorca.es\/en\/wp-json\/wp\/v2\/posts"}],"about":[{"href":"https:\/\/www.masmallorca.es\/en\/wp-json\/wp\/v2\/types\/post"}],"author":[{"embeddable":true,"href":"https:\/\/www.masmallorca.es\/en\/wp-json\/wp\/v2\/users\/1"}],"replies":[{"embeddable":true,"href":"https:\/\/www.masmallorca.es\/en\/wp-json\/wp\/v2\/comments?post=11687"}],"version-history":[{"count":0,"href":"https:\/\/www.masmallorca.es\/en\/wp-json\/wp\/v2\/posts\/11687\/revisions"}],"wp:featuredmedia":[{"embeddable":true,"href":"https:\/\/www.masmallorca.es\/en\/wp-json\/wp\/v2\/media\/30985"}],"wp:attachment":[{"href":"https:\/\/www.masmallorca.es\/en\/wp-json\/wp\/v2\/media?parent=11687"}],"wp:term":[{"taxonomy":"category","embeddable":true,"href":"https:\/\/www.masmallorca.es\/en\/wp-json\/wp\/v2\/categories?post=11687"},{"taxonomy":"post_tag","embeddable":true,"href":"https:\/\/www.masmallorca.es\/en\/wp-json\/wp\/v2\/tags?post=11687"}],"curies":[{"name":"wp","href":"https:\/\/api.w.org\/{rel}","templated":true}]}}