{"id":53,"count":23,"description":"<p><strong>Mallorca Cycling &amp; Cycle tourism, Routes of Mallorca.<\/strong> Excursions by bicycle, GPS and GPX routes, natural surroundings, corners, experiences. Mallorca, Balearic Islands.<\/p>\r\n<p><strong>Live Mallorca by bike!<\/strong><\/p>\r\n<p>Routes in: Palma-Capdell\u00e0-Esporles, Route by the Calas de Santany\u00ed, Route monastery of Montisi\u00f3n, Porreres. Marxa in silence \/ Marratxi - Santa Maria del Cam\u00ed. Route Alar\u00f3 to Orient, V Ruta cicloturista de F\u00e9minas. Route: Sineu to Can Picafort. Training around Palma. Route Port of Valldemossa. Mallorca 312 km. Ruta Andratx. Route Valldemossa. Route Puig Major. Route of Sa Calobra. Route Bunyola to Orient. Route of Formentor. Serra Calicant Route. Route of Manacor. Route of the 4 Hermitages. Route of the Playa de Palma. Route of Cala Pi, Llucmajor to Cap Enderrocat..<\/p>","link":"https:\/\/www.masmallorca.es\/en\/mallorca-cycling","name":"Mallorca Cycling","slug":"mallorca-cycling","taxonomy":"category","parent":0,"meta":[],"yoast_head":"<!-- This site is optimized with the Yoast SEO plugin v27.4 - https:\/\/yoast.com\/product\/yoast-seo-wordpress\/ -->\n<title>Cicloturismo, Rutas Ciclotur\u00edsticas | +Mallorca<\/title>\n<meta name=\"description\" content=\"Cicloturismo, Rutas Ciclotur\u00edsticas de Mallorca. Excursiones en bicicleta, rutas GPS Y GPX, entornos naturales, rincones, experiencias. Islas Baleares.\" \/>\n<meta name=\"robots\" content=\"index, follow, max-snippet:-1, max-image-preview:large, max-video-preview:-1\" \/>\n<link rel=\"canonical\" href=\"https:\/\/www.masmallorca.es\/en\/mallorca-cycling\" \/>\n<meta property=\"og:locale\" content=\"en_US\" \/>\n<meta property=\"og:type\" content=\"article\" \/>\n<meta property=\"og:title\" content=\"Cicloturismo, Rutas Ciclotur\u00edsticas | +Mallorca\" \/>\n<meta property=\"og:description\" content=\"Cicloturismo, Rutas Ciclotur\u00edsticas de Mallorca. Excursiones en bicicleta, rutas GPS Y GPX, entornos naturales, rincones, experiencias. Islas Baleares.\" \/>\n<meta property=\"og:url\" content=\"https:\/\/www.masmallorca.es\/en\/mallorca-cycling\" \/>\n<meta property=\"og:site_name\" content=\"+Mallorca: the magazine of Mallorca\" \/>\n<meta property=\"og:image\" content=\"https:\/\/www.masmallorca.es\/wp-content\/uploads\/2009\/10\/Son-Marroig_3.jpg\" \/>\n\t<meta property=\"og:image:width\" content=\"300\" \/>\n\t<meta property=\"og:image:height\" content=\"194\" \/>\n\t<meta property=\"og:image:type\" content=\"image\/jpeg\" \/>\n<meta name=\"twitter:card\" content=\"summary_large_image\" \/>\n<meta name=\"twitter:site\" content=\"@masmallorca\" \/>\n<script type=\"application\/ld+json\" class=\"yoast-schema-graph\">{\"@context\":\"https:\\\/\\\/schema.org\",\"@graph\":[{\"@type\":\"CollectionPage\",\"@id\":\"https:\\\/\\\/www.masmallorca.es\\\/en\\\/mallorca-cycling\",\"url\":\"https:\\\/\\\/www.masmallorca.es\\\/en\\\/mallorca-cycling\",\"name\":\"Cicloturismo, Rutas Ciclotur\u00edsticas | +Mallorca\",\"isPartOf\":{\"@id\":\"https:\\\/\\\/www.masmallorca.es\\\/en#website\"},\"description\":\"Cicloturismo, Rutas Ciclotur\u00edsticas de Mallorca. Excursiones en bicicleta, rutas GPS Y GPX, entornos naturales, rincones, experiencias. Islas Baleares.\",\"breadcrumb\":{\"@id\":\"https:\\\/\\\/www.masmallorca.es\\\/en\\\/mallorca-cycling#breadcrumb\"},\"inLanguage\":\"en-US\"},{\"@type\":\"BreadcrumbList\",\"@id\":\"https:\\\/\\\/www.masmallorca.es\\\/en\\\/mallorca-cycling#breadcrumb\",\"itemListElement\":[{\"@type\":\"ListItem\",\"position\":1,\"name\":\"Portada\",\"item\":\"https:\\\/\\\/www.masmallorca.es\\\/en\"},{\"@type\":\"ListItem\",\"position\":2,\"name\":\"Mallorca Cycling\"}]},{\"@type\":\"WebSite\",\"@id\":\"https:\\\/\\\/www.masmallorca.es\\\/en#website\",\"url\":\"https:\\\/\\\/www.masmallorca.es\\\/en\",\"name\":\"+Mallorca: la revista de Mallorca\",\"description\":\"More than sun and beach..\",\"publisher\":{\"@id\":\"https:\\\/\\\/www.masmallorca.es\\\/en#organization\"},\"alternateName\":\"+Mallorca\",\"potentialAction\":[{\"@type\":\"SearchAction\",\"target\":{\"@type\":\"EntryPoint\",\"urlTemplate\":\"https:\\\/\\\/www.masmallorca.es\\\/en?s={search_term_string}\"},\"query-input\":{\"@type\":\"PropertyValueSpecification\",\"valueRequired\":true,\"valueName\":\"search_term_string\"}}],\"inLanguage\":\"en-US\"},{\"@type\":\"Organization\",\"@id\":\"https:\\\/\\\/www.masmallorca.es\\\/en#organization\",\"name\":\"+Mallorca Magazine\",\"alternateName\":\"M\u00e1s Mallorca\",\"url\":\"https:\\\/\\\/www.masmallorca.es\\\/en\",\"logo\":{\"@type\":\"ImageObject\",\"inLanguage\":\"en-US\",\"@id\":\"https:\\\/\\\/www.masmallorca.es\\\/en#\\\/schema\\\/logo\\\/image\\\/\",\"url\":\"https:\\\/\\\/www.masmallorca.es\\\/wp-content\\\/uploads\\\/2021\\\/04\\\/logomallorca-1.png\",\"contentUrl\":\"https:\\\/\\\/www.masmallorca.es\\\/wp-content\\\/uploads\\\/2021\\\/04\\\/logomallorca-1.png\",\"width\":326,\"height\":84,\"caption\":\"+Mallorca Magazine\"},\"image\":{\"@id\":\"https:\\\/\\\/www.masmallorca.es\\\/en#\\\/schema\\\/logo\\\/image\\\/\"},\"sameAs\":[\"https:\\\/\\\/www.facebook.com\\\/mallorcamagazine\\\/\",\"https:\\\/\\\/x.com\\\/masmallorca\"]}]}<\/script>\n<!-- \/ Yoast SEO plugin. -->","yoast_head_json":{"title":"Cicloturismo, Rutas Ciclotur\u00edsticas | +Mallorca","description":"Cicloturismo, Rutas Ciclotur\u00edsticas de Mallorca. Excursiones en bicicleta, rutas GPS Y GPX, entornos naturales, rincones, experiencias. Islas Baleares.","robots":{"index":"index","follow":"follow","max-snippet":"max-snippet:-1","max-image-preview":"max-image-preview:large","max-video-preview":"max-video-preview:-1"},"canonical":"https:\/\/www.masmallorca.es\/en\/mallorca-cycling","og_locale":"en_US","og_type":"article","og_title":"Cicloturismo, Rutas Ciclotur\u00edsticas | +Mallorca","og_description":"Cicloturismo, Rutas Ciclotur\u00edsticas de Mallorca. Excursiones en bicicleta, rutas GPS Y GPX, entornos naturales, rincones, experiencias. Islas Baleares.","og_url":"https:\/\/www.masmallorca.es\/en\/mallorca-cycling","og_site_name":"+Mallorca: the magazine of Mallorca","og_image":[{"width":300,"height":194,"url":"https:\/\/www.masmallorca.es\/wp-content\/uploads\/2009\/10\/Son-Marroig_3.jpg","type":"image\/jpeg"}],"twitter_card":"summary_large_image","twitter_site":"@masmallorca","schema":{"@context":"https:\/\/schema.org","@graph":[{"@type":"CollectionPage","@id":"https:\/\/www.masmallorca.es\/en\/mallorca-cycling","url":"https:\/\/www.masmallorca.es\/en\/mallorca-cycling","name":"Cicloturismo, Rutas Ciclotur\u00edsticas | +Mallorca","isPartOf":{"@id":"https:\/\/www.masmallorca.es\/en#website"},"description":"Cicloturismo, Rutas Ciclotur\u00edsticas de Mallorca. Excursiones en bicicleta, rutas GPS Y GPX, entornos naturales, rincones, experiencias. Islas Baleares.","breadcrumb":{"@id":"https:\/\/www.masmallorca.es\/en\/mallorca-cycling#breadcrumb"},"inLanguage":"en-US"},{"@type":"BreadcrumbList","@id":"https:\/\/www.masmallorca.es\/en\/mallorca-cycling#breadcrumb","itemListElement":[{"@type":"ListItem","position":1,"name":"Portada","item":"https:\/\/www.masmallorca.es\/en"},{"@type":"ListItem","position":2,"name":"Mallorca Cycling"}]},{"@type":"WebSite","@id":"https:\/\/www.masmallorca.es\/en#website","url":"https:\/\/www.masmallorca.es\/en","name":"+Mallorca: la revista de Mallorca","description":"More than sun and beach..","publisher":{"@id":"https:\/\/www.masmallorca.es\/en#organization"},"alternateName":"+Mallorca","potentialAction":[{"@type":"SearchAction","target":{"@type":"EntryPoint","urlTemplate":"https:\/\/www.masmallorca.es\/en?s={search_term_string}"},"query-input":{"@type":"PropertyValueSpecification","valueRequired":true,"valueName":"search_term_string"}}],"inLanguage":"en-US"},{"@type":"Organization","@id":"https:\/\/www.masmallorca.es\/en#organization","name":"+Mallorca Magazine","alternateName":"M\u00e1s Mallorca","url":"https:\/\/www.masmallorca.es\/en","logo":{"@type":"ImageObject","inLanguage":"en-US","@id":"https:\/\/www.masmallorca.es\/en#\/schema\/logo\/image\/","url":"https:\/\/www.masmallorca.es\/wp-content\/uploads\/2021\/04\/logomallorca-1.png","contentUrl":"https:\/\/www.masmallorca.es\/wp-content\/uploads\/2021\/04\/logomallorca-1.png","width":326,"height":84,"caption":"+Mallorca Magazine"},"image":{"@id":"https:\/\/www.masmallorca.es\/en#\/schema\/logo\/image\/"},"sameAs":["https:\/\/www.facebook.com\/mallorcamagazine\/","https:\/\/x.com\/masmallorca"]}]}},"_links":{"self":[{"href":"https:\/\/www.masmallorca.es\/en\/wp-json\/wp\/v2\/categories\/53","targetHints":{"allow":["GET"]}}],"collection":[{"href":"https:\/\/www.masmallorca.es\/en\/wp-json\/wp\/v2\/categories"}],"about":[{"href":"https:\/\/www.masmallorca.es\/en\/wp-json\/wp\/v2\/taxonomies\/category"}],"wp:post_type":[{"href":"https:\/\/www.masmallorca.es\/en\/wp-json\/wp\/v2\/posts?categories=53"}],"curies":[{"name":"wp","href":"https:\/\/api.w.org\/{rel}","templated":true}]}}