{"id":9967,"date":"2012-04-30T09:46:02","date_gmt":"2012-04-30T07:46:02","guid":{"rendered":""},"modified":"2025-12-09T19:14:36","modified_gmt":"2025-12-09T18:14:36","slug":"olivenoel-predio-son-quint-serra-de-tramuntana","status":"publish","type":"post","link":"https:\/\/www.masmallorca.es\/de\/typische-produkte\/olivenoel-predio-son-quint-serra-de-tramuntana.html","title":{"rendered":"Oliven\u00f6l Predio Son Quint \u2013 das fl\u00fcssige Gold der Serra de Tramuntana"},"content":{"rendered":"\n<p>Das Oliven\u00f6l Virgen Extra mit der Herkunftsbezeichnung Predio Son Quint ist ein exklusives Produkt mit einer pers\u00f6nlichen Note. Es wird seit 1998 auf dem Landgut Son Quint (Esporles) in der <strong>Serra Tramuntana<\/strong> hergestellt.<\/p>\n\n\n\n<!--more-->\n\n\n\n<h2 class=\"wp-block-heading\">Das \u00d6l Predio Son Quint wird aus den drei Olivensorten <strong>Picual<\/strong>, <strong>Arbequina<\/strong> und <strong>Empeltre<\/strong> gepresst. <\/h2>\n\n\n\n<p>Die besondere Beschaffenheit des Bodens und die Umgebung verleihen diesem \u00d6l einzigartige Eigenschaften, die bei zahlreichen Verkostungen von Experten und den wichtigsten Labors des Landes gelobt wurden.<\/p>\n\n\n\n<p>Sowohl der Anbau als auch die Ernte und die Handlese gew\u00e4hrleisten eine erlesene Auswahl an besten Oliven in angemessenen Proportionen. <\/p>\n\n\n\n<p>Durch die <strong>Kaltpressung<\/strong> wird die urspr\u00fcngliche Rezeptur des Oliven\u00f6ls Virgen Extra Predio Son Quint erzielt.<\/p>\n\n\n\n<p>Predio Son Quint wird in Glasflaschen mit 500ml und 250 ml mit einem exklusiven Verschluss vertrieben, der das Ausgie\u00dfen erleichtert und das Produkt vor fr\u00fchzeitiger Oxidierung sch\u00fctzt. <\/p>\n\n\n\n<figure class=\"wp-block-gallery has-nested-images columns-default is-cropped wp-block-gallery-1 is-layout-flex wp-block-gallery-is-layout-flex\">\n<figure class=\"wp-block-image size-large\"><a href=\"https:\/\/www.mallorcashop.net\/de\/mallorca-olivenol\/132-natives-olivenol-extra-predio-son-quint-250-ml-esporles.html\" target=\"_blank\" rel=\" noreferrer noopener\"><img loading=\"lazy\" decoding=\"async\" width=\"683\" height=\"1024\" data-id=\"35254\" src=\"https:\/\/www.masmallorca.es\/wp-content\/uploads\/2012\/04\/predio-son-quint-mallorcashop-683x1024.jpg\" alt=\"Oliven\u00f6l Predio Son Quint. 250ml.\" class=\"wp-image-35254\" srcset=\"https:\/\/www.masmallorca.es\/wp-content\/uploads\/2012\/04\/predio-son-quint-mallorcashop-683x1024.jpg 683w, https:\/\/www.masmallorca.es\/wp-content\/uploads\/2012\/04\/predio-son-quint-mallorcashop-200x300.jpg 200w, https:\/\/www.masmallorca.es\/wp-content\/uploads\/2012\/04\/predio-son-quint-mallorcashop-768x1152.jpg 768w, https:\/\/www.masmallorca.es\/wp-content\/uploads\/2012\/04\/predio-son-quint-mallorcashop.jpg 800w\" sizes=\"(max-width: 683px) 100vw, 683px\" \/><\/a><\/figure>\n\n\n\n<figure class=\"wp-block-image size-large\"><a href=\"https:\/\/www.mallorcashop.net\/de\/mallorca-olivenol\/129-natives-olivenol-extra-predio-son-quint-500-ml-esporles.html\" target=\"_blank\" rel=\" noreferrer noopener\"><img loading=\"lazy\" decoding=\"async\" width=\"683\" height=\"1024\" data-id=\"35253\" src=\"https:\/\/www.masmallorca.es\/wp-content\/uploads\/2012\/04\/predio-son-quint-mallorcashop-net-683x1024.jpg\" alt=\"Oliven\u00f6l Predio Son Quint. 500ml.\" class=\"wp-image-35253\" srcset=\"https:\/\/www.masmallorca.es\/wp-content\/uploads\/2012\/04\/predio-son-quint-mallorcashop-net-683x1024.jpg 683w, https:\/\/www.masmallorca.es\/wp-content\/uploads\/2012\/04\/predio-son-quint-mallorcashop-net-200x300.jpg 200w, https:\/\/www.masmallorca.es\/wp-content\/uploads\/2012\/04\/predio-son-quint-mallorcashop-net-768x1152.jpg 768w, https:\/\/www.masmallorca.es\/wp-content\/uploads\/2012\/04\/predio-son-quint-mallorcashop-net.jpg 800w\" sizes=\"(max-width: 683px) 100vw, 683px\" \/><\/a><\/figure>\n<\/figure>\n\n\n\n<p>So bleiben vom ersten bis zum letzten Tropfen alle organoleptischen Eigenschaften dieser ausgezeichneten K\u00f6stlichkeit erhalten.<\/p>\n\n\n\n<p><strong>Luis Espa\u00f1ol<\/strong>, Eigent\u00fcmer des Unternehmens, erkl\u00e4rt, dass die Distribution seines exklusiven Produkts auf ausgew\u00e4hlte <a href=\"https:\/\/www.masmallorca.es\/de\/gastronomie\/salat-mit-kabeljau-oliven-apfel-und-honigvinagrette-mit-dem-oel-predio-son-quint.html\" target=\"_blank\" rel=\"noreferrer noopener\">Restaurants der Insel<\/a> ausgerichtet ist. <\/p>\n\n\n\n<p>Allerdings wird es auch einem breiteren Publikum zug\u00e4nglich gemacht, indem es in Fachgesch\u00e4ften, Gourmetl\u00e4den sowie im <strong>El Corte Ingl\u00e9s<\/strong> in Palma de Mallorca und k\u00fcrzlich auch am Flughafen <strong>Son Sant Joan<\/strong> angeboten wird, einem der wichtigsten Orte f\u00fcr die Pr\u00e4sentation vor internationalen Kunden, was neue Vertriebsm\u00f6glichkeiten in Europa er\u00f6ffnet.<\/p>\n\n\n\n<p>Ein kleiner Teil der Produktion wird bereits nach <strong>Deutschland<\/strong>, <strong>Gro\u00dfbritannien<\/strong> und <strong>Russland<\/strong> exportiert, was die internationale Bekanntschaft dieser angesehenen Marke aus Mallorca widerspiegelt.<\/p>\n\n\n\n<h3 class=\"wp-block-heading\">An der Ernte ist ein Team von zehn Personen beteiligt, die auf die handwerkliche Ernte spezialisiert sind. <\/h3>\n\n\n\n<figure class=\"wp-block-gallery alignfull has-nested-images columns-default is-cropped wp-block-gallery-2 is-layout-flex wp-block-gallery-is-layout-flex\">\n<figure class=\"wp-block-image size-full\"><img loading=\"lazy\" decoding=\"async\" width=\"250\" height=\"356\" data-id=\"9952\" src=\"https:\/\/www.masmallorca.es\/wp-content\/uploads\/2012\/04\/aceite-predio-son-quint-Olivenol-olive-oil-2.png\" alt=\"Oliven\u00f6l Predio Son Quint\" class=\"wp-image-9952\" srcset=\"https:\/\/www.masmallorca.es\/wp-content\/uploads\/2012\/04\/aceite-predio-son-quint-Olivenol-olive-oil-2.png 250w, https:\/\/www.masmallorca.es\/wp-content\/uploads\/2012\/04\/aceite-predio-son-quint-Olivenol-olive-oil-2-211x300.png 211w\" sizes=\"(max-width: 250px) 100vw, 250px\" \/><figcaption class=\"wp-element-caption\">Oliven\u00f6l Predio Son Quint<\/figcaption><\/figure>\n\n\n\n<figure class=\"wp-block-image size-full\"><img loading=\"lazy\" decoding=\"async\" width=\"940\" height=\"628\" data-id=\"35266\" src=\"https:\/\/www.masmallorca.es\/wp-content\/uploads\/2012\/04\/predio-son-quint-esporles-mallorca.jpg\" alt=\"Oliven\u00f6l Predio Son Quint. Finca, Serra de Tramuntana.\" class=\"wp-image-35266\" srcset=\"https:\/\/www.masmallorca.es\/wp-content\/uploads\/2012\/04\/predio-son-quint-esporles-mallorca.jpg 940w, https:\/\/www.masmallorca.es\/wp-content\/uploads\/2012\/04\/predio-son-quint-esporles-mallorca-300x200.jpg 300w, https:\/\/www.masmallorca.es\/wp-content\/uploads\/2012\/04\/predio-son-quint-esporles-mallorca-768x513.jpg 768w\" sizes=\"(max-width: 940px) 100vw, 940px\" \/><\/figure>\n\n\n\n<figure class=\"wp-block-image size-full\"><img loading=\"lazy\" decoding=\"async\" width=\"940\" height=\"628\" data-id=\"35276\" src=\"https:\/\/www.masmallorca.es\/wp-content\/uploads\/2012\/04\/predio-son-quint-carro-esporles.jpg\" alt=\"Oliven\u00f6l Predio Son Quint. Finca, Serra de Tramuntana.\" class=\"wp-image-35276\" srcset=\"https:\/\/www.masmallorca.es\/wp-content\/uploads\/2012\/04\/predio-son-quint-carro-esporles.jpg 940w, https:\/\/www.masmallorca.es\/wp-content\/uploads\/2012\/04\/predio-son-quint-carro-esporles-300x200.jpg 300w, https:\/\/www.masmallorca.es\/wp-content\/uploads\/2012\/04\/predio-son-quint-carro-esporles-768x513.jpg 768w\" sizes=\"(max-width: 940px) 100vw, 940px\" \/><\/figure>\n<\/figure>\n\n\n\n<p>Nach der Auswahl werden die Oliven sofort in die \u00d6lm\u00fchle von <strong>Son Catiu<\/strong> gebracht, wo sie kalt gepresst und anschlie\u00dfend verpackt werden. Dies sind die einzigen Schritte im Produktionsprozess, die nicht auf der <strong>Finca Esporles<\/strong> stattfinden.<\/p>\n\n\n\n<p>Luis Espa\u00f1ol erz\u00e4hlt uns, dass derzeit ein Expansionsprojekt f\u00fcr die Produktion von <strong>Predio Son Quint<\/strong> l\u00e4uft, mit der Anpflanzung neuer Olivenb\u00e4ume auf einer weiteren Finca, die der Familie in <strong>Binissalem<\/strong> geh\u00f6rt. Mit dieser Erweiterung hofft man, die steigende Nachfrage nach dem \u00d6l, das die Marke hervorruft, decken zu k\u00f6nnen.<\/p>\n\n\n\n<p>Abschlie\u00dfend bleibt nur zu sagen, dass der Besuch der Finca sich auf jeden Fall gelohnt hat und dass das <strong>Extra Natives Oliven\u00f6l Predio Son Quint<\/strong> all die Anerkennungen verdient, die ihm zuteilwerden.<\/p>\n\n\n\n<p>Esporles, Mallorca | +info: +34 629 677 420 | <a title=\"Oliven-\u00d6l Predio Son Quint\" href=\"http:\/\/www.prediosonquint.es\/\" target=\"_blank\" rel=\"noopener noreferrer\">www.prediosonquint.es<\/a><\/p>\n\n\n\n<figure class=\"wp-block-image size-full\"><img loading=\"lazy\" decoding=\"async\" width=\"940\" height=\"628\" src=\"https:\/\/www.masmallorca.es\/wp-content\/uploads\/2012\/04\/predio-son-quint-Luis-Espanyol.jpg\" alt=\"Luis Espa\u00f1ol, Finca Esporles. Mallorca.\" class=\"wp-image-35271\" srcset=\"https:\/\/www.masmallorca.es\/wp-content\/uploads\/2012\/04\/predio-son-quint-Luis-Espanyol.jpg 940w, https:\/\/www.masmallorca.es\/wp-content\/uploads\/2012\/04\/predio-son-quint-Luis-Espanyol-300x200.jpg 300w, https:\/\/www.masmallorca.es\/wp-content\/uploads\/2012\/04\/predio-son-quint-Luis-Espanyol-768x513.jpg 768w\" sizes=\"(max-width: 940px) 100vw, 940px\" \/><figcaption class=\"wp-element-caption\">Luis Espa\u00f1ol, Esporles. Mallorca.<\/figcaption><\/figure>\n","protected":false},"excerpt":{"rendered":"<p>Das Oliven\u00f6l Virgen Extra mit der Herkunftsbezeichnung Predio Son Quint ist ein exklusives Produkt mit einer pers\u00f6nlichen Note. Es wird seit 1998 auf dem Landgut Son Quint (Esporles) in der Serra Tramuntana hergestellt.<\/p>\n","protected":false},"author":1,"featured_media":35263,"comment_status":"closed","ping_status":"closed","sticky":false,"template":"","format":"standard","meta":{"_et_pb_use_builder":"","_et_pb_old_content":"","_et_gb_content_width":"","footnotes":""},"categories":[25],"tags":[],"class_list":["post-9967","post","type-post","status-publish","format-standard","has-post-thumbnail","hentry","category-typische-produkte","et-has-post-format-content","et_post_format-et-post-format-standard"],"yoast_head":"<!-- This site is optimized with the Yoast SEO plugin v27.4 - https:\/\/yoast.com\/product\/yoast-seo-wordpress\/ -->\n<title>Oliven\u00f6l Predio Son Quint \u2013 das fl\u00fcssige Gold der Serra de Tramuntana | +Mallorca: das Magazin aus Mallorca<\/title>\n<meta name=\"description\" content=\"Das Oliven\u00f6l Virgen Extra mit der Herkunftsbezeichnung Predio Son Quint ist ein exklusives Produkt. Esporles, in der Serra Tramuntana.\" \/>\n<meta name=\"robots\" content=\"index, follow, max-snippet:-1, max-image-preview:large, max-video-preview:-1\" \/>\n<link rel=\"canonical\" href=\"https:\/\/www.masmallorca.es\/de\/typische-produkte\/olivenoel-predio-son-quint-serra-de-tramuntana.html\" \/>\n<meta property=\"og:locale\" content=\"de_DE\" \/>\n<meta property=\"og:type\" content=\"article\" \/>\n<meta property=\"og:title\" content=\"Oliven\u00f6l Predio Son Quint \u2013 das fl\u00fcssige Gold der Serra de Tramuntana | +Mallorca: das Magazin aus Mallorca\" \/>\n<meta property=\"og:description\" content=\"Das Oliven\u00f6l Virgen Extra mit der Herkunftsbezeichnung Predio Son Quint ist ein exklusives Produkt. Esporles, in der Serra Tramuntana.\" \/>\n<meta property=\"og:url\" content=\"https:\/\/www.masmallorca.es\/de\/typische-produkte\/olivenoel-predio-son-quint-serra-de-tramuntana.html\" \/>\n<meta property=\"og:site_name\" content=\"+Mallorca: das Magazin aus Mallorca\" \/>\n<meta property=\"article:publisher\" content=\"https:\/\/www.facebook.com\/mallorcamagazine\/\" \/>\n<meta property=\"article:published_time\" content=\"2012-04-30T07:46:02+00:00\" \/>\n<meta property=\"article:modified_time\" content=\"2025-12-09T18:14:36+00:00\" \/>\n<meta property=\"og:image\" content=\"https:\/\/www.masmallorca.es\/wp-content\/uploads\/2025\/12\/predio-son-quint-portada.jpg\" \/>\n\t<meta property=\"og:image:width\" content=\"800\" \/>\n\t<meta property=\"og:image:height\" content=\"940\" \/>\n\t<meta property=\"og:image:type\" content=\"image\/jpeg\" \/>\n<meta name=\"author\" content=\"masmallorca\" \/>\n<meta name=\"twitter:card\" content=\"summary_large_image\" \/>\n<meta name=\"twitter:creator\" content=\"@masmallorca\" \/>\n<meta name=\"twitter:site\" content=\"@masmallorca\" \/>\n<meta name=\"twitter:label1\" content=\"Verfasst von\" \/>\n\t<meta name=\"twitter:data1\" content=\"masmallorca\" \/>\n\t<meta name=\"twitter:label2\" content=\"Gesch\u00e4tzte Lesezeit\" \/>\n\t<meta name=\"twitter:data2\" content=\"4\u00a0Minuten\" \/>\n<script type=\"application\/ld+json\" class=\"yoast-schema-graph\">{\"@context\":\"https:\\\/\\\/schema.org\",\"@graph\":[{\"@type\":\"Article\",\"@id\":\"https:\\\/\\\/www.masmallorca.es\\\/de\\\/typische-produkte\\\/olivenoel-predio-son-quint-serra-de-tramuntana.html#article\",\"isPartOf\":{\"@id\":\"https:\\\/\\\/www.masmallorca.es\\\/de\\\/typische-produkte\\\/olivenoel-predio-son-quint-serra-de-tramuntana.html\"},\"author\":{\"name\":\"masmallorca\",\"@id\":\"https:\\\/\\\/www.masmallorca.es\\\/de#\\\/schema\\\/person\\\/554c84e7dfd9917fdba2cace51081633\"},\"headline\":\"Oliven\u00f6l Predio Son Quint \u2013 das fl\u00fcssige Gold der Serra de Tramuntana\",\"datePublished\":\"2012-04-30T07:46:02+00:00\",\"dateModified\":\"2025-12-09T18:14:36+00:00\",\"mainEntityOfPage\":{\"@id\":\"https:\\\/\\\/www.masmallorca.es\\\/de\\\/typische-produkte\\\/olivenoel-predio-son-quint-serra-de-tramuntana.html\"},\"wordCount\":438,\"publisher\":{\"@id\":\"https:\\\/\\\/www.masmallorca.es\\\/de#organization\"},\"image\":{\"@id\":\"https:\\\/\\\/www.masmallorca.es\\\/de\\\/typische-produkte\\\/olivenoel-predio-son-quint-serra-de-tramuntana.html#primaryimage\"},\"thumbnailUrl\":\"https:\\\/\\\/www.masmallorca.es\\\/wp-content\\\/uploads\\\/2025\\\/12\\\/predio-son-quint-portada.jpg\",\"articleSection\":[\"Typische Produkte\"],\"inLanguage\":\"de\"},{\"@type\":\"WebPage\",\"@id\":\"https:\\\/\\\/www.masmallorca.es\\\/de\\\/typische-produkte\\\/olivenoel-predio-son-quint-serra-de-tramuntana.html\",\"url\":\"https:\\\/\\\/www.masmallorca.es\\\/de\\\/typische-produkte\\\/olivenoel-predio-son-quint-serra-de-tramuntana.html\",\"name\":\"Oliven\u00f6l Predio Son Quint \u2013 das fl\u00fcssige Gold der Serra de Tramuntana | +Mallorca: das Magazin aus Mallorca\",\"isPartOf\":{\"@id\":\"https:\\\/\\\/www.masmallorca.es\\\/de#website\"},\"primaryImageOfPage\":{\"@id\":\"https:\\\/\\\/www.masmallorca.es\\\/de\\\/typische-produkte\\\/olivenoel-predio-son-quint-serra-de-tramuntana.html#primaryimage\"},\"image\":{\"@id\":\"https:\\\/\\\/www.masmallorca.es\\\/de\\\/typische-produkte\\\/olivenoel-predio-son-quint-serra-de-tramuntana.html#primaryimage\"},\"thumbnailUrl\":\"https:\\\/\\\/www.masmallorca.es\\\/wp-content\\\/uploads\\\/2025\\\/12\\\/predio-son-quint-portada.jpg\",\"datePublished\":\"2012-04-30T07:46:02+00:00\",\"dateModified\":\"2025-12-09T18:14:36+00:00\",\"description\":\"Das Oliven\u00f6l Virgen Extra mit der Herkunftsbezeichnung Predio Son Quint ist ein exklusives Produkt. Esporles, in der Serra Tramuntana.\",\"breadcrumb\":{\"@id\":\"https:\\\/\\\/www.masmallorca.es\\\/de\\\/typische-produkte\\\/olivenoel-predio-son-quint-serra-de-tramuntana.html#breadcrumb\"},\"inLanguage\":\"de\",\"potentialAction\":[{\"@type\":\"ReadAction\",\"target\":[\"https:\\\/\\\/www.masmallorca.es\\\/de\\\/typische-produkte\\\/olivenoel-predio-son-quint-serra-de-tramuntana.html\"]}]},{\"@type\":\"ImageObject\",\"inLanguage\":\"de\",\"@id\":\"https:\\\/\\\/www.masmallorca.es\\\/de\\\/typische-produkte\\\/olivenoel-predio-son-quint-serra-de-tramuntana.html#primaryimage\",\"url\":\"https:\\\/\\\/www.masmallorca.es\\\/wp-content\\\/uploads\\\/2025\\\/12\\\/predio-son-quint-portada.jpg\",\"contentUrl\":\"https:\\\/\\\/www.masmallorca.es\\\/wp-content\\\/uploads\\\/2025\\\/12\\\/predio-son-quint-portada.jpg\",\"width\":800,\"height\":940,\"caption\":\"Predio Son Quint. Aceite de Oliva Virgen Extra de Mallorca.\"},{\"@type\":\"BreadcrumbList\",\"@id\":\"https:\\\/\\\/www.masmallorca.es\\\/de\\\/typische-produkte\\\/olivenoel-predio-son-quint-serra-de-tramuntana.html#breadcrumb\",\"itemListElement\":[{\"@type\":\"ListItem\",\"position\":1,\"name\":\"Portada\",\"item\":\"https:\\\/\\\/www.masmallorca.es\\\/de\"},{\"@type\":\"ListItem\",\"position\":2,\"name\":\"Typische Produkte\",\"item\":\"https:\\\/\\\/www.masmallorca.es\\\/de\\\/typische-produkte\"},{\"@type\":\"ListItem\",\"position\":3,\"name\":\"Oliven\u00f6l Predio Son Quint \u2013 das fl\u00fcssige Gold der Serra de Tramuntana\"}]},{\"@type\":\"WebSite\",\"@id\":\"https:\\\/\\\/www.masmallorca.es\\\/de#website\",\"url\":\"https:\\\/\\\/www.masmallorca.es\\\/de\",\"name\":\"+Mallorca: la revista de Mallorca\",\"description\":\"Mehr als Sonne und Strand..\",\"publisher\":{\"@id\":\"https:\\\/\\\/www.masmallorca.es\\\/de#organization\"},\"alternateName\":\"+Mallorca\",\"potentialAction\":[{\"@type\":\"SearchAction\",\"target\":{\"@type\":\"EntryPoint\",\"urlTemplate\":\"https:\\\/\\\/www.masmallorca.es\\\/de?s={search_term_string}\"},\"query-input\":{\"@type\":\"PropertyValueSpecification\",\"valueRequired\":true,\"valueName\":\"search_term_string\"}}],\"inLanguage\":\"de\"},{\"@type\":\"Organization\",\"@id\":\"https:\\\/\\\/www.masmallorca.es\\\/de#organization\",\"name\":\"+Mallorca Magazin\",\"alternateName\":\"M\u00e1s Mallorca\",\"url\":\"https:\\\/\\\/www.masmallorca.es\\\/de\",\"logo\":{\"@type\":\"ImageObject\",\"inLanguage\":\"de\",\"@id\":\"https:\\\/\\\/www.masmallorca.es\\\/de#\\\/schema\\\/logo\\\/image\\\/\",\"url\":\"https:\\\/\\\/www.masmallorca.es\\\/wp-content\\\/uploads\\\/2021\\\/04\\\/logomallorca-1.png\",\"contentUrl\":\"https:\\\/\\\/www.masmallorca.es\\\/wp-content\\\/uploads\\\/2021\\\/04\\\/logomallorca-1.png\",\"width\":326,\"height\":84,\"caption\":\"+Mallorca Magazin\"},\"image\":{\"@id\":\"https:\\\/\\\/www.masmallorca.es\\\/de#\\\/schema\\\/logo\\\/image\\\/\"},\"sameAs\":[\"https:\\\/\\\/www.facebook.com\\\/mallorcamagazine\\\/\",\"https:\\\/\\\/x.com\\\/masmallorca\"]},{\"@type\":\"Person\",\"@id\":\"https:\\\/\\\/www.masmallorca.es\\\/de#\\\/schema\\\/person\\\/554c84e7dfd9917fdba2cace51081633\",\"name\":\"masmallorca\"}]}<\/script>\n<!-- \/ Yoast SEO plugin. -->","yoast_head_json":{"title":"Oliven\u00f6l Predio Son Quint \u2013 das fl\u00fcssige Gold der Serra de Tramuntana | +Mallorca: das Magazin aus Mallorca","description":"Das Oliven\u00f6l Virgen Extra mit der Herkunftsbezeichnung Predio Son Quint ist ein exklusives Produkt. Esporles, in der Serra Tramuntana.","robots":{"index":"index","follow":"follow","max-snippet":"max-snippet:-1","max-image-preview":"max-image-preview:large","max-video-preview":"max-video-preview:-1"},"canonical":"https:\/\/www.masmallorca.es\/de\/typische-produkte\/olivenoel-predio-son-quint-serra-de-tramuntana.html","og_locale":"de_DE","og_type":"article","og_title":"Oliven\u00f6l Predio Son Quint \u2013 das fl\u00fcssige Gold der Serra de Tramuntana | +Mallorca: das Magazin aus Mallorca","og_description":"Das Oliven\u00f6l Virgen Extra mit der Herkunftsbezeichnung Predio Son Quint ist ein exklusives Produkt. Esporles, in der Serra Tramuntana.","og_url":"https:\/\/www.masmallorca.es\/de\/typische-produkte\/olivenoel-predio-son-quint-serra-de-tramuntana.html","og_site_name":"+Mallorca: das Magazin aus Mallorca","article_publisher":"https:\/\/www.facebook.com\/mallorcamagazine\/","article_published_time":"2012-04-30T07:46:02+00:00","article_modified_time":"2025-12-09T18:14:36+00:00","og_image":[{"width":800,"height":940,"url":"https:\/\/www.masmallorca.es\/wp-content\/uploads\/2025\/12\/predio-son-quint-portada.jpg","type":"image\/jpeg"}],"author":"masmallorca","twitter_card":"summary_large_image","twitter_creator":"@masmallorca","twitter_site":"@masmallorca","twitter_misc":{"Verfasst von":"masmallorca","Gesch\u00e4tzte Lesezeit":"4\u00a0Minuten"},"schema":{"@context":"https:\/\/schema.org","@graph":[{"@type":"Article","@id":"https:\/\/www.masmallorca.es\/de\/typische-produkte\/olivenoel-predio-son-quint-serra-de-tramuntana.html#article","isPartOf":{"@id":"https:\/\/www.masmallorca.es\/de\/typische-produkte\/olivenoel-predio-son-quint-serra-de-tramuntana.html"},"author":{"name":"masmallorca","@id":"https:\/\/www.masmallorca.es\/de#\/schema\/person\/554c84e7dfd9917fdba2cace51081633"},"headline":"Oliven\u00f6l Predio Son Quint \u2013 das fl\u00fcssige Gold der Serra de Tramuntana","datePublished":"2012-04-30T07:46:02+00:00","dateModified":"2025-12-09T18:14:36+00:00","mainEntityOfPage":{"@id":"https:\/\/www.masmallorca.es\/de\/typische-produkte\/olivenoel-predio-son-quint-serra-de-tramuntana.html"},"wordCount":438,"publisher":{"@id":"https:\/\/www.masmallorca.es\/de#organization"},"image":{"@id":"https:\/\/www.masmallorca.es\/de\/typische-produkte\/olivenoel-predio-son-quint-serra-de-tramuntana.html#primaryimage"},"thumbnailUrl":"https:\/\/www.masmallorca.es\/wp-content\/uploads\/2025\/12\/predio-son-quint-portada.jpg","articleSection":["Typische Produkte"],"inLanguage":"de"},{"@type":"WebPage","@id":"https:\/\/www.masmallorca.es\/de\/typische-produkte\/olivenoel-predio-son-quint-serra-de-tramuntana.html","url":"https:\/\/www.masmallorca.es\/de\/typische-produkte\/olivenoel-predio-son-quint-serra-de-tramuntana.html","name":"Oliven\u00f6l Predio Son Quint \u2013 das fl\u00fcssige Gold der Serra de Tramuntana | +Mallorca: das Magazin aus Mallorca","isPartOf":{"@id":"https:\/\/www.masmallorca.es\/de#website"},"primaryImageOfPage":{"@id":"https:\/\/www.masmallorca.es\/de\/typische-produkte\/olivenoel-predio-son-quint-serra-de-tramuntana.html#primaryimage"},"image":{"@id":"https:\/\/www.masmallorca.es\/de\/typische-produkte\/olivenoel-predio-son-quint-serra-de-tramuntana.html#primaryimage"},"thumbnailUrl":"https:\/\/www.masmallorca.es\/wp-content\/uploads\/2025\/12\/predio-son-quint-portada.jpg","datePublished":"2012-04-30T07:46:02+00:00","dateModified":"2025-12-09T18:14:36+00:00","description":"Das Oliven\u00f6l Virgen Extra mit der Herkunftsbezeichnung Predio Son Quint ist ein exklusives Produkt. Esporles, in der Serra Tramuntana.","breadcrumb":{"@id":"https:\/\/www.masmallorca.es\/de\/typische-produkte\/olivenoel-predio-son-quint-serra-de-tramuntana.html#breadcrumb"},"inLanguage":"de","potentialAction":[{"@type":"ReadAction","target":["https:\/\/www.masmallorca.es\/de\/typische-produkte\/olivenoel-predio-son-quint-serra-de-tramuntana.html"]}]},{"@type":"ImageObject","inLanguage":"de","@id":"https:\/\/www.masmallorca.es\/de\/typische-produkte\/olivenoel-predio-son-quint-serra-de-tramuntana.html#primaryimage","url":"https:\/\/www.masmallorca.es\/wp-content\/uploads\/2025\/12\/predio-son-quint-portada.jpg","contentUrl":"https:\/\/www.masmallorca.es\/wp-content\/uploads\/2025\/12\/predio-son-quint-portada.jpg","width":800,"height":940,"caption":"Predio Son Quint. Aceite de Oliva Virgen Extra de Mallorca."},{"@type":"BreadcrumbList","@id":"https:\/\/www.masmallorca.es\/de\/typische-produkte\/olivenoel-predio-son-quint-serra-de-tramuntana.html#breadcrumb","itemListElement":[{"@type":"ListItem","position":1,"name":"Portada","item":"https:\/\/www.masmallorca.es\/de"},{"@type":"ListItem","position":2,"name":"Typische Produkte","item":"https:\/\/www.masmallorca.es\/de\/typische-produkte"},{"@type":"ListItem","position":3,"name":"Oliven\u00f6l Predio Son Quint \u2013 das fl\u00fcssige Gold der Serra de Tramuntana"}]},{"@type":"WebSite","@id":"https:\/\/www.masmallorca.es\/de#website","url":"https:\/\/www.masmallorca.es\/de","name":"+Mallorca: la revista de Mallorca","description":"Mehr als Sonne und Strand..","publisher":{"@id":"https:\/\/www.masmallorca.es\/de#organization"},"alternateName":"+Mallorca","potentialAction":[{"@type":"SearchAction","target":{"@type":"EntryPoint","urlTemplate":"https:\/\/www.masmallorca.es\/de?s={search_term_string}"},"query-input":{"@type":"PropertyValueSpecification","valueRequired":true,"valueName":"search_term_string"}}],"inLanguage":"de"},{"@type":"Organization","@id":"https:\/\/www.masmallorca.es\/de#organization","name":"+Mallorca Magazin","alternateName":"M\u00e1s Mallorca","url":"https:\/\/www.masmallorca.es\/de","logo":{"@type":"ImageObject","inLanguage":"de","@id":"https:\/\/www.masmallorca.es\/de#\/schema\/logo\/image\/","url":"https:\/\/www.masmallorca.es\/wp-content\/uploads\/2021\/04\/logomallorca-1.png","contentUrl":"https:\/\/www.masmallorca.es\/wp-content\/uploads\/2021\/04\/logomallorca-1.png","width":326,"height":84,"caption":"+Mallorca Magazin"},"image":{"@id":"https:\/\/www.masmallorca.es\/de#\/schema\/logo\/image\/"},"sameAs":["https:\/\/www.facebook.com\/mallorcamagazine\/","https:\/\/x.com\/masmallorca"]},{"@type":"Person","@id":"https:\/\/www.masmallorca.es\/de#\/schema\/person\/554c84e7dfd9917fdba2cace51081633","name":"masmallorca"}]}},"_links":{"self":[{"href":"https:\/\/www.masmallorca.es\/de\/wp-json\/wp\/v2\/posts\/9967","targetHints":{"allow":["GET"]}}],"collection":[{"href":"https:\/\/www.masmallorca.es\/de\/wp-json\/wp\/v2\/posts"}],"about":[{"href":"https:\/\/www.masmallorca.es\/de\/wp-json\/wp\/v2\/types\/post"}],"author":[{"embeddable":true,"href":"https:\/\/www.masmallorca.es\/de\/wp-json\/wp\/v2\/users\/1"}],"replies":[{"embeddable":true,"href":"https:\/\/www.masmallorca.es\/de\/wp-json\/wp\/v2\/comments?post=9967"}],"version-history":[{"count":1,"href":"https:\/\/www.masmallorca.es\/de\/wp-json\/wp\/v2\/posts\/9967\/revisions"}],"predecessor-version":[{"id":35291,"href":"https:\/\/www.masmallorca.es\/de\/wp-json\/wp\/v2\/posts\/9967\/revisions\/35291"}],"wp:featuredmedia":[{"embeddable":true,"href":"https:\/\/www.masmallorca.es\/de\/wp-json\/wp\/v2\/media\/35263"}],"wp:attachment":[{"href":"https:\/\/www.masmallorca.es\/de\/wp-json\/wp\/v2\/media?parent=9967"}],"wp:term":[{"taxonomy":"category","embeddable":true,"href":"https:\/\/www.masmallorca.es\/de\/wp-json\/wp\/v2\/categories?post=9967"},{"taxonomy":"post_tag","embeddable":true,"href":"https:\/\/www.masmallorca.es\/de\/wp-json\/wp\/v2\/tags?post=9967"}],"curies":[{"name":"wp","href":"https:\/\/api.w.org\/{rel}","templated":true}]}}