{"id":9545,"date":"2012-02-03T11:08:07","date_gmt":"2012-02-03T10:08:07","guid":{"rendered":""},"modified":"2018-09-12T15:00:11","modified_gmt":"2018-09-12T13:00:11","slug":"mallorca-fruits-verleiht-der-mallorquinischen-mandel-neuen-glanz","status":"publish","type":"post","link":"https:\/\/www.masmallorca.es\/de\/gastronomie\/mallorca-fruits-verleiht-der-mallorquinischen-mandel-neuen-glanz.html","title":{"rendered":"Mallorca Fruits verleiht der mallorquinischen Mandel neuen Glanz"},"content":{"rendered":"<p style=\"text-align: justify;\"><strong><img loading=\"lazy\" decoding=\"async\" class=\"alignright wp-image-9530 size-full\" style=\"border: 0px none; margin-left: 20px; margin-right: 20px; float: right;\" title=\"mallorquinischen Mandel\" src=\"https:\/\/www.masmallorca.es\/wp-content\/uploads\/2012\/02\/Mallorca-Fruits-almendra-mallorquina-Gourmet.jpg\" alt=\"Mallorca-Fruits-mallorquinischen mandel-Gourmet\" width=\"150\" height=\"107\" \/><\/strong>Die gruppe Fruits Secs f\u00fchrte 2010 das Markenzeichen Mallorca Fruits ein, um damit die Interessen der \u00fcber 3000 mallorquinischen Mandelproduzenten zu vertreten.<\/p>\n<p><!--more--><\/p>\n<p style=\"text-align: justify;\">Sie vertreibt und vermarktet zu diesem Zweck ein innovatives und exklusives Qualit\u00e4tsprodukt, das von der Regierung der balearischen Inseln das g\u00fctesiegel \u201eAmetla Mallorquina\u201c erhalten hat. Durch die gew\u00e4hrleistung bestimmter, einzigartiger Merkmale der Mandel, die sie von den \u00fcbrigen unterscheidet, wird so eine dauerhafte Etablierung des Produkts erm\u00f6glicht.<\/p>\n<p><img loading=\"lazy\" decoding=\"async\" class=\" alignleft size-full wp-image-9535\" style=\"margin: 20px 20px 10px 0px; float: left;\" title=\"mallorquinische Mandel\" src=\"https:\/\/www.masmallorca.es\/wp-content\/uploads\/2012\/02\/Mallorca-Fruits-almendros-mallorquines-flor-almendro.jpg\" alt=\"mallorquinische Mandel\" width=\"300\" height=\"292\" \/><\/p>\n<p style=\"text-align: justify;\">\u00a0<\/p>\n<p style=\"text-align: justify;\">Die Marke ist in 60 Ladengesch\u00e4ften in Plama, Alc\u00fadia, Pollen\u00e7a, Art\u00e0, Fornalutx, Valldemossa, Dei\u00e0, S\u00f3ller und Sineu zum kauf erh\u00e4ltlich.<\/p>\n<p style=\"text-align: justify;\">Die <a title=\"mallorquinische Mandel\" href=\"https:\/\/www.mallorcashop.net\/de\/25-mandel\" target=\"_blank\" rel=\"noopener\">mallorquinische Mandel<\/a> besitzt spezifische Eigenschaften, die sie von Mandeln anderer Herkunft unterscheiden: sie ist zum Beispiel s\u00fc\u00dfer und \u00f6lhaltiger. Als unverzichtbarer Bestandteil der mediterranen k\u00fcche ist sie eine bedeutende Vitamin und Mineralstoffquelle und kann zur Bek\u00e4mpfung von gesundheitsst\u00f6rungen wie Osteoporose, hohe cholesterinwerte oder Diabetes beitragen.<\/p>\n<p style=\"text-align: justify;\">Die Marke Mallorca Fruits bietet den kunden eine weite Palette von \u00fcber 20 Produkten auf der grundlage von Mandeln und von aus Mandeln hergestellter Erzeugnisse. Sie werden in sechs kategorien unterteilt: gourmet, S\u00fc\u00dfspeisen, Industrie, geschenke, Snacks und Packs.<\/p>\n<p style=\"text-align: justify;\">Die gruppe f\u00f6rdert verschiedene Handelsallianzen mit bekannten Marken aus der Tourismus- und Ern\u00e4hrungsbranche (Meli\u00e1 Hotels International, Air Nostrum, Maci\u00e0 Batle, usw.). Sie hat ferner\u00a0 neue\u00a0 Linie\u00a0 gesunder\u00a0 Produkte\u00a0 eingef\u00fchrt,\u00a0 die\u00a0 zucker und glutenfrei sind und Mandelmilch enthalten.<\/p>\n<p style=\"text-align: justify;\">Die Teilnahme an Messen wird als ein entscheidender Zukunftsfaktor angesehen. Im Jahr 2012 ist die gruppe zum zweiten Mal auf der Internationalen S\u00fc\u00dfwarenmesse (ISM) in k\u00f6ln vertreten, im Dezember deb\u00fctierte sie auf der Barcelona Degusta.<\/p>\n<p style=\"text-align: justify;\"><strong><strong style=\"text-align: justify;\"><img loading=\"lazy\" decoding=\"async\" class=\"size-full wp-image-9540 aligncenter\" title=\"mallorquinische Mandel\" src=\"https:\/\/www.masmallorca.es\/wp-content\/uploads\/2012\/02\/almendra-de-mallorca-mallorcan-almond.jpg\" alt=\"mallorquinische Mandel\" width=\"540\" height=\"360\" srcset=\"https:\/\/www.masmallorca.es\/wp-content\/uploads\/2012\/02\/almendra-de-mallorca-mallorcan-almond.jpg 540w, https:\/\/www.masmallorca.es\/wp-content\/uploads\/2012\/02\/almendra-de-mallorca-mallorcan-almond-300x200.jpg 300w\" sizes=\"(max-width: 540px) 100vw, 540px\" \/><\/strong><\/strong><\/p>\n<p style=\"text-align: justify;\">\u00a0<\/p>\n<p style=\"text-align: justify;\">\u00a0<\/p>\n","protected":false},"excerpt":{"rendered":"<p>Die gruppe Fruits Secs f\u00fchrte 2010 das Markenzeichen Mallorca Fruits ein, um damit die Interessen der \u00fcber 3000 mallorquinischen Mandelproduzenten zu vertreten.<\/p>\n","protected":false},"author":1,"featured_media":9495,"comment_status":"closed","ping_status":"closed","sticky":false,"template":"","format":"standard","meta":{"_et_pb_use_builder":"","_et_pb_old_content":"","_et_gb_content_width":"","footnotes":""},"categories":[30],"tags":[],"class_list":["post-9545","post","type-post","status-publish","format-standard","has-post-thumbnail","hentry","category-gastronomie","et-has-post-format-content","et_post_format-et-post-format-standard"],"yoast_head":"<!-- This site is optimized with the Yoast SEO plugin v27.4 - https:\/\/yoast.com\/product\/yoast-seo-wordpress\/ -->\n<title>Mallorca Fruits verleiht der mallorquinischen Mandel neuen Glanz | +Mallorca Magazin<\/title>\n<meta name=\"description\" content=\"M\u00e1s Mallorca, Gastronomie: Die mallorquinische Mandel besitzt spezifische Eigenschaften, die sie von Mandeln anderer Herkunft unterscheiden: sie ist zum Beispiel s\u00fc\u00dfer und \u00f6lhaltiger.\" \/>\n<meta name=\"robots\" content=\"index, follow, max-snippet:-1, max-image-preview:large, max-video-preview:-1\" \/>\n<link rel=\"canonical\" href=\"https:\/\/www.masmallorca.es\/de\/gastronomie\/mallorca-fruits-verleiht-der-mallorquinischen-mandel-neuen-glanz.html\" \/>\n<meta property=\"og:locale\" content=\"de_DE\" \/>\n<meta property=\"og:type\" content=\"article\" \/>\n<meta property=\"og:title\" content=\"Mallorca Fruits verleiht der mallorquinischen Mandel neuen Glanz | +Mallorca Magazin\" \/>\n<meta property=\"og:description\" content=\"M\u00e1s Mallorca, Gastronomie: Die mallorquinische Mandel besitzt spezifische Eigenschaften, die sie von Mandeln anderer Herkunft unterscheiden: sie ist zum Beispiel s\u00fc\u00dfer und \u00f6lhaltiger.\" \/>\n<meta property=\"og:url\" content=\"https:\/\/www.masmallorca.es\/de\/gastronomie\/mallorca-fruits-verleiht-der-mallorquinischen-mandel-neuen-glanz.html\" \/>\n<meta property=\"og:site_name\" content=\"+Mallorca: das Magazin aus Mallorca\" \/>\n<meta property=\"article:publisher\" content=\"https:\/\/www.facebook.com\/mallorcamagazine\/\" \/>\n<meta property=\"article:published_time\" content=\"2012-02-03T10:08:07+00:00\" \/>\n<meta property=\"article:modified_time\" content=\"2018-09-12T13:00:11+00:00\" \/>\n<meta property=\"og:image\" content=\"https:\/\/www.masmallorca.es\/wp-content\/uploads\/2012\/02\/almendra-de-mallorca-mallorcan-almond.jpg\" \/>\n\t<meta property=\"og:image:width\" content=\"540\" \/>\n\t<meta property=\"og:image:height\" content=\"360\" \/>\n\t<meta property=\"og:image:type\" content=\"image\/jpeg\" \/>\n<meta name=\"author\" content=\"masmallorca\" \/>\n<meta name=\"twitter:card\" content=\"summary_large_image\" \/>\n<meta name=\"twitter:creator\" content=\"@masmallorca\" \/>\n<meta name=\"twitter:site\" content=\"@masmallorca\" \/>\n<meta name=\"twitter:label1\" content=\"Verfasst von\" \/>\n\t<meta name=\"twitter:data1\" content=\"masmallorca\" \/>\n\t<meta name=\"twitter:label2\" content=\"Gesch\u00e4tzte Lesezeit\" \/>\n\t<meta name=\"twitter:data2\" content=\"1\u00a0Minute\" \/>\n<script type=\"application\/ld+json\" class=\"yoast-schema-graph\">{\"@context\":\"https:\\\/\\\/schema.org\",\"@graph\":[{\"@type\":\"Article\",\"@id\":\"https:\\\/\\\/www.masmallorca.es\\\/de\\\/gastronomie\\\/mallorca-fruits-verleiht-der-mallorquinischen-mandel-neuen-glanz.html#article\",\"isPartOf\":{\"@id\":\"https:\\\/\\\/www.masmallorca.es\\\/de\\\/gastronomie\\\/mallorca-fruits-verleiht-der-mallorquinischen-mandel-neuen-glanz.html\"},\"author\":{\"name\":\"masmallorca\",\"@id\":\"https:\\\/\\\/www.masmallorca.es\\\/de#\\\/schema\\\/person\\\/554c84e7dfd9917fdba2cace51081633\"},\"headline\":\"Mallorca Fruits verleiht der mallorquinischen Mandel neuen Glanz\",\"datePublished\":\"2012-02-03T10:08:07+00:00\",\"dateModified\":\"2018-09-12T13:00:11+00:00\",\"mainEntityOfPage\":{\"@id\":\"https:\\\/\\\/www.masmallorca.es\\\/de\\\/gastronomie\\\/mallorca-fruits-verleiht-der-mallorquinischen-mandel-neuen-glanz.html\"},\"wordCount\":269,\"publisher\":{\"@id\":\"https:\\\/\\\/www.masmallorca.es\\\/de#organization\"},\"image\":{\"@id\":\"https:\\\/\\\/www.masmallorca.es\\\/de\\\/gastronomie\\\/mallorca-fruits-verleiht-der-mallorquinischen-mandel-neuen-glanz.html#primaryimage\"},\"thumbnailUrl\":\"https:\\\/\\\/www.masmallorca.es\\\/wp-content\\\/uploads\\\/2012\\\/02\\\/almendra-de-mallorca-mallorcan-almond.jpg\",\"articleSection\":[\"Gastronomie\"],\"inLanguage\":\"de\"},{\"@type\":\"WebPage\",\"@id\":\"https:\\\/\\\/www.masmallorca.es\\\/de\\\/gastronomie\\\/mallorca-fruits-verleiht-der-mallorquinischen-mandel-neuen-glanz.html\",\"url\":\"https:\\\/\\\/www.masmallorca.es\\\/de\\\/gastronomie\\\/mallorca-fruits-verleiht-der-mallorquinischen-mandel-neuen-glanz.html\",\"name\":\"Mallorca Fruits verleiht der mallorquinischen Mandel neuen Glanz | +Mallorca Magazin\",\"isPartOf\":{\"@id\":\"https:\\\/\\\/www.masmallorca.es\\\/de#website\"},\"primaryImageOfPage\":{\"@id\":\"https:\\\/\\\/www.masmallorca.es\\\/de\\\/gastronomie\\\/mallorca-fruits-verleiht-der-mallorquinischen-mandel-neuen-glanz.html#primaryimage\"},\"image\":{\"@id\":\"https:\\\/\\\/www.masmallorca.es\\\/de\\\/gastronomie\\\/mallorca-fruits-verleiht-der-mallorquinischen-mandel-neuen-glanz.html#primaryimage\"},\"thumbnailUrl\":\"https:\\\/\\\/www.masmallorca.es\\\/wp-content\\\/uploads\\\/2012\\\/02\\\/almendra-de-mallorca-mallorcan-almond.jpg\",\"datePublished\":\"2012-02-03T10:08:07+00:00\",\"dateModified\":\"2018-09-12T13:00:11+00:00\",\"description\":\"M\u00e1s Mallorca, Gastronomie: Die mallorquinische Mandel besitzt spezifische Eigenschaften, die sie von Mandeln anderer Herkunft unterscheiden: sie ist zum Beispiel s\u00fc\u00dfer und \u00f6lhaltiger.\",\"breadcrumb\":{\"@id\":\"https:\\\/\\\/www.masmallorca.es\\\/de\\\/gastronomie\\\/mallorca-fruits-verleiht-der-mallorquinischen-mandel-neuen-glanz.html#breadcrumb\"},\"inLanguage\":\"de\",\"potentialAction\":[{\"@type\":\"ReadAction\",\"target\":[\"https:\\\/\\\/www.masmallorca.es\\\/de\\\/gastronomie\\\/mallorca-fruits-verleiht-der-mallorquinischen-mandel-neuen-glanz.html\"]}]},{\"@type\":\"ImageObject\",\"inLanguage\":\"de\",\"@id\":\"https:\\\/\\\/www.masmallorca.es\\\/de\\\/gastronomie\\\/mallorca-fruits-verleiht-der-mallorquinischen-mandel-neuen-glanz.html#primaryimage\",\"url\":\"https:\\\/\\\/www.masmallorca.es\\\/wp-content\\\/uploads\\\/2012\\\/02\\\/almendra-de-mallorca-mallorcan-almond.jpg\",\"contentUrl\":\"https:\\\/\\\/www.masmallorca.es\\\/wp-content\\\/uploads\\\/2012\\\/02\\\/almendra-de-mallorca-mallorcan-almond.jpg\",\"width\":540,\"height\":360,\"caption\":\"almendra mallorquina de Mallorca\"},{\"@type\":\"BreadcrumbList\",\"@id\":\"https:\\\/\\\/www.masmallorca.es\\\/de\\\/gastronomie\\\/mallorca-fruits-verleiht-der-mallorquinischen-mandel-neuen-glanz.html#breadcrumb\",\"itemListElement\":[{\"@type\":\"ListItem\",\"position\":1,\"name\":\"Portada\",\"item\":\"https:\\\/\\\/www.masmallorca.es\\\/de\"},{\"@type\":\"ListItem\",\"position\":2,\"name\":\"Gastronomie\",\"item\":\"https:\\\/\\\/www.masmallorca.es\\\/de\\\/gastronomie\"},{\"@type\":\"ListItem\",\"position\":3,\"name\":\"Mallorca Fruits verleiht der mallorquinischen Mandel neuen Glanz\"}]},{\"@type\":\"WebSite\",\"@id\":\"https:\\\/\\\/www.masmallorca.es\\\/de#website\",\"url\":\"https:\\\/\\\/www.masmallorca.es\\\/de\",\"name\":\"+Mallorca: la revista de Mallorca\",\"description\":\"Mehr als Sonne und Strand..\",\"publisher\":{\"@id\":\"https:\\\/\\\/www.masmallorca.es\\\/de#organization\"},\"alternateName\":\"+Mallorca\",\"potentialAction\":[{\"@type\":\"SearchAction\",\"target\":{\"@type\":\"EntryPoint\",\"urlTemplate\":\"https:\\\/\\\/www.masmallorca.es\\\/de?s={search_term_string}\"},\"query-input\":{\"@type\":\"PropertyValueSpecification\",\"valueRequired\":true,\"valueName\":\"search_term_string\"}}],\"inLanguage\":\"de\"},{\"@type\":\"Organization\",\"@id\":\"https:\\\/\\\/www.masmallorca.es\\\/de#organization\",\"name\":\"+Mallorca Magazin\",\"alternateName\":\"M\u00e1s Mallorca\",\"url\":\"https:\\\/\\\/www.masmallorca.es\\\/de\",\"logo\":{\"@type\":\"ImageObject\",\"inLanguage\":\"de\",\"@id\":\"https:\\\/\\\/www.masmallorca.es\\\/de#\\\/schema\\\/logo\\\/image\\\/\",\"url\":\"https:\\\/\\\/www.masmallorca.es\\\/wp-content\\\/uploads\\\/2021\\\/04\\\/logomallorca-1.png\",\"contentUrl\":\"https:\\\/\\\/www.masmallorca.es\\\/wp-content\\\/uploads\\\/2021\\\/04\\\/logomallorca-1.png\",\"width\":326,\"height\":84,\"caption\":\"+Mallorca Magazin\"},\"image\":{\"@id\":\"https:\\\/\\\/www.masmallorca.es\\\/de#\\\/schema\\\/logo\\\/image\\\/\"},\"sameAs\":[\"https:\\\/\\\/www.facebook.com\\\/mallorcamagazine\\\/\",\"https:\\\/\\\/x.com\\\/masmallorca\"]},{\"@type\":\"Person\",\"@id\":\"https:\\\/\\\/www.masmallorca.es\\\/de#\\\/schema\\\/person\\\/554c84e7dfd9917fdba2cace51081633\",\"name\":\"masmallorca\"}]}<\/script>\n<!-- \/ Yoast SEO plugin. -->","yoast_head_json":{"title":"Mallorca Fruits verleiht der mallorquinischen Mandel neuen Glanz | +Mallorca Magazin","description":"M\u00e1s Mallorca, Gastronomie: Die mallorquinische Mandel besitzt spezifische Eigenschaften, die sie von Mandeln anderer Herkunft unterscheiden: sie ist zum Beispiel s\u00fc\u00dfer und \u00f6lhaltiger.","robots":{"index":"index","follow":"follow","max-snippet":"max-snippet:-1","max-image-preview":"max-image-preview:large","max-video-preview":"max-video-preview:-1"},"canonical":"https:\/\/www.masmallorca.es\/de\/gastronomie\/mallorca-fruits-verleiht-der-mallorquinischen-mandel-neuen-glanz.html","og_locale":"de_DE","og_type":"article","og_title":"Mallorca Fruits verleiht der mallorquinischen Mandel neuen Glanz | +Mallorca Magazin","og_description":"M\u00e1s Mallorca, Gastronomie: Die mallorquinische Mandel besitzt spezifische Eigenschaften, die sie von Mandeln anderer Herkunft unterscheiden: sie ist zum Beispiel s\u00fc\u00dfer und \u00f6lhaltiger.","og_url":"https:\/\/www.masmallorca.es\/de\/gastronomie\/mallorca-fruits-verleiht-der-mallorquinischen-mandel-neuen-glanz.html","og_site_name":"+Mallorca: das Magazin aus Mallorca","article_publisher":"https:\/\/www.facebook.com\/mallorcamagazine\/","article_published_time":"2012-02-03T10:08:07+00:00","article_modified_time":"2018-09-12T13:00:11+00:00","og_image":[{"width":540,"height":360,"url":"https:\/\/www.masmallorca.es\/wp-content\/uploads\/2012\/02\/almendra-de-mallorca-mallorcan-almond.jpg","type":"image\/jpeg"}],"author":"masmallorca","twitter_card":"summary_large_image","twitter_creator":"@masmallorca","twitter_site":"@masmallorca","twitter_misc":{"Verfasst von":"masmallorca","Gesch\u00e4tzte Lesezeit":"1\u00a0Minute"},"schema":{"@context":"https:\/\/schema.org","@graph":[{"@type":"Article","@id":"https:\/\/www.masmallorca.es\/de\/gastronomie\/mallorca-fruits-verleiht-der-mallorquinischen-mandel-neuen-glanz.html#article","isPartOf":{"@id":"https:\/\/www.masmallorca.es\/de\/gastronomie\/mallorca-fruits-verleiht-der-mallorquinischen-mandel-neuen-glanz.html"},"author":{"name":"masmallorca","@id":"https:\/\/www.masmallorca.es\/de#\/schema\/person\/554c84e7dfd9917fdba2cace51081633"},"headline":"Mallorca Fruits verleiht der mallorquinischen Mandel neuen Glanz","datePublished":"2012-02-03T10:08:07+00:00","dateModified":"2018-09-12T13:00:11+00:00","mainEntityOfPage":{"@id":"https:\/\/www.masmallorca.es\/de\/gastronomie\/mallorca-fruits-verleiht-der-mallorquinischen-mandel-neuen-glanz.html"},"wordCount":269,"publisher":{"@id":"https:\/\/www.masmallorca.es\/de#organization"},"image":{"@id":"https:\/\/www.masmallorca.es\/de\/gastronomie\/mallorca-fruits-verleiht-der-mallorquinischen-mandel-neuen-glanz.html#primaryimage"},"thumbnailUrl":"https:\/\/www.masmallorca.es\/wp-content\/uploads\/2012\/02\/almendra-de-mallorca-mallorcan-almond.jpg","articleSection":["Gastronomie"],"inLanguage":"de"},{"@type":"WebPage","@id":"https:\/\/www.masmallorca.es\/de\/gastronomie\/mallorca-fruits-verleiht-der-mallorquinischen-mandel-neuen-glanz.html","url":"https:\/\/www.masmallorca.es\/de\/gastronomie\/mallorca-fruits-verleiht-der-mallorquinischen-mandel-neuen-glanz.html","name":"Mallorca Fruits verleiht der mallorquinischen Mandel neuen Glanz | +Mallorca Magazin","isPartOf":{"@id":"https:\/\/www.masmallorca.es\/de#website"},"primaryImageOfPage":{"@id":"https:\/\/www.masmallorca.es\/de\/gastronomie\/mallorca-fruits-verleiht-der-mallorquinischen-mandel-neuen-glanz.html#primaryimage"},"image":{"@id":"https:\/\/www.masmallorca.es\/de\/gastronomie\/mallorca-fruits-verleiht-der-mallorquinischen-mandel-neuen-glanz.html#primaryimage"},"thumbnailUrl":"https:\/\/www.masmallorca.es\/wp-content\/uploads\/2012\/02\/almendra-de-mallorca-mallorcan-almond.jpg","datePublished":"2012-02-03T10:08:07+00:00","dateModified":"2018-09-12T13:00:11+00:00","description":"M\u00e1s Mallorca, Gastronomie: Die mallorquinische Mandel besitzt spezifische Eigenschaften, die sie von Mandeln anderer Herkunft unterscheiden: sie ist zum Beispiel s\u00fc\u00dfer und \u00f6lhaltiger.","breadcrumb":{"@id":"https:\/\/www.masmallorca.es\/de\/gastronomie\/mallorca-fruits-verleiht-der-mallorquinischen-mandel-neuen-glanz.html#breadcrumb"},"inLanguage":"de","potentialAction":[{"@type":"ReadAction","target":["https:\/\/www.masmallorca.es\/de\/gastronomie\/mallorca-fruits-verleiht-der-mallorquinischen-mandel-neuen-glanz.html"]}]},{"@type":"ImageObject","inLanguage":"de","@id":"https:\/\/www.masmallorca.es\/de\/gastronomie\/mallorca-fruits-verleiht-der-mallorquinischen-mandel-neuen-glanz.html#primaryimage","url":"https:\/\/www.masmallorca.es\/wp-content\/uploads\/2012\/02\/almendra-de-mallorca-mallorcan-almond.jpg","contentUrl":"https:\/\/www.masmallorca.es\/wp-content\/uploads\/2012\/02\/almendra-de-mallorca-mallorcan-almond.jpg","width":540,"height":360,"caption":"almendra mallorquina de Mallorca"},{"@type":"BreadcrumbList","@id":"https:\/\/www.masmallorca.es\/de\/gastronomie\/mallorca-fruits-verleiht-der-mallorquinischen-mandel-neuen-glanz.html#breadcrumb","itemListElement":[{"@type":"ListItem","position":1,"name":"Portada","item":"https:\/\/www.masmallorca.es\/de"},{"@type":"ListItem","position":2,"name":"Gastronomie","item":"https:\/\/www.masmallorca.es\/de\/gastronomie"},{"@type":"ListItem","position":3,"name":"Mallorca Fruits verleiht der mallorquinischen Mandel neuen Glanz"}]},{"@type":"WebSite","@id":"https:\/\/www.masmallorca.es\/de#website","url":"https:\/\/www.masmallorca.es\/de","name":"+Mallorca: la revista de Mallorca","description":"Mehr als Sonne und Strand..","publisher":{"@id":"https:\/\/www.masmallorca.es\/de#organization"},"alternateName":"+Mallorca","potentialAction":[{"@type":"SearchAction","target":{"@type":"EntryPoint","urlTemplate":"https:\/\/www.masmallorca.es\/de?s={search_term_string}"},"query-input":{"@type":"PropertyValueSpecification","valueRequired":true,"valueName":"search_term_string"}}],"inLanguage":"de"},{"@type":"Organization","@id":"https:\/\/www.masmallorca.es\/de#organization","name":"+Mallorca Magazin","alternateName":"M\u00e1s Mallorca","url":"https:\/\/www.masmallorca.es\/de","logo":{"@type":"ImageObject","inLanguage":"de","@id":"https:\/\/www.masmallorca.es\/de#\/schema\/logo\/image\/","url":"https:\/\/www.masmallorca.es\/wp-content\/uploads\/2021\/04\/logomallorca-1.png","contentUrl":"https:\/\/www.masmallorca.es\/wp-content\/uploads\/2021\/04\/logomallorca-1.png","width":326,"height":84,"caption":"+Mallorca Magazin"},"image":{"@id":"https:\/\/www.masmallorca.es\/de#\/schema\/logo\/image\/"},"sameAs":["https:\/\/www.facebook.com\/mallorcamagazine\/","https:\/\/x.com\/masmallorca"]},{"@type":"Person","@id":"https:\/\/www.masmallorca.es\/de#\/schema\/person\/554c84e7dfd9917fdba2cace51081633","name":"masmallorca"}]}},"_links":{"self":[{"href":"https:\/\/www.masmallorca.es\/de\/wp-json\/wp\/v2\/posts\/9545","targetHints":{"allow":["GET"]}}],"collection":[{"href":"https:\/\/www.masmallorca.es\/de\/wp-json\/wp\/v2\/posts"}],"about":[{"href":"https:\/\/www.masmallorca.es\/de\/wp-json\/wp\/v2\/types\/post"}],"author":[{"embeddable":true,"href":"https:\/\/www.masmallorca.es\/de\/wp-json\/wp\/v2\/users\/1"}],"replies":[{"embeddable":true,"href":"https:\/\/www.masmallorca.es\/de\/wp-json\/wp\/v2\/comments?post=9545"}],"version-history":[{"count":1,"href":"https:\/\/www.masmallorca.es\/de\/wp-json\/wp\/v2\/posts\/9545\/revisions"}],"predecessor-version":[{"id":34340,"href":"https:\/\/www.masmallorca.es\/de\/wp-json\/wp\/v2\/posts\/9545\/revisions\/34340"}],"wp:featuredmedia":[{"embeddable":true,"href":"https:\/\/www.masmallorca.es\/de\/wp-json\/wp\/v2\/media\/9495"}],"wp:attachment":[{"href":"https:\/\/www.masmallorca.es\/de\/wp-json\/wp\/v2\/media?parent=9545"}],"wp:term":[{"taxonomy":"category","embeddable":true,"href":"https:\/\/www.masmallorca.es\/de\/wp-json\/wp\/v2\/categories?post=9545"},{"taxonomy":"post_tag","embeddable":true,"href":"https:\/\/www.masmallorca.es\/de\/wp-json\/wp\/v2\/tags?post=9545"}],"curies":[{"name":"wp","href":"https:\/\/api.w.org\/{rel}","templated":true}]}}