{"id":8040,"date":"2011-05-31T17:12:43","date_gmt":"2011-05-31T15:12:43","guid":{"rendered":"<p style=\"text-align: justify;\"><strong><img class=\" alignright size-full wp-image-8022\" alt=\"peonia\" style=\"border: 0px none; margin: 0px 20px; float: right;\" src=\"http:\/\/www.masmallorca.es\/wp-content\/uploads\/2011\/05\/peonia.jpg\" width=\"150\" height=\"106\" "},"modified":"2011-05-31T17:12:43","modified_gmt":"2011-05-31T15:12:43","slug":"peonia-2","status":"publish","type":"post","link":"https:\/\/www.masmallorca.es\/de\/pflanzenwelt\/peonia-2.html","title":{"rendered":"Peonia"},"content":{"rendered":"<p style=\"text-align: justify;\"><strong><img loading=\"lazy\" decoding=\"async\" class=\" alignright size-full wp-image-8022\" alt=\"peonia\" style=\"border: 0px none; margin: 0px 20px; float: right;\" src=\"https:\/\/www.masmallorca.es\/wp-content\/uploads\/2011\/05\/peonia.jpg\" width=\"150\" height=\"106\" \/> Pfingstrose:<\/strong><br \/>Immergr\u00fcnes Kraut mit einem unterirdisch gelegenen Stiel, das jeden Winter neue Bl\u00e4tter hervorbringt. Im Sommer trocknen diese aus.<\/p>\n<p style=\"text-align: justify;\">\u00a0<\/p>\n<p>  <!--more--> Die gro\u00dfen Bl\u00e4tter unterteilen sich in Federbl\u00e4ttchen mit einem lanzenspitzigen, unregelm\u00e4\u00dfigen Rand. Die Blattoberseite ist gr\u00fcn und die Unterseite r\u00f6tlich oder wei\u00dflich. Die Pfingstrose bringt wundersch\u00f6ne gro\u00dfe purpurfarbene Bl\u00fcten hervor, die mit vielen Staubbl\u00e4ttern ausgestattet sind. Sie bl\u00fcht am Fr\u00fchlingsanfang. <\/p>\n<p>\u00a0<\/p>\n<p><strong>Lebensraum: <\/strong> <\/p>\n<p style=\"text-align: justify;\">Er lebt in einer dunklen Umgebung wie B\u00e4che, H\u00e4nge, Schluchten und Klippen Meter vom Meer bis ins Hochgebirge.<\/p>\n<p>\u00a0<\/p>\n<p><img loading=\"lazy\" decoding=\"async\" class=\" alignleft size-full wp-image-8027\" alt=\"peonia-mallorca3\" style=\"text-align: left; float: left;\" src=\"https:\/\/www.masmallorca.es\/wp-content\/uploads\/2011\/05\/peonia-mallorca3.jpg\" width=\"270\" height=\"252\" \/><\/p>\n<p> <img loading=\"lazy\" decoding=\"async\" class=\" alignright size-full wp-image-8032\" alt=\"peonia-mallorca\" style=\"text-align: left; float: right;\" src=\"https:\/\/www.masmallorca.es\/wp-content\/uploads\/2011\/05\/peonia-mallorca.jpg\" width=\"270\" height=\"252\" \/> <\/p>\n<p>\u00a0<\/p>\n<p style=\"text-align: justify;\">\u00a0<\/p>\n<p> <\/p>\n<div style=\"text-align: left;\"><\/div>\n","protected":false},"excerpt":{"rendered":"<p>Pfingstrose:Immergr\u00fcnes Kraut mit einem unterirdisch gelegenen Stiel, das jeden Winter neue Bl\u00e4tter hervorbringt. Im Sommer trocknen diese aus. \u00a0<\/p>\n","protected":false},"author":1,"featured_media":8022,"comment_status":"closed","ping_status":"closed","sticky":false,"template":"","format":"standard","meta":{"_et_pb_use_builder":"","_et_pb_old_content":"","_et_gb_content_width":"","footnotes":""},"categories":[45],"tags":[],"class_list":["post-8040","post","type-post","status-publish","format-standard","has-post-thumbnail","hentry","category-pflanzenwelt","et-has-post-format-content","et_post_format-et-post-format-standard"],"yoast_head":"<!-- This site is optimized with the Yoast SEO plugin v27.4 - https:\/\/yoast.com\/product\/yoast-seo-wordpress\/ -->\n<title>Peonia | +Mallorca: das Magazin aus Mallorca<\/title>\n<meta name=\"robots\" content=\"index, follow, max-snippet:-1, max-image-preview:large, max-video-preview:-1\" \/>\n<link rel=\"canonical\" href=\"https:\/\/www.masmallorca.es\/de\/pflanzenwelt\/peonia-2.html\" \/>\n<meta property=\"og:locale\" content=\"de_DE\" \/>\n<meta property=\"og:type\" content=\"article\" \/>\n<meta property=\"og:title\" content=\"Peonia | +Mallorca: das Magazin aus Mallorca\" \/>\n<meta property=\"og:description\" content=\"Pfingstrose:Immergr\u00fcnes Kraut mit einem unterirdisch gelegenen Stiel, das jeden Winter neue Bl\u00e4tter hervorbringt. Im Sommer trocknen diese aus. \u00a0\" \/>\n<meta property=\"og:url\" content=\"https:\/\/www.masmallorca.es\/de\/pflanzenwelt\/peonia-2.html\" \/>\n<meta property=\"og:site_name\" content=\"+Mallorca: das Magazin aus Mallorca\" \/>\n<meta property=\"article:publisher\" content=\"https:\/\/www.facebook.com\/mallorcamagazine\/\" \/>\n<meta property=\"article:published_time\" content=\"2011-05-31T15:12:43+00:00\" \/>\n<meta property=\"og:image\" content=\"https:\/\/www.masmallorca.es\/wp-content\/uploads\/2011\/05\/peonia.jpg\" \/>\n\t<meta property=\"og:image:width\" content=\"150\" \/>\n\t<meta property=\"og:image:height\" content=\"106\" \/>\n\t<meta property=\"og:image:type\" content=\"image\/jpeg\" \/>\n<meta name=\"author\" content=\"masmallorca\" \/>\n<meta name=\"twitter:card\" content=\"summary_large_image\" \/>\n<meta name=\"twitter:creator\" content=\"@masmallorca\" \/>\n<meta name=\"twitter:site\" content=\"@masmallorca\" \/>\n<meta name=\"twitter:label1\" content=\"Verfasst von\" \/>\n\t<meta name=\"twitter:data1\" content=\"masmallorca\" \/>\n<script type=\"application\/ld+json\" class=\"yoast-schema-graph\">{\"@context\":\"https:\\\/\\\/schema.org\",\"@graph\":[{\"@type\":\"Article\",\"@id\":\"https:\\\/\\\/www.masmallorca.es\\\/de\\\/pflanzenwelt\\\/peonia-2.html#article\",\"isPartOf\":{\"@id\":\"https:\\\/\\\/www.masmallorca.es\\\/de\\\/pflanzenwelt\\\/peonia-2.html\"},\"author\":{\"name\":\"masmallorca\",\"@id\":\"https:\\\/\\\/www.masmallorca.es\\\/de#\\\/schema\\\/person\\\/554c84e7dfd9917fdba2cace51081633\"},\"headline\":\"Peonia\",\"datePublished\":\"2011-05-31T15:12:43+00:00\",\"mainEntityOfPage\":{\"@id\":\"https:\\\/\\\/www.masmallorca.es\\\/de\\\/pflanzenwelt\\\/peonia-2.html\"},\"wordCount\":96,\"publisher\":{\"@id\":\"https:\\\/\\\/www.masmallorca.es\\\/de#organization\"},\"image\":{\"@id\":\"https:\\\/\\\/www.masmallorca.es\\\/de\\\/pflanzenwelt\\\/peonia-2.html#primaryimage\"},\"thumbnailUrl\":\"https:\\\/\\\/www.masmallorca.es\\\/wp-content\\\/uploads\\\/2011\\\/05\\\/peonia.jpg\",\"articleSection\":[\"Pflanzenwelt\"],\"inLanguage\":\"de\"},{\"@type\":\"WebPage\",\"@id\":\"https:\\\/\\\/www.masmallorca.es\\\/de\\\/pflanzenwelt\\\/peonia-2.html\",\"url\":\"https:\\\/\\\/www.masmallorca.es\\\/de\\\/pflanzenwelt\\\/peonia-2.html\",\"name\":\"Peonia | +Mallorca: das Magazin aus Mallorca\",\"isPartOf\":{\"@id\":\"https:\\\/\\\/www.masmallorca.es\\\/de#website\"},\"primaryImageOfPage\":{\"@id\":\"https:\\\/\\\/www.masmallorca.es\\\/de\\\/pflanzenwelt\\\/peonia-2.html#primaryimage\"},\"image\":{\"@id\":\"https:\\\/\\\/www.masmallorca.es\\\/de\\\/pflanzenwelt\\\/peonia-2.html#primaryimage\"},\"thumbnailUrl\":\"https:\\\/\\\/www.masmallorca.es\\\/wp-content\\\/uploads\\\/2011\\\/05\\\/peonia.jpg\",\"datePublished\":\"2011-05-31T15:12:43+00:00\",\"breadcrumb\":{\"@id\":\"https:\\\/\\\/www.masmallorca.es\\\/de\\\/pflanzenwelt\\\/peonia-2.html#breadcrumb\"},\"inLanguage\":\"de\",\"potentialAction\":[{\"@type\":\"ReadAction\",\"target\":[\"https:\\\/\\\/www.masmallorca.es\\\/de\\\/pflanzenwelt\\\/peonia-2.html\"]}]},{\"@type\":\"ImageObject\",\"inLanguage\":\"de\",\"@id\":\"https:\\\/\\\/www.masmallorca.es\\\/de\\\/pflanzenwelt\\\/peonia-2.html#primaryimage\",\"url\":\"https:\\\/\\\/www.masmallorca.es\\\/wp-content\\\/uploads\\\/2011\\\/05\\\/peonia.jpg\",\"contentUrl\":\"https:\\\/\\\/www.masmallorca.es\\\/wp-content\\\/uploads\\\/2011\\\/05\\\/peonia.jpg\",\"width\":150,\"height\":106,\"caption\":\"peonia\"},{\"@type\":\"BreadcrumbList\",\"@id\":\"https:\\\/\\\/www.masmallorca.es\\\/de\\\/pflanzenwelt\\\/peonia-2.html#breadcrumb\",\"itemListElement\":[{\"@type\":\"ListItem\",\"position\":1,\"name\":\"Portada\",\"item\":\"https:\\\/\\\/www.masmallorca.es\\\/de\"},{\"@type\":\"ListItem\",\"position\":2,\"name\":\"Pflanzenwelt\",\"item\":\"https:\\\/\\\/www.masmallorca.es\\\/de\\\/pflanzenwelt\"},{\"@type\":\"ListItem\",\"position\":3,\"name\":\"Peonia\"}]},{\"@type\":\"WebSite\",\"@id\":\"https:\\\/\\\/www.masmallorca.es\\\/de#website\",\"url\":\"https:\\\/\\\/www.masmallorca.es\\\/de\",\"name\":\"+Mallorca: la revista de Mallorca\",\"description\":\"Mehr als Sonne und Strand..\",\"publisher\":{\"@id\":\"https:\\\/\\\/www.masmallorca.es\\\/de#organization\"},\"alternateName\":\"+Mallorca\",\"potentialAction\":[{\"@type\":\"SearchAction\",\"target\":{\"@type\":\"EntryPoint\",\"urlTemplate\":\"https:\\\/\\\/www.masmallorca.es\\\/de?s={search_term_string}\"},\"query-input\":{\"@type\":\"PropertyValueSpecification\",\"valueRequired\":true,\"valueName\":\"search_term_string\"}}],\"inLanguage\":\"de\"},{\"@type\":\"Organization\",\"@id\":\"https:\\\/\\\/www.masmallorca.es\\\/de#organization\",\"name\":\"+Mallorca Magazin\",\"alternateName\":\"M\u00e1s Mallorca\",\"url\":\"https:\\\/\\\/www.masmallorca.es\\\/de\",\"logo\":{\"@type\":\"ImageObject\",\"inLanguage\":\"de\",\"@id\":\"https:\\\/\\\/www.masmallorca.es\\\/de#\\\/schema\\\/logo\\\/image\\\/\",\"url\":\"https:\\\/\\\/www.masmallorca.es\\\/wp-content\\\/uploads\\\/2021\\\/04\\\/logomallorca-1.png\",\"contentUrl\":\"https:\\\/\\\/www.masmallorca.es\\\/wp-content\\\/uploads\\\/2021\\\/04\\\/logomallorca-1.png\",\"width\":326,\"height\":84,\"caption\":\"+Mallorca Magazin\"},\"image\":{\"@id\":\"https:\\\/\\\/www.masmallorca.es\\\/de#\\\/schema\\\/logo\\\/image\\\/\"},\"sameAs\":[\"https:\\\/\\\/www.facebook.com\\\/mallorcamagazine\\\/\",\"https:\\\/\\\/x.com\\\/masmallorca\"]},{\"@type\":\"Person\",\"@id\":\"https:\\\/\\\/www.masmallorca.es\\\/de#\\\/schema\\\/person\\\/554c84e7dfd9917fdba2cace51081633\",\"name\":\"masmallorca\"}]}<\/script>\n<!-- \/ Yoast SEO plugin. -->","yoast_head_json":{"title":"Peonia | +Mallorca: das Magazin aus Mallorca","robots":{"index":"index","follow":"follow","max-snippet":"max-snippet:-1","max-image-preview":"max-image-preview:large","max-video-preview":"max-video-preview:-1"},"canonical":"https:\/\/www.masmallorca.es\/de\/pflanzenwelt\/peonia-2.html","og_locale":"de_DE","og_type":"article","og_title":"Peonia | +Mallorca: das Magazin aus Mallorca","og_description":"Pfingstrose:Immergr\u00fcnes Kraut mit einem unterirdisch gelegenen Stiel, das jeden Winter neue Bl\u00e4tter hervorbringt. Im Sommer trocknen diese aus. \u00a0","og_url":"https:\/\/www.masmallorca.es\/de\/pflanzenwelt\/peonia-2.html","og_site_name":"+Mallorca: das Magazin aus Mallorca","article_publisher":"https:\/\/www.facebook.com\/mallorcamagazine\/","article_published_time":"2011-05-31T15:12:43+00:00","og_image":[{"width":150,"height":106,"url":"https:\/\/www.masmallorca.es\/wp-content\/uploads\/2011\/05\/peonia.jpg","type":"image\/jpeg"}],"author":"masmallorca","twitter_card":"summary_large_image","twitter_creator":"@masmallorca","twitter_site":"@masmallorca","twitter_misc":{"Verfasst von":"masmallorca"},"schema":{"@context":"https:\/\/schema.org","@graph":[{"@type":"Article","@id":"https:\/\/www.masmallorca.es\/de\/pflanzenwelt\/peonia-2.html#article","isPartOf":{"@id":"https:\/\/www.masmallorca.es\/de\/pflanzenwelt\/peonia-2.html"},"author":{"name":"masmallorca","@id":"https:\/\/www.masmallorca.es\/de#\/schema\/person\/554c84e7dfd9917fdba2cace51081633"},"headline":"Peonia","datePublished":"2011-05-31T15:12:43+00:00","mainEntityOfPage":{"@id":"https:\/\/www.masmallorca.es\/de\/pflanzenwelt\/peonia-2.html"},"wordCount":96,"publisher":{"@id":"https:\/\/www.masmallorca.es\/de#organization"},"image":{"@id":"https:\/\/www.masmallorca.es\/de\/pflanzenwelt\/peonia-2.html#primaryimage"},"thumbnailUrl":"https:\/\/www.masmallorca.es\/wp-content\/uploads\/2011\/05\/peonia.jpg","articleSection":["Pflanzenwelt"],"inLanguage":"de"},{"@type":"WebPage","@id":"https:\/\/www.masmallorca.es\/de\/pflanzenwelt\/peonia-2.html","url":"https:\/\/www.masmallorca.es\/de\/pflanzenwelt\/peonia-2.html","name":"Peonia | +Mallorca: das Magazin aus Mallorca","isPartOf":{"@id":"https:\/\/www.masmallorca.es\/de#website"},"primaryImageOfPage":{"@id":"https:\/\/www.masmallorca.es\/de\/pflanzenwelt\/peonia-2.html#primaryimage"},"image":{"@id":"https:\/\/www.masmallorca.es\/de\/pflanzenwelt\/peonia-2.html#primaryimage"},"thumbnailUrl":"https:\/\/www.masmallorca.es\/wp-content\/uploads\/2011\/05\/peonia.jpg","datePublished":"2011-05-31T15:12:43+00:00","breadcrumb":{"@id":"https:\/\/www.masmallorca.es\/de\/pflanzenwelt\/peonia-2.html#breadcrumb"},"inLanguage":"de","potentialAction":[{"@type":"ReadAction","target":["https:\/\/www.masmallorca.es\/de\/pflanzenwelt\/peonia-2.html"]}]},{"@type":"ImageObject","inLanguage":"de","@id":"https:\/\/www.masmallorca.es\/de\/pflanzenwelt\/peonia-2.html#primaryimage","url":"https:\/\/www.masmallorca.es\/wp-content\/uploads\/2011\/05\/peonia.jpg","contentUrl":"https:\/\/www.masmallorca.es\/wp-content\/uploads\/2011\/05\/peonia.jpg","width":150,"height":106,"caption":"peonia"},{"@type":"BreadcrumbList","@id":"https:\/\/www.masmallorca.es\/de\/pflanzenwelt\/peonia-2.html#breadcrumb","itemListElement":[{"@type":"ListItem","position":1,"name":"Portada","item":"https:\/\/www.masmallorca.es\/de"},{"@type":"ListItem","position":2,"name":"Pflanzenwelt","item":"https:\/\/www.masmallorca.es\/de\/pflanzenwelt"},{"@type":"ListItem","position":3,"name":"Peonia"}]},{"@type":"WebSite","@id":"https:\/\/www.masmallorca.es\/de#website","url":"https:\/\/www.masmallorca.es\/de","name":"+Mallorca: la revista de Mallorca","description":"Mehr als Sonne und Strand..","publisher":{"@id":"https:\/\/www.masmallorca.es\/de#organization"},"alternateName":"+Mallorca","potentialAction":[{"@type":"SearchAction","target":{"@type":"EntryPoint","urlTemplate":"https:\/\/www.masmallorca.es\/de?s={search_term_string}"},"query-input":{"@type":"PropertyValueSpecification","valueRequired":true,"valueName":"search_term_string"}}],"inLanguage":"de"},{"@type":"Organization","@id":"https:\/\/www.masmallorca.es\/de#organization","name":"+Mallorca Magazin","alternateName":"M\u00e1s Mallorca","url":"https:\/\/www.masmallorca.es\/de","logo":{"@type":"ImageObject","inLanguage":"de","@id":"https:\/\/www.masmallorca.es\/de#\/schema\/logo\/image\/","url":"https:\/\/www.masmallorca.es\/wp-content\/uploads\/2021\/04\/logomallorca-1.png","contentUrl":"https:\/\/www.masmallorca.es\/wp-content\/uploads\/2021\/04\/logomallorca-1.png","width":326,"height":84,"caption":"+Mallorca Magazin"},"image":{"@id":"https:\/\/www.masmallorca.es\/de#\/schema\/logo\/image\/"},"sameAs":["https:\/\/www.facebook.com\/mallorcamagazine\/","https:\/\/x.com\/masmallorca"]},{"@type":"Person","@id":"https:\/\/www.masmallorca.es\/de#\/schema\/person\/554c84e7dfd9917fdba2cace51081633","name":"masmallorca"}]}},"_links":{"self":[{"href":"https:\/\/www.masmallorca.es\/de\/wp-json\/wp\/v2\/posts\/8040","targetHints":{"allow":["GET"]}}],"collection":[{"href":"https:\/\/www.masmallorca.es\/de\/wp-json\/wp\/v2\/posts"}],"about":[{"href":"https:\/\/www.masmallorca.es\/de\/wp-json\/wp\/v2\/types\/post"}],"author":[{"embeddable":true,"href":"https:\/\/www.masmallorca.es\/de\/wp-json\/wp\/v2\/users\/1"}],"replies":[{"embeddable":true,"href":"https:\/\/www.masmallorca.es\/de\/wp-json\/wp\/v2\/comments?post=8040"}],"version-history":[{"count":0,"href":"https:\/\/www.masmallorca.es\/de\/wp-json\/wp\/v2\/posts\/8040\/revisions"}],"wp:featuredmedia":[{"embeddable":true,"href":"https:\/\/www.masmallorca.es\/de\/wp-json\/wp\/v2\/media\/8022"}],"wp:attachment":[{"href":"https:\/\/www.masmallorca.es\/de\/wp-json\/wp\/v2\/media?parent=8040"}],"wp:term":[{"taxonomy":"category","embeddable":true,"href":"https:\/\/www.masmallorca.es\/de\/wp-json\/wp\/v2\/categories?post=8040"},{"taxonomy":"post_tag","embeddable":true,"href":"https:\/\/www.masmallorca.es\/de\/wp-json\/wp\/v2\/tags?post=8040"}],"curies":[{"name":"wp","href":"https:\/\/api.w.org\/{rel}","templated":true}]}}