{"id":80,"date":"2009-03-25T15:37:15","date_gmt":"2009-03-25T14:37:15","guid":{"rendered":"<p style=\"text-align: justify;\"><img class=\" alignright size-full wp-image-62\" style=\"margin-right: 20px; margin-left: 20px; float: right;\" alt=\"santa-ana_mallorca_medieval\" src=\"http:\/\/www.masmallorca.es\/wp-content\/uploads\/2009\/03\/santa-ana_mallorca_medi"},"modified":"2009-03-25T15:37:15","modified_gmt":"2009-03-25T14:37:15","slug":"mallorca-medieval-2","status":"publish","type":"post","link":"https:\/\/www.masmallorca.es\/de\/kultur\/mallorca-medieval-2.html","title":{"rendered":"Mallorca medieval II &#8211; Kirchen der Wiederbesiedlungszeit"},"content":{"rendered":"<p style=\"text-align: justify;\"><img loading=\"lazy\" decoding=\"async\" class=\" alignright size-full wp-image-62\" style=\"margin-right: 20px; margin-left: 20px; float: right;\" alt=\"santa-ana_mallorca_medieval\" src=\"https:\/\/www.masmallorca.es\/wp-content\/uploads\/2009\/03\/santa-ana_mallorca_medieval.jpg\" height=\"83\" width=\"150\" \/>Castellitx, Santa Luc\u00eda, Sant Pere d\u2019Escorca, Santa Ana, Sant Miquel de Campanet, La Sangre in Muro, Santa Fe in Palma. Die gro\u00dfe Mehrzahl der im 13. Jh. erw\u00e4hnten Kirchen auf Mallorca sind heute Gottesh\u00e4user aus sp\u00e4teren Zeiten (gotische Kirchen aus dem 14. Jh.<\/p>\n<p>  <!--more--> <\/p>\n<p align=\"justify\">oder im Laufe der folgenden Jahrhunderte vollkommen neu errichtete Bauwerke). Eine interessante Route w\u00fcrde daher den Kirchenbauten folgen, die sich stilistisch in die erste Zeit nach der Eroberung Mallorcas durch die Katalanen einordnen lassen. Es handelt sich um Kirchen, die sich durch ihre kleine Gr\u00f6\u00dfe und einfachen Baustil auszeichnen, bei dem sich bestimmte Merkmale immer wiederholen: einschiffiger Bau mit rechteckigem Grundriss, flaches Presbyterium und Satteldach aus Holzgeb\u00e4lk getragen von einer Reihe spitz zulaufender Scheidb\u00f6gen, kaum \u00d6ffnungen und gro\u00dfe Schlichtheit. Die Bauweise ist einfach, g\u00fcnstig und praktisch und findet ihr Vorbild bei den Bauten des katalanischen Zisterzienserordens. Dort sieht man sie vor allem bei Wohngeb\u00e4uden und Refektorien der Kl\u00f6ster. Sp\u00e4ter wurde dieser Baustil auch von den Bettelorden \u00fcbernommen. Die jeweiligen Kirchen sind unter dem zugeh\u00f6rigen Ortsnamen im alphabetischen Teil beschrieben.<\/p>\n<p align=\"justify\">Davon ausgenommen ist die Kirche von Sant Miquel de Campanet, <img loading=\"lazy\" decoding=\"async\" class=\" alignleft size-full wp-image-67\" alt=\"mallorca_medieval_sant_miquel_campanet\" style=\"margin: 15px 20px 10px 0px; float: left;\" src=\"https:\/\/www.masmallorca.es\/wp-content\/uploads\/2009\/03\/mallorca_medieval_sant_miquel_campanet.jpg\" height=\"175\" width=\"350\" srcset=\"https:\/\/www.masmallorca.es\/wp-content\/uploads\/2009\/03\/mallorca_medieval_sant_miquel_campanet.jpg 350w, https:\/\/www.masmallorca.es\/wp-content\/uploads\/2009\/03\/mallorca_medieval_sant_miquel_campanet-300x150.jpg 300w\" sizes=\"(max-width: 350px) 100vw, 350px\" \/> Sie ist \u00fcber die Ortsdurchfahrt oder \u00fcber den Abzweig zu den H\u00f6hlen von Campanet zu erreichen. Das Geb\u00e4ude wurde im 13. Jh. erbaut und zwischen 1480 und 1482 grundlegend erneuert und erweitert. Die Datumsangaben wurden auf den Innenseiten der B\u00f6gen festgehalten, wobei der zweite die Unterschrift von Melcion Comes tr\u00e4gt. Die Kirche besitzt ein Satteldach, \u00fcber dem ein Glockenreiter mit einem kleinen Spitzbogen aus dem 15. Jh. thront. Den Zugang zum Ensemble bietet ein Tor mit abgeflachtem Bogen. Das Hauptportal selbst hat einen gew\u00f6lbten Rundbogen und ist durch ein kleines Vorh\u00e4uschen gesch\u00fctzt.<\/p>\n<p align=\"justify\">Die Decke des Innenraums auf zwei spitz zulaufenden Scheidb\u00f6gen ist aus Holz gefertigt. Der Kopfteil weist in seinem nach Osten ausgerichteten Bereich Reste eines gro\u00dfen Scheidbogens auf. Die Wand ist von einem Glockenreiter gekr\u00f6nt, der von einem Kreuz auf dem Satteldach \u00fcberragt wird. Die Sakristei wird auf das Jahr 1408 datiert. Das Retabel des Hochaltars ziert eine gotische Tafel, die den Erzengel Michael darstellt. Im unteren Teil befindet sich in einer Nische eine gotische Christusfigur, die in besonderer Weise von der Bev\u00f6lkerung verehrt wird. Laut einer alten Legende haben die Bewohner des Nachbardorfs Sa Pobla einmal versucht diese Figur zu stehlen, es gelang ihnen jedoch nicht, sie \u00fcber die Gemeindegrenzen zu bringen. Dieser Liste k\u00f6nnen wir weitere Bauten hinzuf\u00fcgen, wie etwa die kleine Kirche Santa Maria de Bellver, Kapelle des Landguts Son Vives in Sant Lloren\u00e7 des Cardassar.<\/p>\n<p style=\"text-align: center;\"><img loading=\"lazy\" decoding=\"async\" class=\" size-full wp-image-72\" alt=\"mallorca_medieval_catellitx\" src=\"https:\/\/www.masmallorca.es\/wp-content\/uploads\/2009\/03\/mallorca_medieval_catellitx.jpg\" height=\"106\" width=\"540\" srcset=\"https:\/\/www.masmallorca.es\/wp-content\/uploads\/2009\/03\/mallorca_medieval_catellitx.jpg 540w, https:\/\/www.masmallorca.es\/wp-content\/uploads\/2009\/03\/mallorca_medieval_catellitx-300x59.jpg 300w\" sizes=\"(max-width: 540px) 100vw, 540px\" \/><\/p>\n","protected":false},"excerpt":{"rendered":"<p>Castellitx, Santa Luc\u00eda, Sant Pere d\u2019Escorca, Santa Ana, Sant Miquel de Campanet, La Sangre in Muro, Santa Fe in Palma. Die gro\u00dfe Mehrzahl der im 13. Jh. erw\u00e4hnten Kirchen auf Mallorca sind heute Gottesh\u00e4user aus sp\u00e4teren Zeiten (gotische Kirchen aus dem 14. Jh.<\/p>\n","protected":false},"author":1,"featured_media":75,"comment_status":"closed","ping_status":"closed","sticky":false,"template":"","format":"standard","meta":{"_et_pb_use_builder":"","_et_pb_old_content":"","_et_gb_content_width":"","footnotes":""},"categories":[20],"tags":[],"class_list":["post-80","post","type-post","status-publish","format-standard","has-post-thumbnail","hentry","category-kultur","et-has-post-format-content","et_post_format-et-post-format-standard"],"yoast_head":"<!-- This site is optimized with the Yoast SEO plugin v27.4 - https:\/\/yoast.com\/product\/yoast-seo-wordpress\/ -->\n<title>Mallorca medieval II - Kirchen der Wiederbesiedlungszeit | +Mallorca<\/title>\n<meta name=\"description\" content=\"M\u00e1s Mallorca, Cultura: Mallorca medieval II - Iglesias de repoblaci\u00f3n. Castellitx, Santa Ll\u00facia, Sant Pere d\u00b4Escorca, Sant Miquel de Campanet, La Sang de Muro, Santa Fe de Palma\" \/>\n<meta name=\"robots\" content=\"index, follow, max-snippet:-1, max-image-preview:large, max-video-preview:-1\" \/>\n<link rel=\"canonical\" href=\"https:\/\/www.masmallorca.es\/de\/kultur\/mallorca-medieval-2.html\" \/>\n<meta property=\"og:locale\" content=\"de_DE\" \/>\n<meta property=\"og:type\" content=\"article\" \/>\n<meta property=\"og:title\" content=\"Mallorca medieval II - Kirchen der Wiederbesiedlungszeit | +Mallorca\" \/>\n<meta property=\"og:description\" content=\"M\u00e1s Mallorca, Cultura: Mallorca medieval II - Iglesias de repoblaci\u00f3n. Castellitx, Santa Ll\u00facia, Sant Pere d\u00b4Escorca, Sant Miquel de Campanet, La Sang de Muro, Santa Fe de Palma\" \/>\n<meta property=\"og:url\" content=\"https:\/\/www.masmallorca.es\/de\/kultur\/mallorca-medieval-2.html\" \/>\n<meta property=\"og:site_name\" content=\"+Mallorca: das Magazin aus Mallorca\" \/>\n<meta property=\"article:publisher\" content=\"https:\/\/www.facebook.com\/mallorcamagazine\/\" \/>\n<meta property=\"article:published_time\" content=\"2009-03-25T14:37:15+00:00\" \/>\n<meta property=\"og:image\" content=\"https:\/\/www.masmallorca.es\/wp-content\/uploads\/2009\/03\/mallorca_medieval_catellitx.jpg\" \/>\n\t<meta property=\"og:image:width\" content=\"540\" \/>\n\t<meta property=\"og:image:height\" content=\"106\" \/>\n\t<meta property=\"og:image:type\" content=\"image\/jpeg\" \/>\n<meta name=\"author\" content=\"masmallorca\" \/>\n<meta name=\"twitter:card\" content=\"summary_large_image\" \/>\n<meta name=\"twitter:creator\" content=\"@masmallorca\" \/>\n<meta name=\"twitter:site\" content=\"@masmallorca\" \/>\n<meta name=\"twitter:label1\" content=\"Verfasst von\" \/>\n\t<meta name=\"twitter:data1\" content=\"masmallorca\" \/>\n\t<meta name=\"twitter:label2\" content=\"Gesch\u00e4tzte Lesezeit\" \/>\n\t<meta name=\"twitter:data2\" content=\"2\u00a0Minuten\" \/>\n<script type=\"application\/ld+json\" class=\"yoast-schema-graph\">{\"@context\":\"https:\\\/\\\/schema.org\",\"@graph\":[{\"@type\":\"Article\",\"@id\":\"https:\\\/\\\/www.masmallorca.es\\\/de\\\/kultur\\\/mallorca-medieval-2.html#article\",\"isPartOf\":{\"@id\":\"https:\\\/\\\/www.masmallorca.es\\\/de\\\/kultur\\\/mallorca-medieval-2.html\"},\"author\":{\"name\":\"masmallorca\",\"@id\":\"https:\\\/\\\/www.masmallorca.es\\\/de#\\\/schema\\\/person\\\/554c84e7dfd9917fdba2cace51081633\"},\"headline\":\"Mallorca medieval II &#8211; Kirchen der Wiederbesiedlungszeit\",\"datePublished\":\"2009-03-25T14:37:15+00:00\",\"mainEntityOfPage\":{\"@id\":\"https:\\\/\\\/www.masmallorca.es\\\/de\\\/kultur\\\/mallorca-medieval-2.html\"},\"wordCount\":441,\"publisher\":{\"@id\":\"https:\\\/\\\/www.masmallorca.es\\\/de#organization\"},\"image\":{\"@id\":\"https:\\\/\\\/www.masmallorca.es\\\/de\\\/kultur\\\/mallorca-medieval-2.html#primaryimage\"},\"thumbnailUrl\":\"https:\\\/\\\/www.masmallorca.es\\\/wp-content\\\/uploads\\\/2009\\\/03\\\/mallorca_medieval_catellitx.jpg\",\"articleSection\":[\"Kultur\"],\"inLanguage\":\"de\"},{\"@type\":\"WebPage\",\"@id\":\"https:\\\/\\\/www.masmallorca.es\\\/de\\\/kultur\\\/mallorca-medieval-2.html\",\"url\":\"https:\\\/\\\/www.masmallorca.es\\\/de\\\/kultur\\\/mallorca-medieval-2.html\",\"name\":\"Mallorca medieval II - Kirchen der Wiederbesiedlungszeit | +Mallorca\",\"isPartOf\":{\"@id\":\"https:\\\/\\\/www.masmallorca.es\\\/de#website\"},\"primaryImageOfPage\":{\"@id\":\"https:\\\/\\\/www.masmallorca.es\\\/de\\\/kultur\\\/mallorca-medieval-2.html#primaryimage\"},\"image\":{\"@id\":\"https:\\\/\\\/www.masmallorca.es\\\/de\\\/kultur\\\/mallorca-medieval-2.html#primaryimage\"},\"thumbnailUrl\":\"https:\\\/\\\/www.masmallorca.es\\\/wp-content\\\/uploads\\\/2009\\\/03\\\/mallorca_medieval_catellitx.jpg\",\"datePublished\":\"2009-03-25T14:37:15+00:00\",\"description\":\"M\u00e1s Mallorca, Cultura: Mallorca medieval II - Iglesias de repoblaci\u00f3n. Castellitx, Santa Ll\u00facia, Sant Pere d\u00b4Escorca, Sant Miquel de Campanet, La Sang de Muro, Santa Fe de Palma\",\"breadcrumb\":{\"@id\":\"https:\\\/\\\/www.masmallorca.es\\\/de\\\/kultur\\\/mallorca-medieval-2.html#breadcrumb\"},\"inLanguage\":\"de\",\"potentialAction\":[{\"@type\":\"ReadAction\",\"target\":[\"https:\\\/\\\/www.masmallorca.es\\\/de\\\/kultur\\\/mallorca-medieval-2.html\"]}]},{\"@type\":\"ImageObject\",\"inLanguage\":\"de\",\"@id\":\"https:\\\/\\\/www.masmallorca.es\\\/de\\\/kultur\\\/mallorca-medieval-2.html#primaryimage\",\"url\":\"https:\\\/\\\/www.masmallorca.es\\\/wp-content\\\/uploads\\\/2009\\\/03\\\/mallorca_medieval_catellitx.jpg\",\"contentUrl\":\"https:\\\/\\\/www.masmallorca.es\\\/wp-content\\\/uploads\\\/2009\\\/03\\\/mallorca_medieval_catellitx.jpg\",\"width\":540,\"height\":106,\"caption\":\"Mallorca medieval II - Iglesias de repoblaci\u00f3n\"},{\"@type\":\"BreadcrumbList\",\"@id\":\"https:\\\/\\\/www.masmallorca.es\\\/de\\\/kultur\\\/mallorca-medieval-2.html#breadcrumb\",\"itemListElement\":[{\"@type\":\"ListItem\",\"position\":1,\"name\":\"Portada\",\"item\":\"https:\\\/\\\/www.masmallorca.es\\\/de\"},{\"@type\":\"ListItem\",\"position\":2,\"name\":\"Kultur\",\"item\":\"https:\\\/\\\/www.masmallorca.es\\\/de\\\/kultur\"},{\"@type\":\"ListItem\",\"position\":3,\"name\":\"Mallorca medieval II &#8211; Kirchen der Wiederbesiedlungszeit\"}]},{\"@type\":\"WebSite\",\"@id\":\"https:\\\/\\\/www.masmallorca.es\\\/de#website\",\"url\":\"https:\\\/\\\/www.masmallorca.es\\\/de\",\"name\":\"+Mallorca: la revista de Mallorca\",\"description\":\"Mehr als Sonne und Strand..\",\"publisher\":{\"@id\":\"https:\\\/\\\/www.masmallorca.es\\\/de#organization\"},\"alternateName\":\"+Mallorca\",\"potentialAction\":[{\"@type\":\"SearchAction\",\"target\":{\"@type\":\"EntryPoint\",\"urlTemplate\":\"https:\\\/\\\/www.masmallorca.es\\\/de?s={search_term_string}\"},\"query-input\":{\"@type\":\"PropertyValueSpecification\",\"valueRequired\":true,\"valueName\":\"search_term_string\"}}],\"inLanguage\":\"de\"},{\"@type\":\"Organization\",\"@id\":\"https:\\\/\\\/www.masmallorca.es\\\/de#organization\",\"name\":\"+Mallorca Magazin\",\"alternateName\":\"M\u00e1s Mallorca\",\"url\":\"https:\\\/\\\/www.masmallorca.es\\\/de\",\"logo\":{\"@type\":\"ImageObject\",\"inLanguage\":\"de\",\"@id\":\"https:\\\/\\\/www.masmallorca.es\\\/de#\\\/schema\\\/logo\\\/image\\\/\",\"url\":\"https:\\\/\\\/www.masmallorca.es\\\/wp-content\\\/uploads\\\/2021\\\/04\\\/logomallorca-1.png\",\"contentUrl\":\"https:\\\/\\\/www.masmallorca.es\\\/wp-content\\\/uploads\\\/2021\\\/04\\\/logomallorca-1.png\",\"width\":326,\"height\":84,\"caption\":\"+Mallorca Magazin\"},\"image\":{\"@id\":\"https:\\\/\\\/www.masmallorca.es\\\/de#\\\/schema\\\/logo\\\/image\\\/\"},\"sameAs\":[\"https:\\\/\\\/www.facebook.com\\\/mallorcamagazine\\\/\",\"https:\\\/\\\/x.com\\\/masmallorca\"]},{\"@type\":\"Person\",\"@id\":\"https:\\\/\\\/www.masmallorca.es\\\/de#\\\/schema\\\/person\\\/554c84e7dfd9917fdba2cace51081633\",\"name\":\"masmallorca\"}]}<\/script>\n<!-- \/ Yoast SEO plugin. -->","yoast_head_json":{"title":"Mallorca medieval II - Kirchen der Wiederbesiedlungszeit | +Mallorca","description":"M\u00e1s Mallorca, Cultura: Mallorca medieval II - Iglesias de repoblaci\u00f3n. Castellitx, Santa Ll\u00facia, Sant Pere d\u00b4Escorca, Sant Miquel de Campanet, La Sang de Muro, Santa Fe de Palma","robots":{"index":"index","follow":"follow","max-snippet":"max-snippet:-1","max-image-preview":"max-image-preview:large","max-video-preview":"max-video-preview:-1"},"canonical":"https:\/\/www.masmallorca.es\/de\/kultur\/mallorca-medieval-2.html","og_locale":"de_DE","og_type":"article","og_title":"Mallorca medieval II - Kirchen der Wiederbesiedlungszeit | +Mallorca","og_description":"M\u00e1s Mallorca, Cultura: Mallorca medieval II - Iglesias de repoblaci\u00f3n. Castellitx, Santa Ll\u00facia, Sant Pere d\u00b4Escorca, Sant Miquel de Campanet, La Sang de Muro, Santa Fe de Palma","og_url":"https:\/\/www.masmallorca.es\/de\/kultur\/mallorca-medieval-2.html","og_site_name":"+Mallorca: das Magazin aus Mallorca","article_publisher":"https:\/\/www.facebook.com\/mallorcamagazine\/","article_published_time":"2009-03-25T14:37:15+00:00","og_image":[{"width":540,"height":106,"url":"https:\/\/www.masmallorca.es\/wp-content\/uploads\/2009\/03\/mallorca_medieval_catellitx.jpg","type":"image\/jpeg"}],"author":"masmallorca","twitter_card":"summary_large_image","twitter_creator":"@masmallorca","twitter_site":"@masmallorca","twitter_misc":{"Verfasst von":"masmallorca","Gesch\u00e4tzte Lesezeit":"2\u00a0Minuten"},"schema":{"@context":"https:\/\/schema.org","@graph":[{"@type":"Article","@id":"https:\/\/www.masmallorca.es\/de\/kultur\/mallorca-medieval-2.html#article","isPartOf":{"@id":"https:\/\/www.masmallorca.es\/de\/kultur\/mallorca-medieval-2.html"},"author":{"name":"masmallorca","@id":"https:\/\/www.masmallorca.es\/de#\/schema\/person\/554c84e7dfd9917fdba2cace51081633"},"headline":"Mallorca medieval II &#8211; Kirchen der Wiederbesiedlungszeit","datePublished":"2009-03-25T14:37:15+00:00","mainEntityOfPage":{"@id":"https:\/\/www.masmallorca.es\/de\/kultur\/mallorca-medieval-2.html"},"wordCount":441,"publisher":{"@id":"https:\/\/www.masmallorca.es\/de#organization"},"image":{"@id":"https:\/\/www.masmallorca.es\/de\/kultur\/mallorca-medieval-2.html#primaryimage"},"thumbnailUrl":"https:\/\/www.masmallorca.es\/wp-content\/uploads\/2009\/03\/mallorca_medieval_catellitx.jpg","articleSection":["Kultur"],"inLanguage":"de"},{"@type":"WebPage","@id":"https:\/\/www.masmallorca.es\/de\/kultur\/mallorca-medieval-2.html","url":"https:\/\/www.masmallorca.es\/de\/kultur\/mallorca-medieval-2.html","name":"Mallorca medieval II - Kirchen der Wiederbesiedlungszeit | +Mallorca","isPartOf":{"@id":"https:\/\/www.masmallorca.es\/de#website"},"primaryImageOfPage":{"@id":"https:\/\/www.masmallorca.es\/de\/kultur\/mallorca-medieval-2.html#primaryimage"},"image":{"@id":"https:\/\/www.masmallorca.es\/de\/kultur\/mallorca-medieval-2.html#primaryimage"},"thumbnailUrl":"https:\/\/www.masmallorca.es\/wp-content\/uploads\/2009\/03\/mallorca_medieval_catellitx.jpg","datePublished":"2009-03-25T14:37:15+00:00","description":"M\u00e1s Mallorca, Cultura: Mallorca medieval II - Iglesias de repoblaci\u00f3n. Castellitx, Santa Ll\u00facia, Sant Pere d\u00b4Escorca, Sant Miquel de Campanet, La Sang de Muro, Santa Fe de Palma","breadcrumb":{"@id":"https:\/\/www.masmallorca.es\/de\/kultur\/mallorca-medieval-2.html#breadcrumb"},"inLanguage":"de","potentialAction":[{"@type":"ReadAction","target":["https:\/\/www.masmallorca.es\/de\/kultur\/mallorca-medieval-2.html"]}]},{"@type":"ImageObject","inLanguage":"de","@id":"https:\/\/www.masmallorca.es\/de\/kultur\/mallorca-medieval-2.html#primaryimage","url":"https:\/\/www.masmallorca.es\/wp-content\/uploads\/2009\/03\/mallorca_medieval_catellitx.jpg","contentUrl":"https:\/\/www.masmallorca.es\/wp-content\/uploads\/2009\/03\/mallorca_medieval_catellitx.jpg","width":540,"height":106,"caption":"Mallorca medieval II - Iglesias de repoblaci\u00f3n"},{"@type":"BreadcrumbList","@id":"https:\/\/www.masmallorca.es\/de\/kultur\/mallorca-medieval-2.html#breadcrumb","itemListElement":[{"@type":"ListItem","position":1,"name":"Portada","item":"https:\/\/www.masmallorca.es\/de"},{"@type":"ListItem","position":2,"name":"Kultur","item":"https:\/\/www.masmallorca.es\/de\/kultur"},{"@type":"ListItem","position":3,"name":"Mallorca medieval II &#8211; Kirchen der Wiederbesiedlungszeit"}]},{"@type":"WebSite","@id":"https:\/\/www.masmallorca.es\/de#website","url":"https:\/\/www.masmallorca.es\/de","name":"+Mallorca: la revista de Mallorca","description":"Mehr als Sonne und Strand..","publisher":{"@id":"https:\/\/www.masmallorca.es\/de#organization"},"alternateName":"+Mallorca","potentialAction":[{"@type":"SearchAction","target":{"@type":"EntryPoint","urlTemplate":"https:\/\/www.masmallorca.es\/de?s={search_term_string}"},"query-input":{"@type":"PropertyValueSpecification","valueRequired":true,"valueName":"search_term_string"}}],"inLanguage":"de"},{"@type":"Organization","@id":"https:\/\/www.masmallorca.es\/de#organization","name":"+Mallorca Magazin","alternateName":"M\u00e1s Mallorca","url":"https:\/\/www.masmallorca.es\/de","logo":{"@type":"ImageObject","inLanguage":"de","@id":"https:\/\/www.masmallorca.es\/de#\/schema\/logo\/image\/","url":"https:\/\/www.masmallorca.es\/wp-content\/uploads\/2021\/04\/logomallorca-1.png","contentUrl":"https:\/\/www.masmallorca.es\/wp-content\/uploads\/2021\/04\/logomallorca-1.png","width":326,"height":84,"caption":"+Mallorca Magazin"},"image":{"@id":"https:\/\/www.masmallorca.es\/de#\/schema\/logo\/image\/"},"sameAs":["https:\/\/www.facebook.com\/mallorcamagazine\/","https:\/\/x.com\/masmallorca"]},{"@type":"Person","@id":"https:\/\/www.masmallorca.es\/de#\/schema\/person\/554c84e7dfd9917fdba2cace51081633","name":"masmallorca"}]}},"_links":{"self":[{"href":"https:\/\/www.masmallorca.es\/de\/wp-json\/wp\/v2\/posts\/80","targetHints":{"allow":["GET"]}}],"collection":[{"href":"https:\/\/www.masmallorca.es\/de\/wp-json\/wp\/v2\/posts"}],"about":[{"href":"https:\/\/www.masmallorca.es\/de\/wp-json\/wp\/v2\/types\/post"}],"author":[{"embeddable":true,"href":"https:\/\/www.masmallorca.es\/de\/wp-json\/wp\/v2\/users\/1"}],"replies":[{"embeddable":true,"href":"https:\/\/www.masmallorca.es\/de\/wp-json\/wp\/v2\/comments?post=80"}],"version-history":[{"count":0,"href":"https:\/\/www.masmallorca.es\/de\/wp-json\/wp\/v2\/posts\/80\/revisions"}],"wp:featuredmedia":[{"embeddable":true,"href":"https:\/\/www.masmallorca.es\/de\/wp-json\/wp\/v2\/media\/75"}],"wp:attachment":[{"href":"https:\/\/www.masmallorca.es\/de\/wp-json\/wp\/v2\/media?parent=80"}],"wp:term":[{"taxonomy":"category","embeddable":true,"href":"https:\/\/www.masmallorca.es\/de\/wp-json\/wp\/v2\/categories?post=80"},{"taxonomy":"post_tag","embeddable":true,"href":"https:\/\/www.masmallorca.es\/de\/wp-json\/wp\/v2\/tags?post=80"}],"curies":[{"name":"wp","href":"https:\/\/api.w.org\/{rel}","templated":true}]}}