{"id":7764,"date":"2010-12-20T18:53:42","date_gmt":"2010-12-20T17:53:42","guid":{"rendered":""},"modified":"2023-02-14T12:02:51","modified_gmt":"2023-02-14T11:02:51","slug":"die-krippe-von-antonia-tomas-ein-klassiker-auf-mallorca","status":"publish","type":"post","link":"https:\/\/www.masmallorca.es\/de\/kultur\/die-krippe-von-antonia-tomas-ein-klassiker-auf-mallorca.html","title":{"rendered":"Die Krippe von Antonia Tom\u00e1s &#8211; ein Klassiker auf Mallorca"},"content":{"rendered":"<p><img loading=\"lazy\" decoding=\"async\" class=\" alignright size-full wp-image-7726\" style=\"float: right; margin: 0px 20px 0px 20px;\" src=\"https:\/\/www.masmallorca.es\/wp-content\/uploads\/2010\/12\/betlems-belenes-mallorca-nadal-navidad-0.jpg\" alt=\"betlems-belenes-mallorca-nadal-navidad-0\" width=\"150\" height=\"107\" \/><\/p>\n<p style=\"text-align: justify;\">Antonia Tom\u00e1s feiert \u00a0Weihnachten auf die ganz besondere Art. Jedes Jahr baut sie eine Krippe auf, die im Laufe der Zeit immer gr\u00f6\u00dfer geworden ist und in diesem Jahr 34m2 misst.<\/p>\n<p><!--more--><\/p>\n<p style=\"text-align: justify;\"><img loading=\"lazy\" decoding=\"async\" class=\" alignleft size-full wp-image-7731\" style=\"float: left; border-width: 0px; border-style: none; margin: 10px 20px 10px 0px;\" src=\"https:\/\/www.masmallorca.es\/wp-content\/uploads\/2010\/12\/betlems-belenes-mallorca-nadal-navidad-8.jpg\" alt=\"betlems-belenes-mallorca-nadal-navidad-8\" width=\"300\" height=\"225\" \/><\/p>\n<p style=\"text-align: justify;\">\n<div id=\"_mcePaste\" style=\"position: absolute; left: -10000px; top: 159px; width: 1px; height: 1px; overflow-x: hidden; overflow-y: hidden;\">An jedem Weihnachtsfest pilgern hunderte von Menschen von der ganzen Insel zu der Krippe. Diese ist weder klassisch noch mallorquinisch, sondern im arabischen Stil gestaltet und beinhaltet Elemente, die mit der Tradition und der Landschaft der Insel verbunden sind. In einem Jahr wurde der Torrent de Pareis, in einem anderen das Dorf Orient, dann wieder der Pla de Sant Jordi, die Arbeiten auf dem Land oder die Trockensteinmauern dargestellt.<\/div>\n<div><\/div>\n<p style=\"text-align: justify;\">An jedem Weihnachtsfest pilgern hunderte von Menschen von der ganzen Insel zu der Krippe. Diese ist weder klassisch noch mallorquinisch, sondern im arabischen Stil gestaltet und beinhaltet Elemente, die mit der Tradition und der Landschaft der Insel verbunden sind. In einem Jahr wurde der Torrent de Pareis, in einem anderen das Dorf Orient, dann wieder der Pla de Sant Jordi, die Arbeiten auf dem Land oder die Trockensteinmauern dargestellt.<\/p>\n<p><img loading=\"lazy\" decoding=\"async\" class=\" alignleft size-full wp-image-7736\" style=\"float: left; border-width: 0px; border-style: none; margin: 10px 20px 10px 0px;\" src=\"https:\/\/www.masmallorca.es\/wp-content\/uploads\/2010\/12\/betlems-belenes-mallorca-nadal-navidad-5.jpg\" alt=\"betlems-belenes-mallorca-nadal-navidad-5\" width=\"300\" height=\"360\" srcset=\"https:\/\/www.masmallorca.es\/wp-content\/uploads\/2010\/12\/betlems-belenes-mallorca-nadal-navidad-5.jpg 300w, https:\/\/www.masmallorca.es\/wp-content\/uploads\/2010\/12\/betlems-belenes-mallorca-nadal-navidad-5-250x300.jpg 250w\" sizes=\"(max-width: 300px) 100vw, 300px\" \/><\/p>\n<p style=\"text-align: justify;\">Das Gesamtkunstwerk ist zwar von einer stattlichen Gr\u00f6\u00dfe, aber dennoch nicht wirklichkeitsgetreu. Bis auf die Krippenfiguren sind alle Bestandteile in Miniaturgr\u00f6\u00dfe aus nat\u00fcrlichen Materialien geschaffen (Erde, B\u00e4ume, Steine, Moos etc.).<\/p>\n<div><\/div>\n<p style=\"text-align: justify;\">Antonia Tom\u00e1s ist Mitglied des Mallorquinischen Krippenvereins, welcher jedes Jahr eine Weihnachtsroute organisiert, die alle Krippenliebhaber durch die vielen Orte der Insel wie Valdemossa, Dei\u00e0, Art\u00e1, Banyalbufar, Capdepera, Porreres, Llucmajor und Palma f\u00fchrt. Die gro\u00dfe Zahl der Besucher, die \u00fcber die Weihnachtszeit die Krippen bestaunen, ist der beste Beweis f\u00fcr die anhaltende Begeisterung des mallorquinischen Publikums.<\/p>\n<p style=\"text-align: justify;\">\n<p style=\"text-align: justify;\"><img loading=\"lazy\" decoding=\"async\" class=\" size-full wp-image-7751\" src=\"https:\/\/www.masmallorca.es\/wp-content\/uploads\/2010\/12\/betlems-belenes-mallorca-nadal-navidad-3.jpg\" alt=\"betlems-belenes-mallorca-nadal-navidad-3\" width=\"540\" height=\"395\" srcset=\"https:\/\/www.masmallorca.es\/wp-content\/uploads\/2010\/12\/betlems-belenes-mallorca-nadal-navidad-3.jpg 540w, https:\/\/www.masmallorca.es\/wp-content\/uploads\/2010\/12\/betlems-belenes-mallorca-nadal-navidad-3-300x219.jpg 300w\" sizes=\"(max-width: 540px) 100vw, 540px\" \/><\/p>\n<div style=\"text-align: center;\"><a title=\"Belenes en Palma, Mallorca\" href=\"\/?p=7770\">Die Krippe auf Palma<\/a><\/div>\n<h3 style=\"text-align: center;\"><\/h3>\n<p style=\"text-align: center;\"><span style=\"font-size: 12px;\">\u00a0<\/span><img loading=\"lazy\" decoding=\"async\" class=\" size-full wp-image-7756\" style=\"vertical-align: middle;\" src=\"https:\/\/www.masmallorca.es\/wp-content\/uploads\/2010\/12\/betlems-belenes-mallorca-nadal-navidad-6.jpg\" alt=\"betlems-belenes-mallorca-nadal-navidad-6\" width=\"300\" height=\"224\" \/><\/p>\n<p style=\"text-align: justify;\">\n","protected":false},"excerpt":{"rendered":"<p>Antonia Tom\u00e1s feiert \u00a0Weihnachten auf die ganz besondere Art. Jedes Jahr baut sie eine Krippe auf, die im Laufe der Zeit immer gr\u00f6\u00dfer geworden ist und in diesem Jahr 34m2 misst.<\/p>\n","protected":false},"author":1,"featured_media":7754,"comment_status":"closed","ping_status":"closed","sticky":false,"template":"","format":"standard","meta":{"_et_pb_use_builder":"","_et_pb_old_content":"","_et_gb_content_width":"","footnotes":""},"categories":[20],"tags":[],"class_list":["post-7764","post","type-post","status-publish","format-standard","has-post-thumbnail","hentry","category-kultur","et-has-post-format-content","et_post_format-et-post-format-standard"],"yoast_head":"<!-- This site is optimized with the Yoast SEO plugin v27.4 - https:\/\/yoast.com\/product\/yoast-seo-wordpress\/ -->\n<title>Die Krippe von Antonia Tom\u00e1s - ein Klassiker auf Mallorca | +Mallorca: das Magazin aus Mallorca<\/title>\n<meta name=\"robots\" content=\"index, follow, max-snippet:-1, max-image-preview:large, max-video-preview:-1\" \/>\n<link rel=\"canonical\" href=\"https:\/\/www.masmallorca.es\/de\/kultur\/die-krippe-von-antonia-tomas-ein-klassiker-auf-mallorca.html\" \/>\n<meta property=\"og:locale\" content=\"de_DE\" \/>\n<meta property=\"og:type\" content=\"article\" \/>\n<meta property=\"og:title\" content=\"Die Krippe von Antonia Tom\u00e1s - ein Klassiker auf Mallorca | +Mallorca: das Magazin aus Mallorca\" \/>\n<meta property=\"og:description\" content=\"Antonia Tom\u00e1s feiert \u00a0Weihnachten auf die ganz besondere Art. Jedes Jahr baut sie eine Krippe auf, die im Laufe der Zeit immer gr\u00f6\u00dfer geworden ist und in diesem Jahr 34m2 misst.\" \/>\n<meta property=\"og:url\" content=\"https:\/\/www.masmallorca.es\/de\/kultur\/die-krippe-von-antonia-tomas-ein-klassiker-auf-mallorca.html\" \/>\n<meta property=\"og:site_name\" content=\"+Mallorca: das Magazin aus Mallorca\" \/>\n<meta property=\"article:publisher\" content=\"https:\/\/www.facebook.com\/mallorcamagazine\/\" \/>\n<meta property=\"article:published_time\" content=\"2010-12-20T17:53:42+00:00\" \/>\n<meta property=\"article:modified_time\" content=\"2023-02-14T11:02:51+00:00\" \/>\n<meta property=\"og:image\" content=\"https:\/\/www.masmallorca.es\/wp-content\/uploads\/2010\/12\/betlems-belenes-mallorca-nadal-navidad-3.jpg\" \/>\n\t<meta property=\"og:image:width\" content=\"540\" \/>\n\t<meta property=\"og:image:height\" content=\"395\" \/>\n\t<meta property=\"og:image:type\" content=\"image\/jpeg\" \/>\n<meta name=\"author\" content=\"masmallorca\" \/>\n<meta name=\"twitter:card\" content=\"summary_large_image\" \/>\n<meta name=\"twitter:creator\" content=\"@masmallorca\" \/>\n<meta name=\"twitter:site\" content=\"@masmallorca\" \/>\n<meta name=\"twitter:label1\" content=\"Verfasst von\" \/>\n\t<meta name=\"twitter:data1\" content=\"masmallorca\" \/>\n\t<meta name=\"twitter:label2\" content=\"Gesch\u00e4tzte Lesezeit\" \/>\n\t<meta name=\"twitter:data2\" content=\"1\u00a0Minute\" \/>\n<script type=\"application\/ld+json\" class=\"yoast-schema-graph\">{\"@context\":\"https:\\\/\\\/schema.org\",\"@graph\":[{\"@type\":\"Article\",\"@id\":\"https:\\\/\\\/www.masmallorca.es\\\/de\\\/kultur\\\/die-krippe-von-antonia-tomas-ein-klassiker-auf-mallorca.html#article\",\"isPartOf\":{\"@id\":\"https:\\\/\\\/www.masmallorca.es\\\/de\\\/kultur\\\/die-krippe-von-antonia-tomas-ein-klassiker-auf-mallorca.html\"},\"author\":{\"name\":\"masmallorca\",\"@id\":\"https:\\\/\\\/www.masmallorca.es\\\/de#\\\/schema\\\/person\\\/554c84e7dfd9917fdba2cace51081633\"},\"headline\":\"Die Krippe von Antonia Tom\u00e1s &#8211; ein Klassiker auf Mallorca\",\"datePublished\":\"2010-12-20T17:53:42+00:00\",\"dateModified\":\"2023-02-14T11:02:51+00:00\",\"mainEntityOfPage\":{\"@id\":\"https:\\\/\\\/www.masmallorca.es\\\/de\\\/kultur\\\/die-krippe-von-antonia-tomas-ein-klassiker-auf-mallorca.html\"},\"wordCount\":280,\"publisher\":{\"@id\":\"https:\\\/\\\/www.masmallorca.es\\\/de#organization\"},\"image\":{\"@id\":\"https:\\\/\\\/www.masmallorca.es\\\/de\\\/kultur\\\/die-krippe-von-antonia-tomas-ein-klassiker-auf-mallorca.html#primaryimage\"},\"thumbnailUrl\":\"https:\\\/\\\/www.masmallorca.es\\\/wp-content\\\/uploads\\\/2010\\\/12\\\/betlems-belenes-mallorca-nadal-navidad-3.jpg\",\"articleSection\":[\"Kultur\"],\"inLanguage\":\"de\"},{\"@type\":\"WebPage\",\"@id\":\"https:\\\/\\\/www.masmallorca.es\\\/de\\\/kultur\\\/die-krippe-von-antonia-tomas-ein-klassiker-auf-mallorca.html\",\"url\":\"https:\\\/\\\/www.masmallorca.es\\\/de\\\/kultur\\\/die-krippe-von-antonia-tomas-ein-klassiker-auf-mallorca.html\",\"name\":\"Die Krippe von Antonia Tom\u00e1s - ein Klassiker auf Mallorca | +Mallorca: das Magazin aus Mallorca\",\"isPartOf\":{\"@id\":\"https:\\\/\\\/www.masmallorca.es\\\/de#website\"},\"primaryImageOfPage\":{\"@id\":\"https:\\\/\\\/www.masmallorca.es\\\/de\\\/kultur\\\/die-krippe-von-antonia-tomas-ein-klassiker-auf-mallorca.html#primaryimage\"},\"image\":{\"@id\":\"https:\\\/\\\/www.masmallorca.es\\\/de\\\/kultur\\\/die-krippe-von-antonia-tomas-ein-klassiker-auf-mallorca.html#primaryimage\"},\"thumbnailUrl\":\"https:\\\/\\\/www.masmallorca.es\\\/wp-content\\\/uploads\\\/2010\\\/12\\\/betlems-belenes-mallorca-nadal-navidad-3.jpg\",\"datePublished\":\"2010-12-20T17:53:42+00:00\",\"dateModified\":\"2023-02-14T11:02:51+00:00\",\"breadcrumb\":{\"@id\":\"https:\\\/\\\/www.masmallorca.es\\\/de\\\/kultur\\\/die-krippe-von-antonia-tomas-ein-klassiker-auf-mallorca.html#breadcrumb\"},\"inLanguage\":\"de\",\"potentialAction\":[{\"@type\":\"ReadAction\",\"target\":[\"https:\\\/\\\/www.masmallorca.es\\\/de\\\/kultur\\\/die-krippe-von-antonia-tomas-ein-klassiker-auf-mallorca.html\"]}]},{\"@type\":\"ImageObject\",\"inLanguage\":\"de\",\"@id\":\"https:\\\/\\\/www.masmallorca.es\\\/de\\\/kultur\\\/die-krippe-von-antonia-tomas-ein-klassiker-auf-mallorca.html#primaryimage\",\"url\":\"https:\\\/\\\/www.masmallorca.es\\\/wp-content\\\/uploads\\\/2010\\\/12\\\/betlems-belenes-mallorca-nadal-navidad-3.jpg\",\"contentUrl\":\"https:\\\/\\\/www.masmallorca.es\\\/wp-content\\\/uploads\\\/2010\\\/12\\\/betlems-belenes-mallorca-nadal-navidad-3.jpg\",\"width\":540,\"height\":395},{\"@type\":\"BreadcrumbList\",\"@id\":\"https:\\\/\\\/www.masmallorca.es\\\/de\\\/kultur\\\/die-krippe-von-antonia-tomas-ein-klassiker-auf-mallorca.html#breadcrumb\",\"itemListElement\":[{\"@type\":\"ListItem\",\"position\":1,\"name\":\"Portada\",\"item\":\"https:\\\/\\\/www.masmallorca.es\\\/de\"},{\"@type\":\"ListItem\",\"position\":2,\"name\":\"Kultur\",\"item\":\"https:\\\/\\\/www.masmallorca.es\\\/de\\\/kultur\"},{\"@type\":\"ListItem\",\"position\":3,\"name\":\"Die Krippe von Antonia Tom\u00e1s &#8211; ein Klassiker auf Mallorca\"}]},{\"@type\":\"WebSite\",\"@id\":\"https:\\\/\\\/www.masmallorca.es\\\/de#website\",\"url\":\"https:\\\/\\\/www.masmallorca.es\\\/de\",\"name\":\"+Mallorca: la revista de Mallorca\",\"description\":\"Mehr als Sonne und Strand..\",\"publisher\":{\"@id\":\"https:\\\/\\\/www.masmallorca.es\\\/de#organization\"},\"alternateName\":\"+Mallorca\",\"potentialAction\":[{\"@type\":\"SearchAction\",\"target\":{\"@type\":\"EntryPoint\",\"urlTemplate\":\"https:\\\/\\\/www.masmallorca.es\\\/de?s={search_term_string}\"},\"query-input\":{\"@type\":\"PropertyValueSpecification\",\"valueRequired\":true,\"valueName\":\"search_term_string\"}}],\"inLanguage\":\"de\"},{\"@type\":\"Organization\",\"@id\":\"https:\\\/\\\/www.masmallorca.es\\\/de#organization\",\"name\":\"+Mallorca Magazin\",\"alternateName\":\"M\u00e1s Mallorca\",\"url\":\"https:\\\/\\\/www.masmallorca.es\\\/de\",\"logo\":{\"@type\":\"ImageObject\",\"inLanguage\":\"de\",\"@id\":\"https:\\\/\\\/www.masmallorca.es\\\/de#\\\/schema\\\/logo\\\/image\\\/\",\"url\":\"https:\\\/\\\/www.masmallorca.es\\\/wp-content\\\/uploads\\\/2021\\\/04\\\/logomallorca-1.png\",\"contentUrl\":\"https:\\\/\\\/www.masmallorca.es\\\/wp-content\\\/uploads\\\/2021\\\/04\\\/logomallorca-1.png\",\"width\":326,\"height\":84,\"caption\":\"+Mallorca Magazin\"},\"image\":{\"@id\":\"https:\\\/\\\/www.masmallorca.es\\\/de#\\\/schema\\\/logo\\\/image\\\/\"},\"sameAs\":[\"https:\\\/\\\/www.facebook.com\\\/mallorcamagazine\\\/\",\"https:\\\/\\\/x.com\\\/masmallorca\"]},{\"@type\":\"Person\",\"@id\":\"https:\\\/\\\/www.masmallorca.es\\\/de#\\\/schema\\\/person\\\/554c84e7dfd9917fdba2cace51081633\",\"name\":\"masmallorca\"}]}<\/script>\n<!-- \/ Yoast SEO plugin. -->","yoast_head_json":{"title":"Die Krippe von Antonia Tom\u00e1s - ein Klassiker auf Mallorca | +Mallorca: das Magazin aus Mallorca","robots":{"index":"index","follow":"follow","max-snippet":"max-snippet:-1","max-image-preview":"max-image-preview:large","max-video-preview":"max-video-preview:-1"},"canonical":"https:\/\/www.masmallorca.es\/de\/kultur\/die-krippe-von-antonia-tomas-ein-klassiker-auf-mallorca.html","og_locale":"de_DE","og_type":"article","og_title":"Die Krippe von Antonia Tom\u00e1s - ein Klassiker auf Mallorca | +Mallorca: das Magazin aus Mallorca","og_description":"Antonia Tom\u00e1s feiert \u00a0Weihnachten auf die ganz besondere Art. Jedes Jahr baut sie eine Krippe auf, die im Laufe der Zeit immer gr\u00f6\u00dfer geworden ist und in diesem Jahr 34m2 misst.","og_url":"https:\/\/www.masmallorca.es\/de\/kultur\/die-krippe-von-antonia-tomas-ein-klassiker-auf-mallorca.html","og_site_name":"+Mallorca: das Magazin aus Mallorca","article_publisher":"https:\/\/www.facebook.com\/mallorcamagazine\/","article_published_time":"2010-12-20T17:53:42+00:00","article_modified_time":"2023-02-14T11:02:51+00:00","og_image":[{"width":540,"height":395,"url":"https:\/\/www.masmallorca.es\/wp-content\/uploads\/2010\/12\/betlems-belenes-mallorca-nadal-navidad-3.jpg","type":"image\/jpeg"}],"author":"masmallorca","twitter_card":"summary_large_image","twitter_creator":"@masmallorca","twitter_site":"@masmallorca","twitter_misc":{"Verfasst von":"masmallorca","Gesch\u00e4tzte Lesezeit":"1\u00a0Minute"},"schema":{"@context":"https:\/\/schema.org","@graph":[{"@type":"Article","@id":"https:\/\/www.masmallorca.es\/de\/kultur\/die-krippe-von-antonia-tomas-ein-klassiker-auf-mallorca.html#article","isPartOf":{"@id":"https:\/\/www.masmallorca.es\/de\/kultur\/die-krippe-von-antonia-tomas-ein-klassiker-auf-mallorca.html"},"author":{"name":"masmallorca","@id":"https:\/\/www.masmallorca.es\/de#\/schema\/person\/554c84e7dfd9917fdba2cace51081633"},"headline":"Die Krippe von Antonia Tom\u00e1s &#8211; ein Klassiker auf Mallorca","datePublished":"2010-12-20T17:53:42+00:00","dateModified":"2023-02-14T11:02:51+00:00","mainEntityOfPage":{"@id":"https:\/\/www.masmallorca.es\/de\/kultur\/die-krippe-von-antonia-tomas-ein-klassiker-auf-mallorca.html"},"wordCount":280,"publisher":{"@id":"https:\/\/www.masmallorca.es\/de#organization"},"image":{"@id":"https:\/\/www.masmallorca.es\/de\/kultur\/die-krippe-von-antonia-tomas-ein-klassiker-auf-mallorca.html#primaryimage"},"thumbnailUrl":"https:\/\/www.masmallorca.es\/wp-content\/uploads\/2010\/12\/betlems-belenes-mallorca-nadal-navidad-3.jpg","articleSection":["Kultur"],"inLanguage":"de"},{"@type":"WebPage","@id":"https:\/\/www.masmallorca.es\/de\/kultur\/die-krippe-von-antonia-tomas-ein-klassiker-auf-mallorca.html","url":"https:\/\/www.masmallorca.es\/de\/kultur\/die-krippe-von-antonia-tomas-ein-klassiker-auf-mallorca.html","name":"Die Krippe von Antonia Tom\u00e1s - ein Klassiker auf Mallorca | +Mallorca: das Magazin aus Mallorca","isPartOf":{"@id":"https:\/\/www.masmallorca.es\/de#website"},"primaryImageOfPage":{"@id":"https:\/\/www.masmallorca.es\/de\/kultur\/die-krippe-von-antonia-tomas-ein-klassiker-auf-mallorca.html#primaryimage"},"image":{"@id":"https:\/\/www.masmallorca.es\/de\/kultur\/die-krippe-von-antonia-tomas-ein-klassiker-auf-mallorca.html#primaryimage"},"thumbnailUrl":"https:\/\/www.masmallorca.es\/wp-content\/uploads\/2010\/12\/betlems-belenes-mallorca-nadal-navidad-3.jpg","datePublished":"2010-12-20T17:53:42+00:00","dateModified":"2023-02-14T11:02:51+00:00","breadcrumb":{"@id":"https:\/\/www.masmallorca.es\/de\/kultur\/die-krippe-von-antonia-tomas-ein-klassiker-auf-mallorca.html#breadcrumb"},"inLanguage":"de","potentialAction":[{"@type":"ReadAction","target":["https:\/\/www.masmallorca.es\/de\/kultur\/die-krippe-von-antonia-tomas-ein-klassiker-auf-mallorca.html"]}]},{"@type":"ImageObject","inLanguage":"de","@id":"https:\/\/www.masmallorca.es\/de\/kultur\/die-krippe-von-antonia-tomas-ein-klassiker-auf-mallorca.html#primaryimage","url":"https:\/\/www.masmallorca.es\/wp-content\/uploads\/2010\/12\/betlems-belenes-mallorca-nadal-navidad-3.jpg","contentUrl":"https:\/\/www.masmallorca.es\/wp-content\/uploads\/2010\/12\/betlems-belenes-mallorca-nadal-navidad-3.jpg","width":540,"height":395},{"@type":"BreadcrumbList","@id":"https:\/\/www.masmallorca.es\/de\/kultur\/die-krippe-von-antonia-tomas-ein-klassiker-auf-mallorca.html#breadcrumb","itemListElement":[{"@type":"ListItem","position":1,"name":"Portada","item":"https:\/\/www.masmallorca.es\/de"},{"@type":"ListItem","position":2,"name":"Kultur","item":"https:\/\/www.masmallorca.es\/de\/kultur"},{"@type":"ListItem","position":3,"name":"Die Krippe von Antonia Tom\u00e1s &#8211; ein Klassiker auf Mallorca"}]},{"@type":"WebSite","@id":"https:\/\/www.masmallorca.es\/de#website","url":"https:\/\/www.masmallorca.es\/de","name":"+Mallorca: la revista de Mallorca","description":"Mehr als Sonne und Strand..","publisher":{"@id":"https:\/\/www.masmallorca.es\/de#organization"},"alternateName":"+Mallorca","potentialAction":[{"@type":"SearchAction","target":{"@type":"EntryPoint","urlTemplate":"https:\/\/www.masmallorca.es\/de?s={search_term_string}"},"query-input":{"@type":"PropertyValueSpecification","valueRequired":true,"valueName":"search_term_string"}}],"inLanguage":"de"},{"@type":"Organization","@id":"https:\/\/www.masmallorca.es\/de#organization","name":"+Mallorca Magazin","alternateName":"M\u00e1s Mallorca","url":"https:\/\/www.masmallorca.es\/de","logo":{"@type":"ImageObject","inLanguage":"de","@id":"https:\/\/www.masmallorca.es\/de#\/schema\/logo\/image\/","url":"https:\/\/www.masmallorca.es\/wp-content\/uploads\/2021\/04\/logomallorca-1.png","contentUrl":"https:\/\/www.masmallorca.es\/wp-content\/uploads\/2021\/04\/logomallorca-1.png","width":326,"height":84,"caption":"+Mallorca Magazin"},"image":{"@id":"https:\/\/www.masmallorca.es\/de#\/schema\/logo\/image\/"},"sameAs":["https:\/\/www.facebook.com\/mallorcamagazine\/","https:\/\/x.com\/masmallorca"]},{"@type":"Person","@id":"https:\/\/www.masmallorca.es\/de#\/schema\/person\/554c84e7dfd9917fdba2cace51081633","name":"masmallorca"}]}},"_links":{"self":[{"href":"https:\/\/www.masmallorca.es\/de\/wp-json\/wp\/v2\/posts\/7764","targetHints":{"allow":["GET"]}}],"collection":[{"href":"https:\/\/www.masmallorca.es\/de\/wp-json\/wp\/v2\/posts"}],"about":[{"href":"https:\/\/www.masmallorca.es\/de\/wp-json\/wp\/v2\/types\/post"}],"author":[{"embeddable":true,"href":"https:\/\/www.masmallorca.es\/de\/wp-json\/wp\/v2\/users\/1"}],"replies":[{"embeddable":true,"href":"https:\/\/www.masmallorca.es\/de\/wp-json\/wp\/v2\/comments?post=7764"}],"version-history":[{"count":0,"href":"https:\/\/www.masmallorca.es\/de\/wp-json\/wp\/v2\/posts\/7764\/revisions"}],"wp:featuredmedia":[{"embeddable":true,"href":"https:\/\/www.masmallorca.es\/de\/wp-json\/wp\/v2\/media\/7754"}],"wp:attachment":[{"href":"https:\/\/www.masmallorca.es\/de\/wp-json\/wp\/v2\/media?parent=7764"}],"wp:term":[{"taxonomy":"category","embeddable":true,"href":"https:\/\/www.masmallorca.es\/de\/wp-json\/wp\/v2\/categories?post=7764"},{"taxonomy":"post_tag","embeddable":true,"href":"https:\/\/www.masmallorca.es\/de\/wp-json\/wp\/v2\/tags?post=7764"}],"curies":[{"name":"wp","href":"https:\/\/api.w.org\/{rel}","templated":true}]}}