{"id":7063,"date":"2010-08-20T18:22:22","date_gmt":"2010-08-20T16:22:22","guid":{"rendered":""},"modified":"2018-09-12T14:56:20","modified_gmt":"2018-09-12T12:56:20","slug":"mallorcas-innenhoefe","status":"publish","type":"post","link":"https:\/\/www.masmallorca.es\/de\/kultur\/mallorcas-innenhoefe.html","title":{"rendered":"Mallorcas Innenh\u00f6fe"},"content":{"rendered":"<p style=\"text-align: justify;\"><img loading=\"lazy\" decoding=\"async\" class=\"alignright wp-image-7043 size-full\" style=\"border: 0px none; margin: 0px 20px 20px; float: right;\" title=\"Mallorcas Innenh\u00f6fe der Herrenh\u00e4user in Palma\" src=\"https:\/\/www.masmallorca.es\/wp-content\/uploads\/2010\/08\/Patis-Mallorquins-1.jpg\" alt=\"Mallorcas Innenh\u00f6fe der Herrenh\u00e4user in Palma\" width=\"150\" height=\"102\" \/>Die Innenh\u00f6fe der Herrenh\u00e4user in Palma sind eines der charakteristischen Merkmale der Stadt. W\u00e4hrend heute die Erhaltung dieser H\u00e4user auf die Geschichte der Insel verweist und Mallorca zu einem in Spanien einzigartigen Beispiel macht, galten sie in ihrer Glanzzeit als Statussymbol und Machtbeweis.<\/p>\n<p><!--more--><\/p>\n<p>&nbsp;<\/p>\n<p><img loading=\"lazy\" decoding=\"async\" class=\"alignleft wp-image-7048 size-full\" style=\"border: 0px none; margin: 10px 20px 5px 0px; float: left;\" title=\"Mallorcas Innenh\u00f6fe der Herrenh\u00e4user in Palma\" src=\"https:\/\/www.masmallorca.es\/wp-content\/uploads\/2010\/08\/Patis-Mallorquins-2.jpg\" alt=\"Mallorcas Innenh\u00f6fe der Herrenh\u00e4user in Palma\" width=\"320\" height=\"218\" srcset=\"https:\/\/www.masmallorca.es\/wp-content\/uploads\/2010\/08\/Patis-Mallorquins-2.jpg 320w, https:\/\/www.masmallorca.es\/wp-content\/uploads\/2010\/08\/Patis-Mallorquins-2-300x204.jpg 300w\" sizes=\"(max-width: 320px) 100vw, 320px\" \/><\/p>\n<p style=\"text-align: justify;\">\u00a0<\/p>\n<p>&nbsp;<\/p>\n<p style=\"text-align: justify;\">Manch einer ist der Ansicht, dass die H\u00e4user auf die r\u00f6mische Epoche zur\u00fcckgehen. Dennoch\u00a0 scheint der architektonische Einfluss der katalanischen H\u00e4user aus dem Mittelalter, der mit der Eroberung Mallorcas im Jahre 1229 einherging, offensichtlich.<\/p>\n<p>&nbsp;<\/p>\n<p><img loading=\"lazy\" decoding=\"async\" class=\"alignleft wp-image-7053 size-full\" style=\"border: 0px none; margin: 10px 20px 5px 0px; float: left;\" title=\"Mallorcas Innenh\u00f6fe der Herrenh\u00e4user in Palma\" src=\"https:\/\/www.masmallorca.es\/wp-content\/uploads\/2010\/08\/Patis-Mallorquins-3.jpg\" alt=\"Mallorcas Innenh\u00f6fe der Herrenh\u00e4user in Palma\" width=\"320\" height=\"481\" srcset=\"https:\/\/www.masmallorca.es\/wp-content\/uploads\/2010\/08\/Patis-Mallorquins-3.jpg 320w, https:\/\/www.masmallorca.es\/wp-content\/uploads\/2010\/08\/Patis-Mallorquins-3-200x300.jpg 200w\" sizes=\"(max-width: 320px) 100vw, 320px\" \/><\/p>\n<p style=\"text-align: justify;\">\u00a0<\/p>\n<p style=\"text-align: justify;\">Sie weisen eine \u00e4hnliche Struktur auf: ein Eingangsportal, ein \u00fcberdachter Eingangsbereich zwischen dem Portal und dem Innenhof. Dann folgt der Innenhof selbst, die Treppen und an deren Ende schlie\u00dflich die Wandelg\u00e4nge, bevor es ins Innere des Hauses geht.<\/p>\n<p style=\"text-align: justify;\">\u00a0<\/p>\n<p style=\"text-align: justify;\">In Mallorcas Glanzzeit standen diese H\u00e4user \u00fcber die ganze Stadt verteilt. Mit Abriss der Stadtmauern, der im 19. Jahrhundert begann, nahm eine urbane Transformation ihren Lauf, die schlie\u00dflich die Zukunft bestimmen sollte.<\/p>\n<p style=\"text-align: justify;\">\u00a0<\/p>\n<p><img loading=\"lazy\" decoding=\"async\" class=\"alignleft wp-image-7058\" style=\"border: 0px none; margin: 10px 0px; float: left;\" title=\"Mallorcas Innenh\u00f6fe der Herrenh\u00e4user in Palma\" src=\"https:\/\/www.masmallorca.es\/wp-content\/uploads\/2010\/08\/Patis-Mallorquins-4.jpg\" alt=\"Mallorcas Innenh\u00f6fe der Herrenh\u00e4user in Palma\" width=\"940\" height=\"355\" srcset=\"https:\/\/www.masmallorca.es\/wp-content\/uploads\/2010\/08\/Patis-Mallorquins-4.jpg 540w, https:\/\/www.masmallorca.es\/wp-content\/uploads\/2010\/08\/Patis-Mallorquins-4-300x113.jpg 300w\" sizes=\"(max-width: 940px) 100vw, 940px\" \/><\/p>\n","protected":false},"excerpt":{"rendered":"<p>Die Innenh\u00f6fe der Herrenh\u00e4user in Palma sind eines der charakteristischen Merkmale der Stadt. W\u00e4hrend heute die Erhaltung dieser H\u00e4user auf die Geschichte der Insel verweist und Mallorca zu einem in Spanien einzigartigen Beispiel macht, galten sie in ihrer Glanzzeit als Statussymbol und Machtbeweis.<\/p>\n","protected":false},"author":1,"featured_media":17796,"comment_status":"closed","ping_status":"closed","sticky":false,"template":"","format":"standard","meta":{"_et_pb_use_builder":"","_et_pb_old_content":"","_et_gb_content_width":"","footnotes":""},"categories":[20],"tags":[],"class_list":["post-7063","post","type-post","status-publish","format-standard","has-post-thumbnail","hentry","category-kultur","et-has-post-format-content","et_post_format-et-post-format-standard"],"yoast_head":"<!-- This site is optimized with the Yoast SEO plugin v27.4 - https:\/\/yoast.com\/product\/yoast-seo-wordpress\/ -->\n<title>Mallorcas Innenh\u00f6fe | +Mallorca, Mallorca magazin<\/title>\n<meta name=\"description\" content=\"+Mallorca, Kultur: Die Mallorcas Innenh\u00f6fe der Herrenh\u00e4user in Palma sind eines der charakteristischen Merkmale der Stadt. Balearen.\" \/>\n<meta name=\"robots\" content=\"index, follow, max-snippet:-1, max-image-preview:large, max-video-preview:-1\" \/>\n<link rel=\"canonical\" href=\"https:\/\/www.masmallorca.es\/de\/kultur\/mallorcas-innenhoefe.html\" \/>\n<meta property=\"og:locale\" content=\"de_DE\" \/>\n<meta property=\"og:type\" content=\"article\" \/>\n<meta property=\"og:title\" content=\"Mallorcas Innenh\u00f6fe | +Mallorca, Mallorca magazin\" \/>\n<meta property=\"og:description\" content=\"+Mallorca, Kultur: Die Mallorcas Innenh\u00f6fe der Herrenh\u00e4user in Palma sind eines der charakteristischen Merkmale der Stadt. Balearen.\" \/>\n<meta property=\"og:url\" content=\"https:\/\/www.masmallorca.es\/de\/kultur\/mallorcas-innenhoefe.html\" \/>\n<meta property=\"og:site_name\" content=\"+Mallorca: das Magazin aus Mallorca\" \/>\n<meta property=\"article:publisher\" content=\"https:\/\/www.facebook.com\/mallorcamagazine\/\" \/>\n<meta property=\"article:published_time\" content=\"2010-08-20T16:22:22+00:00\" \/>\n<meta property=\"article:modified_time\" content=\"2018-09-12T12:56:20+00:00\" \/>\n<meta property=\"og:image\" content=\"https:\/\/www.masmallorca.es\/wp-content\/uploads\/2017\/05\/Patios-mallorquines-Palma-Son-Vivot-calle-Can-Savella.jpg\" \/>\n\t<meta property=\"og:image:width\" content=\"940\" \/>\n\t<meta property=\"og:image:height\" content=\"341\" \/>\n\t<meta property=\"og:image:type\" content=\"image\/jpeg\" \/>\n<meta name=\"author\" content=\"masmallorca\" \/>\n<meta name=\"twitter:card\" content=\"summary_large_image\" \/>\n<meta name=\"twitter:creator\" content=\"@masmallorca\" \/>\n<meta name=\"twitter:site\" content=\"@masmallorca\" \/>\n<meta name=\"twitter:label1\" content=\"Verfasst von\" \/>\n\t<meta name=\"twitter:data1\" content=\"masmallorca\" \/>\n\t<meta name=\"twitter:label2\" content=\"Gesch\u00e4tzte Lesezeit\" \/>\n\t<meta name=\"twitter:data2\" content=\"1\u00a0Minute\" \/>\n<script type=\"application\/ld+json\" class=\"yoast-schema-graph\">{\"@context\":\"https:\\\/\\\/schema.org\",\"@graph\":[{\"@type\":\"Article\",\"@id\":\"https:\\\/\\\/www.masmallorca.es\\\/de\\\/kultur\\\/mallorcas-innenhoefe.html#article\",\"isPartOf\":{\"@id\":\"https:\\\/\\\/www.masmallorca.es\\\/de\\\/kultur\\\/mallorcas-innenhoefe.html\"},\"author\":{\"name\":\"masmallorca\",\"@id\":\"https:\\\/\\\/www.masmallorca.es\\\/de#\\\/schema\\\/person\\\/554c84e7dfd9917fdba2cace51081633\"},\"headline\":\"Mallorcas Innenh\u00f6fe\",\"datePublished\":\"2010-08-20T16:22:22+00:00\",\"dateModified\":\"2018-09-12T12:56:20+00:00\",\"mainEntityOfPage\":{\"@id\":\"https:\\\/\\\/www.masmallorca.es\\\/de\\\/kultur\\\/mallorcas-innenhoefe.html\"},\"wordCount\":163,\"publisher\":{\"@id\":\"https:\\\/\\\/www.masmallorca.es\\\/de#organization\"},\"image\":{\"@id\":\"https:\\\/\\\/www.masmallorca.es\\\/de\\\/kultur\\\/mallorcas-innenhoefe.html#primaryimage\"},\"thumbnailUrl\":\"https:\\\/\\\/www.masmallorca.es\\\/wp-content\\\/uploads\\\/2017\\\/05\\\/Patios-mallorquines-Palma-Son-Vivot-calle-Can-Savella.jpg\",\"articleSection\":[\"Kultur\"],\"inLanguage\":\"de\"},{\"@type\":\"WebPage\",\"@id\":\"https:\\\/\\\/www.masmallorca.es\\\/de\\\/kultur\\\/mallorcas-innenhoefe.html\",\"url\":\"https:\\\/\\\/www.masmallorca.es\\\/de\\\/kultur\\\/mallorcas-innenhoefe.html\",\"name\":\"Mallorcas Innenh\u00f6fe | +Mallorca, Mallorca magazin\",\"isPartOf\":{\"@id\":\"https:\\\/\\\/www.masmallorca.es\\\/de#website\"},\"primaryImageOfPage\":{\"@id\":\"https:\\\/\\\/www.masmallorca.es\\\/de\\\/kultur\\\/mallorcas-innenhoefe.html#primaryimage\"},\"image\":{\"@id\":\"https:\\\/\\\/www.masmallorca.es\\\/de\\\/kultur\\\/mallorcas-innenhoefe.html#primaryimage\"},\"thumbnailUrl\":\"https:\\\/\\\/www.masmallorca.es\\\/wp-content\\\/uploads\\\/2017\\\/05\\\/Patios-mallorquines-Palma-Son-Vivot-calle-Can-Savella.jpg\",\"datePublished\":\"2010-08-20T16:22:22+00:00\",\"dateModified\":\"2018-09-12T12:56:20+00:00\",\"description\":\"+Mallorca, Kultur: Die Mallorcas Innenh\u00f6fe der Herrenh\u00e4user in Palma sind eines der charakteristischen Merkmale der Stadt. Balearen.\",\"breadcrumb\":{\"@id\":\"https:\\\/\\\/www.masmallorca.es\\\/de\\\/kultur\\\/mallorcas-innenhoefe.html#breadcrumb\"},\"inLanguage\":\"de\",\"potentialAction\":[{\"@type\":\"ReadAction\",\"target\":[\"https:\\\/\\\/www.masmallorca.es\\\/de\\\/kultur\\\/mallorcas-innenhoefe.html\"]}]},{\"@type\":\"ImageObject\",\"inLanguage\":\"de\",\"@id\":\"https:\\\/\\\/www.masmallorca.es\\\/de\\\/kultur\\\/mallorcas-innenhoefe.html#primaryimage\",\"url\":\"https:\\\/\\\/www.masmallorca.es\\\/wp-content\\\/uploads\\\/2017\\\/05\\\/Patios-mallorquines-Palma-Son-Vivot-calle-Can-Savella.jpg\",\"contentUrl\":\"https:\\\/\\\/www.masmallorca.es\\\/wp-content\\\/uploads\\\/2017\\\/05\\\/Patios-mallorquines-Palma-Son-Vivot-calle-Can-Savella.jpg\",\"width\":940,\"height\":341},{\"@type\":\"BreadcrumbList\",\"@id\":\"https:\\\/\\\/www.masmallorca.es\\\/de\\\/kultur\\\/mallorcas-innenhoefe.html#breadcrumb\",\"itemListElement\":[{\"@type\":\"ListItem\",\"position\":1,\"name\":\"Portada\",\"item\":\"https:\\\/\\\/www.masmallorca.es\\\/de\"},{\"@type\":\"ListItem\",\"position\":2,\"name\":\"Kultur\",\"item\":\"https:\\\/\\\/www.masmallorca.es\\\/de\\\/kultur\"},{\"@type\":\"ListItem\",\"position\":3,\"name\":\"Mallorcas Innenh\u00f6fe\"}]},{\"@type\":\"WebSite\",\"@id\":\"https:\\\/\\\/www.masmallorca.es\\\/de#website\",\"url\":\"https:\\\/\\\/www.masmallorca.es\\\/de\",\"name\":\"+Mallorca: la revista de Mallorca\",\"description\":\"Mehr als Sonne und Strand..\",\"publisher\":{\"@id\":\"https:\\\/\\\/www.masmallorca.es\\\/de#organization\"},\"alternateName\":\"+Mallorca\",\"potentialAction\":[{\"@type\":\"SearchAction\",\"target\":{\"@type\":\"EntryPoint\",\"urlTemplate\":\"https:\\\/\\\/www.masmallorca.es\\\/de?s={search_term_string}\"},\"query-input\":{\"@type\":\"PropertyValueSpecification\",\"valueRequired\":true,\"valueName\":\"search_term_string\"}}],\"inLanguage\":\"de\"},{\"@type\":\"Organization\",\"@id\":\"https:\\\/\\\/www.masmallorca.es\\\/de#organization\",\"name\":\"+Mallorca Magazin\",\"alternateName\":\"M\u00e1s Mallorca\",\"url\":\"https:\\\/\\\/www.masmallorca.es\\\/de\",\"logo\":{\"@type\":\"ImageObject\",\"inLanguage\":\"de\",\"@id\":\"https:\\\/\\\/www.masmallorca.es\\\/de#\\\/schema\\\/logo\\\/image\\\/\",\"url\":\"https:\\\/\\\/www.masmallorca.es\\\/wp-content\\\/uploads\\\/2021\\\/04\\\/logomallorca-1.png\",\"contentUrl\":\"https:\\\/\\\/www.masmallorca.es\\\/wp-content\\\/uploads\\\/2021\\\/04\\\/logomallorca-1.png\",\"width\":326,\"height\":84,\"caption\":\"+Mallorca Magazin\"},\"image\":{\"@id\":\"https:\\\/\\\/www.masmallorca.es\\\/de#\\\/schema\\\/logo\\\/image\\\/\"},\"sameAs\":[\"https:\\\/\\\/www.facebook.com\\\/mallorcamagazine\\\/\",\"https:\\\/\\\/x.com\\\/masmallorca\"]},{\"@type\":\"Person\",\"@id\":\"https:\\\/\\\/www.masmallorca.es\\\/de#\\\/schema\\\/person\\\/554c84e7dfd9917fdba2cace51081633\",\"name\":\"masmallorca\"}]}<\/script>\n<!-- \/ Yoast SEO plugin. -->","yoast_head_json":{"title":"Mallorcas Innenh\u00f6fe | +Mallorca, Mallorca magazin","description":"+Mallorca, Kultur: Die Mallorcas Innenh\u00f6fe der Herrenh\u00e4user in Palma sind eines der charakteristischen Merkmale der Stadt. Balearen.","robots":{"index":"index","follow":"follow","max-snippet":"max-snippet:-1","max-image-preview":"max-image-preview:large","max-video-preview":"max-video-preview:-1"},"canonical":"https:\/\/www.masmallorca.es\/de\/kultur\/mallorcas-innenhoefe.html","og_locale":"de_DE","og_type":"article","og_title":"Mallorcas Innenh\u00f6fe | +Mallorca, Mallorca magazin","og_description":"+Mallorca, Kultur: Die Mallorcas Innenh\u00f6fe der Herrenh\u00e4user in Palma sind eines der charakteristischen Merkmale der Stadt. Balearen.","og_url":"https:\/\/www.masmallorca.es\/de\/kultur\/mallorcas-innenhoefe.html","og_site_name":"+Mallorca: das Magazin aus Mallorca","article_publisher":"https:\/\/www.facebook.com\/mallorcamagazine\/","article_published_time":"2010-08-20T16:22:22+00:00","article_modified_time":"2018-09-12T12:56:20+00:00","og_image":[{"width":940,"height":341,"url":"https:\/\/www.masmallorca.es\/wp-content\/uploads\/2017\/05\/Patios-mallorquines-Palma-Son-Vivot-calle-Can-Savella.jpg","type":"image\/jpeg"}],"author":"masmallorca","twitter_card":"summary_large_image","twitter_creator":"@masmallorca","twitter_site":"@masmallorca","twitter_misc":{"Verfasst von":"masmallorca","Gesch\u00e4tzte Lesezeit":"1\u00a0Minute"},"schema":{"@context":"https:\/\/schema.org","@graph":[{"@type":"Article","@id":"https:\/\/www.masmallorca.es\/de\/kultur\/mallorcas-innenhoefe.html#article","isPartOf":{"@id":"https:\/\/www.masmallorca.es\/de\/kultur\/mallorcas-innenhoefe.html"},"author":{"name":"masmallorca","@id":"https:\/\/www.masmallorca.es\/de#\/schema\/person\/554c84e7dfd9917fdba2cace51081633"},"headline":"Mallorcas Innenh\u00f6fe","datePublished":"2010-08-20T16:22:22+00:00","dateModified":"2018-09-12T12:56:20+00:00","mainEntityOfPage":{"@id":"https:\/\/www.masmallorca.es\/de\/kultur\/mallorcas-innenhoefe.html"},"wordCount":163,"publisher":{"@id":"https:\/\/www.masmallorca.es\/de#organization"},"image":{"@id":"https:\/\/www.masmallorca.es\/de\/kultur\/mallorcas-innenhoefe.html#primaryimage"},"thumbnailUrl":"https:\/\/www.masmallorca.es\/wp-content\/uploads\/2017\/05\/Patios-mallorquines-Palma-Son-Vivot-calle-Can-Savella.jpg","articleSection":["Kultur"],"inLanguage":"de"},{"@type":"WebPage","@id":"https:\/\/www.masmallorca.es\/de\/kultur\/mallorcas-innenhoefe.html","url":"https:\/\/www.masmallorca.es\/de\/kultur\/mallorcas-innenhoefe.html","name":"Mallorcas Innenh\u00f6fe | +Mallorca, Mallorca magazin","isPartOf":{"@id":"https:\/\/www.masmallorca.es\/de#website"},"primaryImageOfPage":{"@id":"https:\/\/www.masmallorca.es\/de\/kultur\/mallorcas-innenhoefe.html#primaryimage"},"image":{"@id":"https:\/\/www.masmallorca.es\/de\/kultur\/mallorcas-innenhoefe.html#primaryimage"},"thumbnailUrl":"https:\/\/www.masmallorca.es\/wp-content\/uploads\/2017\/05\/Patios-mallorquines-Palma-Son-Vivot-calle-Can-Savella.jpg","datePublished":"2010-08-20T16:22:22+00:00","dateModified":"2018-09-12T12:56:20+00:00","description":"+Mallorca, Kultur: Die Mallorcas Innenh\u00f6fe der Herrenh\u00e4user in Palma sind eines der charakteristischen Merkmale der Stadt. Balearen.","breadcrumb":{"@id":"https:\/\/www.masmallorca.es\/de\/kultur\/mallorcas-innenhoefe.html#breadcrumb"},"inLanguage":"de","potentialAction":[{"@type":"ReadAction","target":["https:\/\/www.masmallorca.es\/de\/kultur\/mallorcas-innenhoefe.html"]}]},{"@type":"ImageObject","inLanguage":"de","@id":"https:\/\/www.masmallorca.es\/de\/kultur\/mallorcas-innenhoefe.html#primaryimage","url":"https:\/\/www.masmallorca.es\/wp-content\/uploads\/2017\/05\/Patios-mallorquines-Palma-Son-Vivot-calle-Can-Savella.jpg","contentUrl":"https:\/\/www.masmallorca.es\/wp-content\/uploads\/2017\/05\/Patios-mallorquines-Palma-Son-Vivot-calle-Can-Savella.jpg","width":940,"height":341},{"@type":"BreadcrumbList","@id":"https:\/\/www.masmallorca.es\/de\/kultur\/mallorcas-innenhoefe.html#breadcrumb","itemListElement":[{"@type":"ListItem","position":1,"name":"Portada","item":"https:\/\/www.masmallorca.es\/de"},{"@type":"ListItem","position":2,"name":"Kultur","item":"https:\/\/www.masmallorca.es\/de\/kultur"},{"@type":"ListItem","position":3,"name":"Mallorcas Innenh\u00f6fe"}]},{"@type":"WebSite","@id":"https:\/\/www.masmallorca.es\/de#website","url":"https:\/\/www.masmallorca.es\/de","name":"+Mallorca: la revista de Mallorca","description":"Mehr als Sonne und Strand..","publisher":{"@id":"https:\/\/www.masmallorca.es\/de#organization"},"alternateName":"+Mallorca","potentialAction":[{"@type":"SearchAction","target":{"@type":"EntryPoint","urlTemplate":"https:\/\/www.masmallorca.es\/de?s={search_term_string}"},"query-input":{"@type":"PropertyValueSpecification","valueRequired":true,"valueName":"search_term_string"}}],"inLanguage":"de"},{"@type":"Organization","@id":"https:\/\/www.masmallorca.es\/de#organization","name":"+Mallorca Magazin","alternateName":"M\u00e1s Mallorca","url":"https:\/\/www.masmallorca.es\/de","logo":{"@type":"ImageObject","inLanguage":"de","@id":"https:\/\/www.masmallorca.es\/de#\/schema\/logo\/image\/","url":"https:\/\/www.masmallorca.es\/wp-content\/uploads\/2021\/04\/logomallorca-1.png","contentUrl":"https:\/\/www.masmallorca.es\/wp-content\/uploads\/2021\/04\/logomallorca-1.png","width":326,"height":84,"caption":"+Mallorca Magazin"},"image":{"@id":"https:\/\/www.masmallorca.es\/de#\/schema\/logo\/image\/"},"sameAs":["https:\/\/www.facebook.com\/mallorcamagazine\/","https:\/\/x.com\/masmallorca"]},{"@type":"Person","@id":"https:\/\/www.masmallorca.es\/de#\/schema\/person\/554c84e7dfd9917fdba2cace51081633","name":"masmallorca"}]}},"_links":{"self":[{"href":"https:\/\/www.masmallorca.es\/de\/wp-json\/wp\/v2\/posts\/7063","targetHints":{"allow":["GET"]}}],"collection":[{"href":"https:\/\/www.masmallorca.es\/de\/wp-json\/wp\/v2\/posts"}],"about":[{"href":"https:\/\/www.masmallorca.es\/de\/wp-json\/wp\/v2\/types\/post"}],"author":[{"embeddable":true,"href":"https:\/\/www.masmallorca.es\/de\/wp-json\/wp\/v2\/users\/1"}],"replies":[{"embeddable":true,"href":"https:\/\/www.masmallorca.es\/de\/wp-json\/wp\/v2\/comments?post=7063"}],"version-history":[{"count":0,"href":"https:\/\/www.masmallorca.es\/de\/wp-json\/wp\/v2\/posts\/7063\/revisions"}],"wp:featuredmedia":[{"embeddable":true,"href":"https:\/\/www.masmallorca.es\/de\/wp-json\/wp\/v2\/media\/17796"}],"wp:attachment":[{"href":"https:\/\/www.masmallorca.es\/de\/wp-json\/wp\/v2\/media?parent=7063"}],"wp:term":[{"taxonomy":"category","embeddable":true,"href":"https:\/\/www.masmallorca.es\/de\/wp-json\/wp\/v2\/categories?post=7063"},{"taxonomy":"post_tag","embeddable":true,"href":"https:\/\/www.masmallorca.es\/de\/wp-json\/wp\/v2\/tags?post=7063"}],"curies":[{"name":"wp","href":"https:\/\/api.w.org\/{rel}","templated":true}]}}