{"id":6577,"date":"2010-06-21T11:11:02","date_gmt":"2010-06-21T09:11:02","guid":{"rendered":"http:\/\/A"},"modified":"2017-09-21T20:24:54","modified_gmt":"2017-09-21T18:24:54","slug":"ausflug-cura","status":"publish","type":"post","link":"https:\/\/www.masmallorca.es\/de\/ausfluege\/ausflug-cura.html","title":{"rendered":"Ausflug: Cura"},"content":{"rendered":"<p style=\"text-align: justify;\"><img loading=\"lazy\" decoding=\"async\" class=\" alignright size-full wp-image-6552\" style=\"border: 0px none; margin: 0px 20px 40px; float: right;\" src=\"https:\/\/www.masmallorca.es\/wp-content\/uploads\/2010\/06\/cura-1.jpg\" alt=\"cura-1\" width=\"150\" height=\"106\" \/>AUSFLUG NACH PUIG DE RANDA UND ZUM KLOSTER \u201cMONASTERIO DE CURA\u201d<\/p>\n<p style=\"text-align: justify;\">Mitten im weiten Flachland von Mallorca befindet sich zwischen den Ortschaften Algaida und Llucmajor der Berg von Randa.<\/p>\n<p><!--more--><\/p>\n<p style=\"text-align: justify;\"><img loading=\"lazy\" decoding=\"async\" class=\" alignleft size-full wp-image-6557\" style=\"border: 0px none; margin: 10px 20px 20px 0px; float: left;\" title=\"Ausfl\u00fcge, Mallorca, Cura\" src=\"https:\/\/www.masmallorca.es\/wp-content\/uploads\/2010\/06\/cura-2.jpg\" alt=\"cura-2\" width=\"290\" height=\"222\" \/><strong><br \/>\n <\/strong><\/p>\n<p style=\"text-align: justify;\">Er liegt 548 m \u00fcber dem Meeresspiegel. Fr\u00fcher bescheinigten viele \u00c4rzte dem Klima auf diesem Berggipfel heilende Kr\u00e4fte, die Patienten mit Erkrankungen der Atemwege und Rheumabeschwerden zur Genesung verhelfen sollten &#8211; obwohl dies angesichts der dort herrschenden steifen Brise und des Nebels kaum zu glauben ist.<\/p>\n<p>&nbsp;<\/p>\n<p><strong>Die Route<\/strong><\/p>\n<p style=\"text-align: justify;\">Die Route kann zu Fu\u00df von Algaida aus begonnen werden. Auf einem Spaziergang an Castellitx vorbei sollte man unbedingt die Wallfahrtskapelle \u201eErmita de la Pau\u201d und den \u201ePredio de Albenya\u201d besuchen. Von hier aus geht es bergauf nach Cura. Der Gipfel des Berges Randa gibt eine Sicht auf die gesamte Tiefebene der Insel und die Bucht von Palma frei.<\/p>\n<p style=\"text-align: justify;\">Auf dem Abstieg nach Randa bietet sich ein Besuch der Kirchen Sant Honorat und der aus dem 15. Jahrhundert stammenden Betst\u00e4tte Nuestra Se\u00f1ora de Gracia an.<\/p>\n<p style=\"text-align: justify;\">Der R\u00fcckweg nach Algaida f\u00fchrt durch das malerische Dorf <a href=\"https:\/\/www.masmallorca.es\/ca\/llocs-amb-encant\/randa-2.html\" target=\"_blank\" rel=\"noopener\">Randa<\/a>. Dieser bedeutet einen 1 km langen Fu\u00dfmarsch. Wenn man jedoch mit dem Auto bis nach Randa f\u00e4hrt und dort die drei Gottesh\u00e4user besucht, verk\u00fcrzt sich die Wanderstrecke auf 6 km.<\/p>\n<p style=\"text-align: justify;\"><img loading=\"lazy\" decoding=\"async\" class=\" alignleft size-full wp-image-6562\" style=\"border: 0px none; margin: 10px 20px 20px 0px; float: left;\" title=\"Ausfl\u00fcge, Mallorca, Cura\" src=\"https:\/\/www.masmallorca.es\/wp-content\/uploads\/2010\/06\/cura-3.jpg\" alt=\"cura-3\" width=\"290\" height=\"224\" \/><strong>Nat\u00fcrliche Merkmale<\/strong><\/p>\n<p style=\"text-align: justify;\">Gebirgsmassiv mit mesophilem Geb\u00fcsch, Steineichenbest\u00e4nden und wilden \u00d6lb\u00e4umen. Gemeiner Turmfalke, Kr\u00e4hen, Grasm\u00fccken, Blaumerle, Schwarzkehlchen und im Winter Rotdrosseln und Rotkehlchen. Selten sieht man auch Roth\u00fchner. Zu den h\u00e4ufigsten S\u00e4ugetieren z\u00e4hlen Wiesel, Igel und Gartenschl\u00e4fer.<\/p>\n<p style=\"text-align: center;\"><img loading=\"lazy\" decoding=\"async\" class=\" size-full wp-image-6567\" style=\"border: 0px none; margin: 10px 0px 0px;\" src=\"https:\/\/www.masmallorca.es\/wp-content\/uploads\/2010\/06\/cura-4.jpg\" alt=\"cura-4\" width=\"540\" height=\"274\" srcset=\"https:\/\/www.masmallorca.es\/wp-content\/uploads\/2010\/06\/cura-4.jpg 540w, https:\/\/www.masmallorca.es\/wp-content\/uploads\/2010\/06\/cura-4-300x152.jpg 300w\" sizes=\"(max-width: 540px) 100vw, 540px\" \/><\/p>\n<p style=\"text-align: center;\"><img loading=\"lazy\" decoding=\"async\" class=\" size-full wp-image-6572\" style=\"border: 0px none; margin: 20px 0px 10px;\" src=\"https:\/\/www.masmallorca.es\/wp-content\/uploads\/2010\/06\/cura-mapa.jpg\" alt=\"cura-mapa\" width=\"540\" height=\"369\" srcset=\"https:\/\/www.masmallorca.es\/wp-content\/uploads\/2010\/06\/cura-mapa.jpg 540w, https:\/\/www.masmallorca.es\/wp-content\/uploads\/2010\/06\/cura-mapa-300x205.jpg 300w\" sizes=\"(max-width: 540px) 100vw, 540px\" \/><\/p>\n<p><img loading=\"lazy\" decoding=\"async\" class=\"size-full wp-image-2162 aligncenter\" src=\"https:\/\/www.masmallorca.es\/wp-content\/uploads\/2009\/10\/randa_4.jpg\" width=\"540\" height=\"215\" srcset=\"https:\/\/www.masmallorca.es\/wp-content\/uploads\/2009\/10\/randa_4.jpg 540w, https:\/\/www.masmallorca.es\/wp-content\/uploads\/2009\/10\/randa_4-300x119.jpg 300w\" sizes=\"(max-width: 540px) 100vw, 540px\" \/><\/p>\n","protected":false},"excerpt":{"rendered":"<p>AUSFLUG NACH PUIG DE RANDA UND ZUM KLOSTER \u201cMONASTERIO DE CURA\u201d Mitten im weiten Flachland von Mallorca befindet sich zwischen den Ortschaften Algaida und Llucmajor der Berg von Randa.<\/p>\n","protected":false},"author":1,"featured_media":6567,"comment_status":"closed","ping_status":"closed","sticky":false,"template":"","format":"standard","meta":{"_et_pb_use_builder":"","_et_pb_old_content":"","_et_gb_content_width":"","footnotes":""},"categories":[50],"tags":[],"class_list":["post-6577","post","type-post","status-publish","format-standard","has-post-thumbnail","hentry","category-ausfluege","et-has-post-format-content","et_post_format-et-post-format-standard"],"yoast_head":"<!-- This site is optimized with the Yoast SEO plugin v27.4 - https:\/\/yoast.com\/product\/yoast-seo-wordpress\/ -->\n<title>Ausflug: Cura | +Mallorca: das Magazin aus Mallorca<\/title>\n<meta name=\"robots\" content=\"index, follow, max-snippet:-1, max-image-preview:large, max-video-preview:-1\" \/>\n<link rel=\"canonical\" href=\"https:\/\/www.masmallorca.es\/de\/ausfluege\/ausflug-cura.html\" \/>\n<meta property=\"og:locale\" content=\"de_DE\" \/>\n<meta property=\"og:type\" content=\"article\" \/>\n<meta property=\"og:title\" content=\"Ausflug: Cura | +Mallorca: das Magazin aus Mallorca\" \/>\n<meta property=\"og:description\" content=\"AUSFLUG NACH PUIG DE RANDA UND ZUM KLOSTER \u201cMONASTERIO DE CURA\u201d Mitten im weiten Flachland von Mallorca befindet sich zwischen den Ortschaften Algaida und Llucmajor der Berg von Randa.\" \/>\n<meta property=\"og:url\" content=\"https:\/\/www.masmallorca.es\/de\/ausfluege\/ausflug-cura.html\" \/>\n<meta property=\"og:site_name\" content=\"+Mallorca: das Magazin aus Mallorca\" \/>\n<meta property=\"article:publisher\" content=\"https:\/\/www.facebook.com\/mallorcamagazine\/\" \/>\n<meta property=\"article:published_time\" content=\"2010-06-21T09:11:02+00:00\" \/>\n<meta property=\"article:modified_time\" content=\"2017-09-21T18:24:54+00:00\" \/>\n<meta property=\"og:image\" content=\"https:\/\/www.masmallorca.es\/wp-content\/uploads\/2010\/06\/cura-4.jpg\" \/>\n\t<meta property=\"og:image:width\" content=\"540\" \/>\n\t<meta property=\"og:image:height\" content=\"274\" \/>\n\t<meta property=\"og:image:type\" content=\"image\/jpeg\" \/>\n<meta name=\"author\" content=\"masmallorca\" \/>\n<meta name=\"twitter:card\" content=\"summary_large_image\" \/>\n<meta name=\"twitter:creator\" content=\"@masmallorca\" \/>\n<meta name=\"twitter:site\" content=\"@masmallorca\" \/>\n<meta name=\"twitter:label1\" content=\"Verfasst von\" \/>\n\t<meta name=\"twitter:data1\" content=\"masmallorca\" \/>\n\t<meta name=\"twitter:label2\" content=\"Gesch\u00e4tzte Lesezeit\" \/>\n\t<meta name=\"twitter:data2\" content=\"1\u00a0Minute\" \/>\n<script type=\"application\/ld+json\" class=\"yoast-schema-graph\">{\"@context\":\"https:\\\/\\\/schema.org\",\"@graph\":[{\"@type\":\"Article\",\"@id\":\"https:\\\/\\\/www.masmallorca.es\\\/de\\\/ausfluege\\\/ausflug-cura.html#article\",\"isPartOf\":{\"@id\":\"https:\\\/\\\/www.masmallorca.es\\\/de\\\/ausfluege\\\/ausflug-cura.html\"},\"author\":{\"name\":\"masmallorca\",\"@id\":\"https:\\\/\\\/www.masmallorca.es\\\/de#\\\/schema\\\/person\\\/554c84e7dfd9917fdba2cace51081633\"},\"headline\":\"Ausflug: Cura\",\"datePublished\":\"2010-06-21T09:11:02+00:00\",\"dateModified\":\"2017-09-21T18:24:54+00:00\",\"mainEntityOfPage\":{\"@id\":\"https:\\\/\\\/www.masmallorca.es\\\/de\\\/ausfluege\\\/ausflug-cura.html\"},\"wordCount\":258,\"publisher\":{\"@id\":\"https:\\\/\\\/www.masmallorca.es\\\/de#organization\"},\"image\":{\"@id\":\"https:\\\/\\\/www.masmallorca.es\\\/de\\\/ausfluege\\\/ausflug-cura.html#primaryimage\"},\"thumbnailUrl\":\"https:\\\/\\\/www.masmallorca.es\\\/wp-content\\\/uploads\\\/2010\\\/06\\\/cura-4.jpg\",\"articleSection\":[\"Ausfl\u00fcge\"],\"inLanguage\":\"de\"},{\"@type\":\"WebPage\",\"@id\":\"https:\\\/\\\/www.masmallorca.es\\\/de\\\/ausfluege\\\/ausflug-cura.html\",\"url\":\"https:\\\/\\\/www.masmallorca.es\\\/de\\\/ausfluege\\\/ausflug-cura.html\",\"name\":\"Ausflug: Cura | +Mallorca: das Magazin aus Mallorca\",\"isPartOf\":{\"@id\":\"https:\\\/\\\/www.masmallorca.es\\\/de#website\"},\"primaryImageOfPage\":{\"@id\":\"https:\\\/\\\/www.masmallorca.es\\\/de\\\/ausfluege\\\/ausflug-cura.html#primaryimage\"},\"image\":{\"@id\":\"https:\\\/\\\/www.masmallorca.es\\\/de\\\/ausfluege\\\/ausflug-cura.html#primaryimage\"},\"thumbnailUrl\":\"https:\\\/\\\/www.masmallorca.es\\\/wp-content\\\/uploads\\\/2010\\\/06\\\/cura-4.jpg\",\"datePublished\":\"2010-06-21T09:11:02+00:00\",\"dateModified\":\"2017-09-21T18:24:54+00:00\",\"breadcrumb\":{\"@id\":\"https:\\\/\\\/www.masmallorca.es\\\/de\\\/ausfluege\\\/ausflug-cura.html#breadcrumb\"},\"inLanguage\":\"de\",\"potentialAction\":[{\"@type\":\"ReadAction\",\"target\":[\"https:\\\/\\\/www.masmallorca.es\\\/de\\\/ausfluege\\\/ausflug-cura.html\"]}]},{\"@type\":\"ImageObject\",\"inLanguage\":\"de\",\"@id\":\"https:\\\/\\\/www.masmallorca.es\\\/de\\\/ausfluege\\\/ausflug-cura.html#primaryimage\",\"url\":\"https:\\\/\\\/www.masmallorca.es\\\/wp-content\\\/uploads\\\/2010\\\/06\\\/cura-4.jpg\",\"contentUrl\":\"https:\\\/\\\/www.masmallorca.es\\\/wp-content\\\/uploads\\\/2010\\\/06\\\/cura-4.jpg\",\"width\":540,\"height\":274,\"caption\":\"Cicloturismo en Mallorca, ruta: 4 Ermitas\"},{\"@type\":\"BreadcrumbList\",\"@id\":\"https:\\\/\\\/www.masmallorca.es\\\/de\\\/ausfluege\\\/ausflug-cura.html#breadcrumb\",\"itemListElement\":[{\"@type\":\"ListItem\",\"position\":1,\"name\":\"Portada\",\"item\":\"https:\\\/\\\/www.masmallorca.es\\\/de\"},{\"@type\":\"ListItem\",\"position\":2,\"name\":\"Ausfl\u00fcge\",\"item\":\"https:\\\/\\\/www.masmallorca.es\\\/de\\\/ausfluege\"},{\"@type\":\"ListItem\",\"position\":3,\"name\":\"Ausflug: Cura\"}]},{\"@type\":\"WebSite\",\"@id\":\"https:\\\/\\\/www.masmallorca.es\\\/de#website\",\"url\":\"https:\\\/\\\/www.masmallorca.es\\\/de\",\"name\":\"+Mallorca: la revista de Mallorca\",\"description\":\"Mehr als Sonne und Strand..\",\"publisher\":{\"@id\":\"https:\\\/\\\/www.masmallorca.es\\\/de#organization\"},\"alternateName\":\"+Mallorca\",\"potentialAction\":[{\"@type\":\"SearchAction\",\"target\":{\"@type\":\"EntryPoint\",\"urlTemplate\":\"https:\\\/\\\/www.masmallorca.es\\\/de?s={search_term_string}\"},\"query-input\":{\"@type\":\"PropertyValueSpecification\",\"valueRequired\":true,\"valueName\":\"search_term_string\"}}],\"inLanguage\":\"de\"},{\"@type\":\"Organization\",\"@id\":\"https:\\\/\\\/www.masmallorca.es\\\/de#organization\",\"name\":\"+Mallorca Magazin\",\"alternateName\":\"M\u00e1s Mallorca\",\"url\":\"https:\\\/\\\/www.masmallorca.es\\\/de\",\"logo\":{\"@type\":\"ImageObject\",\"inLanguage\":\"de\",\"@id\":\"https:\\\/\\\/www.masmallorca.es\\\/de#\\\/schema\\\/logo\\\/image\\\/\",\"url\":\"https:\\\/\\\/www.masmallorca.es\\\/wp-content\\\/uploads\\\/2021\\\/04\\\/logomallorca-1.png\",\"contentUrl\":\"https:\\\/\\\/www.masmallorca.es\\\/wp-content\\\/uploads\\\/2021\\\/04\\\/logomallorca-1.png\",\"width\":326,\"height\":84,\"caption\":\"+Mallorca Magazin\"},\"image\":{\"@id\":\"https:\\\/\\\/www.masmallorca.es\\\/de#\\\/schema\\\/logo\\\/image\\\/\"},\"sameAs\":[\"https:\\\/\\\/www.facebook.com\\\/mallorcamagazine\\\/\",\"https:\\\/\\\/x.com\\\/masmallorca\"]},{\"@type\":\"Person\",\"@id\":\"https:\\\/\\\/www.masmallorca.es\\\/de#\\\/schema\\\/person\\\/554c84e7dfd9917fdba2cace51081633\",\"name\":\"masmallorca\"}]}<\/script>\n<!-- \/ Yoast SEO plugin. -->","yoast_head_json":{"title":"Ausflug: Cura | +Mallorca: das Magazin aus Mallorca","robots":{"index":"index","follow":"follow","max-snippet":"max-snippet:-1","max-image-preview":"max-image-preview:large","max-video-preview":"max-video-preview:-1"},"canonical":"https:\/\/www.masmallorca.es\/de\/ausfluege\/ausflug-cura.html","og_locale":"de_DE","og_type":"article","og_title":"Ausflug: Cura | +Mallorca: das Magazin aus Mallorca","og_description":"AUSFLUG NACH PUIG DE RANDA UND ZUM KLOSTER \u201cMONASTERIO DE CURA\u201d Mitten im weiten Flachland von Mallorca befindet sich zwischen den Ortschaften Algaida und Llucmajor der Berg von Randa.","og_url":"https:\/\/www.masmallorca.es\/de\/ausfluege\/ausflug-cura.html","og_site_name":"+Mallorca: das Magazin aus Mallorca","article_publisher":"https:\/\/www.facebook.com\/mallorcamagazine\/","article_published_time":"2010-06-21T09:11:02+00:00","article_modified_time":"2017-09-21T18:24:54+00:00","og_image":[{"width":540,"height":274,"url":"https:\/\/www.masmallorca.es\/wp-content\/uploads\/2010\/06\/cura-4.jpg","type":"image\/jpeg"}],"author":"masmallorca","twitter_card":"summary_large_image","twitter_creator":"@masmallorca","twitter_site":"@masmallorca","twitter_misc":{"Verfasst von":"masmallorca","Gesch\u00e4tzte Lesezeit":"1\u00a0Minute"},"schema":{"@context":"https:\/\/schema.org","@graph":[{"@type":"Article","@id":"https:\/\/www.masmallorca.es\/de\/ausfluege\/ausflug-cura.html#article","isPartOf":{"@id":"https:\/\/www.masmallorca.es\/de\/ausfluege\/ausflug-cura.html"},"author":{"name":"masmallorca","@id":"https:\/\/www.masmallorca.es\/de#\/schema\/person\/554c84e7dfd9917fdba2cace51081633"},"headline":"Ausflug: Cura","datePublished":"2010-06-21T09:11:02+00:00","dateModified":"2017-09-21T18:24:54+00:00","mainEntityOfPage":{"@id":"https:\/\/www.masmallorca.es\/de\/ausfluege\/ausflug-cura.html"},"wordCount":258,"publisher":{"@id":"https:\/\/www.masmallorca.es\/de#organization"},"image":{"@id":"https:\/\/www.masmallorca.es\/de\/ausfluege\/ausflug-cura.html#primaryimage"},"thumbnailUrl":"https:\/\/www.masmallorca.es\/wp-content\/uploads\/2010\/06\/cura-4.jpg","articleSection":["Ausfl\u00fcge"],"inLanguage":"de"},{"@type":"WebPage","@id":"https:\/\/www.masmallorca.es\/de\/ausfluege\/ausflug-cura.html","url":"https:\/\/www.masmallorca.es\/de\/ausfluege\/ausflug-cura.html","name":"Ausflug: Cura | +Mallorca: das Magazin aus Mallorca","isPartOf":{"@id":"https:\/\/www.masmallorca.es\/de#website"},"primaryImageOfPage":{"@id":"https:\/\/www.masmallorca.es\/de\/ausfluege\/ausflug-cura.html#primaryimage"},"image":{"@id":"https:\/\/www.masmallorca.es\/de\/ausfluege\/ausflug-cura.html#primaryimage"},"thumbnailUrl":"https:\/\/www.masmallorca.es\/wp-content\/uploads\/2010\/06\/cura-4.jpg","datePublished":"2010-06-21T09:11:02+00:00","dateModified":"2017-09-21T18:24:54+00:00","breadcrumb":{"@id":"https:\/\/www.masmallorca.es\/de\/ausfluege\/ausflug-cura.html#breadcrumb"},"inLanguage":"de","potentialAction":[{"@type":"ReadAction","target":["https:\/\/www.masmallorca.es\/de\/ausfluege\/ausflug-cura.html"]}]},{"@type":"ImageObject","inLanguage":"de","@id":"https:\/\/www.masmallorca.es\/de\/ausfluege\/ausflug-cura.html#primaryimage","url":"https:\/\/www.masmallorca.es\/wp-content\/uploads\/2010\/06\/cura-4.jpg","contentUrl":"https:\/\/www.masmallorca.es\/wp-content\/uploads\/2010\/06\/cura-4.jpg","width":540,"height":274,"caption":"Cicloturismo en Mallorca, ruta: 4 Ermitas"},{"@type":"BreadcrumbList","@id":"https:\/\/www.masmallorca.es\/de\/ausfluege\/ausflug-cura.html#breadcrumb","itemListElement":[{"@type":"ListItem","position":1,"name":"Portada","item":"https:\/\/www.masmallorca.es\/de"},{"@type":"ListItem","position":2,"name":"Ausfl\u00fcge","item":"https:\/\/www.masmallorca.es\/de\/ausfluege"},{"@type":"ListItem","position":3,"name":"Ausflug: Cura"}]},{"@type":"WebSite","@id":"https:\/\/www.masmallorca.es\/de#website","url":"https:\/\/www.masmallorca.es\/de","name":"+Mallorca: la revista de Mallorca","description":"Mehr als Sonne und Strand..","publisher":{"@id":"https:\/\/www.masmallorca.es\/de#organization"},"alternateName":"+Mallorca","potentialAction":[{"@type":"SearchAction","target":{"@type":"EntryPoint","urlTemplate":"https:\/\/www.masmallorca.es\/de?s={search_term_string}"},"query-input":{"@type":"PropertyValueSpecification","valueRequired":true,"valueName":"search_term_string"}}],"inLanguage":"de"},{"@type":"Organization","@id":"https:\/\/www.masmallorca.es\/de#organization","name":"+Mallorca Magazin","alternateName":"M\u00e1s Mallorca","url":"https:\/\/www.masmallorca.es\/de","logo":{"@type":"ImageObject","inLanguage":"de","@id":"https:\/\/www.masmallorca.es\/de#\/schema\/logo\/image\/","url":"https:\/\/www.masmallorca.es\/wp-content\/uploads\/2021\/04\/logomallorca-1.png","contentUrl":"https:\/\/www.masmallorca.es\/wp-content\/uploads\/2021\/04\/logomallorca-1.png","width":326,"height":84,"caption":"+Mallorca Magazin"},"image":{"@id":"https:\/\/www.masmallorca.es\/de#\/schema\/logo\/image\/"},"sameAs":["https:\/\/www.facebook.com\/mallorcamagazine\/","https:\/\/x.com\/masmallorca"]},{"@type":"Person","@id":"https:\/\/www.masmallorca.es\/de#\/schema\/person\/554c84e7dfd9917fdba2cace51081633","name":"masmallorca"}]}},"_links":{"self":[{"href":"https:\/\/www.masmallorca.es\/de\/wp-json\/wp\/v2\/posts\/6577","targetHints":{"allow":["GET"]}}],"collection":[{"href":"https:\/\/www.masmallorca.es\/de\/wp-json\/wp\/v2\/posts"}],"about":[{"href":"https:\/\/www.masmallorca.es\/de\/wp-json\/wp\/v2\/types\/post"}],"author":[{"embeddable":true,"href":"https:\/\/www.masmallorca.es\/de\/wp-json\/wp\/v2\/users\/1"}],"replies":[{"embeddable":true,"href":"https:\/\/www.masmallorca.es\/de\/wp-json\/wp\/v2\/comments?post=6577"}],"version-history":[{"count":0,"href":"https:\/\/www.masmallorca.es\/de\/wp-json\/wp\/v2\/posts\/6577\/revisions"}],"wp:featuredmedia":[{"embeddable":true,"href":"https:\/\/www.masmallorca.es\/de\/wp-json\/wp\/v2\/media\/6567"}],"wp:attachment":[{"href":"https:\/\/www.masmallorca.es\/de\/wp-json\/wp\/v2\/media?parent=6577"}],"wp:term":[{"taxonomy":"category","embeddable":true,"href":"https:\/\/www.masmallorca.es\/de\/wp-json\/wp\/v2\/categories?post=6577"},{"taxonomy":"post_tag","embeddable":true,"href":"https:\/\/www.masmallorca.es\/de\/wp-json\/wp\/v2\/tags?post=6577"}],"curies":[{"name":"wp","href":"https:\/\/api.w.org\/{rel}","templated":true}]}}