{"id":5685,"date":"2010-05-10T10:37:39","date_gmt":"2010-05-10T08:37:39","guid":{"rendered":"https:\/\/www.masmallorca.es\/de\/kultur\/typisches-produkt-von-mallorca-die-siurell.html"},"modified":"2018-09-19T18:40:49","modified_gmt":"2018-09-19T16:40:49","slug":"typisches-produkt-von-mallorca-die-siurell","status":"publish","type":"post","link":"https:\/\/www.masmallorca.es\/de\/kultur\/typisches-produkt-von-mallorca-die-siurell.html","title":{"rendered":"Typisches Produkt von Mallorca: Die Siurell"},"content":{"rendered":"<p style=\"text-align: justify;\"><img loading=\"lazy\" decoding=\"async\" class=\"alignright wp-image-5648 size-full\" style=\"border: 0px none; margin: 0px 20px 20px; float: right;\" title=\"Typisches Produkt von Mallorca: Die Siurell\" src=\"https:\/\/www.masmallorca.es\/wp-content\/uploads\/2010\/05\/SIURELL-1.jpg\" alt=\"Typisches Produkt von Mallorca: Die Siurell\" width=\"150\" height=\"100\" \/>Wenn das kam aus Siurell Figur, haben zu dieser kleinen Fl\u00f6te magische Kr\u00e4fte zugeschrieben. Die Winde von Mallorca, Gregal, Llevant Migjorn Xaloc Llebeig, Ponent, Mistral und Tramontana, manchmal mit Angst infundiert. F\u00fcr die Bewohner waren unkontrollierbare Kr\u00e4fte der Natur, auf die sie ohne Abhilfe ausgesetzt und unter Verwendung der Siurell pfeift als eine Art Totem des st\u00fcrmischen Winden.<\/p>\n<p><!--more--><\/p>\n<p><img loading=\"lazy\" decoding=\"async\" class=\"alignleft wp-image-5680 size-full\" style=\"border: 0px none; margin: 10px 20px 5px 0px; float: left;\" title=\"Typisches Produkt von Mallorca: Die Siurell\" src=\"https:\/\/www.masmallorca.es\/wp-content\/uploads\/2010\/05\/SIURELL-2.jpg\" alt=\"Typisches Produkt von Mallorca: Die Siurell\" width=\"300\" height=\"484\" srcset=\"https:\/\/www.masmallorca.es\/wp-content\/uploads\/2010\/05\/SIURELL-2.jpg 300w, https:\/\/www.masmallorca.es\/wp-content\/uploads\/2010\/05\/SIURELL-2-186x300.jpg 186w\" sizes=\"(max-width: 300px) 100vw, 300px\" \/><\/p>\n<p>&nbsp;<\/p>\n<p style=\"text-align: justify;\"><strong>Geschichte<\/strong><\/p>\n<p style=\"text-align: justify;\">Ihr Ursprung geht auf die Antike zur\u00fcck. Einige denken, es stammt aus einer alten Spielzeug Arabisch.<\/p>\n<p style=\"text-align: justify;\">Auf Mallorca die popul\u00e4re Meinung ist, dass die Ph\u00f6nizier, importiert es sind \u00e4hnliche Formen in Sardinien, Ibiza und Kreta.<\/p>\n<p style=\"text-align: justify;\">\u00c4hnliche Formen von Kreta sind im Museum Hiraclion aus den Ausgrabungen des Palastes von Knossos.<\/p>\n<p style=\"text-align: justify;\">Es ist auch gedacht, dass kann von den Griechen viele Jahrhunderte vor Christus.<\/p>\n<p style=\"text-align: justify;\">Siurells sind ein Mysterium. Sie wissen nicht, Ihr Alter, nicht ihre Bedeutung oder Herkunft.<\/p>\n<p style=\"text-align: justify;\">Einige denken, es ist nur ein Spielzeug, sondern auch denken, Sie k\u00f6nnen einen religi\u00f6sen Wert haben.<\/p>\n<p style=\"text-align: justify;\">Einige \u00dcberschneidungen und Gemeinsamkeiten verbinden Sie mit der Arch\u00e4ologie Kreta, Zypern, Griechenland, Sardinien.<\/p>\n<p><img loading=\"lazy\" decoding=\"async\" class=\"alignleft wp-image-5637 size-full\" style=\"border: 0px none; margin: 10px 20px 5px 0px; float: left;\" title=\"Typisches Produkt von Mallorca: Die Siurell\" src=\"https:\/\/www.masmallorca.es\/wp-content\/uploads\/2010\/05\/SIURELL-3.jpg\" alt=\"Typisches Produkt von Mallorca: Die Siurell\" width=\"300\" height=\"315\" srcset=\"https:\/\/www.masmallorca.es\/wp-content\/uploads\/2010\/05\/SIURELL-3.jpg 300w, https:\/\/www.masmallorca.es\/wp-content\/uploads\/2010\/05\/SIURELL-3-286x300.jpg 286w\" sizes=\"(max-width: 300px) 100vw, 300px\" \/><\/p>\n<p style=\"text-align: justify;\">In Segovia gibt es \u00e4hnliche Figuren mit Pfeife, sondern zeigt auch Merkmale Siurell mallorquinischen Volkst\u00e4nze.<\/p>\n<p style=\"text-align: justify;\">Moderne Entdeckungen Siurell stellen den Hintergrund auf dem zw\u00f6lften Jahrhundert.<\/p>\n<p style=\"text-align: justify;\">Tatsache ist, dass viele Forscher sind f\u00fcr den wahren Ursprung des Siurell suchen, sondern haben nur Hypothese ohne zu einem definitiven Abschluss.<\/p>\n<p style=\"text-align: justify;\"><strong>Manufacturing<\/strong><\/p>\n<p style=\"text-align: justify;\">Die Siurell ein St\u00fcck Ton wird \u00fcber einen Sockel gestellt, mit einer Trillerpfeife, und wei\u00df lackiert mit <strong>gr\u00fcnen<\/strong> und <strong>roten<\/strong> Pinselstrichen. Es beginnt mit der Modellierung der verschiedenen Teile des St\u00fcckes zu einem anderen hinzugef\u00fcgt werden mit einem Feuerzeug Schlamm soll llamuga. Nach der Erstellung der Pfiff, der Eckpfeiler der Siurell da es benannt ist.<br \/>\nWenn gekocht, ein Bad nehmen von Kalk. Unten ist mit Spritzern von gr\u00fcn und rot bemalt.<\/p>\n<h1 style=\"text-align: center;\"><span style=\"font-size: 12pt;\"><a title=\"kaufen Siurells\" href=\"https:\/\/www.mallorcashop.net\/de\/6-mallorquinischen-siurell\" target=\"_blank\" rel=\"noopener noreferrer\">kaufen Siurells<\/a><\/span><\/h1>\n<p><img loading=\"lazy\" decoding=\"async\" class=\"aligncenter\" title=\"Typisches Produkt von Mallorca: Die Siurell\" src=\"https:\/\/www.masmallorca.es\/wp-content\/uploads\/2010\/05\/SIURELL-4.jpg\" alt=\"Typisches Produkt von Mallorca: Die Siurell\" width=\"940\" height=\"458\" \/><\/p>\n","protected":false},"excerpt":{"rendered":"<p>Wenn das kam aus Siurell Figur, haben zu dieser kleinen Fl\u00f6te magische Kr\u00e4fte zugeschrieben. Die Winde von Mallorca, Gregal, Llevant Migjorn Xaloc Llebeig, Ponent, Mistral und Tramontana, manchmal mit Angst infundiert. F\u00fcr die Bewohner waren unkontrollierbare Kr\u00e4fte der Natur, auf die sie ohne Abhilfe ausgesetzt und unter Verwendung der Siurell pfeift als eine Art Totem [&hellip;]<\/p>\n","protected":false},"author":1,"featured_media":5677,"comment_status":"closed","ping_status":"closed","sticky":false,"template":"","format":"standard","meta":{"_et_pb_use_builder":"off","_et_pb_old_content":"<p style=\"text-align: justify;\"><img class=\" alignright size-full wp-image-5627\" style=\"border: 0px none; margin: 0px 20px 20px; float: right;\" src=\"https:\/\/www.masmallorca.es\/wp-content\/uploads\/2010\/05\/SIURELL-1.jpg\" alt=\"Siurell\" width=\"150\" \/>Cuando fuera que surgi\u00f3 la figurilla del Siurell, se han atribuido a esta peque\u00f1a flauta fuerzas m\u00e1gicas. Los vientos de Mallorca, Gregal, Llevant, Xaloc, Migjorn, Llebeig, Ponent, Mestral y Tramuntana, infund\u00edan algunas veces gran temor. Para sus habitantes eran fuerzas incontrolables de la naturaleza a las que estaban expuestos sin remedio, y empleaban los silbidos del Siurell como un tipo de t\u00f3tem ante los vientos tempestuosos.<\/p>\r\n<!--more-->\r\n\r\n<img class=\" alignleft size-full wp-image-5632\" style=\"border: 0px none; margin: 10px 20px 5px 0px; float: left;\" src=\"https:\/\/www.masmallorca.es\/wp-content\/uploads\/2010\/05\/SIURELL-2.jpg\" alt=\"Siurell\" width=\"300\" height=\"484\" \/>\r\n\r\n\u00a0\r\n<p style=\"text-align: justify;\"><strong>Historia<\/strong><\/p>\r\n<p style=\"text-align: justify;\">Su origen se remonta a \u00e9pocas ancestrales. Hay qui\u00e9n piensa que viene de un antiguo juguete \u00e1rabe. En Mallorca la opini\u00f3n popular es que los fenicios los importaron, tambi\u00e9n hay formas similares en Cerde\u00f1a, Eivissa y Creta. Las formas similares de Creta se encuentran en el museo de Hiraclion procedentes de unas excavaciones del Palacio de Knossos.\r\nTambi\u00e9n se piensa que pueden venir de los griegos muchos siglos antes de Jesucristo.<\/p>\r\n<p style=\"text-align: justify;\">\r\nLos Siurells son un misterio. No se sabe cual es su antig\u00fcedad, ni su significado ni su origen. Hay qui\u00e9n piensa que s\u00f3lo es un juguete pero tambi\u00e9n se piensa que puede tener un valor religioso. Algunas coincidencias y similitudes lo enlazan con la arqueolog\u00eda de Creta, chipriota, griega, sarda.<\/p>\r\n<img class=\" alignleft size-full wp-image-5637\" style=\"border: 0px none; margin: 10px 20px 5px 0px; float: left;\" src=\"https:\/\/www.masmallorca.es\/wp-content\/uploads\/2010\/05\/SIURELL-3.jpg\" alt=\"Siurell\" width=\"300\" \/>\r\n<p style=\"text-align: justify;\"><\/p>\r\n<p style=\"text-align: justify;\">En Segovia hay figuras similares tambi\u00e9n con silbato pero el Siurell manifiesta caracter\u00edsticas con danzas folcl\u00f3ricas mallorquinas.<\/p>\r\n<p style=\"text-align: justify;\"><\/p>\r\n<p style=\"text-align: justify;\">Descubrimientos modernos ponen los antecedentes del Siurell sobre el siglo doce. El caso es que muchos investigadores est\u00e1n buscando el verdadero origen del Siurell pero s\u00f3lo tienen hip\u00f3tesis sin llegar a ninguna conclusi\u00f3n definitiva.<\/p>\r\n<p style=\"text-align: justify;\">\r\n<strong>Fabricaci\u00f3n<\/strong><\/p>\r\n<p style=\"text-align: justify;\">El Siurell es una pieza de barro puesta encima una peana, con un silbato, de color blanco y pintada con pinceladas verdes y rojas. Se empieza por modelar las diferentes partes de la pieza que se a\u00f1aden una a otra con un barro m\u00e1s claro que se dice llamuga. Despu\u00e9s se confecciona el silbato, la pieza fundamental del siurell puesto que le da el nombre.\r\nCuando est\u00e1 cocida se da un ba\u00f1o de cal. A continuaci\u00f3n se pinta con pinceladas de color verde y rojo.<\/p>\r\n<p style=\"text-align: center;\"><a title=\"Siurell de Mallorca\" href=\"http:\/\/www.mallorcashop.net\/es\/6-siurell-de-mallorca\" target=\"_blank\" rel=\"noopener noreferrer\">Comprar Siurells<\/a><\/p>\r\n<img class=\" alignleft size-full wp-image-5642\" style=\"border: 0px none; margin: 10px 0px; float: left;\" src=\"https:\/\/www.masmallorca.es\/wp-content\/uploads\/2010\/05\/SIURELL-4.jpg\" alt=\"Siurell\" width=\"540\" height=\"263\" \/>","_et_gb_content_width":"","footnotes":""},"categories":[20],"tags":[],"class_list":["post-5685","post","type-post","status-publish","format-standard","has-post-thumbnail","hentry","category-kultur","et-has-post-format-content","et_post_format-et-post-format-standard"],"yoast_head":"<!-- This site is optimized with the Yoast SEO plugin v27.4 - https:\/\/yoast.com\/product\/yoast-seo-wordpress\/ -->\n<title>Typisches Produkt von Mallorca: Die Siurell | +Mallorca, Mallorca Magazin<\/title>\n<meta name=\"description\" content=\"Kultur: Die Siurell ein St\u00fcck Ton wird \u00fcber einen Sockel gestellt, mit einer Trillerpfeife, und wei\u00df lackiert mit gr\u00fcnen und roten Pinselstrichen. Siurells.\" \/>\n<meta name=\"robots\" content=\"index, follow, max-snippet:-1, max-image-preview:large, max-video-preview:-1\" \/>\n<link rel=\"canonical\" href=\"https:\/\/www.masmallorca.es\/de\/kultur\/typisches-produkt-von-mallorca-die-siurell.html\" \/>\n<meta property=\"og:locale\" content=\"de_DE\" \/>\n<meta property=\"og:type\" content=\"article\" \/>\n<meta property=\"og:title\" content=\"Typisches Produkt von Mallorca: Die Siurell | +Mallorca, Mallorca Magazin\" \/>\n<meta property=\"og:description\" content=\"Kultur: Die Siurell ein St\u00fcck Ton wird \u00fcber einen Sockel gestellt, mit einer Trillerpfeife, und wei\u00df lackiert mit gr\u00fcnen und roten Pinselstrichen. Siurells.\" \/>\n<meta property=\"og:url\" content=\"https:\/\/www.masmallorca.es\/de\/kultur\/typisches-produkt-von-mallorca-die-siurell.html\" \/>\n<meta property=\"og:site_name\" content=\"+Mallorca: das Magazin aus Mallorca\" \/>\n<meta property=\"article:publisher\" content=\"https:\/\/www.facebook.com\/mallorcamagazine\/\" \/>\n<meta property=\"article:published_time\" content=\"2010-05-10T08:37:39+00:00\" \/>\n<meta property=\"article:modified_time\" content=\"2018-09-19T16:40:49+00:00\" \/>\n<meta property=\"og:image\" content=\"https:\/\/www.masmallorca.es\/wp-content\/uploads\/2010\/05\/SIURELL-4.jpg\" \/>\n\t<meta property=\"og:image:width\" content=\"540\" \/>\n\t<meta property=\"og:image:height\" content=\"263\" \/>\n\t<meta property=\"og:image:type\" content=\"image\/jpeg\" \/>\n<meta name=\"author\" content=\"masmallorca\" \/>\n<meta name=\"twitter:card\" content=\"summary_large_image\" \/>\n<meta name=\"twitter:creator\" content=\"@masmallorca\" \/>\n<meta name=\"twitter:site\" content=\"@masmallorca\" \/>\n<meta name=\"twitter:label1\" content=\"Verfasst von\" \/>\n\t<meta name=\"twitter:data1\" content=\"masmallorca\" \/>\n\t<meta name=\"twitter:label2\" content=\"Gesch\u00e4tzte Lesezeit\" \/>\n\t<meta name=\"twitter:data2\" content=\"2\u00a0Minuten\" \/>\n<script type=\"application\/ld+json\" class=\"yoast-schema-graph\">{\"@context\":\"https:\\\/\\\/schema.org\",\"@graph\":[{\"@type\":\"Article\",\"@id\":\"https:\\\/\\\/www.masmallorca.es\\\/de\\\/kultur\\\/typisches-produkt-von-mallorca-die-siurell.html#article\",\"isPartOf\":{\"@id\":\"https:\\\/\\\/www.masmallorca.es\\\/de\\\/kultur\\\/typisches-produkt-von-mallorca-die-siurell.html\"},\"author\":{\"name\":\"masmallorca\",\"@id\":\"https:\\\/\\\/www.masmallorca.es\\\/de#\\\/schema\\\/person\\\/554c84e7dfd9917fdba2cace51081633\"},\"headline\":\"Typisches Produkt von Mallorca: Die Siurell\",\"datePublished\":\"2010-05-10T08:37:39+00:00\",\"dateModified\":\"2018-09-19T16:40:49+00:00\",\"mainEntityOfPage\":{\"@id\":\"https:\\\/\\\/www.masmallorca.es\\\/de\\\/kultur\\\/typisches-produkt-von-mallorca-die-siurell.html\"},\"wordCount\":312,\"publisher\":{\"@id\":\"https:\\\/\\\/www.masmallorca.es\\\/de#organization\"},\"image\":{\"@id\":\"https:\\\/\\\/www.masmallorca.es\\\/de\\\/kultur\\\/typisches-produkt-von-mallorca-die-siurell.html#primaryimage\"},\"thumbnailUrl\":\"https:\\\/\\\/www.masmallorca.es\\\/wp-content\\\/uploads\\\/2010\\\/05\\\/SIURELL-4.jpg\",\"articleSection\":[\"Kultur\"],\"inLanguage\":\"de\"},{\"@type\":\"WebPage\",\"@id\":\"https:\\\/\\\/www.masmallorca.es\\\/de\\\/kultur\\\/typisches-produkt-von-mallorca-die-siurell.html\",\"url\":\"https:\\\/\\\/www.masmallorca.es\\\/de\\\/kultur\\\/typisches-produkt-von-mallorca-die-siurell.html\",\"name\":\"Typisches Produkt von Mallorca: Die Siurell | +Mallorca, Mallorca Magazin\",\"isPartOf\":{\"@id\":\"https:\\\/\\\/www.masmallorca.es\\\/de#website\"},\"primaryImageOfPage\":{\"@id\":\"https:\\\/\\\/www.masmallorca.es\\\/de\\\/kultur\\\/typisches-produkt-von-mallorca-die-siurell.html#primaryimage\"},\"image\":{\"@id\":\"https:\\\/\\\/www.masmallorca.es\\\/de\\\/kultur\\\/typisches-produkt-von-mallorca-die-siurell.html#primaryimage\"},\"thumbnailUrl\":\"https:\\\/\\\/www.masmallorca.es\\\/wp-content\\\/uploads\\\/2010\\\/05\\\/SIURELL-4.jpg\",\"datePublished\":\"2010-05-10T08:37:39+00:00\",\"dateModified\":\"2018-09-19T16:40:49+00:00\",\"description\":\"Kultur: Die Siurell ein St\u00fcck Ton wird \u00fcber einen Sockel gestellt, mit einer Trillerpfeife, und wei\u00df lackiert mit gr\u00fcnen und roten Pinselstrichen. Siurells.\",\"breadcrumb\":{\"@id\":\"https:\\\/\\\/www.masmallorca.es\\\/de\\\/kultur\\\/typisches-produkt-von-mallorca-die-siurell.html#breadcrumb\"},\"inLanguage\":\"de\",\"potentialAction\":[{\"@type\":\"ReadAction\",\"target\":[\"https:\\\/\\\/www.masmallorca.es\\\/de\\\/kultur\\\/typisches-produkt-von-mallorca-die-siurell.html\"]}]},{\"@type\":\"ImageObject\",\"inLanguage\":\"de\",\"@id\":\"https:\\\/\\\/www.masmallorca.es\\\/de\\\/kultur\\\/typisches-produkt-von-mallorca-die-siurell.html#primaryimage\",\"url\":\"https:\\\/\\\/www.masmallorca.es\\\/wp-content\\\/uploads\\\/2010\\\/05\\\/SIURELL-4.jpg\",\"contentUrl\":\"https:\\\/\\\/www.masmallorca.es\\\/wp-content\\\/uploads\\\/2010\\\/05\\\/SIURELL-4.jpg\",\"width\":540,\"height\":263,\"caption\":\"Siurell mallorqu\u00edn, Mallorca\"},{\"@type\":\"BreadcrumbList\",\"@id\":\"https:\\\/\\\/www.masmallorca.es\\\/de\\\/kultur\\\/typisches-produkt-von-mallorca-die-siurell.html#breadcrumb\",\"itemListElement\":[{\"@type\":\"ListItem\",\"position\":1,\"name\":\"Portada\",\"item\":\"https:\\\/\\\/www.masmallorca.es\\\/de\"},{\"@type\":\"ListItem\",\"position\":2,\"name\":\"Kultur\",\"item\":\"https:\\\/\\\/www.masmallorca.es\\\/de\\\/kultur\"},{\"@type\":\"ListItem\",\"position\":3,\"name\":\"Typisches Produkt von Mallorca: Die Siurell\"}]},{\"@type\":\"WebSite\",\"@id\":\"https:\\\/\\\/www.masmallorca.es\\\/de#website\",\"url\":\"https:\\\/\\\/www.masmallorca.es\\\/de\",\"name\":\"+Mallorca: la revista de Mallorca\",\"description\":\"Mehr als Sonne und Strand..\",\"publisher\":{\"@id\":\"https:\\\/\\\/www.masmallorca.es\\\/de#organization\"},\"alternateName\":\"+Mallorca\",\"potentialAction\":[{\"@type\":\"SearchAction\",\"target\":{\"@type\":\"EntryPoint\",\"urlTemplate\":\"https:\\\/\\\/www.masmallorca.es\\\/de?s={search_term_string}\"},\"query-input\":{\"@type\":\"PropertyValueSpecification\",\"valueRequired\":true,\"valueName\":\"search_term_string\"}}],\"inLanguage\":\"de\"},{\"@type\":\"Organization\",\"@id\":\"https:\\\/\\\/www.masmallorca.es\\\/de#organization\",\"name\":\"+Mallorca Magazin\",\"alternateName\":\"M\u00e1s Mallorca\",\"url\":\"https:\\\/\\\/www.masmallorca.es\\\/de\",\"logo\":{\"@type\":\"ImageObject\",\"inLanguage\":\"de\",\"@id\":\"https:\\\/\\\/www.masmallorca.es\\\/de#\\\/schema\\\/logo\\\/image\\\/\",\"url\":\"https:\\\/\\\/www.masmallorca.es\\\/wp-content\\\/uploads\\\/2021\\\/04\\\/logomallorca-1.png\",\"contentUrl\":\"https:\\\/\\\/www.masmallorca.es\\\/wp-content\\\/uploads\\\/2021\\\/04\\\/logomallorca-1.png\",\"width\":326,\"height\":84,\"caption\":\"+Mallorca Magazin\"},\"image\":{\"@id\":\"https:\\\/\\\/www.masmallorca.es\\\/de#\\\/schema\\\/logo\\\/image\\\/\"},\"sameAs\":[\"https:\\\/\\\/www.facebook.com\\\/mallorcamagazine\\\/\",\"https:\\\/\\\/x.com\\\/masmallorca\"]},{\"@type\":\"Person\",\"@id\":\"https:\\\/\\\/www.masmallorca.es\\\/de#\\\/schema\\\/person\\\/554c84e7dfd9917fdba2cace51081633\",\"name\":\"masmallorca\"}]}<\/script>\n<!-- \/ Yoast SEO plugin. -->","yoast_head_json":{"title":"Typisches Produkt von Mallorca: Die Siurell | +Mallorca, Mallorca Magazin","description":"Kultur: Die Siurell ein St\u00fcck Ton wird \u00fcber einen Sockel gestellt, mit einer Trillerpfeife, und wei\u00df lackiert mit gr\u00fcnen und roten Pinselstrichen. Siurells.","robots":{"index":"index","follow":"follow","max-snippet":"max-snippet:-1","max-image-preview":"max-image-preview:large","max-video-preview":"max-video-preview:-1"},"canonical":"https:\/\/www.masmallorca.es\/de\/kultur\/typisches-produkt-von-mallorca-die-siurell.html","og_locale":"de_DE","og_type":"article","og_title":"Typisches Produkt von Mallorca: Die Siurell | +Mallorca, Mallorca Magazin","og_description":"Kultur: Die Siurell ein St\u00fcck Ton wird \u00fcber einen Sockel gestellt, mit einer Trillerpfeife, und wei\u00df lackiert mit gr\u00fcnen und roten Pinselstrichen. Siurells.","og_url":"https:\/\/www.masmallorca.es\/de\/kultur\/typisches-produkt-von-mallorca-die-siurell.html","og_site_name":"+Mallorca: das Magazin aus Mallorca","article_publisher":"https:\/\/www.facebook.com\/mallorcamagazine\/","article_published_time":"2010-05-10T08:37:39+00:00","article_modified_time":"2018-09-19T16:40:49+00:00","og_image":[{"width":540,"height":263,"url":"https:\/\/www.masmallorca.es\/wp-content\/uploads\/2010\/05\/SIURELL-4.jpg","type":"image\/jpeg"}],"author":"masmallorca","twitter_card":"summary_large_image","twitter_creator":"@masmallorca","twitter_site":"@masmallorca","twitter_misc":{"Verfasst von":"masmallorca","Gesch\u00e4tzte Lesezeit":"2\u00a0Minuten"},"schema":{"@context":"https:\/\/schema.org","@graph":[{"@type":"Article","@id":"https:\/\/www.masmallorca.es\/de\/kultur\/typisches-produkt-von-mallorca-die-siurell.html#article","isPartOf":{"@id":"https:\/\/www.masmallorca.es\/de\/kultur\/typisches-produkt-von-mallorca-die-siurell.html"},"author":{"name":"masmallorca","@id":"https:\/\/www.masmallorca.es\/de#\/schema\/person\/554c84e7dfd9917fdba2cace51081633"},"headline":"Typisches Produkt von Mallorca: Die Siurell","datePublished":"2010-05-10T08:37:39+00:00","dateModified":"2018-09-19T16:40:49+00:00","mainEntityOfPage":{"@id":"https:\/\/www.masmallorca.es\/de\/kultur\/typisches-produkt-von-mallorca-die-siurell.html"},"wordCount":312,"publisher":{"@id":"https:\/\/www.masmallorca.es\/de#organization"},"image":{"@id":"https:\/\/www.masmallorca.es\/de\/kultur\/typisches-produkt-von-mallorca-die-siurell.html#primaryimage"},"thumbnailUrl":"https:\/\/www.masmallorca.es\/wp-content\/uploads\/2010\/05\/SIURELL-4.jpg","articleSection":["Kultur"],"inLanguage":"de"},{"@type":"WebPage","@id":"https:\/\/www.masmallorca.es\/de\/kultur\/typisches-produkt-von-mallorca-die-siurell.html","url":"https:\/\/www.masmallorca.es\/de\/kultur\/typisches-produkt-von-mallorca-die-siurell.html","name":"Typisches Produkt von Mallorca: Die Siurell | +Mallorca, Mallorca Magazin","isPartOf":{"@id":"https:\/\/www.masmallorca.es\/de#website"},"primaryImageOfPage":{"@id":"https:\/\/www.masmallorca.es\/de\/kultur\/typisches-produkt-von-mallorca-die-siurell.html#primaryimage"},"image":{"@id":"https:\/\/www.masmallorca.es\/de\/kultur\/typisches-produkt-von-mallorca-die-siurell.html#primaryimage"},"thumbnailUrl":"https:\/\/www.masmallorca.es\/wp-content\/uploads\/2010\/05\/SIURELL-4.jpg","datePublished":"2010-05-10T08:37:39+00:00","dateModified":"2018-09-19T16:40:49+00:00","description":"Kultur: Die Siurell ein St\u00fcck Ton wird \u00fcber einen Sockel gestellt, mit einer Trillerpfeife, und wei\u00df lackiert mit gr\u00fcnen und roten Pinselstrichen. Siurells.","breadcrumb":{"@id":"https:\/\/www.masmallorca.es\/de\/kultur\/typisches-produkt-von-mallorca-die-siurell.html#breadcrumb"},"inLanguage":"de","potentialAction":[{"@type":"ReadAction","target":["https:\/\/www.masmallorca.es\/de\/kultur\/typisches-produkt-von-mallorca-die-siurell.html"]}]},{"@type":"ImageObject","inLanguage":"de","@id":"https:\/\/www.masmallorca.es\/de\/kultur\/typisches-produkt-von-mallorca-die-siurell.html#primaryimage","url":"https:\/\/www.masmallorca.es\/wp-content\/uploads\/2010\/05\/SIURELL-4.jpg","contentUrl":"https:\/\/www.masmallorca.es\/wp-content\/uploads\/2010\/05\/SIURELL-4.jpg","width":540,"height":263,"caption":"Siurell mallorqu\u00edn, Mallorca"},{"@type":"BreadcrumbList","@id":"https:\/\/www.masmallorca.es\/de\/kultur\/typisches-produkt-von-mallorca-die-siurell.html#breadcrumb","itemListElement":[{"@type":"ListItem","position":1,"name":"Portada","item":"https:\/\/www.masmallorca.es\/de"},{"@type":"ListItem","position":2,"name":"Kultur","item":"https:\/\/www.masmallorca.es\/de\/kultur"},{"@type":"ListItem","position":3,"name":"Typisches Produkt von Mallorca: Die Siurell"}]},{"@type":"WebSite","@id":"https:\/\/www.masmallorca.es\/de#website","url":"https:\/\/www.masmallorca.es\/de","name":"+Mallorca: la revista de Mallorca","description":"Mehr als Sonne und Strand..","publisher":{"@id":"https:\/\/www.masmallorca.es\/de#organization"},"alternateName":"+Mallorca","potentialAction":[{"@type":"SearchAction","target":{"@type":"EntryPoint","urlTemplate":"https:\/\/www.masmallorca.es\/de?s={search_term_string}"},"query-input":{"@type":"PropertyValueSpecification","valueRequired":true,"valueName":"search_term_string"}}],"inLanguage":"de"},{"@type":"Organization","@id":"https:\/\/www.masmallorca.es\/de#organization","name":"+Mallorca Magazin","alternateName":"M\u00e1s Mallorca","url":"https:\/\/www.masmallorca.es\/de","logo":{"@type":"ImageObject","inLanguage":"de","@id":"https:\/\/www.masmallorca.es\/de#\/schema\/logo\/image\/","url":"https:\/\/www.masmallorca.es\/wp-content\/uploads\/2021\/04\/logomallorca-1.png","contentUrl":"https:\/\/www.masmallorca.es\/wp-content\/uploads\/2021\/04\/logomallorca-1.png","width":326,"height":84,"caption":"+Mallorca Magazin"},"image":{"@id":"https:\/\/www.masmallorca.es\/de#\/schema\/logo\/image\/"},"sameAs":["https:\/\/www.facebook.com\/mallorcamagazine\/","https:\/\/x.com\/masmallorca"]},{"@type":"Person","@id":"https:\/\/www.masmallorca.es\/de#\/schema\/person\/554c84e7dfd9917fdba2cace51081633","name":"masmallorca"}]}},"_links":{"self":[{"href":"https:\/\/www.masmallorca.es\/de\/wp-json\/wp\/v2\/posts\/5685","targetHints":{"allow":["GET"]}}],"collection":[{"href":"https:\/\/www.masmallorca.es\/de\/wp-json\/wp\/v2\/posts"}],"about":[{"href":"https:\/\/www.masmallorca.es\/de\/wp-json\/wp\/v2\/types\/post"}],"author":[{"embeddable":true,"href":"https:\/\/www.masmallorca.es\/de\/wp-json\/wp\/v2\/users\/1"}],"replies":[{"embeddable":true,"href":"https:\/\/www.masmallorca.es\/de\/wp-json\/wp\/v2\/comments?post=5685"}],"version-history":[{"count":0,"href":"https:\/\/www.masmallorca.es\/de\/wp-json\/wp\/v2\/posts\/5685\/revisions"}],"wp:featuredmedia":[{"embeddable":true,"href":"https:\/\/www.masmallorca.es\/de\/wp-json\/wp\/v2\/media\/5677"}],"wp:attachment":[{"href":"https:\/\/www.masmallorca.es\/de\/wp-json\/wp\/v2\/media?parent=5685"}],"wp:term":[{"taxonomy":"category","embeddable":true,"href":"https:\/\/www.masmallorca.es\/de\/wp-json\/wp\/v2\/categories?post=5685"},{"taxonomy":"post_tag","embeddable":true,"href":"https:\/\/www.masmallorca.es\/de\/wp-json\/wp\/v2\/tags?post=5685"}],"curies":[{"name":"wp","href":"https:\/\/api.w.org\/{rel}","templated":true}]}}