{"id":5587,"date":"2010-04-14T14:28:38","date_gmt":"2010-04-14T12:28:38","guid":{"rendered":""},"modified":"2017-10-06T19:47:22","modified_gmt":"2017-10-06T17:47:22","slug":"wechselkroete","status":"publish","type":"post","link":"https:\/\/www.masmallorca.es\/de\/tierwelt\/wechselkroete.html","title":{"rendered":"Wechselkr\u00f6te"},"content":{"rendered":"<p style=\"text-align: justify;\"><img loading=\"lazy\" decoding=\"async\" class=\" alignright size-full wp-image-5564\" style=\"margin-left: 20px; margin-right: 20px; float: right;\" src=\"https:\/\/www.masmallorca.es\/wp-content\/uploads\/2010\/04\/Calapet-Verd_1.jpg\" width=\"150\" height=\"103\" \/><\/p>\n<div style=\"text-align: justify;\"><strong>Verbreitungsgegend<\/strong><\/div>\n<div>\u00a0<\/div>\n<div style=\"text-align: justify;\">In Spanien findet man diese Art, die ehemals von Korsika und Sardinien eingef\u00fchrt wurde, ausschlie\u00dflich auf den <strong>Balearischen Inseln<\/strong>.<\/div>\n<div style=\"text-align: justify;\">\u00a0<\/div>\n<p><!--more--><\/p>\n<p style=\"text-align: justify;\">\u00a0<\/p>\n<p style=\"text-align: justify;\">Auf den Inseln, die an Mallorca und Menorca angrenzen, ist diese Tierart nicht vertreten. Bisher konnte die Anzahl der Exemplare nicht erfasst werden..<br \/>\n <strong><img loading=\"lazy\" decoding=\"async\" class=\"alignleft wp-image-5569 size-full\" style=\"margin: 20px 20px 10px 0px; float: left;\" title=\"Wechselkr\u00f6te\" src=\"https:\/\/www.masmallorca.es\/wp-content\/uploads\/2010\/04\/Calapet-Verd_2.jpg\" alt=\"Wechselkr\u00f6te\" width=\"300\" height=\"211\" \/><\/strong><\/p>\n<p style=\"text-align: justify;\">\u00a0<\/p>\n<p><strong>Lebensraum<\/strong><\/p>\n<div style=\"text-align: justify;\">\n<p>In der N\u00e4he von S\u00fc\u00dfgew\u00e4ssern, Sturzb\u00e4chen, Tr\u00e4nken, T\u00fcmpeln, B\u00e4chen, Karstlandschaften in Berggegenden, Kalksteinschluchten, D\u00fcnen, Steineichenw\u00e4ldern und selten auch in Getreidefeldern. Mittlerweile weichen die Wechselkr\u00f6ten f\u00fcr die Aufzucht ihrer Jungen beispielsweise auch in die Biotope von Golfpl\u00e4tzen aus.<\/p>\n<p>&nbsp;<\/p>\n<p>\n <strong><img loading=\"lazy\" decoding=\"async\" class=\"alignleft wp-image-5574 size-full\" title=\"Wechselkr\u00f6te\" src=\"https:\/\/www.masmallorca.es\/wp-content\/uploads\/2010\/04\/Calapet-Verd_3.jpg\" alt=\"Wechselkr\u00f6te\" width=\"300\" height=\"199\" \/><\/strong><strong>Bedrohungsfaktoren<\/strong><\/p>\n<p style=\"text-align: left;\">&#8211; Zerst\u00f6rung der Fortpflanzungsr\u00e4ume durch Bebauung des Gel\u00e4ndes.<\/p>\n<div style=\"text-align: left;\">\u00a0<\/div>\n<p style=\"text-align: left;\">&#8211; Zerst\u00fcckelung des Lebensraumes durch die Autobahnen.<\/p>\n<div style=\"text-align: left;\">\u00a0<\/div>\n<p style=\"text-align: left;\">&#8211; Tod durch \u00dcberfahren.<\/p>\n<div style=\"text-align: left;\">\u00a0<\/div>\n<p style=\"text-align: left;\">&#8211; Die steigende Anzahl von Bohrl\u00f6chern f\u00fcr die Gewinnung von Grundwasser schr\u00e4nkt den nat\u00fcrlichen Fortpflanzungsraum ein.<\/p>\n<div style=\"text-align: left;\">\u00a0<\/div>\n<p style=\"text-align: left;\">&#8211; Aufgrund der abnehmenden Landwirtschaft und der Modernisierung der landwirtschaftlichen Arbeiten, gibt es weniger Zisternen, T\u00fcmpel und Tr\u00e4nken.<\/p>\n<div style=\"text-align: left;\">\u00a0<\/div>\n<p style=\"text-align: left;\">&#8211; Umweltverschmutzung durch den Einsatz von Pestiziden und chemischen D\u00fcngern.<\/p>\n<p>&nbsp;<\/p>\n<p><strong>Bufo viridis balearica:<\/strong><\/p>\n<p><strong>&#8211; Eingetragen im Landeskatalog bedrohter Arten.<\/strong><\/p>\n<\/div>\n<div style=\"text-align: justify;\">\n<p><strong>&#8211; <\/strong><strong>Threatened category: <\/strong><\/p>\n<p style=\"padding-left: 30px;\">\u00b7 Special Interest.<\/p>\n<p style=\"padding-left: 30px;\">\u00b7 Vulnerable.<\/p>\n<p><strong>&#8211; <\/strong><strong>Nature:<\/strong> Balearic endemic subspecies.<\/p>\n<p>&nbsp;<\/p>\n<\/div>\n<p style=\"text-align: center;\"><strong><img loading=\"lazy\" decoding=\"async\" class=\"alignnone wp-image-5579 size-full\" style=\"margin: 10px 0px 30px;\" title=\"Wechselkr\u00f6te\" src=\"https:\/\/www.masmallorca.es\/wp-content\/uploads\/2010\/04\/Calapet-Verd_4.jpg\" alt=\"Wechselkr\u00f6te\" width=\"540\" height=\"272\" srcset=\"https:\/\/www.masmallorca.es\/wp-content\/uploads\/2010\/04\/Calapet-Verd_4.jpg 540w, https:\/\/www.masmallorca.es\/wp-content\/uploads\/2010\/04\/Calapet-Verd_4-300x151.jpg 300w\" sizes=\"(max-width: 540px) 100vw, 540px\" \/><\/strong><\/p>\n<p><strong><img loading=\"lazy\" decoding=\"async\" class=\"aligncenter wp-image-19770 size-full\" title=\"Wechselkr\u00f6te, Bufo viridis balearica\" src=\"https:\/\/www.masmallorca.es\/wp-content\/uploads\/2010\/04\/calapet-verd-Bufo-viridis-balearica.jpg\" alt=\"Wechselkr\u00f6te, Bufo viridis balearica\" width=\"940\" height=\"529\" srcset=\"https:\/\/www.masmallorca.es\/wp-content\/uploads\/2010\/04\/calapet-verd-Bufo-viridis-balearica.jpg 940w, https:\/\/www.masmallorca.es\/wp-content\/uploads\/2010\/04\/calapet-verd-Bufo-viridis-balearica-300x169.jpg 300w, https:\/\/www.masmallorca.es\/wp-content\/uploads\/2010\/04\/calapet-verd-Bufo-viridis-balearica-768x432.jpg 768w\" sizes=\"(max-width: 940px) 100vw, 940px\" \/><\/strong><\/p>\n<div style=\"text-align: justify;\">\u00a0<\/div>\n","protected":false},"excerpt":{"rendered":"<p>Verbreitungsgegend \u00a0 In Spanien findet man diese Art, die ehemals von Korsika und Sardinien eingef\u00fchrt wurde, ausschlie\u00dflich auf den Balearischen Inseln. \u00a0<\/p>\n","protected":false},"author":1,"featured_media":19773,"comment_status":"closed","ping_status":"closed","sticky":false,"template":"","format":"standard","meta":{"_et_pb_use_builder":"","_et_pb_old_content":"","_et_gb_content_width":"","footnotes":""},"categories":[40],"tags":[],"class_list":["post-5587","post","type-post","status-publish","format-standard","has-post-thumbnail","hentry","category-tierwelt","et-has-post-format-content","et_post_format-et-post-format-standard"],"yoast_head":"<!-- This site is optimized with the Yoast SEO plugin v27.4 - https:\/\/yoast.com\/product\/yoast-seo-wordpress\/ -->\n<title>Wechselkr\u00f6te | +Mallorca: das Magazin aus Mallorca<\/title>\n<meta name=\"description\" content=\"+Mallorca: Wechselkr\u00f6te. In Spanien findet man diese Art, die ehemals von Korsika und Sardinien eingef\u00fchrt wurde, ausschlie\u00dflich auf den Balearischen Inseln\" \/>\n<meta name=\"robots\" content=\"index, follow, max-snippet:-1, max-image-preview:large, max-video-preview:-1\" \/>\n<link rel=\"canonical\" href=\"https:\/\/www.masmallorca.es\/de\/tierwelt\/wechselkroete.html\" \/>\n<meta property=\"og:locale\" content=\"de_DE\" \/>\n<meta property=\"og:type\" content=\"article\" \/>\n<meta property=\"og:title\" content=\"Wechselkr\u00f6te | +Mallorca: das Magazin aus Mallorca\" \/>\n<meta property=\"og:description\" content=\"+Mallorca: Wechselkr\u00f6te. In Spanien findet man diese Art, die ehemals von Korsika und Sardinien eingef\u00fchrt wurde, ausschlie\u00dflich auf den Balearischen Inseln\" \/>\n<meta property=\"og:url\" content=\"https:\/\/www.masmallorca.es\/de\/tierwelt\/wechselkroete.html\" \/>\n<meta property=\"og:site_name\" content=\"+Mallorca: das Magazin aus Mallorca\" \/>\n<meta property=\"article:publisher\" content=\"https:\/\/www.facebook.com\/mallorcamagazine\/\" \/>\n<meta property=\"article:published_time\" content=\"2010-04-14T12:28:38+00:00\" \/>\n<meta property=\"article:modified_time\" content=\"2017-10-06T17:47:22+00:00\" \/>\n<meta property=\"og:image\" content=\"https:\/\/www.masmallorca.es\/wp-content\/uploads\/2010\/04\/calapet-verd-Bufo-viridis-balearica.jpg\" \/>\n\t<meta property=\"og:image:width\" content=\"940\" \/>\n\t<meta property=\"og:image:height\" content=\"529\" \/>\n\t<meta property=\"og:image:type\" content=\"image\/jpeg\" \/>\n<meta name=\"author\" content=\"masmallorca\" \/>\n<meta name=\"twitter:card\" content=\"summary_large_image\" \/>\n<meta name=\"twitter:creator\" content=\"@masmallorca\" \/>\n<meta name=\"twitter:site\" content=\"@masmallorca\" \/>\n<meta name=\"twitter:label1\" content=\"Verfasst von\" \/>\n\t<meta name=\"twitter:data1\" content=\"masmallorca\" \/>\n\t<meta name=\"twitter:label2\" content=\"Gesch\u00e4tzte Lesezeit\" \/>\n\t<meta name=\"twitter:data2\" content=\"1\u00a0Minute\" \/>\n<script type=\"application\/ld+json\" class=\"yoast-schema-graph\">{\"@context\":\"https:\\\/\\\/schema.org\",\"@graph\":[{\"@type\":\"Article\",\"@id\":\"https:\\\/\\\/www.masmallorca.es\\\/de\\\/tierwelt\\\/wechselkroete.html#article\",\"isPartOf\":{\"@id\":\"https:\\\/\\\/www.masmallorca.es\\\/de\\\/tierwelt\\\/wechselkroete.html\"},\"author\":{\"name\":\"masmallorca\",\"@id\":\"https:\\\/\\\/www.masmallorca.es\\\/de#\\\/schema\\\/person\\\/554c84e7dfd9917fdba2cace51081633\"},\"headline\":\"Wechselkr\u00f6te\",\"datePublished\":\"2010-04-14T12:28:38+00:00\",\"dateModified\":\"2017-10-06T17:47:22+00:00\",\"mainEntityOfPage\":{\"@id\":\"https:\\\/\\\/www.masmallorca.es\\\/de\\\/tierwelt\\\/wechselkroete.html\"},\"wordCount\":195,\"publisher\":{\"@id\":\"https:\\\/\\\/www.masmallorca.es\\\/de#organization\"},\"image\":{\"@id\":\"https:\\\/\\\/www.masmallorca.es\\\/de\\\/tierwelt\\\/wechselkroete.html#primaryimage\"},\"thumbnailUrl\":\"https:\\\/\\\/www.masmallorca.es\\\/wp-content\\\/uploads\\\/2010\\\/04\\\/calapet-verd-Bufo-viridis-balearica.jpg\",\"articleSection\":[\"Tierwelt\"],\"inLanguage\":\"de\"},{\"@type\":\"WebPage\",\"@id\":\"https:\\\/\\\/www.masmallorca.es\\\/de\\\/tierwelt\\\/wechselkroete.html\",\"url\":\"https:\\\/\\\/www.masmallorca.es\\\/de\\\/tierwelt\\\/wechselkroete.html\",\"name\":\"Wechselkr\u00f6te | +Mallorca: das Magazin aus Mallorca\",\"isPartOf\":{\"@id\":\"https:\\\/\\\/www.masmallorca.es\\\/de#website\"},\"primaryImageOfPage\":{\"@id\":\"https:\\\/\\\/www.masmallorca.es\\\/de\\\/tierwelt\\\/wechselkroete.html#primaryimage\"},\"image\":{\"@id\":\"https:\\\/\\\/www.masmallorca.es\\\/de\\\/tierwelt\\\/wechselkroete.html#primaryimage\"},\"thumbnailUrl\":\"https:\\\/\\\/www.masmallorca.es\\\/wp-content\\\/uploads\\\/2010\\\/04\\\/calapet-verd-Bufo-viridis-balearica.jpg\",\"datePublished\":\"2010-04-14T12:28:38+00:00\",\"dateModified\":\"2017-10-06T17:47:22+00:00\",\"description\":\"+Mallorca: Wechselkr\u00f6te. In Spanien findet man diese Art, die ehemals von Korsika und Sardinien eingef\u00fchrt wurde, ausschlie\u00dflich auf den Balearischen Inseln\",\"breadcrumb\":{\"@id\":\"https:\\\/\\\/www.masmallorca.es\\\/de\\\/tierwelt\\\/wechselkroete.html#breadcrumb\"},\"inLanguage\":\"de\",\"potentialAction\":[{\"@type\":\"ReadAction\",\"target\":[\"https:\\\/\\\/www.masmallorca.es\\\/de\\\/tierwelt\\\/wechselkroete.html\"]}]},{\"@type\":\"ImageObject\",\"inLanguage\":\"de\",\"@id\":\"https:\\\/\\\/www.masmallorca.es\\\/de\\\/tierwelt\\\/wechselkroete.html#primaryimage\",\"url\":\"https:\\\/\\\/www.masmallorca.es\\\/wp-content\\\/uploads\\\/2010\\\/04\\\/calapet-verd-Bufo-viridis-balearica.jpg\",\"contentUrl\":\"https:\\\/\\\/www.masmallorca.es\\\/wp-content\\\/uploads\\\/2010\\\/04\\\/calapet-verd-Bufo-viridis-balearica.jpg\",\"width\":940,\"height\":529},{\"@type\":\"BreadcrumbList\",\"@id\":\"https:\\\/\\\/www.masmallorca.es\\\/de\\\/tierwelt\\\/wechselkroete.html#breadcrumb\",\"itemListElement\":[{\"@type\":\"ListItem\",\"position\":1,\"name\":\"Portada\",\"item\":\"https:\\\/\\\/www.masmallorca.es\\\/de\"},{\"@type\":\"ListItem\",\"position\":2,\"name\":\"Tierwelt\",\"item\":\"https:\\\/\\\/www.masmallorca.es\\\/de\\\/tierwelt\"},{\"@type\":\"ListItem\",\"position\":3,\"name\":\"Wechselkr\u00f6te\"}]},{\"@type\":\"WebSite\",\"@id\":\"https:\\\/\\\/www.masmallorca.es\\\/de#website\",\"url\":\"https:\\\/\\\/www.masmallorca.es\\\/de\",\"name\":\"+Mallorca: la revista de Mallorca\",\"description\":\"Mehr als Sonne und Strand..\",\"publisher\":{\"@id\":\"https:\\\/\\\/www.masmallorca.es\\\/de#organization\"},\"alternateName\":\"+Mallorca\",\"potentialAction\":[{\"@type\":\"SearchAction\",\"target\":{\"@type\":\"EntryPoint\",\"urlTemplate\":\"https:\\\/\\\/www.masmallorca.es\\\/de?s={search_term_string}\"},\"query-input\":{\"@type\":\"PropertyValueSpecification\",\"valueRequired\":true,\"valueName\":\"search_term_string\"}}],\"inLanguage\":\"de\"},{\"@type\":\"Organization\",\"@id\":\"https:\\\/\\\/www.masmallorca.es\\\/de#organization\",\"name\":\"+Mallorca Magazin\",\"alternateName\":\"M\u00e1s Mallorca\",\"url\":\"https:\\\/\\\/www.masmallorca.es\\\/de\",\"logo\":{\"@type\":\"ImageObject\",\"inLanguage\":\"de\",\"@id\":\"https:\\\/\\\/www.masmallorca.es\\\/de#\\\/schema\\\/logo\\\/image\\\/\",\"url\":\"https:\\\/\\\/www.masmallorca.es\\\/wp-content\\\/uploads\\\/2021\\\/04\\\/logomallorca-1.png\",\"contentUrl\":\"https:\\\/\\\/www.masmallorca.es\\\/wp-content\\\/uploads\\\/2021\\\/04\\\/logomallorca-1.png\",\"width\":326,\"height\":84,\"caption\":\"+Mallorca Magazin\"},\"image\":{\"@id\":\"https:\\\/\\\/www.masmallorca.es\\\/de#\\\/schema\\\/logo\\\/image\\\/\"},\"sameAs\":[\"https:\\\/\\\/www.facebook.com\\\/mallorcamagazine\\\/\",\"https:\\\/\\\/x.com\\\/masmallorca\"]},{\"@type\":\"Person\",\"@id\":\"https:\\\/\\\/www.masmallorca.es\\\/de#\\\/schema\\\/person\\\/554c84e7dfd9917fdba2cace51081633\",\"name\":\"masmallorca\"}]}<\/script>\n<!-- \/ Yoast SEO plugin. -->","yoast_head_json":{"title":"Wechselkr\u00f6te | +Mallorca: das Magazin aus Mallorca","description":"+Mallorca: Wechselkr\u00f6te. In Spanien findet man diese Art, die ehemals von Korsika und Sardinien eingef\u00fchrt wurde, ausschlie\u00dflich auf den Balearischen Inseln","robots":{"index":"index","follow":"follow","max-snippet":"max-snippet:-1","max-image-preview":"max-image-preview:large","max-video-preview":"max-video-preview:-1"},"canonical":"https:\/\/www.masmallorca.es\/de\/tierwelt\/wechselkroete.html","og_locale":"de_DE","og_type":"article","og_title":"Wechselkr\u00f6te | +Mallorca: das Magazin aus Mallorca","og_description":"+Mallorca: Wechselkr\u00f6te. In Spanien findet man diese Art, die ehemals von Korsika und Sardinien eingef\u00fchrt wurde, ausschlie\u00dflich auf den Balearischen Inseln","og_url":"https:\/\/www.masmallorca.es\/de\/tierwelt\/wechselkroete.html","og_site_name":"+Mallorca: das Magazin aus Mallorca","article_publisher":"https:\/\/www.facebook.com\/mallorcamagazine\/","article_published_time":"2010-04-14T12:28:38+00:00","article_modified_time":"2017-10-06T17:47:22+00:00","og_image":[{"width":940,"height":529,"url":"https:\/\/www.masmallorca.es\/wp-content\/uploads\/2010\/04\/calapet-verd-Bufo-viridis-balearica.jpg","type":"image\/jpeg"}],"author":"masmallorca","twitter_card":"summary_large_image","twitter_creator":"@masmallorca","twitter_site":"@masmallorca","twitter_misc":{"Verfasst von":"masmallorca","Gesch\u00e4tzte Lesezeit":"1\u00a0Minute"},"schema":{"@context":"https:\/\/schema.org","@graph":[{"@type":"Article","@id":"https:\/\/www.masmallorca.es\/de\/tierwelt\/wechselkroete.html#article","isPartOf":{"@id":"https:\/\/www.masmallorca.es\/de\/tierwelt\/wechselkroete.html"},"author":{"name":"masmallorca","@id":"https:\/\/www.masmallorca.es\/de#\/schema\/person\/554c84e7dfd9917fdba2cace51081633"},"headline":"Wechselkr\u00f6te","datePublished":"2010-04-14T12:28:38+00:00","dateModified":"2017-10-06T17:47:22+00:00","mainEntityOfPage":{"@id":"https:\/\/www.masmallorca.es\/de\/tierwelt\/wechselkroete.html"},"wordCount":195,"publisher":{"@id":"https:\/\/www.masmallorca.es\/de#organization"},"image":{"@id":"https:\/\/www.masmallorca.es\/de\/tierwelt\/wechselkroete.html#primaryimage"},"thumbnailUrl":"https:\/\/www.masmallorca.es\/wp-content\/uploads\/2010\/04\/calapet-verd-Bufo-viridis-balearica.jpg","articleSection":["Tierwelt"],"inLanguage":"de"},{"@type":"WebPage","@id":"https:\/\/www.masmallorca.es\/de\/tierwelt\/wechselkroete.html","url":"https:\/\/www.masmallorca.es\/de\/tierwelt\/wechselkroete.html","name":"Wechselkr\u00f6te | +Mallorca: das Magazin aus Mallorca","isPartOf":{"@id":"https:\/\/www.masmallorca.es\/de#website"},"primaryImageOfPage":{"@id":"https:\/\/www.masmallorca.es\/de\/tierwelt\/wechselkroete.html#primaryimage"},"image":{"@id":"https:\/\/www.masmallorca.es\/de\/tierwelt\/wechselkroete.html#primaryimage"},"thumbnailUrl":"https:\/\/www.masmallorca.es\/wp-content\/uploads\/2010\/04\/calapet-verd-Bufo-viridis-balearica.jpg","datePublished":"2010-04-14T12:28:38+00:00","dateModified":"2017-10-06T17:47:22+00:00","description":"+Mallorca: Wechselkr\u00f6te. In Spanien findet man diese Art, die ehemals von Korsika und Sardinien eingef\u00fchrt wurde, ausschlie\u00dflich auf den Balearischen Inseln","breadcrumb":{"@id":"https:\/\/www.masmallorca.es\/de\/tierwelt\/wechselkroete.html#breadcrumb"},"inLanguage":"de","potentialAction":[{"@type":"ReadAction","target":["https:\/\/www.masmallorca.es\/de\/tierwelt\/wechselkroete.html"]}]},{"@type":"ImageObject","inLanguage":"de","@id":"https:\/\/www.masmallorca.es\/de\/tierwelt\/wechselkroete.html#primaryimage","url":"https:\/\/www.masmallorca.es\/wp-content\/uploads\/2010\/04\/calapet-verd-Bufo-viridis-balearica.jpg","contentUrl":"https:\/\/www.masmallorca.es\/wp-content\/uploads\/2010\/04\/calapet-verd-Bufo-viridis-balearica.jpg","width":940,"height":529},{"@type":"BreadcrumbList","@id":"https:\/\/www.masmallorca.es\/de\/tierwelt\/wechselkroete.html#breadcrumb","itemListElement":[{"@type":"ListItem","position":1,"name":"Portada","item":"https:\/\/www.masmallorca.es\/de"},{"@type":"ListItem","position":2,"name":"Tierwelt","item":"https:\/\/www.masmallorca.es\/de\/tierwelt"},{"@type":"ListItem","position":3,"name":"Wechselkr\u00f6te"}]},{"@type":"WebSite","@id":"https:\/\/www.masmallorca.es\/de#website","url":"https:\/\/www.masmallorca.es\/de","name":"+Mallorca: la revista de Mallorca","description":"Mehr als Sonne und Strand..","publisher":{"@id":"https:\/\/www.masmallorca.es\/de#organization"},"alternateName":"+Mallorca","potentialAction":[{"@type":"SearchAction","target":{"@type":"EntryPoint","urlTemplate":"https:\/\/www.masmallorca.es\/de?s={search_term_string}"},"query-input":{"@type":"PropertyValueSpecification","valueRequired":true,"valueName":"search_term_string"}}],"inLanguage":"de"},{"@type":"Organization","@id":"https:\/\/www.masmallorca.es\/de#organization","name":"+Mallorca Magazin","alternateName":"M\u00e1s Mallorca","url":"https:\/\/www.masmallorca.es\/de","logo":{"@type":"ImageObject","inLanguage":"de","@id":"https:\/\/www.masmallorca.es\/de#\/schema\/logo\/image\/","url":"https:\/\/www.masmallorca.es\/wp-content\/uploads\/2021\/04\/logomallorca-1.png","contentUrl":"https:\/\/www.masmallorca.es\/wp-content\/uploads\/2021\/04\/logomallorca-1.png","width":326,"height":84,"caption":"+Mallorca Magazin"},"image":{"@id":"https:\/\/www.masmallorca.es\/de#\/schema\/logo\/image\/"},"sameAs":["https:\/\/www.facebook.com\/mallorcamagazine\/","https:\/\/x.com\/masmallorca"]},{"@type":"Person","@id":"https:\/\/www.masmallorca.es\/de#\/schema\/person\/554c84e7dfd9917fdba2cace51081633","name":"masmallorca"}]}},"_links":{"self":[{"href":"https:\/\/www.masmallorca.es\/de\/wp-json\/wp\/v2\/posts\/5587","targetHints":{"allow":["GET"]}}],"collection":[{"href":"https:\/\/www.masmallorca.es\/de\/wp-json\/wp\/v2\/posts"}],"about":[{"href":"https:\/\/www.masmallorca.es\/de\/wp-json\/wp\/v2\/types\/post"}],"author":[{"embeddable":true,"href":"https:\/\/www.masmallorca.es\/de\/wp-json\/wp\/v2\/users\/1"}],"replies":[{"embeddable":true,"href":"https:\/\/www.masmallorca.es\/de\/wp-json\/wp\/v2\/comments?post=5587"}],"version-history":[{"count":0,"href":"https:\/\/www.masmallorca.es\/de\/wp-json\/wp\/v2\/posts\/5587\/revisions"}],"wp:featuredmedia":[{"embeddable":true,"href":"https:\/\/www.masmallorca.es\/de\/wp-json\/wp\/v2\/media\/19773"}],"wp:attachment":[{"href":"https:\/\/www.masmallorca.es\/de\/wp-json\/wp\/v2\/media?parent=5587"}],"wp:term":[{"taxonomy":"category","embeddable":true,"href":"https:\/\/www.masmallorca.es\/de\/wp-json\/wp\/v2\/categories?post=5587"},{"taxonomy":"post_tag","embeddable":true,"href":"https:\/\/www.masmallorca.es\/de\/wp-json\/wp\/v2\/tags?post=5587"}],"curies":[{"name":"wp","href":"https:\/\/api.w.org\/{rel}","templated":true}]}}