{"id":5184,"date":"2009-10-16T15:49:53","date_gmt":"2009-10-16T13:49:53","guid":{"rendered":"http:\/\/Die%20Posidoni"},"modified":"2026-01-20T18:59:13","modified_gmt":"2026-01-20T17:59:13","slug":"die-posidonia-oceanica","status":"publish","type":"post","link":"https:\/\/www.masmallorca.es\/de\/pflanzenwelt\/die-posidonia-oceanica.html","title":{"rendered":"Die Posidonia Oceanica"},"content":{"rendered":"\n<p>Die Posidoniawiesen bieten Nahrung und Unterschlupf f\u00fcr Pflanzen- und Tierarten.<\/p>\n\n\n\n<!--more-->\n\n\n\n<div class=\"wp-block-media-text is-stacked-on-mobile\"><figure class=\"wp-block-media-text__media\"><img loading=\"lazy\" decoding=\"async\" width=\"300\" height=\"416\" src=\"https:\/\/www.masmallorca.es\/wp-content\/uploads\/2009\/10\/posidonia_2.jpg\" alt=\"Die Posidonia Oceanica\" class=\"wp-image-5166 size-full\" srcset=\"https:\/\/www.masmallorca.es\/wp-content\/uploads\/2009\/10\/posidonia_2.jpg 300w, https:\/\/www.masmallorca.es\/wp-content\/uploads\/2009\/10\/posidonia_2-216x300.jpg 216w\" sizes=\"(max-width: 300px) 100vw, 300px\" \/><\/figure><div class=\"wp-block-media-text__content\">\n<p><strong>Posidonia Oceanica<\/strong><\/p>\n\n\n\n<p>Sie erzeugen nicht nur im Wasser Sauerstoff, sondern geben diesen ebenfalls an die Atmosph\u00e4re ab.<\/p>\n\n\n\n<p>Sie sind auch f\u00fcr die Erhaltung der K\u00fcste, die Stabilit\u00e4t der Sandstr\u00e4nde und der Meeresgr\u00fcnde von wesentlicher Bedeutung.<\/p>\n\n\n\n<p>Die Posidonia Oceanica ist durch die Verschmutzung, zerst\u00f6rerische Fischerei, den Seeverkehr, die Zerst\u00f6rung der K\u00fcstengebiete oder die Schaffung k\u00fcnstlicher Str\u00e4nde bedroht.<\/p>\n<\/div><\/div>\n\n\n\n<h2 class=\"wp-block-heading\">Sie wurden von der <strong>UNESCO<\/strong> zum Welterbe erkl\u00e4rt.\u00a0<\/h2>\n\n\n\n<div class=\"wp-block-media-text is-stacked-on-mobile\"><figure class=\"wp-block-media-text__media\"><img loading=\"lazy\" decoding=\"async\" width=\"300\" height=\"225\" src=\"https:\/\/www.masmallorca.es\/wp-content\/uploads\/2009\/10\/posidonia-alga-asesina_3.jpg\" alt=\"Killer Algen (Caulerpa Taxifolia)\" class=\"wp-image-5171 size-full\"\/><\/figure><div class=\"wp-block-media-text__content\">\n<p>Killer Algen (<strong>Caulerpa Taxifolia<\/strong>)<\/p>\n<\/div><\/div>\n\n\n\n<figure class=\"wp-block-image alignfull\"><img decoding=\"async\" src=\"https:\/\/www.masmallorca.es\/wp-content\/uploads\/2009\/10\/posidonia_4.jpg\" alt=\"Die Posidonia Oceanica\" class=\"wp-image-5176\" title=\"Die Posidonia Oceanica\"\/><\/figure>\n","protected":false},"excerpt":{"rendered":"<p>Die Posidoniawiesen bieten Nahrung und Unterschlupf f\u00fcr Pflanzen- und Tierarten.<\/p>\n","protected":false},"author":1,"featured_media":5179,"comment_status":"closed","ping_status":"closed","sticky":false,"template":"","format":"standard","meta":{"_et_pb_use_builder":"","_et_pb_old_content":"","_et_gb_content_width":"","footnotes":""},"categories":[45],"tags":[],"class_list":["post-5184","post","type-post","status-publish","format-standard","has-post-thumbnail","hentry","category-pflanzenwelt","et-has-post-format-content","et_post_format-et-post-format-standard"],"yoast_head":"<!-- This site is optimized with the Yoast SEO plugin v27.4 - https:\/\/yoast.com\/product\/yoast-seo-wordpress\/ -->\n<title>Die Posidonia Oceanica | +Mallorca<\/title>\n<meta name=\"description\" content=\"+Mallorca: Die Posidonia Oceanica Wiesen reinigen das Wasser, grundlegend in der Erhaltung der K\u00fcste, Stabilit\u00e4t der Str\u00e4nde und Meeresboden. Posidonia.\" \/>\n<meta name=\"robots\" content=\"index, follow, max-snippet:-1, max-image-preview:large, max-video-preview:-1\" \/>\n<link rel=\"canonical\" href=\"https:\/\/www.masmallorca.es\/de\/pflanzenwelt\/die-posidonia-oceanica.html\" \/>\n<meta property=\"og:locale\" content=\"de_DE\" \/>\n<meta property=\"og:type\" content=\"article\" \/>\n<meta property=\"og:title\" content=\"Die Posidonia Oceanica | +Mallorca\" \/>\n<meta property=\"og:description\" content=\"+Mallorca: Die Posidonia Oceanica Wiesen reinigen das Wasser, grundlegend in der Erhaltung der K\u00fcste, Stabilit\u00e4t der Str\u00e4nde und Meeresboden. Posidonia.\" \/>\n<meta property=\"og:url\" content=\"https:\/\/www.masmallorca.es\/de\/pflanzenwelt\/die-posidonia-oceanica.html\" \/>\n<meta property=\"og:site_name\" content=\"+Mallorca: das Magazin aus Mallorca\" \/>\n<meta property=\"article:publisher\" content=\"https:\/\/www.facebook.com\/mallorcamagazine\/\" \/>\n<meta property=\"article:published_time\" content=\"2009-10-16T13:49:53+00:00\" \/>\n<meta property=\"article:modified_time\" content=\"2026-01-20T17:59:13+00:00\" \/>\n<meta property=\"og:image\" content=\"https:\/\/www.masmallorca.es\/wp-content\/uploads\/2009\/10\/posidonia_4.jpg\" \/>\n\t<meta property=\"og:image:width\" content=\"540\" \/>\n\t<meta property=\"og:image:height\" content=\"328\" \/>\n\t<meta property=\"og:image:type\" content=\"image\/jpeg\" \/>\n<meta name=\"author\" content=\"masmallorca\" \/>\n<meta name=\"twitter:card\" content=\"summary_large_image\" \/>\n<meta name=\"twitter:creator\" content=\"@masmallorca\" \/>\n<meta name=\"twitter:site\" content=\"@masmallorca\" \/>\n<meta name=\"twitter:label1\" content=\"Verfasst von\" \/>\n\t<meta name=\"twitter:data1\" content=\"masmallorca\" \/>\n\t<meta name=\"twitter:label2\" content=\"Gesch\u00e4tzte Lesezeit\" \/>\n\t<meta name=\"twitter:data2\" content=\"2\u00a0Minuten\" \/>\n<script type=\"application\/ld+json\" class=\"yoast-schema-graph\">{\"@context\":\"https:\\\/\\\/schema.org\",\"@graph\":[{\"@type\":\"Article\",\"@id\":\"https:\\\/\\\/www.masmallorca.es\\\/de\\\/pflanzenwelt\\\/die-posidonia-oceanica.html#article\",\"isPartOf\":{\"@id\":\"https:\\\/\\\/www.masmallorca.es\\\/de\\\/pflanzenwelt\\\/die-posidonia-oceanica.html\"},\"author\":{\"name\":\"masmallorca\",\"@id\":\"https:\\\/\\\/www.masmallorca.es\\\/de#\\\/schema\\\/person\\\/554c84e7dfd9917fdba2cace51081633\"},\"headline\":\"Die Posidonia Oceanica\",\"datePublished\":\"2009-10-16T13:49:53+00:00\",\"dateModified\":\"2026-01-20T17:59:13+00:00\",\"mainEntityOfPage\":{\"@id\":\"https:\\\/\\\/www.masmallorca.es\\\/de\\\/pflanzenwelt\\\/die-posidonia-oceanica.html\"},\"wordCount\":94,\"publisher\":{\"@id\":\"https:\\\/\\\/www.masmallorca.es\\\/de#organization\"},\"image\":{\"@id\":\"https:\\\/\\\/www.masmallorca.es\\\/de\\\/pflanzenwelt\\\/die-posidonia-oceanica.html#primaryimage\"},\"thumbnailUrl\":\"https:\\\/\\\/www.masmallorca.es\\\/wp-content\\\/uploads\\\/2009\\\/10\\\/posidonia_4.jpg\",\"articleSection\":[\"Pflanzenwelt\"],\"inLanguage\":\"de\"},{\"@type\":\"WebPage\",\"@id\":\"https:\\\/\\\/www.masmallorca.es\\\/de\\\/pflanzenwelt\\\/die-posidonia-oceanica.html\",\"url\":\"https:\\\/\\\/www.masmallorca.es\\\/de\\\/pflanzenwelt\\\/die-posidonia-oceanica.html\",\"name\":\"Die Posidonia Oceanica | +Mallorca\",\"isPartOf\":{\"@id\":\"https:\\\/\\\/www.masmallorca.es\\\/de#website\"},\"primaryImageOfPage\":{\"@id\":\"https:\\\/\\\/www.masmallorca.es\\\/de\\\/pflanzenwelt\\\/die-posidonia-oceanica.html#primaryimage\"},\"image\":{\"@id\":\"https:\\\/\\\/www.masmallorca.es\\\/de\\\/pflanzenwelt\\\/die-posidonia-oceanica.html#primaryimage\"},\"thumbnailUrl\":\"https:\\\/\\\/www.masmallorca.es\\\/wp-content\\\/uploads\\\/2009\\\/10\\\/posidonia_4.jpg\",\"datePublished\":\"2009-10-16T13:49:53+00:00\",\"dateModified\":\"2026-01-20T17:59:13+00:00\",\"description\":\"+Mallorca: Die Posidonia Oceanica Wiesen reinigen das Wasser, grundlegend in der Erhaltung der K\u00fcste, Stabilit\u00e4t der Str\u00e4nde und Meeresboden. Posidonia.\",\"breadcrumb\":{\"@id\":\"https:\\\/\\\/www.masmallorca.es\\\/de\\\/pflanzenwelt\\\/die-posidonia-oceanica.html#breadcrumb\"},\"inLanguage\":\"de\",\"potentialAction\":[{\"@type\":\"ReadAction\",\"target\":[\"https:\\\/\\\/www.masmallorca.es\\\/de\\\/pflanzenwelt\\\/die-posidonia-oceanica.html\"]}]},{\"@type\":\"ImageObject\",\"inLanguage\":\"de\",\"@id\":\"https:\\\/\\\/www.masmallorca.es\\\/de\\\/pflanzenwelt\\\/die-posidonia-oceanica.html#primaryimage\",\"url\":\"https:\\\/\\\/www.masmallorca.es\\\/wp-content\\\/uploads\\\/2009\\\/10\\\/posidonia_4.jpg\",\"contentUrl\":\"https:\\\/\\\/www.masmallorca.es\\\/wp-content\\\/uploads\\\/2009\\\/10\\\/posidonia_4.jpg\",\"width\":540,\"height\":328,\"caption\":\"\"},{\"@type\":\"BreadcrumbList\",\"@id\":\"https:\\\/\\\/www.masmallorca.es\\\/de\\\/pflanzenwelt\\\/die-posidonia-oceanica.html#breadcrumb\",\"itemListElement\":[{\"@type\":\"ListItem\",\"position\":1,\"name\":\"Portada\",\"item\":\"https:\\\/\\\/www.masmallorca.es\\\/de\"},{\"@type\":\"ListItem\",\"position\":2,\"name\":\"Pflanzenwelt\",\"item\":\"https:\\\/\\\/www.masmallorca.es\\\/de\\\/pflanzenwelt\"},{\"@type\":\"ListItem\",\"position\":3,\"name\":\"Die Posidonia Oceanica\"}]},{\"@type\":\"WebSite\",\"@id\":\"https:\\\/\\\/www.masmallorca.es\\\/de#website\",\"url\":\"https:\\\/\\\/www.masmallorca.es\\\/de\",\"name\":\"+Mallorca: la revista de Mallorca\",\"description\":\"Mehr als Sonne und Strand..\",\"publisher\":{\"@id\":\"https:\\\/\\\/www.masmallorca.es\\\/de#organization\"},\"alternateName\":\"+Mallorca\",\"potentialAction\":[{\"@type\":\"SearchAction\",\"target\":{\"@type\":\"EntryPoint\",\"urlTemplate\":\"https:\\\/\\\/www.masmallorca.es\\\/de?s={search_term_string}\"},\"query-input\":{\"@type\":\"PropertyValueSpecification\",\"valueRequired\":true,\"valueName\":\"search_term_string\"}}],\"inLanguage\":\"de\"},{\"@type\":\"Organization\",\"@id\":\"https:\\\/\\\/www.masmallorca.es\\\/de#organization\",\"name\":\"+Mallorca Magazin\",\"alternateName\":\"M\u00e1s Mallorca\",\"url\":\"https:\\\/\\\/www.masmallorca.es\\\/de\",\"logo\":{\"@type\":\"ImageObject\",\"inLanguage\":\"de\",\"@id\":\"https:\\\/\\\/www.masmallorca.es\\\/de#\\\/schema\\\/logo\\\/image\\\/\",\"url\":\"https:\\\/\\\/www.masmallorca.es\\\/wp-content\\\/uploads\\\/2021\\\/04\\\/logomallorca-1.png\",\"contentUrl\":\"https:\\\/\\\/www.masmallorca.es\\\/wp-content\\\/uploads\\\/2021\\\/04\\\/logomallorca-1.png\",\"width\":326,\"height\":84,\"caption\":\"+Mallorca Magazin\"},\"image\":{\"@id\":\"https:\\\/\\\/www.masmallorca.es\\\/de#\\\/schema\\\/logo\\\/image\\\/\"},\"sameAs\":[\"https:\\\/\\\/www.facebook.com\\\/mallorcamagazine\\\/\",\"https:\\\/\\\/x.com\\\/masmallorca\"]},{\"@type\":\"Person\",\"@id\":\"https:\\\/\\\/www.masmallorca.es\\\/de#\\\/schema\\\/person\\\/554c84e7dfd9917fdba2cace51081633\",\"name\":\"masmallorca\"}]}<\/script>\n<!-- \/ Yoast SEO plugin. -->","yoast_head_json":{"title":"Die Posidonia Oceanica | +Mallorca","description":"+Mallorca: Die Posidonia Oceanica Wiesen reinigen das Wasser, grundlegend in der Erhaltung der K\u00fcste, Stabilit\u00e4t der Str\u00e4nde und Meeresboden. Posidonia.","robots":{"index":"index","follow":"follow","max-snippet":"max-snippet:-1","max-image-preview":"max-image-preview:large","max-video-preview":"max-video-preview:-1"},"canonical":"https:\/\/www.masmallorca.es\/de\/pflanzenwelt\/die-posidonia-oceanica.html","og_locale":"de_DE","og_type":"article","og_title":"Die Posidonia Oceanica | +Mallorca","og_description":"+Mallorca: Die Posidonia Oceanica Wiesen reinigen das Wasser, grundlegend in der Erhaltung der K\u00fcste, Stabilit\u00e4t der Str\u00e4nde und Meeresboden. Posidonia.","og_url":"https:\/\/www.masmallorca.es\/de\/pflanzenwelt\/die-posidonia-oceanica.html","og_site_name":"+Mallorca: das Magazin aus Mallorca","article_publisher":"https:\/\/www.facebook.com\/mallorcamagazine\/","article_published_time":"2009-10-16T13:49:53+00:00","article_modified_time":"2026-01-20T17:59:13+00:00","og_image":[{"width":540,"height":328,"url":"https:\/\/www.masmallorca.es\/wp-content\/uploads\/2009\/10\/posidonia_4.jpg","type":"image\/jpeg"}],"author":"masmallorca","twitter_card":"summary_large_image","twitter_creator":"@masmallorca","twitter_site":"@masmallorca","twitter_misc":{"Verfasst von":"masmallorca","Gesch\u00e4tzte Lesezeit":"2\u00a0Minuten"},"schema":{"@context":"https:\/\/schema.org","@graph":[{"@type":"Article","@id":"https:\/\/www.masmallorca.es\/de\/pflanzenwelt\/die-posidonia-oceanica.html#article","isPartOf":{"@id":"https:\/\/www.masmallorca.es\/de\/pflanzenwelt\/die-posidonia-oceanica.html"},"author":{"name":"masmallorca","@id":"https:\/\/www.masmallorca.es\/de#\/schema\/person\/554c84e7dfd9917fdba2cace51081633"},"headline":"Die Posidonia Oceanica","datePublished":"2009-10-16T13:49:53+00:00","dateModified":"2026-01-20T17:59:13+00:00","mainEntityOfPage":{"@id":"https:\/\/www.masmallorca.es\/de\/pflanzenwelt\/die-posidonia-oceanica.html"},"wordCount":94,"publisher":{"@id":"https:\/\/www.masmallorca.es\/de#organization"},"image":{"@id":"https:\/\/www.masmallorca.es\/de\/pflanzenwelt\/die-posidonia-oceanica.html#primaryimage"},"thumbnailUrl":"https:\/\/www.masmallorca.es\/wp-content\/uploads\/2009\/10\/posidonia_4.jpg","articleSection":["Pflanzenwelt"],"inLanguage":"de"},{"@type":"WebPage","@id":"https:\/\/www.masmallorca.es\/de\/pflanzenwelt\/die-posidonia-oceanica.html","url":"https:\/\/www.masmallorca.es\/de\/pflanzenwelt\/die-posidonia-oceanica.html","name":"Die Posidonia Oceanica | +Mallorca","isPartOf":{"@id":"https:\/\/www.masmallorca.es\/de#website"},"primaryImageOfPage":{"@id":"https:\/\/www.masmallorca.es\/de\/pflanzenwelt\/die-posidonia-oceanica.html#primaryimage"},"image":{"@id":"https:\/\/www.masmallorca.es\/de\/pflanzenwelt\/die-posidonia-oceanica.html#primaryimage"},"thumbnailUrl":"https:\/\/www.masmallorca.es\/wp-content\/uploads\/2009\/10\/posidonia_4.jpg","datePublished":"2009-10-16T13:49:53+00:00","dateModified":"2026-01-20T17:59:13+00:00","description":"+Mallorca: Die Posidonia Oceanica Wiesen reinigen das Wasser, grundlegend in der Erhaltung der K\u00fcste, Stabilit\u00e4t der Str\u00e4nde und Meeresboden. Posidonia.","breadcrumb":{"@id":"https:\/\/www.masmallorca.es\/de\/pflanzenwelt\/die-posidonia-oceanica.html#breadcrumb"},"inLanguage":"de","potentialAction":[{"@type":"ReadAction","target":["https:\/\/www.masmallorca.es\/de\/pflanzenwelt\/die-posidonia-oceanica.html"]}]},{"@type":"ImageObject","inLanguage":"de","@id":"https:\/\/www.masmallorca.es\/de\/pflanzenwelt\/die-posidonia-oceanica.html#primaryimage","url":"https:\/\/www.masmallorca.es\/wp-content\/uploads\/2009\/10\/posidonia_4.jpg","contentUrl":"https:\/\/www.masmallorca.es\/wp-content\/uploads\/2009\/10\/posidonia_4.jpg","width":540,"height":328,"caption":""},{"@type":"BreadcrumbList","@id":"https:\/\/www.masmallorca.es\/de\/pflanzenwelt\/die-posidonia-oceanica.html#breadcrumb","itemListElement":[{"@type":"ListItem","position":1,"name":"Portada","item":"https:\/\/www.masmallorca.es\/de"},{"@type":"ListItem","position":2,"name":"Pflanzenwelt","item":"https:\/\/www.masmallorca.es\/de\/pflanzenwelt"},{"@type":"ListItem","position":3,"name":"Die Posidonia Oceanica"}]},{"@type":"WebSite","@id":"https:\/\/www.masmallorca.es\/de#website","url":"https:\/\/www.masmallorca.es\/de","name":"+Mallorca: la revista de Mallorca","description":"Mehr als Sonne und Strand..","publisher":{"@id":"https:\/\/www.masmallorca.es\/de#organization"},"alternateName":"+Mallorca","potentialAction":[{"@type":"SearchAction","target":{"@type":"EntryPoint","urlTemplate":"https:\/\/www.masmallorca.es\/de?s={search_term_string}"},"query-input":{"@type":"PropertyValueSpecification","valueRequired":true,"valueName":"search_term_string"}}],"inLanguage":"de"},{"@type":"Organization","@id":"https:\/\/www.masmallorca.es\/de#organization","name":"+Mallorca Magazin","alternateName":"M\u00e1s Mallorca","url":"https:\/\/www.masmallorca.es\/de","logo":{"@type":"ImageObject","inLanguage":"de","@id":"https:\/\/www.masmallorca.es\/de#\/schema\/logo\/image\/","url":"https:\/\/www.masmallorca.es\/wp-content\/uploads\/2021\/04\/logomallorca-1.png","contentUrl":"https:\/\/www.masmallorca.es\/wp-content\/uploads\/2021\/04\/logomallorca-1.png","width":326,"height":84,"caption":"+Mallorca Magazin"},"image":{"@id":"https:\/\/www.masmallorca.es\/de#\/schema\/logo\/image\/"},"sameAs":["https:\/\/www.facebook.com\/mallorcamagazine\/","https:\/\/x.com\/masmallorca"]},{"@type":"Person","@id":"https:\/\/www.masmallorca.es\/de#\/schema\/person\/554c84e7dfd9917fdba2cace51081633","name":"masmallorca"}]}},"_links":{"self":[{"href":"https:\/\/www.masmallorca.es\/de\/wp-json\/wp\/v2\/posts\/5184","targetHints":{"allow":["GET"]}}],"collection":[{"href":"https:\/\/www.masmallorca.es\/de\/wp-json\/wp\/v2\/posts"}],"about":[{"href":"https:\/\/www.masmallorca.es\/de\/wp-json\/wp\/v2\/types\/post"}],"author":[{"embeddable":true,"href":"https:\/\/www.masmallorca.es\/de\/wp-json\/wp\/v2\/users\/1"}],"replies":[{"embeddable":true,"href":"https:\/\/www.masmallorca.es\/de\/wp-json\/wp\/v2\/comments?post=5184"}],"version-history":[{"count":1,"href":"https:\/\/www.masmallorca.es\/de\/wp-json\/wp\/v2\/posts\/5184\/revisions"}],"predecessor-version":[{"id":35434,"href":"https:\/\/www.masmallorca.es\/de\/wp-json\/wp\/v2\/posts\/5184\/revisions\/35434"}],"wp:featuredmedia":[{"embeddable":true,"href":"https:\/\/www.masmallorca.es\/de\/wp-json\/wp\/v2\/media\/5179"}],"wp:attachment":[{"href":"https:\/\/www.masmallorca.es\/de\/wp-json\/wp\/v2\/media?parent=5184"}],"wp:term":[{"taxonomy":"category","embeddable":true,"href":"https:\/\/www.masmallorca.es\/de\/wp-json\/wp\/v2\/categories?post=5184"},{"taxonomy":"post_tag","embeddable":true,"href":"https:\/\/www.masmallorca.es\/de\/wp-json\/wp\/v2\/tags?post=5184"}],"curies":[{"name":"wp","href":"https:\/\/api.w.org\/{rel}","templated":true}]}}