{"id":500,"date":"2009-03-25T15:37:15","date_gmt":"2009-03-25T14:37:15","guid":{"rendered":""},"modified":"2018-10-02T12:50:18","modified_gmt":"2018-10-02T10:50:18","slug":"die-balearen-honderos","status":"publish","type":"post","link":"https:\/\/www.masmallorca.es\/de\/kultur\/die-balearen-honderos.html","title":{"rendered":"Die Balearen: Honderos"},"content":{"rendered":"<p align=\"justify\"><img loading=\"lazy\" decoding=\"async\" class=\" alignright size-full wp-image-485\" style=\"margin-right: 20px; margin-left: 20px; float: right;\" title=\"Schleuder Pflanzenfasern. Die Balearen: Honderos.\" src=\"https:\/\/www.masmallorca.es\/wp-content\/uploads\/2009\/03\/honderos_balearicos_palma.jpg\" alt=\"Schleuder Pflanzenfasern. Die Balearen: Honderos.\" width=\"150\" height=\"84\" \/>Die <strong>Schleuder<\/strong> spielte in der Geschichte der Balearen seit jeher eine wichtige Rolle. Es w\u00e4re undenkbar, \u00fcber die Vergangenheit der Balearischen Inseln zu sprechen, ohne dabei die balearischen \u201eHonderos\u201c zu erw\u00e4hnen. Das Wort Balear bedeutet n\u00e4mlich w\u00f6rtlich \u00fcbersetzt \u201eMeister des Wurfes&#8220;.<\/p>\n<p><!--more--><\/p>\n<p align=\"justify\">\u00a0<\/p>\n<p align=\"justify\">\n<img loading=\"lazy\" decoding=\"async\" class=\" alignleft size-full wp-image-490\" style=\"margin-right: 20px; margin-left: 0px; float: left;\" title=\"Schleuder Pflanzenfasern. Die Balearen: Honderos.\" src=\"https:\/\/www.masmallorca.es\/wp-content\/uploads\/2009\/03\/honderos_balearicos_foner.jpg\" alt=\"Schleuder Pflanzenfasern. Die Balearen: Honderos.\" width=\"194\" height=\"248\" \/><img loading=\"lazy\" decoding=\"async\" class=\"alignright wp-image-440 size-full\" title=\"Schleuder. Mallorca.\" src=\"https:\/\/www.masmallorca.es\/wp-content\/uploads\/2009\/03\/honderos_balearicos_fona.jpg\" alt=\"Schleuder\" width=\"123\" height=\"450\" srcset=\"https:\/\/www.masmallorca.es\/wp-content\/uploads\/2009\/03\/honderos_balearicos_fona.jpg 123w, https:\/\/www.masmallorca.es\/wp-content\/uploads\/2009\/03\/honderos_balearicos_fona-82x300.jpg 82w\" sizes=\"(max-width: 123px) 100vw, 123px\" \/>Die \u201eHonderos\u201c wurden schon von Kindesbeinen an in die hohe Kunst des Steinschleuderns eingeweiht.\u00a0 Ihr talentierter Umgang mit diesem Geschoss brachte den \u201eHonderos\u201c der Inseln Lob und Bewunderung von gro\u00dfen griechischen und r\u00f6mischen Geschichtsschreibern ein.<\/p>\n<p align=\"justify\">Schlie\u00dflich erlangten sie im gesamten Mittelmeerraum aufgrund ihrer K\u00fchnheit im Kampf, ihrer eindrucksvollen Sachkenntnis, ihrer Geschicklichkeit und Leistungsf\u00e4higkeit im Umgang mit der Steinschleuder Ber\u00fchmtheit.<\/p>\n<p align=\"justify\">\u00a0<\/p>\n<p align=\"justify\">\u00a0<\/p>\n<p align=\"justify\">Die R\u00f6mer nahmen schlie\u00dflich die Dienste der Steinschleuderer in ihrer Infanterie in Anspruch. Wie aus geschichtlichen Quellen bekannt ist, k\u00e4mpften in den Truppen von Julius Cesar im Gallischen Krieg bealerische Steinschleudermeister.<\/p>\n<p align=\"justify\">\u00a0<\/p>\n<p align=\"justify\">\u00a0<\/p>\n<p align=\"justify\"><img loading=\"lazy\" decoding=\"async\" class=\" alignright size-full wp-image-495\" style=\"margin-right: 0px; margin-left: 20px; float: right;\" title=\"Schleuder Pflanzenfasern. Die Balearen: Honderos.\" src=\"https:\/\/www.masmallorca.es\/wp-content\/uploads\/2009\/03\/honderos_balearicos_lluita.jpg\" alt=\"Schleuder Pflanzenfasern. Die Balearen: Honderos.\" width=\"120\" height=\"155\" \/><\/p>\n<p align=\"justify\">Man nimmt an, dass die ersten Siedler sich im 4. Jahrhundert v.Chr. auf der Insel niederlie\u00dfen. Die \u00e4ltesten menschlichen \u00dcberreste, die auf Mallorca entdeckt wurden, stammen aus der Jungsteinzeit aus dem Jahr 3500 v.Chr.<\/p>\n<p align=\"justify\">Der \u201eHombre de Moleta\u201c, dessen sterbliche \u00dcberreste in der N\u00e4he des Hafens von Valldemossa gefunden wurden, geh\u00f6rte wohl zu den ersten Siedlern.<\/p>\n<p align=\"justify\">\u00a0<\/p>\n<h2 style=\"text-align: center;\" align=\"justify\"><span style=\"font-size: 10pt;\"><a title=\"Kaufen Schleuder Pflanzenfasern (Kaktus Pita) und Espartogras.\" href=\"https:\/\/www.mallorcashop.net\/de\/schleuder-\/169-sling-honda-fona-schleuder-mallorca.html\" target=\"_blank\" rel=\"noopener noreferrer\">Kaufen Schleuder Pflanzenfasern (Kaktus Pita) und Espartogras<\/a><\/span><\/h2>\n<p>&nbsp;<\/p>\n<p>&nbsp;<\/p>\n","protected":false},"excerpt":{"rendered":"<p>Die Schleuder spielte in der Geschichte der Balearen seit jeher eine wichtige Rolle. Es w\u00e4re undenkbar, \u00fcber die Vergangenheit der Balearischen Inseln zu sprechen, ohne dabei die balearischen \u201eHonderos\u201c zu erw\u00e4hnen. Das Wort Balear bedeutet n\u00e4mlich w\u00f6rtlich \u00fcbersetzt \u201eMeister des Wurfes&#8220;.<\/p>\n","protected":false},"author":1,"featured_media":485,"comment_status":"closed","ping_status":"closed","sticky":false,"template":"","format":"standard","meta":{"_et_pb_use_builder":"","_et_pb_old_content":"","_et_gb_content_width":"","footnotes":""},"categories":[20],"tags":[],"class_list":["post-500","post","type-post","status-publish","format-standard","has-post-thumbnail","hentry","category-kultur","et-has-post-format-content","et_post_format-et-post-format-standard"],"yoast_head":"<!-- This site is optimized with the Yoast SEO plugin v27.4 - https:\/\/yoast.com\/product\/yoast-seo-wordpress\/ -->\n<title>Die Balearen: Honderos (Die Schleuder) | +Mallorca, Mallorca Magazin<\/title>\n<meta name=\"description\" content=\"Schleuder hat in der Geschichte der Balearen sehr wichtig. In Erinnerung an die Balearen sind die Balearen Schleuderer. Mallorca Schleuder.\" \/>\n<meta name=\"robots\" content=\"index, follow, max-snippet:-1, max-image-preview:large, max-video-preview:-1\" \/>\n<link rel=\"canonical\" href=\"https:\/\/www.masmallorca.es\/de\/kultur\/die-balearen-honderos.html\" \/>\n<meta property=\"og:locale\" content=\"de_DE\" \/>\n<meta property=\"og:type\" content=\"article\" \/>\n<meta property=\"og:title\" content=\"Die Balearen: Honderos (Die Schleuder) | +Mallorca, Mallorca Magazin\" \/>\n<meta property=\"og:description\" content=\"Schleuder hat in der Geschichte der Balearen sehr wichtig. In Erinnerung an die Balearen sind die Balearen Schleuderer. Mallorca Schleuder.\" \/>\n<meta property=\"og:url\" content=\"https:\/\/www.masmallorca.es\/de\/kultur\/die-balearen-honderos.html\" \/>\n<meta property=\"og:site_name\" content=\"+Mallorca: das Magazin aus Mallorca\" \/>\n<meta property=\"article:publisher\" content=\"https:\/\/www.facebook.com\/mallorcamagazine\/\" \/>\n<meta property=\"article:published_time\" content=\"2009-03-25T14:37:15+00:00\" \/>\n<meta property=\"article:modified_time\" content=\"2018-10-02T10:50:18+00:00\" \/>\n<meta property=\"og:image\" content=\"https:\/\/www.masmallorca.es\/wp-content\/uploads\/2009\/03\/honderos_balearicos_palma.jpg\" \/>\n\t<meta property=\"og:image:width\" content=\"150\" \/>\n\t<meta property=\"og:image:height\" content=\"84\" \/>\n\t<meta property=\"og:image:type\" content=\"image\/jpeg\" \/>\n<meta name=\"author\" content=\"masmallorca\" \/>\n<meta name=\"twitter:card\" content=\"summary_large_image\" \/>\n<meta name=\"twitter:creator\" content=\"@masmallorca\" \/>\n<meta name=\"twitter:site\" content=\"@masmallorca\" \/>\n<meta name=\"twitter:label1\" content=\"Verfasst von\" \/>\n\t<meta name=\"twitter:data1\" content=\"masmallorca\" \/>\n\t<meta name=\"twitter:label2\" content=\"Gesch\u00e4tzte Lesezeit\" \/>\n\t<meta name=\"twitter:data2\" content=\"1\u00a0Minute\" \/>\n<script type=\"application\/ld+json\" class=\"yoast-schema-graph\">{\"@context\":\"https:\\\/\\\/schema.org\",\"@graph\":[{\"@type\":\"Article\",\"@id\":\"https:\\\/\\\/www.masmallorca.es\\\/de\\\/kultur\\\/die-balearen-honderos.html#article\",\"isPartOf\":{\"@id\":\"https:\\\/\\\/www.masmallorca.es\\\/de\\\/kultur\\\/die-balearen-honderos.html\"},\"author\":{\"name\":\"masmallorca\",\"@id\":\"https:\\\/\\\/www.masmallorca.es\\\/de#\\\/schema\\\/person\\\/554c84e7dfd9917fdba2cace51081633\"},\"headline\":\"Die Balearen: Honderos\",\"datePublished\":\"2009-03-25T14:37:15+00:00\",\"dateModified\":\"2018-10-02T10:50:18+00:00\",\"mainEntityOfPage\":{\"@id\":\"https:\\\/\\\/www.masmallorca.es\\\/de\\\/kultur\\\/die-balearen-honderos.html\"},\"wordCount\":215,\"publisher\":{\"@id\":\"https:\\\/\\\/www.masmallorca.es\\\/de#organization\"},\"image\":{\"@id\":\"https:\\\/\\\/www.masmallorca.es\\\/de\\\/kultur\\\/die-balearen-honderos.html#primaryimage\"},\"thumbnailUrl\":\"https:\\\/\\\/www.masmallorca.es\\\/wp-content\\\/uploads\\\/2009\\\/03\\\/honderos_balearicos_palma.jpg\",\"articleSection\":[\"Kultur\"],\"inLanguage\":\"de\"},{\"@type\":\"WebPage\",\"@id\":\"https:\\\/\\\/www.masmallorca.es\\\/de\\\/kultur\\\/die-balearen-honderos.html\",\"url\":\"https:\\\/\\\/www.masmallorca.es\\\/de\\\/kultur\\\/die-balearen-honderos.html\",\"name\":\"Die Balearen: Honderos (Die Schleuder) | +Mallorca, Mallorca Magazin\",\"isPartOf\":{\"@id\":\"https:\\\/\\\/www.masmallorca.es\\\/de#website\"},\"primaryImageOfPage\":{\"@id\":\"https:\\\/\\\/www.masmallorca.es\\\/de\\\/kultur\\\/die-balearen-honderos.html#primaryimage\"},\"image\":{\"@id\":\"https:\\\/\\\/www.masmallorca.es\\\/de\\\/kultur\\\/die-balearen-honderos.html#primaryimage\"},\"thumbnailUrl\":\"https:\\\/\\\/www.masmallorca.es\\\/wp-content\\\/uploads\\\/2009\\\/03\\\/honderos_balearicos_palma.jpg\",\"datePublished\":\"2009-03-25T14:37:15+00:00\",\"dateModified\":\"2018-10-02T10:50:18+00:00\",\"description\":\"Schleuder hat in der Geschichte der Balearen sehr wichtig. In Erinnerung an die Balearen sind die Balearen Schleuderer. Mallorca Schleuder.\",\"breadcrumb\":{\"@id\":\"https:\\\/\\\/www.masmallorca.es\\\/de\\\/kultur\\\/die-balearen-honderos.html#breadcrumb\"},\"inLanguage\":\"de\",\"potentialAction\":[{\"@type\":\"ReadAction\",\"target\":[\"https:\\\/\\\/www.masmallorca.es\\\/de\\\/kultur\\\/die-balearen-honderos.html\"]}]},{\"@type\":\"ImageObject\",\"inLanguage\":\"de\",\"@id\":\"https:\\\/\\\/www.masmallorca.es\\\/de\\\/kultur\\\/die-balearen-honderos.html#primaryimage\",\"url\":\"https:\\\/\\\/www.masmallorca.es\\\/wp-content\\\/uploads\\\/2009\\\/03\\\/honderos_balearicos_palma.jpg\",\"contentUrl\":\"https:\\\/\\\/www.masmallorca.es\\\/wp-content\\\/uploads\\\/2009\\\/03\\\/honderos_balearicos_palma.jpg\",\"width\":150,\"height\":84,\"caption\":\"Schleuder Pflanzenfasern. Die Balearen: Honderos.\"},{\"@type\":\"BreadcrumbList\",\"@id\":\"https:\\\/\\\/www.masmallorca.es\\\/de\\\/kultur\\\/die-balearen-honderos.html#breadcrumb\",\"itemListElement\":[{\"@type\":\"ListItem\",\"position\":1,\"name\":\"Portada\",\"item\":\"https:\\\/\\\/www.masmallorca.es\\\/de\"},{\"@type\":\"ListItem\",\"position\":2,\"name\":\"Kultur\",\"item\":\"https:\\\/\\\/www.masmallorca.es\\\/de\\\/kultur\"},{\"@type\":\"ListItem\",\"position\":3,\"name\":\"Die Balearen: Honderos\"}]},{\"@type\":\"WebSite\",\"@id\":\"https:\\\/\\\/www.masmallorca.es\\\/de#website\",\"url\":\"https:\\\/\\\/www.masmallorca.es\\\/de\",\"name\":\"+Mallorca: la revista de Mallorca\",\"description\":\"Mehr als Sonne und Strand..\",\"publisher\":{\"@id\":\"https:\\\/\\\/www.masmallorca.es\\\/de#organization\"},\"alternateName\":\"+Mallorca\",\"potentialAction\":[{\"@type\":\"SearchAction\",\"target\":{\"@type\":\"EntryPoint\",\"urlTemplate\":\"https:\\\/\\\/www.masmallorca.es\\\/de?s={search_term_string}\"},\"query-input\":{\"@type\":\"PropertyValueSpecification\",\"valueRequired\":true,\"valueName\":\"search_term_string\"}}],\"inLanguage\":\"de\"},{\"@type\":\"Organization\",\"@id\":\"https:\\\/\\\/www.masmallorca.es\\\/de#organization\",\"name\":\"+Mallorca Magazin\",\"alternateName\":\"M\u00e1s Mallorca\",\"url\":\"https:\\\/\\\/www.masmallorca.es\\\/de\",\"logo\":{\"@type\":\"ImageObject\",\"inLanguage\":\"de\",\"@id\":\"https:\\\/\\\/www.masmallorca.es\\\/de#\\\/schema\\\/logo\\\/image\\\/\",\"url\":\"https:\\\/\\\/www.masmallorca.es\\\/wp-content\\\/uploads\\\/2021\\\/04\\\/logomallorca-1.png\",\"contentUrl\":\"https:\\\/\\\/www.masmallorca.es\\\/wp-content\\\/uploads\\\/2021\\\/04\\\/logomallorca-1.png\",\"width\":326,\"height\":84,\"caption\":\"+Mallorca Magazin\"},\"image\":{\"@id\":\"https:\\\/\\\/www.masmallorca.es\\\/de#\\\/schema\\\/logo\\\/image\\\/\"},\"sameAs\":[\"https:\\\/\\\/www.facebook.com\\\/mallorcamagazine\\\/\",\"https:\\\/\\\/x.com\\\/masmallorca\"]},{\"@type\":\"Person\",\"@id\":\"https:\\\/\\\/www.masmallorca.es\\\/de#\\\/schema\\\/person\\\/554c84e7dfd9917fdba2cace51081633\",\"name\":\"masmallorca\"}]}<\/script>\n<!-- \/ Yoast SEO plugin. -->","yoast_head_json":{"title":"Die Balearen: Honderos (Die Schleuder) | +Mallorca, Mallorca Magazin","description":"Schleuder hat in der Geschichte der Balearen sehr wichtig. In Erinnerung an die Balearen sind die Balearen Schleuderer. Mallorca Schleuder.","robots":{"index":"index","follow":"follow","max-snippet":"max-snippet:-1","max-image-preview":"max-image-preview:large","max-video-preview":"max-video-preview:-1"},"canonical":"https:\/\/www.masmallorca.es\/de\/kultur\/die-balearen-honderos.html","og_locale":"de_DE","og_type":"article","og_title":"Die Balearen: Honderos (Die Schleuder) | +Mallorca, Mallorca Magazin","og_description":"Schleuder hat in der Geschichte der Balearen sehr wichtig. In Erinnerung an die Balearen sind die Balearen Schleuderer. Mallorca Schleuder.","og_url":"https:\/\/www.masmallorca.es\/de\/kultur\/die-balearen-honderos.html","og_site_name":"+Mallorca: das Magazin aus Mallorca","article_publisher":"https:\/\/www.facebook.com\/mallorcamagazine\/","article_published_time":"2009-03-25T14:37:15+00:00","article_modified_time":"2018-10-02T10:50:18+00:00","og_image":[{"width":150,"height":84,"url":"https:\/\/www.masmallorca.es\/wp-content\/uploads\/2009\/03\/honderos_balearicos_palma.jpg","type":"image\/jpeg"}],"author":"masmallorca","twitter_card":"summary_large_image","twitter_creator":"@masmallorca","twitter_site":"@masmallorca","twitter_misc":{"Verfasst von":"masmallorca","Gesch\u00e4tzte Lesezeit":"1\u00a0Minute"},"schema":{"@context":"https:\/\/schema.org","@graph":[{"@type":"Article","@id":"https:\/\/www.masmallorca.es\/de\/kultur\/die-balearen-honderos.html#article","isPartOf":{"@id":"https:\/\/www.masmallorca.es\/de\/kultur\/die-balearen-honderos.html"},"author":{"name":"masmallorca","@id":"https:\/\/www.masmallorca.es\/de#\/schema\/person\/554c84e7dfd9917fdba2cace51081633"},"headline":"Die Balearen: Honderos","datePublished":"2009-03-25T14:37:15+00:00","dateModified":"2018-10-02T10:50:18+00:00","mainEntityOfPage":{"@id":"https:\/\/www.masmallorca.es\/de\/kultur\/die-balearen-honderos.html"},"wordCount":215,"publisher":{"@id":"https:\/\/www.masmallorca.es\/de#organization"},"image":{"@id":"https:\/\/www.masmallorca.es\/de\/kultur\/die-balearen-honderos.html#primaryimage"},"thumbnailUrl":"https:\/\/www.masmallorca.es\/wp-content\/uploads\/2009\/03\/honderos_balearicos_palma.jpg","articleSection":["Kultur"],"inLanguage":"de"},{"@type":"WebPage","@id":"https:\/\/www.masmallorca.es\/de\/kultur\/die-balearen-honderos.html","url":"https:\/\/www.masmallorca.es\/de\/kultur\/die-balearen-honderos.html","name":"Die Balearen: Honderos (Die Schleuder) | +Mallorca, Mallorca Magazin","isPartOf":{"@id":"https:\/\/www.masmallorca.es\/de#website"},"primaryImageOfPage":{"@id":"https:\/\/www.masmallorca.es\/de\/kultur\/die-balearen-honderos.html#primaryimage"},"image":{"@id":"https:\/\/www.masmallorca.es\/de\/kultur\/die-balearen-honderos.html#primaryimage"},"thumbnailUrl":"https:\/\/www.masmallorca.es\/wp-content\/uploads\/2009\/03\/honderos_balearicos_palma.jpg","datePublished":"2009-03-25T14:37:15+00:00","dateModified":"2018-10-02T10:50:18+00:00","description":"Schleuder hat in der Geschichte der Balearen sehr wichtig. In Erinnerung an die Balearen sind die Balearen Schleuderer. Mallorca Schleuder.","breadcrumb":{"@id":"https:\/\/www.masmallorca.es\/de\/kultur\/die-balearen-honderos.html#breadcrumb"},"inLanguage":"de","potentialAction":[{"@type":"ReadAction","target":["https:\/\/www.masmallorca.es\/de\/kultur\/die-balearen-honderos.html"]}]},{"@type":"ImageObject","inLanguage":"de","@id":"https:\/\/www.masmallorca.es\/de\/kultur\/die-balearen-honderos.html#primaryimage","url":"https:\/\/www.masmallorca.es\/wp-content\/uploads\/2009\/03\/honderos_balearicos_palma.jpg","contentUrl":"https:\/\/www.masmallorca.es\/wp-content\/uploads\/2009\/03\/honderos_balearicos_palma.jpg","width":150,"height":84,"caption":"Schleuder Pflanzenfasern. Die Balearen: Honderos."},{"@type":"BreadcrumbList","@id":"https:\/\/www.masmallorca.es\/de\/kultur\/die-balearen-honderos.html#breadcrumb","itemListElement":[{"@type":"ListItem","position":1,"name":"Portada","item":"https:\/\/www.masmallorca.es\/de"},{"@type":"ListItem","position":2,"name":"Kultur","item":"https:\/\/www.masmallorca.es\/de\/kultur"},{"@type":"ListItem","position":3,"name":"Die Balearen: Honderos"}]},{"@type":"WebSite","@id":"https:\/\/www.masmallorca.es\/de#website","url":"https:\/\/www.masmallorca.es\/de","name":"+Mallorca: la revista de Mallorca","description":"Mehr als Sonne und Strand..","publisher":{"@id":"https:\/\/www.masmallorca.es\/de#organization"},"alternateName":"+Mallorca","potentialAction":[{"@type":"SearchAction","target":{"@type":"EntryPoint","urlTemplate":"https:\/\/www.masmallorca.es\/de?s={search_term_string}"},"query-input":{"@type":"PropertyValueSpecification","valueRequired":true,"valueName":"search_term_string"}}],"inLanguage":"de"},{"@type":"Organization","@id":"https:\/\/www.masmallorca.es\/de#organization","name":"+Mallorca Magazin","alternateName":"M\u00e1s Mallorca","url":"https:\/\/www.masmallorca.es\/de","logo":{"@type":"ImageObject","inLanguage":"de","@id":"https:\/\/www.masmallorca.es\/de#\/schema\/logo\/image\/","url":"https:\/\/www.masmallorca.es\/wp-content\/uploads\/2021\/04\/logomallorca-1.png","contentUrl":"https:\/\/www.masmallorca.es\/wp-content\/uploads\/2021\/04\/logomallorca-1.png","width":326,"height":84,"caption":"+Mallorca Magazin"},"image":{"@id":"https:\/\/www.masmallorca.es\/de#\/schema\/logo\/image\/"},"sameAs":["https:\/\/www.facebook.com\/mallorcamagazine\/","https:\/\/x.com\/masmallorca"]},{"@type":"Person","@id":"https:\/\/www.masmallorca.es\/de#\/schema\/person\/554c84e7dfd9917fdba2cace51081633","name":"masmallorca"}]}},"_links":{"self":[{"href":"https:\/\/www.masmallorca.es\/de\/wp-json\/wp\/v2\/posts\/500","targetHints":{"allow":["GET"]}}],"collection":[{"href":"https:\/\/www.masmallorca.es\/de\/wp-json\/wp\/v2\/posts"}],"about":[{"href":"https:\/\/www.masmallorca.es\/de\/wp-json\/wp\/v2\/types\/post"}],"author":[{"embeddable":true,"href":"https:\/\/www.masmallorca.es\/de\/wp-json\/wp\/v2\/users\/1"}],"replies":[{"embeddable":true,"href":"https:\/\/www.masmallorca.es\/de\/wp-json\/wp\/v2\/comments?post=500"}],"version-history":[{"count":0,"href":"https:\/\/www.masmallorca.es\/de\/wp-json\/wp\/v2\/posts\/500\/revisions"}],"wp:featuredmedia":[{"embeddable":true,"href":"https:\/\/www.masmallorca.es\/de\/wp-json\/wp\/v2\/media\/485"}],"wp:attachment":[{"href":"https:\/\/www.masmallorca.es\/de\/wp-json\/wp\/v2\/media?parent=500"}],"wp:term":[{"taxonomy":"category","embeddable":true,"href":"https:\/\/www.masmallorca.es\/de\/wp-json\/wp\/v2\/categories?post=500"},{"taxonomy":"post_tag","embeddable":true,"href":"https:\/\/www.masmallorca.es\/de\/wp-json\/wp\/v2\/tags?post=500"}],"curies":[{"name":"wp","href":"https:\/\/api.w.org\/{rel}","templated":true}]}}