{"id":3965,"date":"2009-10-21T17:24:47","date_gmt":"2009-10-21T15:24:47","guid":{"rendered":""},"modified":"2019-05-23T19:28:27","modified_gmt":"2019-05-23T17:28:27","slug":"lende-mit-kohl","status":"publish","type":"post","link":"https:\/\/www.masmallorca.es\/de\/gastronomie\/lende-mit-kohl.html","title":{"rendered":"Lende mit Kohl"},"content":{"rendered":"<p><img loading=\"lazy\" decoding=\"async\" class=\"alignright wp-image-3937 size-full\" style=\"border: 0px none; margin: 0px 20px; float: right;\" title=\"Lende mit Kohl. Zutaten und Zubereitung. Mallorca typischen K\u00fcche, Mallorquinische Rezepte\" src=\"https:\/\/www.masmallorca.es\/wp-content\/uploads\/2009\/10\/lomo-con-col_1.jpg\" alt=\"Lende mit Kohl. Zutaten und Zubereitung. Mallorca typischen K\u00fcche, Mallorquinische Rezepte\" width=\"150\" height=\"110\" \/><\/p>\n<p style=\"text-align: justify;\"><strong>Zutaten f\u00fcr 6 Personen:<br \/>\n<\/strong>\u2022 1 Kilo Schweinelende in Streifen \u2022 1 Wirsing oder \u2022 Wei\u00dfkohl Oliven\u00f6l \u2022 2 gro\u00dfe Zwiebeln \u2022 300 Gramm Fr\u00fchst\u00fccksspeck oder getrockneter Schinkenspeck \u2022 300 Pilze \u2022 100 Gramm Rosinen \u2022 30 Gramm Pinienkerne \u2022 1 dl Rotwein (oder H\u00e4lfte Sherry, H\u00e4lfte Wei\u00dfwein)<\/p>\n<p><!--more--><\/p>\n<p style=\"text-align: justify;\">\u2022 5 Ramillete-Tomaten \u2022 1,5-2 Liter Wasser oder Br\u00fche \u2022 150 Gramm Sobrasada (Paprikastreichwurst) \u2022 2 Botifarrons (Blutw\u00fcrste mit Speck) \u2022 Salz und Pfeffer<\/p>\n<p style=\"text-align: justify;\"><strong><img loading=\"lazy\" decoding=\"async\" class=\"alignleft wp-image-3942 size-full\" style=\"border: 0px none; margin: 10px 20px 10px 0px; float: left;\" title=\"Lende mit Kohl. Zutaten und Zubereitung. Mallorca typischen K\u00fcche, Mallorquinische Rezepte\" src=\"https:\/\/www.masmallorca.es\/wp-content\/uploads\/2009\/10\/lomo-con-col_2.jpg\" alt=\"Lende mit Kohl. Zutaten und Zubereitung. Mallorca typischen K\u00fcche, Mallorquinische Rezepte\" width=\"200\" height=\"133\" \/><\/strong><\/p>\n<p style=\"text-align: justify;\"><strong>Zubereitung<\/strong><\/p>\n<p style=\"text-align: justify;\">Die Kohlbl\u00e4tter in kochendem Salzwasser aufbr\u00fchen, gut abtropfen lassen, den faserigsten Blattstamm von den Bl\u00e4ttern entfernen.<br \/>\nBotifarr\u00f3n und Sobrasada in kleine St\u00fccke schneiden. Die Schweinelende mit Salz und Pfeffer w\u00fcrzen und in einer Pfanne mit \u00d6l leicht anbr\u00e4unen. Beiseite stellen.<\/p>\n<p style=\"text-align: justify;\"><strong><img loading=\"lazy\" decoding=\"async\" class=\"alignleft wp-image-3947 size-full\" style=\"border: 0px none; margin: 10px 20px 10px 0px; float: left;\" title=\"Lende mit Kohl. Zutaten und Zubereitung. Mallorca typischen K\u00fcche, Mallorquinische Rezepte\" src=\"https:\/\/www.masmallorca.es\/wp-content\/uploads\/2009\/10\/lomo-con-col_3.jpg\" alt=\"Lende mit Kohl. Zutaten und Zubereitung. Mallorca typischen K\u00fcche, Mallorquinische Rezepte\" width=\"200\" height=\"133\" \/><\/strong><\/p>\n<p style=\"text-align: justify;\">Zur Vorbereitung der R\u00f6llchen ein Kohlblatt nehmen und gut ausbreiten. Eine Scheibe Fleisch in die Mitte legen, \u00fcber diese Scheibe Fleisch einige St\u00fccke Botifarr\u00f3n und Sobrasada geben. Das Ganze einwickeln und mit einem Zahnstocher befestigen. Die R\u00f6llchen in eine flache Tonkasserolle eng aneinander gef\u00fcgt geben, damit sie sich nicht l\u00f6sen und beiseite stellen.<br \/>\nDen Schinkenspeck in W\u00fcrfel schneiden. Die Zwiebel sch\u00e4len und hacken. Die Pilze in St\u00fccke schneiden und die Tomate sch\u00e4len und hacken.<\/p>\n<p style=\"text-align: justify;\">\n<p><strong><img loading=\"lazy\" decoding=\"async\" class=\"alignright wp-image-3960 size-full\" style=\"border: 0px none; margin: 10px 0px 10px 20px; float: right;\" title=\"Lende mit Kohl. Zutaten und Zubereitung. Mallorca typischen K\u00fcche, Mallorquinische Rezepte\" src=\"https:\/\/www.masmallorca.es\/wp-content\/uploads\/2009\/10\/lomo-con-col_4.jpg\" alt=\"Lende mit Kohl\" width=\"300\" height=\"172\" \/><\/strong><\/p>\n<p style=\"text-align: justify;\"><strong>Die Sosse<\/strong><\/p>\n<p style=\"text-align: justify;\">Den Schinkenspeck in etwas \u00d6l in derselben Pfanne, in der die Schweinelende zubereitet wurde, anbraten, die Zwiebel hinzugeben und sobald diese etwas gebr\u00e4unt ist, die Pilze und die Tomate hinzugeben.<\/p>\n<p style=\"text-align: justify;\">Wenn die So\u00dfe fertig ist, etwas Salz, Pfeffer und ein Glas Wein hinzuf\u00fcgen und auf gro\u00dfer Flamme einige Minuten kochen lassen, damit der Alkohol verdunstet. Das Wasser zugeben (die R\u00f6llchen m\u00fcssen in die So\u00dfe getaucht sein, d\u00fcrfen aber in ihr aber nicht schwimmen) und die Rosinen sowie die Pinienkerne zugeben&#8230; Die So\u00dfe \u00fcber die R\u00f6llchen geben, die wir in der Kasserolle vorbereitet haben. Bei mittlerer Flamme kochen lassen, bis der Kohl zart ist.<\/p>\n<p style=\"text-align: justify;\"><strong>\u00a0<\/strong><\/p>\n","protected":false},"excerpt":{"rendered":"<p>Zutaten f\u00fcr 6 Personen: \u2022 1 Kilo Schweinelende in Streifen \u2022 1 Wirsing oder \u2022 Wei\u00dfkohl Oliven\u00f6l \u2022 2 gro\u00dfe Zwiebeln \u2022 300 Gramm Fr\u00fchst\u00fccksspeck oder getrockneter Schinkenspeck \u2022 300 Pilze \u2022 100 Gramm Rosinen \u2022 30 Gramm Pinienkerne \u2022 1 dl Rotwein (oder H\u00e4lfte Sherry, H\u00e4lfte Wei\u00dfwein)<\/p>\n","protected":false},"author":1,"featured_media":3955,"comment_status":"closed","ping_status":"closed","sticky":false,"template":"","format":"standard","meta":{"_et_pb_use_builder":"","_et_pb_old_content":"","_et_gb_content_width":"","footnotes":""},"categories":[30],"tags":[],"class_list":["post-3965","post","type-post","status-publish","format-standard","has-post-thumbnail","hentry","category-gastronomie","et-has-post-format-content","et_post_format-et-post-format-standard"],"yoast_head":"<!-- This site is optimized with the Yoast SEO plugin v27.4 - https:\/\/yoast.com\/product\/yoast-seo-wordpress\/ -->\n<title>Lende mit Kohl | +Mallorca: das Magazin aus Mallorca<\/title>\n<meta name=\"description\" content=\"+Mallorca, Gastronomie: Lende mit Kohl. Zutaten und Zubereitung. Mallorca typischen K\u00fcche, Mallorquinische Rezepte. Balearen. Lende mit Kohl.\" \/>\n<meta name=\"robots\" content=\"index, follow, max-snippet:-1, max-image-preview:large, max-video-preview:-1\" \/>\n<link rel=\"canonical\" href=\"https:\/\/www.masmallorca.es\/de\/gastronomie\/lende-mit-kohl.html\" \/>\n<meta property=\"og:locale\" content=\"de_DE\" \/>\n<meta property=\"og:type\" content=\"article\" \/>\n<meta property=\"og:title\" content=\"Lende mit Kohl | +Mallorca: das Magazin aus Mallorca\" \/>\n<meta property=\"og:description\" content=\"+Mallorca, Gastronomie: Lende mit Kohl. Zutaten und Zubereitung. Mallorca typischen K\u00fcche, Mallorquinische Rezepte. Balearen. Lende mit Kohl.\" \/>\n<meta property=\"og:url\" content=\"https:\/\/www.masmallorca.es\/de\/gastronomie\/lende-mit-kohl.html\" \/>\n<meta property=\"og:site_name\" content=\"+Mallorca: das Magazin aus Mallorca\" \/>\n<meta property=\"article:publisher\" content=\"https:\/\/www.facebook.com\/mallorcamagazine\/\" \/>\n<meta property=\"article:published_time\" content=\"2009-10-21T15:24:47+00:00\" \/>\n<meta property=\"article:modified_time\" content=\"2019-05-23T17:28:27+00:00\" \/>\n<meta property=\"og:image\" content=\"https:\/\/www.masmallorca.es\/wp-content\/uploads\/2009\/10\/lomo-con-col_4.jpg\" \/>\n\t<meta property=\"og:image:width\" content=\"300\" \/>\n\t<meta property=\"og:image:height\" content=\"172\" \/>\n\t<meta property=\"og:image:type\" content=\"image\/jpeg\" \/>\n<meta name=\"author\" content=\"masmallorca\" \/>\n<meta name=\"twitter:card\" content=\"summary_large_image\" \/>\n<meta name=\"twitter:creator\" content=\"@masmallorca\" \/>\n<meta name=\"twitter:site\" content=\"@masmallorca\" \/>\n<meta name=\"twitter:label1\" content=\"Verfasst von\" \/>\n\t<meta name=\"twitter:data1\" content=\"masmallorca\" \/>\n\t<meta name=\"twitter:label2\" content=\"Gesch\u00e4tzte Lesezeit\" \/>\n\t<meta name=\"twitter:data2\" content=\"2\u00a0Minuten\" \/>\n<script type=\"application\/ld+json\" class=\"yoast-schema-graph\">{\"@context\":\"https:\\\/\\\/schema.org\",\"@graph\":[{\"@type\":\"Article\",\"@id\":\"https:\\\/\\\/www.masmallorca.es\\\/de\\\/gastronomie\\\/lende-mit-kohl.html#article\",\"isPartOf\":{\"@id\":\"https:\\\/\\\/www.masmallorca.es\\\/de\\\/gastronomie\\\/lende-mit-kohl.html\"},\"author\":{\"name\":\"masmallorca\",\"@id\":\"https:\\\/\\\/www.masmallorca.es\\\/de#\\\/schema\\\/person\\\/554c84e7dfd9917fdba2cace51081633\"},\"headline\":\"Lende mit Kohl\",\"datePublished\":\"2009-10-21T15:24:47+00:00\",\"dateModified\":\"2019-05-23T17:28:27+00:00\",\"mainEntityOfPage\":{\"@id\":\"https:\\\/\\\/www.masmallorca.es\\\/de\\\/gastronomie\\\/lende-mit-kohl.html\"},\"wordCount\":307,\"publisher\":{\"@id\":\"https:\\\/\\\/www.masmallorca.es\\\/de#organization\"},\"image\":{\"@id\":\"https:\\\/\\\/www.masmallorca.es\\\/de\\\/gastronomie\\\/lende-mit-kohl.html#primaryimage\"},\"thumbnailUrl\":\"https:\\\/\\\/www.masmallorca.es\\\/wp-content\\\/uploads\\\/2009\\\/10\\\/lomo-con-col_4.jpg\",\"articleSection\":[\"Gastronomie\"],\"inLanguage\":\"de\"},{\"@type\":\"WebPage\",\"@id\":\"https:\\\/\\\/www.masmallorca.es\\\/de\\\/gastronomie\\\/lende-mit-kohl.html\",\"url\":\"https:\\\/\\\/www.masmallorca.es\\\/de\\\/gastronomie\\\/lende-mit-kohl.html\",\"name\":\"Lende mit Kohl | +Mallorca: das Magazin aus Mallorca\",\"isPartOf\":{\"@id\":\"https:\\\/\\\/www.masmallorca.es\\\/de#website\"},\"primaryImageOfPage\":{\"@id\":\"https:\\\/\\\/www.masmallorca.es\\\/de\\\/gastronomie\\\/lende-mit-kohl.html#primaryimage\"},\"image\":{\"@id\":\"https:\\\/\\\/www.masmallorca.es\\\/de\\\/gastronomie\\\/lende-mit-kohl.html#primaryimage\"},\"thumbnailUrl\":\"https:\\\/\\\/www.masmallorca.es\\\/wp-content\\\/uploads\\\/2009\\\/10\\\/lomo-con-col_4.jpg\",\"datePublished\":\"2009-10-21T15:24:47+00:00\",\"dateModified\":\"2019-05-23T17:28:27+00:00\",\"description\":\"+Mallorca, Gastronomie: Lende mit Kohl. Zutaten und Zubereitung. Mallorca typischen K\u00fcche, Mallorquinische Rezepte. Balearen. Lende mit Kohl.\",\"breadcrumb\":{\"@id\":\"https:\\\/\\\/www.masmallorca.es\\\/de\\\/gastronomie\\\/lende-mit-kohl.html#breadcrumb\"},\"inLanguage\":\"de\",\"potentialAction\":[{\"@type\":\"ReadAction\",\"target\":[\"https:\\\/\\\/www.masmallorca.es\\\/de\\\/gastronomie\\\/lende-mit-kohl.html\"]}]},{\"@type\":\"ImageObject\",\"inLanguage\":\"de\",\"@id\":\"https:\\\/\\\/www.masmallorca.es\\\/de\\\/gastronomie\\\/lende-mit-kohl.html#primaryimage\",\"url\":\"https:\\\/\\\/www.masmallorca.es\\\/wp-content\\\/uploads\\\/2009\\\/10\\\/lomo-con-col_4.jpg\",\"contentUrl\":\"https:\\\/\\\/www.masmallorca.es\\\/wp-content\\\/uploads\\\/2009\\\/10\\\/lomo-con-col_4.jpg\",\"width\":300,\"height\":172},{\"@type\":\"BreadcrumbList\",\"@id\":\"https:\\\/\\\/www.masmallorca.es\\\/de\\\/gastronomie\\\/lende-mit-kohl.html#breadcrumb\",\"itemListElement\":[{\"@type\":\"ListItem\",\"position\":1,\"name\":\"Portada\",\"item\":\"https:\\\/\\\/www.masmallorca.es\\\/de\"},{\"@type\":\"ListItem\",\"position\":2,\"name\":\"Gastronomie\",\"item\":\"https:\\\/\\\/www.masmallorca.es\\\/de\\\/gastronomie\"},{\"@type\":\"ListItem\",\"position\":3,\"name\":\"Lende mit Kohl\"}]},{\"@type\":\"WebSite\",\"@id\":\"https:\\\/\\\/www.masmallorca.es\\\/de#website\",\"url\":\"https:\\\/\\\/www.masmallorca.es\\\/de\",\"name\":\"+Mallorca: la revista de Mallorca\",\"description\":\"Mehr als Sonne und Strand..\",\"publisher\":{\"@id\":\"https:\\\/\\\/www.masmallorca.es\\\/de#organization\"},\"alternateName\":\"+Mallorca\",\"potentialAction\":[{\"@type\":\"SearchAction\",\"target\":{\"@type\":\"EntryPoint\",\"urlTemplate\":\"https:\\\/\\\/www.masmallorca.es\\\/de?s={search_term_string}\"},\"query-input\":{\"@type\":\"PropertyValueSpecification\",\"valueRequired\":true,\"valueName\":\"search_term_string\"}}],\"inLanguage\":\"de\"},{\"@type\":\"Organization\",\"@id\":\"https:\\\/\\\/www.masmallorca.es\\\/de#organization\",\"name\":\"+Mallorca Magazin\",\"alternateName\":\"M\u00e1s Mallorca\",\"url\":\"https:\\\/\\\/www.masmallorca.es\\\/de\",\"logo\":{\"@type\":\"ImageObject\",\"inLanguage\":\"de\",\"@id\":\"https:\\\/\\\/www.masmallorca.es\\\/de#\\\/schema\\\/logo\\\/image\\\/\",\"url\":\"https:\\\/\\\/www.masmallorca.es\\\/wp-content\\\/uploads\\\/2021\\\/04\\\/logomallorca-1.png\",\"contentUrl\":\"https:\\\/\\\/www.masmallorca.es\\\/wp-content\\\/uploads\\\/2021\\\/04\\\/logomallorca-1.png\",\"width\":326,\"height\":84,\"caption\":\"+Mallorca Magazin\"},\"image\":{\"@id\":\"https:\\\/\\\/www.masmallorca.es\\\/de#\\\/schema\\\/logo\\\/image\\\/\"},\"sameAs\":[\"https:\\\/\\\/www.facebook.com\\\/mallorcamagazine\\\/\",\"https:\\\/\\\/x.com\\\/masmallorca\"]},{\"@type\":\"Person\",\"@id\":\"https:\\\/\\\/www.masmallorca.es\\\/de#\\\/schema\\\/person\\\/554c84e7dfd9917fdba2cace51081633\",\"name\":\"masmallorca\"}]}<\/script>\n<!-- \/ Yoast SEO plugin. -->","yoast_head_json":{"title":"Lende mit Kohl | +Mallorca: das Magazin aus Mallorca","description":"+Mallorca, Gastronomie: Lende mit Kohl. Zutaten und Zubereitung. Mallorca typischen K\u00fcche, Mallorquinische Rezepte. Balearen. Lende mit Kohl.","robots":{"index":"index","follow":"follow","max-snippet":"max-snippet:-1","max-image-preview":"max-image-preview:large","max-video-preview":"max-video-preview:-1"},"canonical":"https:\/\/www.masmallorca.es\/de\/gastronomie\/lende-mit-kohl.html","og_locale":"de_DE","og_type":"article","og_title":"Lende mit Kohl | +Mallorca: das Magazin aus Mallorca","og_description":"+Mallorca, Gastronomie: Lende mit Kohl. Zutaten und Zubereitung. Mallorca typischen K\u00fcche, Mallorquinische Rezepte. Balearen. Lende mit Kohl.","og_url":"https:\/\/www.masmallorca.es\/de\/gastronomie\/lende-mit-kohl.html","og_site_name":"+Mallorca: das Magazin aus Mallorca","article_publisher":"https:\/\/www.facebook.com\/mallorcamagazine\/","article_published_time":"2009-10-21T15:24:47+00:00","article_modified_time":"2019-05-23T17:28:27+00:00","og_image":[{"width":300,"height":172,"url":"https:\/\/www.masmallorca.es\/wp-content\/uploads\/2009\/10\/lomo-con-col_4.jpg","type":"image\/jpeg"}],"author":"masmallorca","twitter_card":"summary_large_image","twitter_creator":"@masmallorca","twitter_site":"@masmallorca","twitter_misc":{"Verfasst von":"masmallorca","Gesch\u00e4tzte Lesezeit":"2\u00a0Minuten"},"schema":{"@context":"https:\/\/schema.org","@graph":[{"@type":"Article","@id":"https:\/\/www.masmallorca.es\/de\/gastronomie\/lende-mit-kohl.html#article","isPartOf":{"@id":"https:\/\/www.masmallorca.es\/de\/gastronomie\/lende-mit-kohl.html"},"author":{"name":"masmallorca","@id":"https:\/\/www.masmallorca.es\/de#\/schema\/person\/554c84e7dfd9917fdba2cace51081633"},"headline":"Lende mit Kohl","datePublished":"2009-10-21T15:24:47+00:00","dateModified":"2019-05-23T17:28:27+00:00","mainEntityOfPage":{"@id":"https:\/\/www.masmallorca.es\/de\/gastronomie\/lende-mit-kohl.html"},"wordCount":307,"publisher":{"@id":"https:\/\/www.masmallorca.es\/de#organization"},"image":{"@id":"https:\/\/www.masmallorca.es\/de\/gastronomie\/lende-mit-kohl.html#primaryimage"},"thumbnailUrl":"https:\/\/www.masmallorca.es\/wp-content\/uploads\/2009\/10\/lomo-con-col_4.jpg","articleSection":["Gastronomie"],"inLanguage":"de"},{"@type":"WebPage","@id":"https:\/\/www.masmallorca.es\/de\/gastronomie\/lende-mit-kohl.html","url":"https:\/\/www.masmallorca.es\/de\/gastronomie\/lende-mit-kohl.html","name":"Lende mit Kohl | +Mallorca: das Magazin aus Mallorca","isPartOf":{"@id":"https:\/\/www.masmallorca.es\/de#website"},"primaryImageOfPage":{"@id":"https:\/\/www.masmallorca.es\/de\/gastronomie\/lende-mit-kohl.html#primaryimage"},"image":{"@id":"https:\/\/www.masmallorca.es\/de\/gastronomie\/lende-mit-kohl.html#primaryimage"},"thumbnailUrl":"https:\/\/www.masmallorca.es\/wp-content\/uploads\/2009\/10\/lomo-con-col_4.jpg","datePublished":"2009-10-21T15:24:47+00:00","dateModified":"2019-05-23T17:28:27+00:00","description":"+Mallorca, Gastronomie: Lende mit Kohl. Zutaten und Zubereitung. Mallorca typischen K\u00fcche, Mallorquinische Rezepte. Balearen. Lende mit Kohl.","breadcrumb":{"@id":"https:\/\/www.masmallorca.es\/de\/gastronomie\/lende-mit-kohl.html#breadcrumb"},"inLanguage":"de","potentialAction":[{"@type":"ReadAction","target":["https:\/\/www.masmallorca.es\/de\/gastronomie\/lende-mit-kohl.html"]}]},{"@type":"ImageObject","inLanguage":"de","@id":"https:\/\/www.masmallorca.es\/de\/gastronomie\/lende-mit-kohl.html#primaryimage","url":"https:\/\/www.masmallorca.es\/wp-content\/uploads\/2009\/10\/lomo-con-col_4.jpg","contentUrl":"https:\/\/www.masmallorca.es\/wp-content\/uploads\/2009\/10\/lomo-con-col_4.jpg","width":300,"height":172},{"@type":"BreadcrumbList","@id":"https:\/\/www.masmallorca.es\/de\/gastronomie\/lende-mit-kohl.html#breadcrumb","itemListElement":[{"@type":"ListItem","position":1,"name":"Portada","item":"https:\/\/www.masmallorca.es\/de"},{"@type":"ListItem","position":2,"name":"Gastronomie","item":"https:\/\/www.masmallorca.es\/de\/gastronomie"},{"@type":"ListItem","position":3,"name":"Lende mit Kohl"}]},{"@type":"WebSite","@id":"https:\/\/www.masmallorca.es\/de#website","url":"https:\/\/www.masmallorca.es\/de","name":"+Mallorca: la revista de Mallorca","description":"Mehr als Sonne und Strand..","publisher":{"@id":"https:\/\/www.masmallorca.es\/de#organization"},"alternateName":"+Mallorca","potentialAction":[{"@type":"SearchAction","target":{"@type":"EntryPoint","urlTemplate":"https:\/\/www.masmallorca.es\/de?s={search_term_string}"},"query-input":{"@type":"PropertyValueSpecification","valueRequired":true,"valueName":"search_term_string"}}],"inLanguage":"de"},{"@type":"Organization","@id":"https:\/\/www.masmallorca.es\/de#organization","name":"+Mallorca Magazin","alternateName":"M\u00e1s Mallorca","url":"https:\/\/www.masmallorca.es\/de","logo":{"@type":"ImageObject","inLanguage":"de","@id":"https:\/\/www.masmallorca.es\/de#\/schema\/logo\/image\/","url":"https:\/\/www.masmallorca.es\/wp-content\/uploads\/2021\/04\/logomallorca-1.png","contentUrl":"https:\/\/www.masmallorca.es\/wp-content\/uploads\/2021\/04\/logomallorca-1.png","width":326,"height":84,"caption":"+Mallorca Magazin"},"image":{"@id":"https:\/\/www.masmallorca.es\/de#\/schema\/logo\/image\/"},"sameAs":["https:\/\/www.facebook.com\/mallorcamagazine\/","https:\/\/x.com\/masmallorca"]},{"@type":"Person","@id":"https:\/\/www.masmallorca.es\/de#\/schema\/person\/554c84e7dfd9917fdba2cace51081633","name":"masmallorca"}]}},"_links":{"self":[{"href":"https:\/\/www.masmallorca.es\/de\/wp-json\/wp\/v2\/posts\/3965","targetHints":{"allow":["GET"]}}],"collection":[{"href":"https:\/\/www.masmallorca.es\/de\/wp-json\/wp\/v2\/posts"}],"about":[{"href":"https:\/\/www.masmallorca.es\/de\/wp-json\/wp\/v2\/types\/post"}],"author":[{"embeddable":true,"href":"https:\/\/www.masmallorca.es\/de\/wp-json\/wp\/v2\/users\/1"}],"replies":[{"embeddable":true,"href":"https:\/\/www.masmallorca.es\/de\/wp-json\/wp\/v2\/comments?post=3965"}],"version-history":[{"count":0,"href":"https:\/\/www.masmallorca.es\/de\/wp-json\/wp\/v2\/posts\/3965\/revisions"}],"wp:featuredmedia":[{"embeddable":true,"href":"https:\/\/www.masmallorca.es\/de\/wp-json\/wp\/v2\/media\/3955"}],"wp:attachment":[{"href":"https:\/\/www.masmallorca.es\/de\/wp-json\/wp\/v2\/media?parent=3965"}],"wp:term":[{"taxonomy":"category","embeddable":true,"href":"https:\/\/www.masmallorca.es\/de\/wp-json\/wp\/v2\/categories?post=3965"},{"taxonomy":"post_tag","embeddable":true,"href":"https:\/\/www.masmallorca.es\/de\/wp-json\/wp\/v2\/tags?post=3965"}],"curies":[{"name":"wp","href":"https:\/\/api.w.org\/{rel}","templated":true}]}}