{"id":3932,"date":"2009-10-16T15:49:53","date_gmt":"2009-10-16T13:49:53","guid":{"rendered":"<p style=\"text-align: justify;\"><img class=\" alignright size-full wp-image-3904\" alt=\"estepa-blanca_1\" style=\"border: 0px none; margin: 0px 20px; float: right;\" src=\"http:\/\/www.masmallorca.es\/wp-content\/uploads\/2009\/10\/estepa-blanca_1.jpg\" height=\"105\" wi"},"modified":"2009-10-16T15:49:53","modified_gmt":"2009-10-16T13:49:53","slug":"cistus-albidus-l-mallorca","status":"publish","type":"post","link":"https:\/\/www.masmallorca.es\/de\/pflanzenwelt\/cistus-albidus-l-mallorca.html","title":{"rendered":"Cistus albidus L."},"content":{"rendered":"<p style=\"text-align: justify;\"><img loading=\"lazy\" decoding=\"async\" class=\" alignright size-full wp-image-3904\" alt=\"estepa-blanca_1\" style=\"border: 0px none; margin: 0px 20px; float: right;\" src=\"https:\/\/www.masmallorca.es\/wp-content\/uploads\/2009\/10\/estepa-blanca_1.jpg\" height=\"105\" width=\"150\" \/>Entgegen ihrer Bezeichnung hat die Wei\u00dfliche Zistrose (Cistus albidus), die auf Mallorca \u201eestepa blanca\u201c genannt wird, rosafarbene Blumen.<\/p>\n<p>  <!--more-->  <\/p>\n<p><strong><img loading=\"lazy\" decoding=\"async\" class=\" alignleft size-full wp-image-3920\" alt=\"estepa-blanca_2\" style=\"border: 0px none; margin: 10px 20px 10px 0px; float: left;\" src=\"https:\/\/www.masmallorca.es\/wp-content\/uploads\/2009\/10\/estepa-blanca_2.jpg\" height=\"333\" width=\"250\" srcset=\"https:\/\/www.masmallorca.es\/wp-content\/uploads\/2009\/10\/estepa-blanca_2.jpg 250w, https:\/\/www.masmallorca.es\/wp-content\/uploads\/2009\/10\/estepa-blanca_2-225x300.jpg 225w\" sizes=\"(max-width: 250px) 100vw, 250px\" \/><\/strong><\/p>\n<p style=\"text-align: justify;\">\u00a0<\/p>\n<p style=\"text-align: justify;\">\u00a0<\/p>\n<p style=\"text-align: justify;\">\u00a0<\/p>\n<p style=\"text-align: justify;\">Die Bl\u00e4tter dagegen sind von einer hellgr\u00fcnen Farbe. Sie erreicht eine Wuchsh\u00f6he von etwa 50 bis 160 cm. Sie w\u00e4chst an trockenen und sonnigen Orten und ist auf Mallorca h\u00e4ufig in kalkhaltigen Dickichten und verwitterten Gegenden zu finden. Sie bl\u00fcht ab Ende des Winters bis zum Fr\u00fchlingsanfang.<\/p>\n<p style=\"text-align: justify;\">\n<p><strong><span style=\"text-decoration: underline;\">Cistus albidus L.<\/span><\/strong><\/p>\n<p><strong>Familie:<\/strong> Cistaceae.<\/p>\n<p style=\"text-align: justify;\"><strong>&nbsp;<\/strong><strong>Geschlecht:<\/strong> Cistus.<\/p>\n<p style=\"text-align: justify;\"><strong>&nbsp;<\/strong><strong>Gattungsname auf Katalanisch:<\/strong> Estepa d\u00b4escurar. Est\u00e8pera blanca.<\/p>\n<p style=\"text-align: justify;\"><strong>&nbsp;<\/strong><strong>Gattungsname auf Spanisch:<\/strong> Estepa blanca. Estepa fina. Jaguarzo blanco.<\/p>\n<p style=\"text-align: justify;\"><strong>Bl\u00fctezeit:<\/strong> April. Mai. Juni.<br \/><strong>&nbsp;<\/strong><\/p>\n<p style=\"text-align: justify;\"><strong>Lebensraum:<\/strong> Kiefer-und Buschland auf Karbonat-Substraten.<\/p>\n<p style=\"text-align: center;\"><strong><img loading=\"lazy\" decoding=\"async\" class=\" size-full wp-image-3925\" alt=\"estepa-blanca_3\" style=\"border: 0px none; margin: 10px 0px;\" src=\"https:\/\/www.masmallorca.es\/wp-content\/uploads\/2009\/10\/estepa-blanca_3.jpg\" height=\"225\" width=\"540\" srcset=\"https:\/\/www.masmallorca.es\/wp-content\/uploads\/2009\/10\/estepa-blanca_3.jpg 540w, https:\/\/www.masmallorca.es\/wp-content\/uploads\/2009\/10\/estepa-blanca_3-300x125.jpg 300w\" sizes=\"(max-width: 540px) 100vw, 540px\" \/><\/strong><\/p>\n","protected":false},"excerpt":{"rendered":"<p>Entgegen ihrer Bezeichnung hat die Wei\u00dfliche Zistrose (Cistus albidus), die auf Mallorca \u201eestepa blanca\u201c genannt wird, rosafarbene Blumen.<\/p>\n","protected":false},"author":1,"featured_media":3928,"comment_status":"closed","ping_status":"closed","sticky":false,"template":"","format":"standard","meta":{"_et_pb_use_builder":"","_et_pb_old_content":"","_et_gb_content_width":"","footnotes":""},"categories":[45],"tags":[],"class_list":["post-3932","post","type-post","status-publish","format-standard","has-post-thumbnail","hentry","category-pflanzenwelt","et-has-post-format-content","et_post_format-et-post-format-standard"],"yoast_head":"<!-- This site is optimized with the Yoast SEO plugin v27.4 - https:\/\/yoast.com\/product\/yoast-seo-wordpress\/ -->\n<title>Cistus albidus L. | +Mallorca: das Magazin aus Mallorca<\/title>\n<meta name=\"robots\" content=\"index, follow, max-snippet:-1, max-image-preview:large, max-video-preview:-1\" \/>\n<link rel=\"canonical\" href=\"https:\/\/www.masmallorca.es\/de\/pflanzenwelt\/cistus-albidus-l-mallorca.html\" \/>\n<meta property=\"og:locale\" content=\"de_DE\" \/>\n<meta property=\"og:type\" content=\"article\" \/>\n<meta property=\"og:title\" content=\"Cistus albidus L. | +Mallorca: das Magazin aus Mallorca\" \/>\n<meta property=\"og:description\" content=\"Entgegen ihrer Bezeichnung hat die Wei\u00dfliche Zistrose (Cistus albidus), die auf Mallorca \u201eestepa blanca\u201c genannt wird, rosafarbene Blumen.\" \/>\n<meta property=\"og:url\" content=\"https:\/\/www.masmallorca.es\/de\/pflanzenwelt\/cistus-albidus-l-mallorca.html\" \/>\n<meta property=\"og:site_name\" content=\"+Mallorca: das Magazin aus Mallorca\" \/>\n<meta property=\"article:publisher\" content=\"https:\/\/www.facebook.com\/mallorcamagazine\/\" \/>\n<meta property=\"article:published_time\" content=\"2009-10-16T13:49:53+00:00\" \/>\n<meta property=\"og:image\" content=\"https:\/\/www.masmallorca.es\/wp-content\/uploads\/2009\/10\/estepa-blanca_3.jpg\" \/>\n\t<meta property=\"og:image:width\" content=\"540\" \/>\n\t<meta property=\"og:image:height\" content=\"225\" \/>\n\t<meta property=\"og:image:type\" content=\"image\/jpeg\" \/>\n<meta name=\"author\" content=\"masmallorca\" \/>\n<meta name=\"twitter:card\" content=\"summary_large_image\" \/>\n<meta name=\"twitter:creator\" content=\"@masmallorca\" \/>\n<meta name=\"twitter:site\" content=\"@masmallorca\" \/>\n<meta name=\"twitter:label1\" content=\"Verfasst von\" \/>\n\t<meta name=\"twitter:data1\" content=\"masmallorca\" \/>\n\t<meta name=\"twitter:label2\" content=\"Gesch\u00e4tzte Lesezeit\" \/>\n\t<meta name=\"twitter:data2\" content=\"1\u00a0Minute\" \/>\n<script type=\"application\/ld+json\" class=\"yoast-schema-graph\">{\"@context\":\"https:\\\/\\\/schema.org\",\"@graph\":[{\"@type\":\"Article\",\"@id\":\"https:\\\/\\\/www.masmallorca.es\\\/de\\\/pflanzenwelt\\\/cistus-albidus-l-mallorca.html#article\",\"isPartOf\":{\"@id\":\"https:\\\/\\\/www.masmallorca.es\\\/de\\\/pflanzenwelt\\\/cistus-albidus-l-mallorca.html\"},\"author\":{\"name\":\"masmallorca\",\"@id\":\"https:\\\/\\\/www.masmallorca.es\\\/de#\\\/schema\\\/person\\\/554c84e7dfd9917fdba2cace51081633\"},\"headline\":\"Cistus albidus L.\",\"datePublished\":\"2009-10-16T13:49:53+00:00\",\"mainEntityOfPage\":{\"@id\":\"https:\\\/\\\/www.masmallorca.es\\\/de\\\/pflanzenwelt\\\/cistus-albidus-l-mallorca.html\"},\"wordCount\":113,\"publisher\":{\"@id\":\"https:\\\/\\\/www.masmallorca.es\\\/de#organization\"},\"image\":{\"@id\":\"https:\\\/\\\/www.masmallorca.es\\\/de\\\/pflanzenwelt\\\/cistus-albidus-l-mallorca.html#primaryimage\"},\"thumbnailUrl\":\"https:\\\/\\\/www.masmallorca.es\\\/wp-content\\\/uploads\\\/2009\\\/10\\\/estepa-blanca_3.jpg\",\"articleSection\":[\"Pflanzenwelt\"],\"inLanguage\":\"de\"},{\"@type\":\"WebPage\",\"@id\":\"https:\\\/\\\/www.masmallorca.es\\\/de\\\/pflanzenwelt\\\/cistus-albidus-l-mallorca.html\",\"url\":\"https:\\\/\\\/www.masmallorca.es\\\/de\\\/pflanzenwelt\\\/cistus-albidus-l-mallorca.html\",\"name\":\"Cistus albidus L. | +Mallorca: das Magazin aus Mallorca\",\"isPartOf\":{\"@id\":\"https:\\\/\\\/www.masmallorca.es\\\/de#website\"},\"primaryImageOfPage\":{\"@id\":\"https:\\\/\\\/www.masmallorca.es\\\/de\\\/pflanzenwelt\\\/cistus-albidus-l-mallorca.html#primaryimage\"},\"image\":{\"@id\":\"https:\\\/\\\/www.masmallorca.es\\\/de\\\/pflanzenwelt\\\/cistus-albidus-l-mallorca.html#primaryimage\"},\"thumbnailUrl\":\"https:\\\/\\\/www.masmallorca.es\\\/wp-content\\\/uploads\\\/2009\\\/10\\\/estepa-blanca_3.jpg\",\"datePublished\":\"2009-10-16T13:49:53+00:00\",\"breadcrumb\":{\"@id\":\"https:\\\/\\\/www.masmallorca.es\\\/de\\\/pflanzenwelt\\\/cistus-albidus-l-mallorca.html#breadcrumb\"},\"inLanguage\":\"de\",\"potentialAction\":[{\"@type\":\"ReadAction\",\"target\":[\"https:\\\/\\\/www.masmallorca.es\\\/de\\\/pflanzenwelt\\\/cistus-albidus-l-mallorca.html\"]}]},{\"@type\":\"ImageObject\",\"inLanguage\":\"de\",\"@id\":\"https:\\\/\\\/www.masmallorca.es\\\/de\\\/pflanzenwelt\\\/cistus-albidus-l-mallorca.html#primaryimage\",\"url\":\"https:\\\/\\\/www.masmallorca.es\\\/wp-content\\\/uploads\\\/2009\\\/10\\\/estepa-blanca_3.jpg\",\"contentUrl\":\"https:\\\/\\\/www.masmallorca.es\\\/wp-content\\\/uploads\\\/2009\\\/10\\\/estepa-blanca_3.jpg\",\"width\":540,\"height\":225},{\"@type\":\"BreadcrumbList\",\"@id\":\"https:\\\/\\\/www.masmallorca.es\\\/de\\\/pflanzenwelt\\\/cistus-albidus-l-mallorca.html#breadcrumb\",\"itemListElement\":[{\"@type\":\"ListItem\",\"position\":1,\"name\":\"Portada\",\"item\":\"https:\\\/\\\/www.masmallorca.es\\\/de\"},{\"@type\":\"ListItem\",\"position\":2,\"name\":\"Pflanzenwelt\",\"item\":\"https:\\\/\\\/www.masmallorca.es\\\/de\\\/pflanzenwelt\"},{\"@type\":\"ListItem\",\"position\":3,\"name\":\"Cistus albidus L.\"}]},{\"@type\":\"WebSite\",\"@id\":\"https:\\\/\\\/www.masmallorca.es\\\/de#website\",\"url\":\"https:\\\/\\\/www.masmallorca.es\\\/de\",\"name\":\"+Mallorca: la revista de Mallorca\",\"description\":\"Mehr als Sonne und Strand..\",\"publisher\":{\"@id\":\"https:\\\/\\\/www.masmallorca.es\\\/de#organization\"},\"alternateName\":\"+Mallorca\",\"potentialAction\":[{\"@type\":\"SearchAction\",\"target\":{\"@type\":\"EntryPoint\",\"urlTemplate\":\"https:\\\/\\\/www.masmallorca.es\\\/de?s={search_term_string}\"},\"query-input\":{\"@type\":\"PropertyValueSpecification\",\"valueRequired\":true,\"valueName\":\"search_term_string\"}}],\"inLanguage\":\"de\"},{\"@type\":\"Organization\",\"@id\":\"https:\\\/\\\/www.masmallorca.es\\\/de#organization\",\"name\":\"+Mallorca Magazin\",\"alternateName\":\"M\u00e1s Mallorca\",\"url\":\"https:\\\/\\\/www.masmallorca.es\\\/de\",\"logo\":{\"@type\":\"ImageObject\",\"inLanguage\":\"de\",\"@id\":\"https:\\\/\\\/www.masmallorca.es\\\/de#\\\/schema\\\/logo\\\/image\\\/\",\"url\":\"https:\\\/\\\/www.masmallorca.es\\\/wp-content\\\/uploads\\\/2021\\\/04\\\/logomallorca-1.png\",\"contentUrl\":\"https:\\\/\\\/www.masmallorca.es\\\/wp-content\\\/uploads\\\/2021\\\/04\\\/logomallorca-1.png\",\"width\":326,\"height\":84,\"caption\":\"+Mallorca Magazin\"},\"image\":{\"@id\":\"https:\\\/\\\/www.masmallorca.es\\\/de#\\\/schema\\\/logo\\\/image\\\/\"},\"sameAs\":[\"https:\\\/\\\/www.facebook.com\\\/mallorcamagazine\\\/\",\"https:\\\/\\\/x.com\\\/masmallorca\"]},{\"@type\":\"Person\",\"@id\":\"https:\\\/\\\/www.masmallorca.es\\\/de#\\\/schema\\\/person\\\/554c84e7dfd9917fdba2cace51081633\",\"name\":\"masmallorca\"}]}<\/script>\n<!-- \/ Yoast SEO plugin. -->","yoast_head_json":{"title":"Cistus albidus L. | +Mallorca: das Magazin aus Mallorca","robots":{"index":"index","follow":"follow","max-snippet":"max-snippet:-1","max-image-preview":"max-image-preview:large","max-video-preview":"max-video-preview:-1"},"canonical":"https:\/\/www.masmallorca.es\/de\/pflanzenwelt\/cistus-albidus-l-mallorca.html","og_locale":"de_DE","og_type":"article","og_title":"Cistus albidus L. | +Mallorca: das Magazin aus Mallorca","og_description":"Entgegen ihrer Bezeichnung hat die Wei\u00dfliche Zistrose (Cistus albidus), die auf Mallorca \u201eestepa blanca\u201c genannt wird, rosafarbene Blumen.","og_url":"https:\/\/www.masmallorca.es\/de\/pflanzenwelt\/cistus-albidus-l-mallorca.html","og_site_name":"+Mallorca: das Magazin aus Mallorca","article_publisher":"https:\/\/www.facebook.com\/mallorcamagazine\/","article_published_time":"2009-10-16T13:49:53+00:00","og_image":[{"width":540,"height":225,"url":"https:\/\/www.masmallorca.es\/wp-content\/uploads\/2009\/10\/estepa-blanca_3.jpg","type":"image\/jpeg"}],"author":"masmallorca","twitter_card":"summary_large_image","twitter_creator":"@masmallorca","twitter_site":"@masmallorca","twitter_misc":{"Verfasst von":"masmallorca","Gesch\u00e4tzte Lesezeit":"1\u00a0Minute"},"schema":{"@context":"https:\/\/schema.org","@graph":[{"@type":"Article","@id":"https:\/\/www.masmallorca.es\/de\/pflanzenwelt\/cistus-albidus-l-mallorca.html#article","isPartOf":{"@id":"https:\/\/www.masmallorca.es\/de\/pflanzenwelt\/cistus-albidus-l-mallorca.html"},"author":{"name":"masmallorca","@id":"https:\/\/www.masmallorca.es\/de#\/schema\/person\/554c84e7dfd9917fdba2cace51081633"},"headline":"Cistus albidus L.","datePublished":"2009-10-16T13:49:53+00:00","mainEntityOfPage":{"@id":"https:\/\/www.masmallorca.es\/de\/pflanzenwelt\/cistus-albidus-l-mallorca.html"},"wordCount":113,"publisher":{"@id":"https:\/\/www.masmallorca.es\/de#organization"},"image":{"@id":"https:\/\/www.masmallorca.es\/de\/pflanzenwelt\/cistus-albidus-l-mallorca.html#primaryimage"},"thumbnailUrl":"https:\/\/www.masmallorca.es\/wp-content\/uploads\/2009\/10\/estepa-blanca_3.jpg","articleSection":["Pflanzenwelt"],"inLanguage":"de"},{"@type":"WebPage","@id":"https:\/\/www.masmallorca.es\/de\/pflanzenwelt\/cistus-albidus-l-mallorca.html","url":"https:\/\/www.masmallorca.es\/de\/pflanzenwelt\/cistus-albidus-l-mallorca.html","name":"Cistus albidus L. | +Mallorca: das Magazin aus Mallorca","isPartOf":{"@id":"https:\/\/www.masmallorca.es\/de#website"},"primaryImageOfPage":{"@id":"https:\/\/www.masmallorca.es\/de\/pflanzenwelt\/cistus-albidus-l-mallorca.html#primaryimage"},"image":{"@id":"https:\/\/www.masmallorca.es\/de\/pflanzenwelt\/cistus-albidus-l-mallorca.html#primaryimage"},"thumbnailUrl":"https:\/\/www.masmallorca.es\/wp-content\/uploads\/2009\/10\/estepa-blanca_3.jpg","datePublished":"2009-10-16T13:49:53+00:00","breadcrumb":{"@id":"https:\/\/www.masmallorca.es\/de\/pflanzenwelt\/cistus-albidus-l-mallorca.html#breadcrumb"},"inLanguage":"de","potentialAction":[{"@type":"ReadAction","target":["https:\/\/www.masmallorca.es\/de\/pflanzenwelt\/cistus-albidus-l-mallorca.html"]}]},{"@type":"ImageObject","inLanguage":"de","@id":"https:\/\/www.masmallorca.es\/de\/pflanzenwelt\/cistus-albidus-l-mallorca.html#primaryimage","url":"https:\/\/www.masmallorca.es\/wp-content\/uploads\/2009\/10\/estepa-blanca_3.jpg","contentUrl":"https:\/\/www.masmallorca.es\/wp-content\/uploads\/2009\/10\/estepa-blanca_3.jpg","width":540,"height":225},{"@type":"BreadcrumbList","@id":"https:\/\/www.masmallorca.es\/de\/pflanzenwelt\/cistus-albidus-l-mallorca.html#breadcrumb","itemListElement":[{"@type":"ListItem","position":1,"name":"Portada","item":"https:\/\/www.masmallorca.es\/de"},{"@type":"ListItem","position":2,"name":"Pflanzenwelt","item":"https:\/\/www.masmallorca.es\/de\/pflanzenwelt"},{"@type":"ListItem","position":3,"name":"Cistus albidus L."}]},{"@type":"WebSite","@id":"https:\/\/www.masmallorca.es\/de#website","url":"https:\/\/www.masmallorca.es\/de","name":"+Mallorca: la revista de Mallorca","description":"Mehr als Sonne und Strand..","publisher":{"@id":"https:\/\/www.masmallorca.es\/de#organization"},"alternateName":"+Mallorca","potentialAction":[{"@type":"SearchAction","target":{"@type":"EntryPoint","urlTemplate":"https:\/\/www.masmallorca.es\/de?s={search_term_string}"},"query-input":{"@type":"PropertyValueSpecification","valueRequired":true,"valueName":"search_term_string"}}],"inLanguage":"de"},{"@type":"Organization","@id":"https:\/\/www.masmallorca.es\/de#organization","name":"+Mallorca Magazin","alternateName":"M\u00e1s Mallorca","url":"https:\/\/www.masmallorca.es\/de","logo":{"@type":"ImageObject","inLanguage":"de","@id":"https:\/\/www.masmallorca.es\/de#\/schema\/logo\/image\/","url":"https:\/\/www.masmallorca.es\/wp-content\/uploads\/2021\/04\/logomallorca-1.png","contentUrl":"https:\/\/www.masmallorca.es\/wp-content\/uploads\/2021\/04\/logomallorca-1.png","width":326,"height":84,"caption":"+Mallorca Magazin"},"image":{"@id":"https:\/\/www.masmallorca.es\/de#\/schema\/logo\/image\/"},"sameAs":["https:\/\/www.facebook.com\/mallorcamagazine\/","https:\/\/x.com\/masmallorca"]},{"@type":"Person","@id":"https:\/\/www.masmallorca.es\/de#\/schema\/person\/554c84e7dfd9917fdba2cace51081633","name":"masmallorca"}]}},"_links":{"self":[{"href":"https:\/\/www.masmallorca.es\/de\/wp-json\/wp\/v2\/posts\/3932","targetHints":{"allow":["GET"]}}],"collection":[{"href":"https:\/\/www.masmallorca.es\/de\/wp-json\/wp\/v2\/posts"}],"about":[{"href":"https:\/\/www.masmallorca.es\/de\/wp-json\/wp\/v2\/types\/post"}],"author":[{"embeddable":true,"href":"https:\/\/www.masmallorca.es\/de\/wp-json\/wp\/v2\/users\/1"}],"replies":[{"embeddable":true,"href":"https:\/\/www.masmallorca.es\/de\/wp-json\/wp\/v2\/comments?post=3932"}],"version-history":[{"count":0,"href":"https:\/\/www.masmallorca.es\/de\/wp-json\/wp\/v2\/posts\/3932\/revisions"}],"wp:featuredmedia":[{"embeddable":true,"href":"https:\/\/www.masmallorca.es\/de\/wp-json\/wp\/v2\/media\/3928"}],"wp:attachment":[{"href":"https:\/\/www.masmallorca.es\/de\/wp-json\/wp\/v2\/media?parent=3932"}],"wp:term":[{"taxonomy":"category","embeddable":true,"href":"https:\/\/www.masmallorca.es\/de\/wp-json\/wp\/v2\/categories?post=3932"},{"taxonomy":"post_tag","embeddable":true,"href":"https:\/\/www.masmallorca.es\/de\/wp-json\/wp\/v2\/tags?post=3932"}],"curies":[{"name":"wp","href":"https:\/\/api.w.org\/{rel}","templated":true}]}}