{"id":3547,"date":"2009-10-28T09:58:58","date_gmt":"2009-10-28T08:58:58","guid":{"rendered":""},"modified":"2020-07-16T12:54:21","modified_gmt":"2020-07-16T10:54:21","slug":"die-mittelmeerschildkroete","status":"publish","type":"post","link":"https:\/\/www.masmallorca.es\/de\/tierwelt\/die-mittelmeerschildkroete.html","title":{"rendered":"Die Mittelmeerschildkr\u00f6te"},"content":{"rendered":"<p style=\"font-weight: normal;\"><!--  \t\t@page { margin: 2cm }  \t\tP { margin-bottom: 0.21cm }  --><\/p>\n<p style=\"font-weight: normal;\"><!--  \t\t@page { margin: 2cm }  \t\tP { margin-bottom: 0.21cm }  --><\/p>\n<p style=\"font-weight: normal; text-align: justify;\">Die Mittelmeerschildkr\u00f6te (<em>Testudo hermanni<\/em>) lebt vorwiegend in den Bergen und in Gebieten mit mediterraner Vegetation. In Spanien gibt es nur noch in Katalonien und auf den Balearen frei lebende Exemplare.<\/p>\n<p><!--more--><\/p>\n<p><strong><img loading=\"lazy\" decoding=\"async\" class=\"alignleft wp-image-3515 size-full\" style=\"margin: 10px 20px 10px 0px; float: left;\" title=\"Die Mittelmeerschildkr\u00f6te, Testudo hermanni\" src=\"https:\/\/www.masmallorca.es\/wp-content\/uploads\/2009\/10\/Tortuga-mediterrania_2.jpg\" alt=\"Die Mittelmeerschildkr\u00f6te, Testudo hermanni\" width=\"300\" height=\"232\" \/><\/strong><\/p>\n<p>Die Mittelmeerschildkr\u00f6te<\/p>\n<p style=\"text-align: justify;\">Sie erreichen normalerweise eine Gr\u00f6\u00dfe von etwa 20 cm. Es wurden jedoch auch schon gr\u00f6\u00dfere Tiere gesichtet.<\/p>\n<p style=\"text-align: justify;\">Von Mai bis Juni legen die Weibchen in kleinen Erdl\u00f6chern zwischen drei und acht Eier. Es handelt sich um eine pflanzenfressende Tierart, die sich haupts\u00e4chlich von Wildpflanzen wie L\u00f6wenzahn, Disteln, Weg-Rauken und Klee ern\u00e4hrt. Bisweilen fressen diese Schildkr\u00f6ten auch Beeren und andere Fr\u00fcchte und selten auch Aas.<\/p>\n<p style=\"text-align: justify;\"><img loading=\"lazy\" decoding=\"async\" class=\" alignleft size-full wp-image-3520\" style=\"margin: 10px 20px 10px 0px; float: left;\" src=\"https:\/\/www.masmallorca.es\/wp-content\/uploads\/2009\/10\/Tortuga-mediterrania_4.jpg\" width=\"300\" height=\"190\" \/>Den in Gefangenschaft lebenden Tieren sollte ihr nat\u00fcrlicher Lebensraum naturnah nachgestaltet werden. Diese Tierart sollte nicht in Terrarien gehalten werden.<\/p>\n<p style=\"text-align: justify;\">\n<p style=\"text-align: justify;\">Daher empfiehlt es sich, ein Freiluftgehege f\u00fcr sie zu bauen. Sie k\u00f6nnen problemlos in Gegenden mit Mittelmeerklima und niedriger Luftfeuchtigkeit gehalten werden.<\/p>\n<p style=\"text-align: justify;\">Im Gehege sollten Str\u00e4ucher, Tunnel, Baumst\u00e4mme und essbare Pflanzen vorhanden sein. Auch darf ein flaches Trinkgef\u00e4\u00df mit frischem Wasser auf keinen Fall fehlen.<\/p>\n<p style=\"text-align: justify;\"><img loading=\"lazy\" decoding=\"async\" class=\"alignleft wp-image-3542 size-full\" style=\"margin: 10px 0px; float: left;\" title=\"Die Mittelmeerschildkr\u00f6te, Testudo hermanni\" src=\"https:\/\/www.masmallorca.es\/wp-content\/uploads\/2009\/10\/Tortuga-mediterrania-5-testudo-hermanni.jpg\" alt=\"Testudo Hermanni\" width=\"540\" height=\"311\" srcset=\"https:\/\/www.masmallorca.es\/wp-content\/uploads\/2009\/10\/Tortuga-mediterrania-5-testudo-hermanni.jpg 540w, https:\/\/www.masmallorca.es\/wp-content\/uploads\/2009\/10\/Tortuga-mediterrania-5-testudo-hermanni-300x173.jpg 300w\" sizes=\"(max-width: 540px) 100vw, 540px\" \/><\/p>\n<p style=\"text-align: justify;\">\n","protected":false},"excerpt":{"rendered":"<p>Die Mittelmeerschildkr\u00f6te (Testudo hermanni) lebt vorwiegend in den Bergen und in Gebieten mit mediterraner Vegetation. In Spanien gibt es nur noch in Katalonien und auf den Balearen frei lebende Exemplare.<\/p>\n","protected":false},"author":1,"featured_media":3528,"comment_status":"closed","ping_status":"closed","sticky":false,"template":"","format":"standard","meta":{"_et_pb_use_builder":"","_et_pb_old_content":"","_et_gb_content_width":"","footnotes":""},"categories":[40],"tags":[],"class_list":["post-3547","post","type-post","status-publish","format-standard","has-post-thumbnail","hentry","category-tierwelt","et-has-post-format-content","et_post_format-et-post-format-standard"],"yoast_head":"<!-- This site is optimized with the Yoast SEO plugin v27.4 - https:\/\/yoast.com\/product\/yoast-seo-wordpress\/ -->\n<title>Die Mittelmeerschildkr\u00f6te | +Mallorca: das Magazin aus Mallorca<\/title>\n<meta name=\"robots\" content=\"index, follow, max-snippet:-1, max-image-preview:large, max-video-preview:-1\" \/>\n<link rel=\"canonical\" href=\"https:\/\/www.masmallorca.es\/de\/tierwelt\/die-mittelmeerschildkroete.html\" \/>\n<meta property=\"og:locale\" content=\"de_DE\" \/>\n<meta property=\"og:type\" content=\"article\" \/>\n<meta property=\"og:title\" content=\"Die Mittelmeerschildkr\u00f6te | +Mallorca: das Magazin aus Mallorca\" \/>\n<meta property=\"og:description\" content=\"Die Mittelmeerschildkr\u00f6te (Testudo hermanni) lebt vorwiegend in den Bergen und in Gebieten mit mediterraner Vegetation. In Spanien gibt es nur noch in Katalonien und auf den Balearen frei lebende Exemplare.\" \/>\n<meta property=\"og:url\" content=\"https:\/\/www.masmallorca.es\/de\/tierwelt\/die-mittelmeerschildkroete.html\" \/>\n<meta property=\"og:site_name\" content=\"+Mallorca: das Magazin aus Mallorca\" \/>\n<meta property=\"article:publisher\" content=\"https:\/\/www.facebook.com\/mallorcamagazine\/\" \/>\n<meta property=\"article:published_time\" content=\"2009-10-28T08:58:58+00:00\" \/>\n<meta property=\"article:modified_time\" content=\"2020-07-16T10:54:21+00:00\" \/>\n<meta property=\"og:image\" content=\"https:\/\/www.masmallorca.es\/wp-content\/uploads\/2009\/10\/Tortuga-mediterrania-5-testudo-hermanni.jpg\" \/>\n\t<meta property=\"og:image:width\" content=\"540\" \/>\n\t<meta property=\"og:image:height\" content=\"311\" \/>\n\t<meta property=\"og:image:type\" content=\"image\/jpeg\" \/>\n<meta name=\"author\" content=\"masmallorca\" \/>\n<meta name=\"twitter:card\" content=\"summary_large_image\" \/>\n<meta name=\"twitter:creator\" content=\"@masmallorca\" \/>\n<meta name=\"twitter:site\" content=\"@masmallorca\" \/>\n<meta name=\"twitter:label1\" content=\"Verfasst von\" \/>\n\t<meta name=\"twitter:data1\" content=\"masmallorca\" \/>\n\t<meta name=\"twitter:label2\" content=\"Gesch\u00e4tzte Lesezeit\" \/>\n\t<meta name=\"twitter:data2\" content=\"1\u00a0Minute\" \/>\n<script type=\"application\/ld+json\" class=\"yoast-schema-graph\">{\"@context\":\"https:\\\/\\\/schema.org\",\"@graph\":[{\"@type\":\"Article\",\"@id\":\"https:\\\/\\\/www.masmallorca.es\\\/de\\\/tierwelt\\\/die-mittelmeerschildkroete.html#article\",\"isPartOf\":{\"@id\":\"https:\\\/\\\/www.masmallorca.es\\\/de\\\/tierwelt\\\/die-mittelmeerschildkroete.html\"},\"author\":{\"name\":\"masmallorca\",\"@id\":\"https:\\\/\\\/www.masmallorca.es\\\/de#\\\/schema\\\/person\\\/554c84e7dfd9917fdba2cace51081633\"},\"headline\":\"Die Mittelmeerschildkr\u00f6te\",\"datePublished\":\"2009-10-28T08:58:58+00:00\",\"dateModified\":\"2020-07-16T10:54:21+00:00\",\"mainEntityOfPage\":{\"@id\":\"https:\\\/\\\/www.masmallorca.es\\\/de\\\/tierwelt\\\/die-mittelmeerschildkroete.html\"},\"wordCount\":178,\"publisher\":{\"@id\":\"https:\\\/\\\/www.masmallorca.es\\\/de#organization\"},\"image\":{\"@id\":\"https:\\\/\\\/www.masmallorca.es\\\/de\\\/tierwelt\\\/die-mittelmeerschildkroete.html#primaryimage\"},\"thumbnailUrl\":\"https:\\\/\\\/www.masmallorca.es\\\/wp-content\\\/uploads\\\/2009\\\/10\\\/Tortuga-mediterrania-5-testudo-hermanni.jpg\",\"articleSection\":[\"Tierwelt\"],\"inLanguage\":\"de\"},{\"@type\":\"WebPage\",\"@id\":\"https:\\\/\\\/www.masmallorca.es\\\/de\\\/tierwelt\\\/die-mittelmeerschildkroete.html\",\"url\":\"https:\\\/\\\/www.masmallorca.es\\\/de\\\/tierwelt\\\/die-mittelmeerschildkroete.html\",\"name\":\"Die Mittelmeerschildkr\u00f6te | +Mallorca: das Magazin aus Mallorca\",\"isPartOf\":{\"@id\":\"https:\\\/\\\/www.masmallorca.es\\\/de#website\"},\"primaryImageOfPage\":{\"@id\":\"https:\\\/\\\/www.masmallorca.es\\\/de\\\/tierwelt\\\/die-mittelmeerschildkroete.html#primaryimage\"},\"image\":{\"@id\":\"https:\\\/\\\/www.masmallorca.es\\\/de\\\/tierwelt\\\/die-mittelmeerschildkroete.html#primaryimage\"},\"thumbnailUrl\":\"https:\\\/\\\/www.masmallorca.es\\\/wp-content\\\/uploads\\\/2009\\\/10\\\/Tortuga-mediterrania-5-testudo-hermanni.jpg\",\"datePublished\":\"2009-10-28T08:58:58+00:00\",\"dateModified\":\"2020-07-16T10:54:21+00:00\",\"breadcrumb\":{\"@id\":\"https:\\\/\\\/www.masmallorca.es\\\/de\\\/tierwelt\\\/die-mittelmeerschildkroete.html#breadcrumb\"},\"inLanguage\":\"de\",\"potentialAction\":[{\"@type\":\"ReadAction\",\"target\":[\"https:\\\/\\\/www.masmallorca.es\\\/de\\\/tierwelt\\\/die-mittelmeerschildkroete.html\"]}]},{\"@type\":\"ImageObject\",\"inLanguage\":\"de\",\"@id\":\"https:\\\/\\\/www.masmallorca.es\\\/de\\\/tierwelt\\\/die-mittelmeerschildkroete.html#primaryimage\",\"url\":\"https:\\\/\\\/www.masmallorca.es\\\/wp-content\\\/uploads\\\/2009\\\/10\\\/Tortuga-mediterrania-5-testudo-hermanni.jpg\",\"contentUrl\":\"https:\\\/\\\/www.masmallorca.es\\\/wp-content\\\/uploads\\\/2009\\\/10\\\/Tortuga-mediterrania-5-testudo-hermanni.jpg\",\"width\":540,\"height\":311},{\"@type\":\"BreadcrumbList\",\"@id\":\"https:\\\/\\\/www.masmallorca.es\\\/de\\\/tierwelt\\\/die-mittelmeerschildkroete.html#breadcrumb\",\"itemListElement\":[{\"@type\":\"ListItem\",\"position\":1,\"name\":\"Portada\",\"item\":\"https:\\\/\\\/www.masmallorca.es\\\/de\"},{\"@type\":\"ListItem\",\"position\":2,\"name\":\"Tierwelt\",\"item\":\"https:\\\/\\\/www.masmallorca.es\\\/de\\\/tierwelt\"},{\"@type\":\"ListItem\",\"position\":3,\"name\":\"Die Mittelmeerschildkr\u00f6te\"}]},{\"@type\":\"WebSite\",\"@id\":\"https:\\\/\\\/www.masmallorca.es\\\/de#website\",\"url\":\"https:\\\/\\\/www.masmallorca.es\\\/de\",\"name\":\"+Mallorca: la revista de Mallorca\",\"description\":\"Mehr als Sonne und Strand..\",\"publisher\":{\"@id\":\"https:\\\/\\\/www.masmallorca.es\\\/de#organization\"},\"alternateName\":\"+Mallorca\",\"potentialAction\":[{\"@type\":\"SearchAction\",\"target\":{\"@type\":\"EntryPoint\",\"urlTemplate\":\"https:\\\/\\\/www.masmallorca.es\\\/de?s={search_term_string}\"},\"query-input\":{\"@type\":\"PropertyValueSpecification\",\"valueRequired\":true,\"valueName\":\"search_term_string\"}}],\"inLanguage\":\"de\"},{\"@type\":\"Organization\",\"@id\":\"https:\\\/\\\/www.masmallorca.es\\\/de#organization\",\"name\":\"+Mallorca Magazin\",\"alternateName\":\"M\u00e1s Mallorca\",\"url\":\"https:\\\/\\\/www.masmallorca.es\\\/de\",\"logo\":{\"@type\":\"ImageObject\",\"inLanguage\":\"de\",\"@id\":\"https:\\\/\\\/www.masmallorca.es\\\/de#\\\/schema\\\/logo\\\/image\\\/\",\"url\":\"https:\\\/\\\/www.masmallorca.es\\\/wp-content\\\/uploads\\\/2021\\\/04\\\/logomallorca-1.png\",\"contentUrl\":\"https:\\\/\\\/www.masmallorca.es\\\/wp-content\\\/uploads\\\/2021\\\/04\\\/logomallorca-1.png\",\"width\":326,\"height\":84,\"caption\":\"+Mallorca Magazin\"},\"image\":{\"@id\":\"https:\\\/\\\/www.masmallorca.es\\\/de#\\\/schema\\\/logo\\\/image\\\/\"},\"sameAs\":[\"https:\\\/\\\/www.facebook.com\\\/mallorcamagazine\\\/\",\"https:\\\/\\\/x.com\\\/masmallorca\"]},{\"@type\":\"Person\",\"@id\":\"https:\\\/\\\/www.masmallorca.es\\\/de#\\\/schema\\\/person\\\/554c84e7dfd9917fdba2cace51081633\",\"name\":\"masmallorca\"}]}<\/script>\n<!-- \/ Yoast SEO plugin. -->","yoast_head_json":{"title":"Die Mittelmeerschildkr\u00f6te | +Mallorca: das Magazin aus Mallorca","robots":{"index":"index","follow":"follow","max-snippet":"max-snippet:-1","max-image-preview":"max-image-preview:large","max-video-preview":"max-video-preview:-1"},"canonical":"https:\/\/www.masmallorca.es\/de\/tierwelt\/die-mittelmeerschildkroete.html","og_locale":"de_DE","og_type":"article","og_title":"Die Mittelmeerschildkr\u00f6te | +Mallorca: das Magazin aus Mallorca","og_description":"Die Mittelmeerschildkr\u00f6te (Testudo hermanni) lebt vorwiegend in den Bergen und in Gebieten mit mediterraner Vegetation. In Spanien gibt es nur noch in Katalonien und auf den Balearen frei lebende Exemplare.","og_url":"https:\/\/www.masmallorca.es\/de\/tierwelt\/die-mittelmeerschildkroete.html","og_site_name":"+Mallorca: das Magazin aus Mallorca","article_publisher":"https:\/\/www.facebook.com\/mallorcamagazine\/","article_published_time":"2009-10-28T08:58:58+00:00","article_modified_time":"2020-07-16T10:54:21+00:00","og_image":[{"width":540,"height":311,"url":"https:\/\/www.masmallorca.es\/wp-content\/uploads\/2009\/10\/Tortuga-mediterrania-5-testudo-hermanni.jpg","type":"image\/jpeg"}],"author":"masmallorca","twitter_card":"summary_large_image","twitter_creator":"@masmallorca","twitter_site":"@masmallorca","twitter_misc":{"Verfasst von":"masmallorca","Gesch\u00e4tzte Lesezeit":"1\u00a0Minute"},"schema":{"@context":"https:\/\/schema.org","@graph":[{"@type":"Article","@id":"https:\/\/www.masmallorca.es\/de\/tierwelt\/die-mittelmeerschildkroete.html#article","isPartOf":{"@id":"https:\/\/www.masmallorca.es\/de\/tierwelt\/die-mittelmeerschildkroete.html"},"author":{"name":"masmallorca","@id":"https:\/\/www.masmallorca.es\/de#\/schema\/person\/554c84e7dfd9917fdba2cace51081633"},"headline":"Die Mittelmeerschildkr\u00f6te","datePublished":"2009-10-28T08:58:58+00:00","dateModified":"2020-07-16T10:54:21+00:00","mainEntityOfPage":{"@id":"https:\/\/www.masmallorca.es\/de\/tierwelt\/die-mittelmeerschildkroete.html"},"wordCount":178,"publisher":{"@id":"https:\/\/www.masmallorca.es\/de#organization"},"image":{"@id":"https:\/\/www.masmallorca.es\/de\/tierwelt\/die-mittelmeerschildkroete.html#primaryimage"},"thumbnailUrl":"https:\/\/www.masmallorca.es\/wp-content\/uploads\/2009\/10\/Tortuga-mediterrania-5-testudo-hermanni.jpg","articleSection":["Tierwelt"],"inLanguage":"de"},{"@type":"WebPage","@id":"https:\/\/www.masmallorca.es\/de\/tierwelt\/die-mittelmeerschildkroete.html","url":"https:\/\/www.masmallorca.es\/de\/tierwelt\/die-mittelmeerschildkroete.html","name":"Die Mittelmeerschildkr\u00f6te | +Mallorca: das Magazin aus Mallorca","isPartOf":{"@id":"https:\/\/www.masmallorca.es\/de#website"},"primaryImageOfPage":{"@id":"https:\/\/www.masmallorca.es\/de\/tierwelt\/die-mittelmeerschildkroete.html#primaryimage"},"image":{"@id":"https:\/\/www.masmallorca.es\/de\/tierwelt\/die-mittelmeerschildkroete.html#primaryimage"},"thumbnailUrl":"https:\/\/www.masmallorca.es\/wp-content\/uploads\/2009\/10\/Tortuga-mediterrania-5-testudo-hermanni.jpg","datePublished":"2009-10-28T08:58:58+00:00","dateModified":"2020-07-16T10:54:21+00:00","breadcrumb":{"@id":"https:\/\/www.masmallorca.es\/de\/tierwelt\/die-mittelmeerschildkroete.html#breadcrumb"},"inLanguage":"de","potentialAction":[{"@type":"ReadAction","target":["https:\/\/www.masmallorca.es\/de\/tierwelt\/die-mittelmeerschildkroete.html"]}]},{"@type":"ImageObject","inLanguage":"de","@id":"https:\/\/www.masmallorca.es\/de\/tierwelt\/die-mittelmeerschildkroete.html#primaryimage","url":"https:\/\/www.masmallorca.es\/wp-content\/uploads\/2009\/10\/Tortuga-mediterrania-5-testudo-hermanni.jpg","contentUrl":"https:\/\/www.masmallorca.es\/wp-content\/uploads\/2009\/10\/Tortuga-mediterrania-5-testudo-hermanni.jpg","width":540,"height":311},{"@type":"BreadcrumbList","@id":"https:\/\/www.masmallorca.es\/de\/tierwelt\/die-mittelmeerschildkroete.html#breadcrumb","itemListElement":[{"@type":"ListItem","position":1,"name":"Portada","item":"https:\/\/www.masmallorca.es\/de"},{"@type":"ListItem","position":2,"name":"Tierwelt","item":"https:\/\/www.masmallorca.es\/de\/tierwelt"},{"@type":"ListItem","position":3,"name":"Die Mittelmeerschildkr\u00f6te"}]},{"@type":"WebSite","@id":"https:\/\/www.masmallorca.es\/de#website","url":"https:\/\/www.masmallorca.es\/de","name":"+Mallorca: la revista de Mallorca","description":"Mehr als Sonne und Strand..","publisher":{"@id":"https:\/\/www.masmallorca.es\/de#organization"},"alternateName":"+Mallorca","potentialAction":[{"@type":"SearchAction","target":{"@type":"EntryPoint","urlTemplate":"https:\/\/www.masmallorca.es\/de?s={search_term_string}"},"query-input":{"@type":"PropertyValueSpecification","valueRequired":true,"valueName":"search_term_string"}}],"inLanguage":"de"},{"@type":"Organization","@id":"https:\/\/www.masmallorca.es\/de#organization","name":"+Mallorca Magazin","alternateName":"M\u00e1s Mallorca","url":"https:\/\/www.masmallorca.es\/de","logo":{"@type":"ImageObject","inLanguage":"de","@id":"https:\/\/www.masmallorca.es\/de#\/schema\/logo\/image\/","url":"https:\/\/www.masmallorca.es\/wp-content\/uploads\/2021\/04\/logomallorca-1.png","contentUrl":"https:\/\/www.masmallorca.es\/wp-content\/uploads\/2021\/04\/logomallorca-1.png","width":326,"height":84,"caption":"+Mallorca Magazin"},"image":{"@id":"https:\/\/www.masmallorca.es\/de#\/schema\/logo\/image\/"},"sameAs":["https:\/\/www.facebook.com\/mallorcamagazine\/","https:\/\/x.com\/masmallorca"]},{"@type":"Person","@id":"https:\/\/www.masmallorca.es\/de#\/schema\/person\/554c84e7dfd9917fdba2cace51081633","name":"masmallorca"}]}},"_links":{"self":[{"href":"https:\/\/www.masmallorca.es\/de\/wp-json\/wp\/v2\/posts\/3547","targetHints":{"allow":["GET"]}}],"collection":[{"href":"https:\/\/www.masmallorca.es\/de\/wp-json\/wp\/v2\/posts"}],"about":[{"href":"https:\/\/www.masmallorca.es\/de\/wp-json\/wp\/v2\/types\/post"}],"author":[{"embeddable":true,"href":"https:\/\/www.masmallorca.es\/de\/wp-json\/wp\/v2\/users\/1"}],"replies":[{"embeddable":true,"href":"https:\/\/www.masmallorca.es\/de\/wp-json\/wp\/v2\/comments?post=3547"}],"version-history":[{"count":0,"href":"https:\/\/www.masmallorca.es\/de\/wp-json\/wp\/v2\/posts\/3547\/revisions"}],"wp:featuredmedia":[{"embeddable":true,"href":"https:\/\/www.masmallorca.es\/de\/wp-json\/wp\/v2\/media\/3528"}],"wp:attachment":[{"href":"https:\/\/www.masmallorca.es\/de\/wp-json\/wp\/v2\/media?parent=3547"}],"wp:term":[{"taxonomy":"category","embeddable":true,"href":"https:\/\/www.masmallorca.es\/de\/wp-json\/wp\/v2\/categories?post=3547"},{"taxonomy":"post_tag","embeddable":true,"href":"https:\/\/www.masmallorca.es\/de\/wp-json\/wp\/v2\/tags?post=3547"}],"curies":[{"name":"wp","href":"https:\/\/api.w.org\/{rel}","templated":true}]}}