{"id":32274,"date":"2012-09-07T08:26:48","date_gmt":"2012-09-07T06:26:48","guid":{"rendered":"https:\/\/www.masmallorca.es\/reizvolle-orte\/mallorca-celebra-en-2013-el-ano-fray-junipero-serra.html"},"modified":"2024-04-16T18:24:32","modified_gmt":"2024-04-16T16:24:32","slug":"mallorca-feiert-das-jahr-des-bruders-junipero-serra","status":"publish","type":"post","link":"https:\/\/www.masmallorca.es\/de\/kultur\/mallorca-feiert-das-jahr-des-bruders-junipero-serra.html","title":{"rendered":"Mallorca feiert das Jahr des Bruders Jun\u00edpero Serra"},"content":{"rendered":"\n<p>Auf Mallorca wird 2013 ein wichtiger Jahrestag gefeiert: Es j\u00e4hrt sich der 300. Geburtstag von <strong>Fray Jun\u00edper Serra<\/strong>, der dank seines Apostolats in Amerika als eine der bekanntesten Pers\u00f6nlichkeiten von Mallorca in die Nachwelt eingegangen ist.<\/p>\n\n\n\n<!--more-->\n\n\n\n<p>1955 wurde ein Verband namens Associaci\u00f3 d\u2019Amics de Fray Jun\u00edper Serra gegr\u00fcndet, dessen Vorstand derzeit Bartomeu Bestard ist. <\/p>\n\n\n\n<p>Der Verband leistet eine gro\u00dfartige Arbeit bei der Verbreitung des Werkes dieses Apostels, <strong>der 1713 in Petra geboren wurde und 1784 in Kalifornien verstarb<\/strong>. Auf Antrag der Organisation erkl\u00e4rt die Regierung von Mallorca am 14. <\/p>\n\n\n\n<p>Juni in einer Vollversammlung 2013 zum Jahr von Jun\u00edpero Serra. Der zur Stiftung Fundaci\u00f3 Pare Serra angeh\u00f6rende Verband verwaltet das Museum und den Centro de Estudios de Fray Jun\u00edpero Serra, die sich im Heimatort des Betbruders befinden.\u00a0<\/p>\n\n\n\n<figure class=\"wp-block-gallery has-nested-images columns-default is-cropped wp-block-gallery-1 is-layout-flex wp-block-gallery-is-layout-flex\">\n<figure class=\"wp-block-image size-large\"><img loading=\"lazy\" decoding=\"async\" width=\"940\" height=\"627\" data-id=\"32209\" src=\"https:\/\/www.masmallorca.es\/wp-content\/uploads\/2024\/04\/fray-junipero-serra-Petra-escalera.jpg\" alt=\"Bruders Jun\u00edpero Serra\" class=\"wp-image-32209\" srcset=\"https:\/\/www.masmallorca.es\/wp-content\/uploads\/2024\/04\/fray-junipero-serra-Petra-escalera.jpg 940w, https:\/\/www.masmallorca.es\/wp-content\/uploads\/2024\/04\/fray-junipero-serra-Petra-escalera-300x200.jpg 300w, https:\/\/www.masmallorca.es\/wp-content\/uploads\/2024\/04\/fray-junipero-serra-Petra-escalera-768x512.jpg 768w\" sizes=\"(max-width: 940px) 100vw, 940px\" \/><figcaption class=\"wp-element-caption\">Bruders Jun\u00edpero Serra, Petra<\/figcaption><\/figure>\n\n\n\n<figure class=\"wp-block-image size-large\"><img loading=\"lazy\" decoding=\"async\" width=\"940\" height=\"627\" data-id=\"32214\" src=\"https:\/\/www.masmallorca.es\/wp-content\/uploads\/2024\/04\/fray-junipero-serra-Petra-Bartomeu-Bestard.jpg\" alt=\"\" class=\"wp-image-32214\" srcset=\"https:\/\/www.masmallorca.es\/wp-content\/uploads\/2024\/04\/fray-junipero-serra-Petra-Bartomeu-Bestard.jpg 940w, https:\/\/www.masmallorca.es\/wp-content\/uploads\/2024\/04\/fray-junipero-serra-Petra-Bartomeu-Bestard-300x200.jpg 300w, https:\/\/www.masmallorca.es\/wp-content\/uploads\/2024\/04\/fray-junipero-serra-Petra-Bartomeu-Bestard-768x512.jpg 768w\" sizes=\"(max-width: 940px) 100vw, 940px\" \/><figcaption class=\"wp-element-caption\"> Bartolom\u00e9 Bestard<\/figcaption><\/figure>\n<\/figure>\n\n\n\n<h2 class=\"wp-block-heading\">Jedes Jahr empf\u00e4ngt die Einrichtung etwa 3.000 Besucher, darunter viele Touristen aus den USA<\/h2>\n\n\n\n<p>Dies zeugt davon, wie gut das Museum in den Kulturkreis von Mallorca integriert ist und welche Anziehungskraft es auf Religions- und Bildungsreisende aus\u00fcbt, die extra wegen dieser religi\u00f6sen Pers\u00f6nlichkeit auf die Insel reisen.&nbsp;<\/p>\n\n\n\n<p>Das im regionalistischen mallorquinischen Stil erbaute Museum, ein Projekt des Architekten Gabriel Alomar, stellt eine umfassende Sammlung an Gem\u00e4lden, Drucken, Medaillen, Skulpturen, Reliefs, Kupferstichen und Fotografien aus, die haupts\u00e4chlich von Privatpersonen gespendet wurden.<\/p>\n\n\n\n<figure class=\"wp-block-gallery has-nested-images columns-default is-cropped wp-block-gallery-2 is-layout-flex wp-block-gallery-is-layout-flex\">\n<figure class=\"wp-block-image size-large\"><img loading=\"lazy\" decoding=\"async\" width=\"848\" height=\"1024\" data-id=\"32234\" src=\"https:\/\/www.masmallorca.es\/wp-content\/uploads\/2024\/04\/fray-junipero-serra-Petra-cartel-848x1024.jpg\" alt=\"\" class=\"wp-image-32234\" srcset=\"https:\/\/www.masmallorca.es\/wp-content\/uploads\/2024\/04\/fray-junipero-serra-Petra-cartel-848x1024.jpg 848w, https:\/\/www.masmallorca.es\/wp-content\/uploads\/2024\/04\/fray-junipero-serra-Petra-cartel-248x300.jpg 248w, https:\/\/www.masmallorca.es\/wp-content\/uploads\/2024\/04\/fray-junipero-serra-Petra-cartel-768x927.jpg 768w, https:\/\/www.masmallorca.es\/wp-content\/uploads\/2024\/04\/fray-junipero-serra-Petra-cartel.jpg 940w\" sizes=\"(max-width: 848px) 100vw, 848px\" \/><\/figure>\n\n\n\n<figure class=\"wp-block-image size-large\"><img loading=\"lazy\" decoding=\"async\" width=\"905\" height=\"1024\" data-id=\"32229\" src=\"https:\/\/www.masmallorca.es\/wp-content\/uploads\/2024\/04\/fray-junipero-serra-Petra-cartel-1-905x1024.jpg\" alt=\"\" class=\"wp-image-32229\" srcset=\"https:\/\/www.masmallorca.es\/wp-content\/uploads\/2024\/04\/fray-junipero-serra-Petra-cartel-1-905x1024.jpg 905w, https:\/\/www.masmallorca.es\/wp-content\/uploads\/2024\/04\/fray-junipero-serra-Petra-cartel-1-265x300.jpg 265w, https:\/\/www.masmallorca.es\/wp-content\/uploads\/2024\/04\/fray-junipero-serra-Petra-cartel-1-768x869.jpg 768w, https:\/\/www.masmallorca.es\/wp-content\/uploads\/2024\/04\/fray-junipero-serra-Petra-cartel-1.jpg 940w\" sizes=\"(max-width: 905px) 100vw, 905px\" \/><\/figure>\n<\/figure>\n\n\n\n<p>Die Einrichtung widmet sich au\u00dferdem der Erhaltung des neben dem Museum gelegenen Casa Pairal, in dem der Apostel einen Teil seiner Kindheit verbrachte. <\/p>\n\n\n\n<p>Seine Ausbildung erhielt Junipero Serra im Franziskanerkloster San Bernardino, das 1607 in Petra gegr\u00fcndet wurde. <\/p>\n\n\n\n<p>Mit 36 Jahren verlie\u00df er schlie\u00dflich seinen Geburtsort und machte sich auf den Weg nach Veracruz (Mexiko), um seine Missionarsarbeit aufzunehmen.<\/p>\n\n\n\n<figure class=\"wp-block-image size-full\"><a href=\"https:\/\/www.masmallorca.es\/wp-content\/uploads\/2024\/04\/fray-junipero-serra-Petra-mapa-america-max.jpg\" target=\"_blank\" rel=\"noreferrer noopener\"><img loading=\"lazy\" decoding=\"async\" width=\"940\" height=\"544\" src=\"https:\/\/www.masmallorca.es\/wp-content\/uploads\/2024\/04\/fray-junipero-serra-Petra-mapa-america.jpg\" alt=\"Bruders Jun\u00edpero Serra \/ The Spanish heritage\" class=\"wp-image-32244\" srcset=\"https:\/\/www.masmallorca.es\/wp-content\/uploads\/2024\/04\/fray-junipero-serra-Petra-mapa-america.jpg 940w, https:\/\/www.masmallorca.es\/wp-content\/uploads\/2024\/04\/fray-junipero-serra-Petra-mapa-america-300x174.jpg 300w, https:\/\/www.masmallorca.es\/wp-content\/uploads\/2024\/04\/fray-junipero-serra-Petra-mapa-america-768x444.jpg 768w\" sizes=\"(max-width: 940px) 100vw, 940px\" \/><\/a><figcaption class=\"wp-element-caption\">Das spanische Erbe und Beitrag zur amerikanischen Unabh\u00e4ngigkeit<\/figcaption><\/figure>\n\n\n\n<p><strong>Visitas \/ Visits \/ F\u00fchrungen nach Vereinbarung<\/strong>:<br><a href=\"https:\/\/maps.google.es\/maps?f=q&amp;source=embed&amp;hl=es&amp;q=Carrer+del+Barracar+Alt,+6,+07520+Petra,+Illes+Balears&amp;aq=&amp;sll=41.692152,1.746005&amp;sspn=2.223161,4.938354&amp;ie=UTF8&amp;geocode=FXBsXAIdaHcvAA&amp;split=0&amp;hq=&amp;hnear=Carrer+del+Barracar+Alt,+6,+07520+Petra,+Illes+Balears&amp;t=m&amp;z=14&amp;iwloc=A\" target=\"_blank\" rel=\"noreferrer noopener\">Calle Barracart alt 6 07520 Petra, Museo Fray Junipero Serra<\/a>, Mallorca. Museum und Studienzentrum Jun\u00edpero Serra.<\/p>\n","protected":false},"excerpt":{"rendered":"<p>Fray Jun\u00edpero Serra \/ placa en Petra<\/p>\n","protected":false},"author":1,"featured_media":32222,"comment_status":"closed","ping_status":"closed","sticky":false,"template":"","format":"standard","meta":{"_et_pb_use_builder":"","_et_pb_old_content":"","_et_gb_content_width":"","footnotes":""},"categories":[20],"tags":[],"class_list":["post-32274","post","type-post","status-publish","format-standard","has-post-thumbnail","hentry","category-kultur","et-has-post-format-content","et_post_format-et-post-format-standard"],"yoast_head":"<!-- This site is optimized with the Yoast SEO plugin v27.4 - https:\/\/yoast.com\/product\/yoast-seo-wordpress\/ -->\n<title>Mallorca feiert das Jahr des Bruders Jun\u00edpero Serra | +Mallorca<\/title>\n<meta name=\"description\" content=\"Im Jahr 2013 feiert Mallorca ein wichtiges Jubil\u00e4um: 300 Jahre sind seit der Geburt von Bruders Jun\u00edpero Serra vergangen.\" \/>\n<meta name=\"robots\" content=\"index, follow, max-snippet:-1, max-image-preview:large, max-video-preview:-1\" \/>\n<link rel=\"canonical\" href=\"https:\/\/www.masmallorca.es\/de\/kultur\/mallorca-feiert-das-jahr-des-bruders-junipero-serra.html\" \/>\n<meta property=\"og:locale\" content=\"de_DE\" \/>\n<meta property=\"og:type\" content=\"article\" \/>\n<meta property=\"og:title\" content=\"Mallorca feiert das Jahr des Bruders Jun\u00edpero Serra | +Mallorca\" \/>\n<meta property=\"og:description\" content=\"Im Jahr 2013 feiert Mallorca ein wichtiges Jubil\u00e4um: 300 Jahre sind seit der Geburt von Bruders Jun\u00edpero Serra vergangen.\" \/>\n<meta property=\"og:url\" content=\"https:\/\/www.masmallorca.es\/de\/kultur\/mallorca-feiert-das-jahr-des-bruders-junipero-serra.html\" \/>\n<meta property=\"og:site_name\" content=\"+Mallorca: das Magazin aus Mallorca\" \/>\n<meta property=\"article:publisher\" content=\"https:\/\/www.facebook.com\/mallorcamagazine\/\" \/>\n<meta property=\"article:published_time\" content=\"2012-09-07T06:26:48+00:00\" \/>\n<meta property=\"article:modified_time\" content=\"2024-04-16T16:24:32+00:00\" \/>\n<meta property=\"og:image\" content=\"https:\/\/www.masmallorca.es\/wp-content\/uploads\/2024\/04\/fray-junipero-serra-Petra-placa.jpg\" \/>\n\t<meta property=\"og:image:width\" content=\"940\" \/>\n\t<meta property=\"og:image:height\" content=\"627\" \/>\n\t<meta property=\"og:image:type\" content=\"image\/jpeg\" \/>\n<meta name=\"author\" content=\"masmallorca\" \/>\n<meta name=\"twitter:card\" content=\"summary_large_image\" \/>\n<meta name=\"twitter:creator\" content=\"@masmallorca\" \/>\n<meta name=\"twitter:site\" content=\"@masmallorca\" \/>\n<meta name=\"twitter:label1\" content=\"Verfasst von\" \/>\n\t<meta name=\"twitter:data1\" content=\"masmallorca\" \/>\n\t<meta name=\"twitter:label2\" content=\"Gesch\u00e4tzte Lesezeit\" \/>\n\t<meta name=\"twitter:data2\" content=\"3\u00a0Minuten\" \/>\n<script type=\"application\/ld+json\" class=\"yoast-schema-graph\">{\"@context\":\"https:\\\/\\\/schema.org\",\"@graph\":[{\"@type\":\"Article\",\"@id\":\"https:\\\/\\\/www.masmallorca.es\\\/de\\\/kultur\\\/mallorca-feiert-das-jahr-des-bruders-junipero-serra.html#article\",\"isPartOf\":{\"@id\":\"https:\\\/\\\/www.masmallorca.es\\\/de\\\/kultur\\\/mallorca-feiert-das-jahr-des-bruders-junipero-serra.html\"},\"author\":{\"name\":\"masmallorca\",\"@id\":\"https:\\\/\\\/www.masmallorca.es\\\/de#\\\/schema\\\/person\\\/554c84e7dfd9917fdba2cace51081633\"},\"headline\":\"Mallorca feiert das Jahr des Bruders Jun\u00edpero Serra\",\"datePublished\":\"2012-09-07T06:26:48+00:00\",\"dateModified\":\"2024-04-16T16:24:32+00:00\",\"mainEntityOfPage\":{\"@id\":\"https:\\\/\\\/www.masmallorca.es\\\/de\\\/kultur\\\/mallorca-feiert-das-jahr-des-bruders-junipero-serra.html\"},\"wordCount\":322,\"publisher\":{\"@id\":\"https:\\\/\\\/www.masmallorca.es\\\/de#organization\"},\"image\":{\"@id\":\"https:\\\/\\\/www.masmallorca.es\\\/de\\\/kultur\\\/mallorca-feiert-das-jahr-des-bruders-junipero-serra.html#primaryimage\"},\"thumbnailUrl\":\"https:\\\/\\\/www.masmallorca.es\\\/wp-content\\\/uploads\\\/2024\\\/04\\\/fray-junipero-serra-Petra-placa.jpg\",\"articleSection\":[\"Kultur\"],\"inLanguage\":\"de\"},{\"@type\":\"WebPage\",\"@id\":\"https:\\\/\\\/www.masmallorca.es\\\/de\\\/kultur\\\/mallorca-feiert-das-jahr-des-bruders-junipero-serra.html\",\"url\":\"https:\\\/\\\/www.masmallorca.es\\\/de\\\/kultur\\\/mallorca-feiert-das-jahr-des-bruders-junipero-serra.html\",\"name\":\"Mallorca feiert das Jahr des Bruders Jun\u00edpero Serra | +Mallorca\",\"isPartOf\":{\"@id\":\"https:\\\/\\\/www.masmallorca.es\\\/de#website\"},\"primaryImageOfPage\":{\"@id\":\"https:\\\/\\\/www.masmallorca.es\\\/de\\\/kultur\\\/mallorca-feiert-das-jahr-des-bruders-junipero-serra.html#primaryimage\"},\"image\":{\"@id\":\"https:\\\/\\\/www.masmallorca.es\\\/de\\\/kultur\\\/mallorca-feiert-das-jahr-des-bruders-junipero-serra.html#primaryimage\"},\"thumbnailUrl\":\"https:\\\/\\\/www.masmallorca.es\\\/wp-content\\\/uploads\\\/2024\\\/04\\\/fray-junipero-serra-Petra-placa.jpg\",\"datePublished\":\"2012-09-07T06:26:48+00:00\",\"dateModified\":\"2024-04-16T16:24:32+00:00\",\"description\":\"Im Jahr 2013 feiert Mallorca ein wichtiges Jubil\u00e4um: 300 Jahre sind seit der Geburt von Bruders Jun\u00edpero Serra vergangen.\",\"breadcrumb\":{\"@id\":\"https:\\\/\\\/www.masmallorca.es\\\/de\\\/kultur\\\/mallorca-feiert-das-jahr-des-bruders-junipero-serra.html#breadcrumb\"},\"inLanguage\":\"de\",\"potentialAction\":[{\"@type\":\"ReadAction\",\"target\":[\"https:\\\/\\\/www.masmallorca.es\\\/de\\\/kultur\\\/mallorca-feiert-das-jahr-des-bruders-junipero-serra.html\"]}]},{\"@type\":\"ImageObject\",\"inLanguage\":\"de\",\"@id\":\"https:\\\/\\\/www.masmallorca.es\\\/de\\\/kultur\\\/mallorca-feiert-das-jahr-des-bruders-junipero-serra.html#primaryimage\",\"url\":\"https:\\\/\\\/www.masmallorca.es\\\/wp-content\\\/uploads\\\/2024\\\/04\\\/fray-junipero-serra-Petra-placa.jpg\",\"contentUrl\":\"https:\\\/\\\/www.masmallorca.es\\\/wp-content\\\/uploads\\\/2024\\\/04\\\/fray-junipero-serra-Petra-placa.jpg\",\"width\":940,\"height\":627},{\"@type\":\"BreadcrumbList\",\"@id\":\"https:\\\/\\\/www.masmallorca.es\\\/de\\\/kultur\\\/mallorca-feiert-das-jahr-des-bruders-junipero-serra.html#breadcrumb\",\"itemListElement\":[{\"@type\":\"ListItem\",\"position\":1,\"name\":\"Portada\",\"item\":\"https:\\\/\\\/www.masmallorca.es\\\/de\"},{\"@type\":\"ListItem\",\"position\":2,\"name\":\"Kultur\",\"item\":\"https:\\\/\\\/www.masmallorca.es\\\/de\\\/kultur\"},{\"@type\":\"ListItem\",\"position\":3,\"name\":\"Mallorca feiert das Jahr des Bruders Jun\u00edpero Serra\"}]},{\"@type\":\"WebSite\",\"@id\":\"https:\\\/\\\/www.masmallorca.es\\\/de#website\",\"url\":\"https:\\\/\\\/www.masmallorca.es\\\/de\",\"name\":\"+Mallorca: la revista de Mallorca\",\"description\":\"Mehr als Sonne und Strand..\",\"publisher\":{\"@id\":\"https:\\\/\\\/www.masmallorca.es\\\/de#organization\"},\"alternateName\":\"+Mallorca\",\"potentialAction\":[{\"@type\":\"SearchAction\",\"target\":{\"@type\":\"EntryPoint\",\"urlTemplate\":\"https:\\\/\\\/www.masmallorca.es\\\/de?s={search_term_string}\"},\"query-input\":{\"@type\":\"PropertyValueSpecification\",\"valueRequired\":true,\"valueName\":\"search_term_string\"}}],\"inLanguage\":\"de\"},{\"@type\":\"Organization\",\"@id\":\"https:\\\/\\\/www.masmallorca.es\\\/de#organization\",\"name\":\"+Mallorca Magazin\",\"alternateName\":\"M\u00e1s Mallorca\",\"url\":\"https:\\\/\\\/www.masmallorca.es\\\/de\",\"logo\":{\"@type\":\"ImageObject\",\"inLanguage\":\"de\",\"@id\":\"https:\\\/\\\/www.masmallorca.es\\\/de#\\\/schema\\\/logo\\\/image\\\/\",\"url\":\"https:\\\/\\\/www.masmallorca.es\\\/wp-content\\\/uploads\\\/2021\\\/04\\\/logomallorca-1.png\",\"contentUrl\":\"https:\\\/\\\/www.masmallorca.es\\\/wp-content\\\/uploads\\\/2021\\\/04\\\/logomallorca-1.png\",\"width\":326,\"height\":84,\"caption\":\"+Mallorca Magazin\"},\"image\":{\"@id\":\"https:\\\/\\\/www.masmallorca.es\\\/de#\\\/schema\\\/logo\\\/image\\\/\"},\"sameAs\":[\"https:\\\/\\\/www.facebook.com\\\/mallorcamagazine\\\/\",\"https:\\\/\\\/x.com\\\/masmallorca\"]},{\"@type\":\"Person\",\"@id\":\"https:\\\/\\\/www.masmallorca.es\\\/de#\\\/schema\\\/person\\\/554c84e7dfd9917fdba2cace51081633\",\"name\":\"masmallorca\"}]}<\/script>\n<!-- \/ Yoast SEO plugin. -->","yoast_head_json":{"title":"Mallorca feiert das Jahr des Bruders Jun\u00edpero Serra | +Mallorca","description":"Im Jahr 2013 feiert Mallorca ein wichtiges Jubil\u00e4um: 300 Jahre sind seit der Geburt von Bruders Jun\u00edpero Serra vergangen.","robots":{"index":"index","follow":"follow","max-snippet":"max-snippet:-1","max-image-preview":"max-image-preview:large","max-video-preview":"max-video-preview:-1"},"canonical":"https:\/\/www.masmallorca.es\/de\/kultur\/mallorca-feiert-das-jahr-des-bruders-junipero-serra.html","og_locale":"de_DE","og_type":"article","og_title":"Mallorca feiert das Jahr des Bruders Jun\u00edpero Serra | +Mallorca","og_description":"Im Jahr 2013 feiert Mallorca ein wichtiges Jubil\u00e4um: 300 Jahre sind seit der Geburt von Bruders Jun\u00edpero Serra vergangen.","og_url":"https:\/\/www.masmallorca.es\/de\/kultur\/mallorca-feiert-das-jahr-des-bruders-junipero-serra.html","og_site_name":"+Mallorca: das Magazin aus Mallorca","article_publisher":"https:\/\/www.facebook.com\/mallorcamagazine\/","article_published_time":"2012-09-07T06:26:48+00:00","article_modified_time":"2024-04-16T16:24:32+00:00","og_image":[{"width":940,"height":627,"url":"https:\/\/www.masmallorca.es\/wp-content\/uploads\/2024\/04\/fray-junipero-serra-Petra-placa.jpg","type":"image\/jpeg"}],"author":"masmallorca","twitter_card":"summary_large_image","twitter_creator":"@masmallorca","twitter_site":"@masmallorca","twitter_misc":{"Verfasst von":"masmallorca","Gesch\u00e4tzte Lesezeit":"3\u00a0Minuten"},"schema":{"@context":"https:\/\/schema.org","@graph":[{"@type":"Article","@id":"https:\/\/www.masmallorca.es\/de\/kultur\/mallorca-feiert-das-jahr-des-bruders-junipero-serra.html#article","isPartOf":{"@id":"https:\/\/www.masmallorca.es\/de\/kultur\/mallorca-feiert-das-jahr-des-bruders-junipero-serra.html"},"author":{"name":"masmallorca","@id":"https:\/\/www.masmallorca.es\/de#\/schema\/person\/554c84e7dfd9917fdba2cace51081633"},"headline":"Mallorca feiert das Jahr des Bruders Jun\u00edpero Serra","datePublished":"2012-09-07T06:26:48+00:00","dateModified":"2024-04-16T16:24:32+00:00","mainEntityOfPage":{"@id":"https:\/\/www.masmallorca.es\/de\/kultur\/mallorca-feiert-das-jahr-des-bruders-junipero-serra.html"},"wordCount":322,"publisher":{"@id":"https:\/\/www.masmallorca.es\/de#organization"},"image":{"@id":"https:\/\/www.masmallorca.es\/de\/kultur\/mallorca-feiert-das-jahr-des-bruders-junipero-serra.html#primaryimage"},"thumbnailUrl":"https:\/\/www.masmallorca.es\/wp-content\/uploads\/2024\/04\/fray-junipero-serra-Petra-placa.jpg","articleSection":["Kultur"],"inLanguage":"de"},{"@type":"WebPage","@id":"https:\/\/www.masmallorca.es\/de\/kultur\/mallorca-feiert-das-jahr-des-bruders-junipero-serra.html","url":"https:\/\/www.masmallorca.es\/de\/kultur\/mallorca-feiert-das-jahr-des-bruders-junipero-serra.html","name":"Mallorca feiert das Jahr des Bruders Jun\u00edpero Serra | +Mallorca","isPartOf":{"@id":"https:\/\/www.masmallorca.es\/de#website"},"primaryImageOfPage":{"@id":"https:\/\/www.masmallorca.es\/de\/kultur\/mallorca-feiert-das-jahr-des-bruders-junipero-serra.html#primaryimage"},"image":{"@id":"https:\/\/www.masmallorca.es\/de\/kultur\/mallorca-feiert-das-jahr-des-bruders-junipero-serra.html#primaryimage"},"thumbnailUrl":"https:\/\/www.masmallorca.es\/wp-content\/uploads\/2024\/04\/fray-junipero-serra-Petra-placa.jpg","datePublished":"2012-09-07T06:26:48+00:00","dateModified":"2024-04-16T16:24:32+00:00","description":"Im Jahr 2013 feiert Mallorca ein wichtiges Jubil\u00e4um: 300 Jahre sind seit der Geburt von Bruders Jun\u00edpero Serra vergangen.","breadcrumb":{"@id":"https:\/\/www.masmallorca.es\/de\/kultur\/mallorca-feiert-das-jahr-des-bruders-junipero-serra.html#breadcrumb"},"inLanguage":"de","potentialAction":[{"@type":"ReadAction","target":["https:\/\/www.masmallorca.es\/de\/kultur\/mallorca-feiert-das-jahr-des-bruders-junipero-serra.html"]}]},{"@type":"ImageObject","inLanguage":"de","@id":"https:\/\/www.masmallorca.es\/de\/kultur\/mallorca-feiert-das-jahr-des-bruders-junipero-serra.html#primaryimage","url":"https:\/\/www.masmallorca.es\/wp-content\/uploads\/2024\/04\/fray-junipero-serra-Petra-placa.jpg","contentUrl":"https:\/\/www.masmallorca.es\/wp-content\/uploads\/2024\/04\/fray-junipero-serra-Petra-placa.jpg","width":940,"height":627},{"@type":"BreadcrumbList","@id":"https:\/\/www.masmallorca.es\/de\/kultur\/mallorca-feiert-das-jahr-des-bruders-junipero-serra.html#breadcrumb","itemListElement":[{"@type":"ListItem","position":1,"name":"Portada","item":"https:\/\/www.masmallorca.es\/de"},{"@type":"ListItem","position":2,"name":"Kultur","item":"https:\/\/www.masmallorca.es\/de\/kultur"},{"@type":"ListItem","position":3,"name":"Mallorca feiert das Jahr des Bruders Jun\u00edpero Serra"}]},{"@type":"WebSite","@id":"https:\/\/www.masmallorca.es\/de#website","url":"https:\/\/www.masmallorca.es\/de","name":"+Mallorca: la revista de Mallorca","description":"Mehr als Sonne und Strand..","publisher":{"@id":"https:\/\/www.masmallorca.es\/de#organization"},"alternateName":"+Mallorca","potentialAction":[{"@type":"SearchAction","target":{"@type":"EntryPoint","urlTemplate":"https:\/\/www.masmallorca.es\/de?s={search_term_string}"},"query-input":{"@type":"PropertyValueSpecification","valueRequired":true,"valueName":"search_term_string"}}],"inLanguage":"de"},{"@type":"Organization","@id":"https:\/\/www.masmallorca.es\/de#organization","name":"+Mallorca Magazin","alternateName":"M\u00e1s Mallorca","url":"https:\/\/www.masmallorca.es\/de","logo":{"@type":"ImageObject","inLanguage":"de","@id":"https:\/\/www.masmallorca.es\/de#\/schema\/logo\/image\/","url":"https:\/\/www.masmallorca.es\/wp-content\/uploads\/2021\/04\/logomallorca-1.png","contentUrl":"https:\/\/www.masmallorca.es\/wp-content\/uploads\/2021\/04\/logomallorca-1.png","width":326,"height":84,"caption":"+Mallorca Magazin"},"image":{"@id":"https:\/\/www.masmallorca.es\/de#\/schema\/logo\/image\/"},"sameAs":["https:\/\/www.facebook.com\/mallorcamagazine\/","https:\/\/x.com\/masmallorca"]},{"@type":"Person","@id":"https:\/\/www.masmallorca.es\/de#\/schema\/person\/554c84e7dfd9917fdba2cace51081633","name":"masmallorca"}]}},"_links":{"self":[{"href":"https:\/\/www.masmallorca.es\/de\/wp-json\/wp\/v2\/posts\/32274","targetHints":{"allow":["GET"]}}],"collection":[{"href":"https:\/\/www.masmallorca.es\/de\/wp-json\/wp\/v2\/posts"}],"about":[{"href":"https:\/\/www.masmallorca.es\/de\/wp-json\/wp\/v2\/types\/post"}],"author":[{"embeddable":true,"href":"https:\/\/www.masmallorca.es\/de\/wp-json\/wp\/v2\/users\/1"}],"replies":[{"embeddable":true,"href":"https:\/\/www.masmallorca.es\/de\/wp-json\/wp\/v2\/comments?post=32274"}],"version-history":[{"count":0,"href":"https:\/\/www.masmallorca.es\/de\/wp-json\/wp\/v2\/posts\/32274\/revisions"}],"wp:featuredmedia":[{"embeddable":true,"href":"https:\/\/www.masmallorca.es\/de\/wp-json\/wp\/v2\/media\/32222"}],"wp:attachment":[{"href":"https:\/\/www.masmallorca.es\/de\/wp-json\/wp\/v2\/media?parent=32274"}],"wp:term":[{"taxonomy":"category","embeddable":true,"href":"https:\/\/www.masmallorca.es\/de\/wp-json\/wp\/v2\/categories?post=32274"},{"taxonomy":"post_tag","embeddable":true,"href":"https:\/\/www.masmallorca.es\/de\/wp-json\/wp\/v2\/tags?post=32274"}],"curies":[{"name":"wp","href":"https:\/\/api.w.org\/{rel}","templated":true}]}}