{"id":3187,"date":"2009-10-18T13:04:12","date_gmt":"2009-10-18T11:04:12","guid":{"rendered":""},"modified":"2017-09-20T12:35:44","modified_gmt":"2017-09-20T10:35:44","slug":"banyalbufar-2","status":"publish","type":"post","link":"https:\/\/www.masmallorca.es\/de\/reizvolle-orte\/banyalbufar-2.html","title":{"rendered":"Banyalbufar"},"content":{"rendered":"<p><img loading=\"lazy\" decoding=\"async\" class=\" alignright size-full wp-image-3134\" style=\"border: 0; float: right; margin: 0px 20px 0px 20px;\" src=\"https:\/\/www.masmallorca.es\/wp-content\/uploads\/2009\/10\/banyalbufar_1.jpg\" width=\"150\" height=\"101\" \/><\/p>\n<p style=\"text-align: justify;\">Banyalbufar, eine Gemeinde im S\u00fcdwesten der Serra de Tramuntana, hat etwa 500 Einwohner und seine Landschaft ist durch seine umliegenden Berge, die f\u00fcr den Anbau bestimmten eindrucksvollen Terrassen und seine steil abfallende K\u00fcste gekennzeichnet.<\/p>\n<p><!--more--><\/p>\n<p>&nbsp;<\/p>\n<p><strong><img loading=\"lazy\" decoding=\"async\" class=\" alignleft size-full wp-image-3177\" style=\"margin: 10px 20px 10px 0px; float: left;\" title=\"Banyalbufar, Mallorca\" src=\"https:\/\/www.masmallorca.es\/wp-content\/uploads\/2009\/10\/banyalbufar_2.jpg\" alt=\"Banyalbufar, Mallorca\" width=\"300\" height=\"223\" \/><\/strong><\/p>\n<p>&nbsp;<\/p>\n<p style=\"text-align: justify;\">Die Urspr\u00fcnge von Banyalbufar finden sich in einer im X. Jahrhundert entstandenen Ansiedlung mit dem Namen Banyalbahar, eine muslimische Ortsbezeichnung, die \u201eam Meer erbaut\u201d bedeutet.<\/p>\n<p style=\"text-align: justify;\">\n Der Ort widmet sich traditionell der Viehhaltung, Fischerei sowie der Landwirtschaft und wurde f\u00fcr die Produktion von <a title=\"Ramillete-Tomaten\" href=\"https:\/\/www.masmallorca.es\/ca\/productes-tipics\/tomatiga-de-ramellet.html\" target=\"_blank\" rel=\"noopener\">Ramillete-Tomaten<\/a> und des Malvasier-Weins, dessen Anbau heute wiederbelebt wird, bekannt.<\/p>\n<p>&nbsp;<\/p>\n<p style=\"text-align: justify;\">\n <img loading=\"lazy\" decoding=\"async\" class=\" alignright size-full wp-image-3182\" style=\"margin: 10px 0px 10px 20px; float: right;\" title=\"Banyalbufar, Mallorca\" src=\"https:\/\/www.masmallorca.es\/wp-content\/uploads\/2009\/10\/banyalbufar_3.jpg\" alt=\"Banyalbufar, Mallorca\" width=\"298\" height=\"213\" \/><\/p>\n<p style=\"text-align: justify;\">\u00a0<\/p>\n<p style=\"text-align: justify;\">\u00a0<\/p>\n<p style=\"text-align: justify;\">Besonders charakteristisch sind der <strong>\u201eTorre des Verger\u201d<\/strong> und der alte <strong>Palast \u201eSa Baron\u00eda\u201d<\/strong> mit einem Innenhof und einem Verteidigungsturm aus dem XVII. Jahrhundert.<\/p>\n<p style=\"text-align: justify;\">\u00a0<\/p>\n<p style=\"text-align: justify;\">\u00a0<\/p>\n","protected":false},"excerpt":{"rendered":"<p>Banyalbufar, eine Gemeinde im S\u00fcdwesten der Serra de Tramuntana, hat etwa 500 Einwohner und seine Landschaft ist durch seine umliegenden Berge, die f\u00fcr den Anbau bestimmten eindrucksvollen Terrassen und seine steil abfallende K\u00fcste gekennzeichnet.<\/p>\n","protected":false},"author":1,"featured_media":3180,"comment_status":"closed","ping_status":"closed","sticky":false,"template":"","format":"standard","meta":{"_et_pb_use_builder":"","_et_pb_old_content":"","_et_gb_content_width":"","footnotes":""},"categories":[35],"tags":[],"class_list":["post-3187","post","type-post","status-publish","format-standard","has-post-thumbnail","hentry","category-reizvolle-orte","et-has-post-format-content","et_post_format-et-post-format-standard"],"yoast_head":"<!-- This site is optimized with the Yoast SEO plugin v27.4 - https:\/\/yoast.com\/product\/yoast-seo-wordpress\/ -->\n<title>Banyalbufar | +Mallorca: das Magazin aus Mallorca<\/title>\n<meta name=\"description\" content=\"Banyalbufar, municipio situado en el suroeste de la Serra de Tramuntana entre Estellencs, Esporles y Valldemossa.\" \/>\n<meta name=\"robots\" content=\"index, follow, max-snippet:-1, max-image-preview:large, max-video-preview:-1\" \/>\n<link rel=\"canonical\" href=\"https:\/\/www.masmallorca.es\/de\/reizvolle-orte\/banyalbufar-2.html\" \/>\n<meta property=\"og:locale\" content=\"de_DE\" \/>\n<meta property=\"og:type\" content=\"article\" \/>\n<meta property=\"og:title\" content=\"Banyalbufar | +Mallorca: das Magazin aus Mallorca\" \/>\n<meta property=\"og:description\" content=\"Banyalbufar, municipio situado en el suroeste de la Serra de Tramuntana entre Estellencs, Esporles y Valldemossa.\" \/>\n<meta property=\"og:url\" content=\"https:\/\/www.masmallorca.es\/de\/reizvolle-orte\/banyalbufar-2.html\" \/>\n<meta property=\"og:site_name\" content=\"+Mallorca: das Magazin aus Mallorca\" \/>\n<meta property=\"article:publisher\" content=\"https:\/\/www.facebook.com\/mallorcamagazine\/\" \/>\n<meta property=\"article:published_time\" content=\"2009-10-18T11:04:12+00:00\" \/>\n<meta property=\"article:modified_time\" content=\"2017-09-20T10:35:44+00:00\" \/>\n<meta property=\"og:image\" content=\"https:\/\/www.masmallorca.es\/wp-content\/uploads\/2009\/10\/banyalbufar_2.jpg\" \/>\n\t<meta property=\"og:image:width\" content=\"300\" \/>\n\t<meta property=\"og:image:height\" content=\"223\" \/>\n\t<meta property=\"og:image:type\" content=\"image\/jpeg\" \/>\n<meta name=\"author\" content=\"masmallorca\" \/>\n<meta name=\"twitter:card\" content=\"summary_large_image\" \/>\n<meta name=\"twitter:creator\" content=\"@masmallorca\" \/>\n<meta name=\"twitter:site\" content=\"@masmallorca\" \/>\n<meta name=\"twitter:label1\" content=\"Verfasst von\" \/>\n\t<meta name=\"twitter:data1\" content=\"masmallorca\" \/>\n\t<meta name=\"twitter:label2\" content=\"Gesch\u00e4tzte Lesezeit\" \/>\n\t<meta name=\"twitter:data2\" content=\"1\u00a0Minute\" \/>\n<script type=\"application\/ld+json\" class=\"yoast-schema-graph\">{\"@context\":\"https:\\\/\\\/schema.org\",\"@graph\":[{\"@type\":\"Article\",\"@id\":\"https:\\\/\\\/www.masmallorca.es\\\/de\\\/reizvolle-orte\\\/banyalbufar-2.html#article\",\"isPartOf\":{\"@id\":\"https:\\\/\\\/www.masmallorca.es\\\/de\\\/reizvolle-orte\\\/banyalbufar-2.html\"},\"author\":{\"name\":\"masmallorca\",\"@id\":\"https:\\\/\\\/www.masmallorca.es\\\/de#\\\/schema\\\/person\\\/554c84e7dfd9917fdba2cace51081633\"},\"headline\":\"Banyalbufar\",\"datePublished\":\"2009-10-18T11:04:12+00:00\",\"dateModified\":\"2017-09-20T10:35:44+00:00\",\"mainEntityOfPage\":{\"@id\":\"https:\\\/\\\/www.masmallorca.es\\\/de\\\/reizvolle-orte\\\/banyalbufar-2.html\"},\"wordCount\":118,\"publisher\":{\"@id\":\"https:\\\/\\\/www.masmallorca.es\\\/de#organization\"},\"image\":{\"@id\":\"https:\\\/\\\/www.masmallorca.es\\\/de\\\/reizvolle-orte\\\/banyalbufar-2.html#primaryimage\"},\"thumbnailUrl\":\"https:\\\/\\\/www.masmallorca.es\\\/wp-content\\\/uploads\\\/2009\\\/10\\\/banyalbufar_2.jpg\",\"articleSection\":[\"Reizvolle orte\"],\"inLanguage\":\"de\"},{\"@type\":\"WebPage\",\"@id\":\"https:\\\/\\\/www.masmallorca.es\\\/de\\\/reizvolle-orte\\\/banyalbufar-2.html\",\"url\":\"https:\\\/\\\/www.masmallorca.es\\\/de\\\/reizvolle-orte\\\/banyalbufar-2.html\",\"name\":\"Banyalbufar | +Mallorca: das Magazin aus Mallorca\",\"isPartOf\":{\"@id\":\"https:\\\/\\\/www.masmallorca.es\\\/de#website\"},\"primaryImageOfPage\":{\"@id\":\"https:\\\/\\\/www.masmallorca.es\\\/de\\\/reizvolle-orte\\\/banyalbufar-2.html#primaryimage\"},\"image\":{\"@id\":\"https:\\\/\\\/www.masmallorca.es\\\/de\\\/reizvolle-orte\\\/banyalbufar-2.html#primaryimage\"},\"thumbnailUrl\":\"https:\\\/\\\/www.masmallorca.es\\\/wp-content\\\/uploads\\\/2009\\\/10\\\/banyalbufar_2.jpg\",\"datePublished\":\"2009-10-18T11:04:12+00:00\",\"dateModified\":\"2017-09-20T10:35:44+00:00\",\"description\":\"Banyalbufar, municipio situado en el suroeste de la Serra de Tramuntana entre Estellencs, Esporles y Valldemossa.\",\"breadcrumb\":{\"@id\":\"https:\\\/\\\/www.masmallorca.es\\\/de\\\/reizvolle-orte\\\/banyalbufar-2.html#breadcrumb\"},\"inLanguage\":\"de\",\"potentialAction\":[{\"@type\":\"ReadAction\",\"target\":[\"https:\\\/\\\/www.masmallorca.es\\\/de\\\/reizvolle-orte\\\/banyalbufar-2.html\"]}]},{\"@type\":\"ImageObject\",\"inLanguage\":\"de\",\"@id\":\"https:\\\/\\\/www.masmallorca.es\\\/de\\\/reizvolle-orte\\\/banyalbufar-2.html#primaryimage\",\"url\":\"https:\\\/\\\/www.masmallorca.es\\\/wp-content\\\/uploads\\\/2009\\\/10\\\/banyalbufar_2.jpg\",\"contentUrl\":\"https:\\\/\\\/www.masmallorca.es\\\/wp-content\\\/uploads\\\/2009\\\/10\\\/banyalbufar_2.jpg\",\"width\":300,\"height\":223},{\"@type\":\"BreadcrumbList\",\"@id\":\"https:\\\/\\\/www.masmallorca.es\\\/de\\\/reizvolle-orte\\\/banyalbufar-2.html#breadcrumb\",\"itemListElement\":[{\"@type\":\"ListItem\",\"position\":1,\"name\":\"Portada\",\"item\":\"https:\\\/\\\/www.masmallorca.es\\\/de\"},{\"@type\":\"ListItem\",\"position\":2,\"name\":\"Reizvolle orte\",\"item\":\"https:\\\/\\\/www.masmallorca.es\\\/de\\\/reizvolle-orte\"},{\"@type\":\"ListItem\",\"position\":3,\"name\":\"Banyalbufar\"}]},{\"@type\":\"WebSite\",\"@id\":\"https:\\\/\\\/www.masmallorca.es\\\/de#website\",\"url\":\"https:\\\/\\\/www.masmallorca.es\\\/de\",\"name\":\"+Mallorca: la revista de Mallorca\",\"description\":\"Mehr als Sonne und Strand..\",\"publisher\":{\"@id\":\"https:\\\/\\\/www.masmallorca.es\\\/de#organization\"},\"alternateName\":\"+Mallorca\",\"potentialAction\":[{\"@type\":\"SearchAction\",\"target\":{\"@type\":\"EntryPoint\",\"urlTemplate\":\"https:\\\/\\\/www.masmallorca.es\\\/de?s={search_term_string}\"},\"query-input\":{\"@type\":\"PropertyValueSpecification\",\"valueRequired\":true,\"valueName\":\"search_term_string\"}}],\"inLanguage\":\"de\"},{\"@type\":\"Organization\",\"@id\":\"https:\\\/\\\/www.masmallorca.es\\\/de#organization\",\"name\":\"+Mallorca Magazin\",\"alternateName\":\"M\u00e1s Mallorca\",\"url\":\"https:\\\/\\\/www.masmallorca.es\\\/de\",\"logo\":{\"@type\":\"ImageObject\",\"inLanguage\":\"de\",\"@id\":\"https:\\\/\\\/www.masmallorca.es\\\/de#\\\/schema\\\/logo\\\/image\\\/\",\"url\":\"https:\\\/\\\/www.masmallorca.es\\\/wp-content\\\/uploads\\\/2021\\\/04\\\/logomallorca-1.png\",\"contentUrl\":\"https:\\\/\\\/www.masmallorca.es\\\/wp-content\\\/uploads\\\/2021\\\/04\\\/logomallorca-1.png\",\"width\":326,\"height\":84,\"caption\":\"+Mallorca Magazin\"},\"image\":{\"@id\":\"https:\\\/\\\/www.masmallorca.es\\\/de#\\\/schema\\\/logo\\\/image\\\/\"},\"sameAs\":[\"https:\\\/\\\/www.facebook.com\\\/mallorcamagazine\\\/\",\"https:\\\/\\\/x.com\\\/masmallorca\"]},{\"@type\":\"Person\",\"@id\":\"https:\\\/\\\/www.masmallorca.es\\\/de#\\\/schema\\\/person\\\/554c84e7dfd9917fdba2cace51081633\",\"name\":\"masmallorca\"}]}<\/script>\n<!-- \/ Yoast SEO plugin. -->","yoast_head_json":{"title":"Banyalbufar | +Mallorca: das Magazin aus Mallorca","description":"Banyalbufar, municipio situado en el suroeste de la Serra de Tramuntana entre Estellencs, Esporles y Valldemossa.","robots":{"index":"index","follow":"follow","max-snippet":"max-snippet:-1","max-image-preview":"max-image-preview:large","max-video-preview":"max-video-preview:-1"},"canonical":"https:\/\/www.masmallorca.es\/de\/reizvolle-orte\/banyalbufar-2.html","og_locale":"de_DE","og_type":"article","og_title":"Banyalbufar | +Mallorca: das Magazin aus Mallorca","og_description":"Banyalbufar, municipio situado en el suroeste de la Serra de Tramuntana entre Estellencs, Esporles y Valldemossa.","og_url":"https:\/\/www.masmallorca.es\/de\/reizvolle-orte\/banyalbufar-2.html","og_site_name":"+Mallorca: das Magazin aus Mallorca","article_publisher":"https:\/\/www.facebook.com\/mallorcamagazine\/","article_published_time":"2009-10-18T11:04:12+00:00","article_modified_time":"2017-09-20T10:35:44+00:00","og_image":[{"width":300,"height":223,"url":"https:\/\/www.masmallorca.es\/wp-content\/uploads\/2009\/10\/banyalbufar_2.jpg","type":"image\/jpeg"}],"author":"masmallorca","twitter_card":"summary_large_image","twitter_creator":"@masmallorca","twitter_site":"@masmallorca","twitter_misc":{"Verfasst von":"masmallorca","Gesch\u00e4tzte Lesezeit":"1\u00a0Minute"},"schema":{"@context":"https:\/\/schema.org","@graph":[{"@type":"Article","@id":"https:\/\/www.masmallorca.es\/de\/reizvolle-orte\/banyalbufar-2.html#article","isPartOf":{"@id":"https:\/\/www.masmallorca.es\/de\/reizvolle-orte\/banyalbufar-2.html"},"author":{"name":"masmallorca","@id":"https:\/\/www.masmallorca.es\/de#\/schema\/person\/554c84e7dfd9917fdba2cace51081633"},"headline":"Banyalbufar","datePublished":"2009-10-18T11:04:12+00:00","dateModified":"2017-09-20T10:35:44+00:00","mainEntityOfPage":{"@id":"https:\/\/www.masmallorca.es\/de\/reizvolle-orte\/banyalbufar-2.html"},"wordCount":118,"publisher":{"@id":"https:\/\/www.masmallorca.es\/de#organization"},"image":{"@id":"https:\/\/www.masmallorca.es\/de\/reizvolle-orte\/banyalbufar-2.html#primaryimage"},"thumbnailUrl":"https:\/\/www.masmallorca.es\/wp-content\/uploads\/2009\/10\/banyalbufar_2.jpg","articleSection":["Reizvolle orte"],"inLanguage":"de"},{"@type":"WebPage","@id":"https:\/\/www.masmallorca.es\/de\/reizvolle-orte\/banyalbufar-2.html","url":"https:\/\/www.masmallorca.es\/de\/reizvolle-orte\/banyalbufar-2.html","name":"Banyalbufar | +Mallorca: das Magazin aus Mallorca","isPartOf":{"@id":"https:\/\/www.masmallorca.es\/de#website"},"primaryImageOfPage":{"@id":"https:\/\/www.masmallorca.es\/de\/reizvolle-orte\/banyalbufar-2.html#primaryimage"},"image":{"@id":"https:\/\/www.masmallorca.es\/de\/reizvolle-orte\/banyalbufar-2.html#primaryimage"},"thumbnailUrl":"https:\/\/www.masmallorca.es\/wp-content\/uploads\/2009\/10\/banyalbufar_2.jpg","datePublished":"2009-10-18T11:04:12+00:00","dateModified":"2017-09-20T10:35:44+00:00","description":"Banyalbufar, municipio situado en el suroeste de la Serra de Tramuntana entre Estellencs, Esporles y Valldemossa.","breadcrumb":{"@id":"https:\/\/www.masmallorca.es\/de\/reizvolle-orte\/banyalbufar-2.html#breadcrumb"},"inLanguage":"de","potentialAction":[{"@type":"ReadAction","target":["https:\/\/www.masmallorca.es\/de\/reizvolle-orte\/banyalbufar-2.html"]}]},{"@type":"ImageObject","inLanguage":"de","@id":"https:\/\/www.masmallorca.es\/de\/reizvolle-orte\/banyalbufar-2.html#primaryimage","url":"https:\/\/www.masmallorca.es\/wp-content\/uploads\/2009\/10\/banyalbufar_2.jpg","contentUrl":"https:\/\/www.masmallorca.es\/wp-content\/uploads\/2009\/10\/banyalbufar_2.jpg","width":300,"height":223},{"@type":"BreadcrumbList","@id":"https:\/\/www.masmallorca.es\/de\/reizvolle-orte\/banyalbufar-2.html#breadcrumb","itemListElement":[{"@type":"ListItem","position":1,"name":"Portada","item":"https:\/\/www.masmallorca.es\/de"},{"@type":"ListItem","position":2,"name":"Reizvolle orte","item":"https:\/\/www.masmallorca.es\/de\/reizvolle-orte"},{"@type":"ListItem","position":3,"name":"Banyalbufar"}]},{"@type":"WebSite","@id":"https:\/\/www.masmallorca.es\/de#website","url":"https:\/\/www.masmallorca.es\/de","name":"+Mallorca: la revista de Mallorca","description":"Mehr als Sonne und Strand..","publisher":{"@id":"https:\/\/www.masmallorca.es\/de#organization"},"alternateName":"+Mallorca","potentialAction":[{"@type":"SearchAction","target":{"@type":"EntryPoint","urlTemplate":"https:\/\/www.masmallorca.es\/de?s={search_term_string}"},"query-input":{"@type":"PropertyValueSpecification","valueRequired":true,"valueName":"search_term_string"}}],"inLanguage":"de"},{"@type":"Organization","@id":"https:\/\/www.masmallorca.es\/de#organization","name":"+Mallorca Magazin","alternateName":"M\u00e1s Mallorca","url":"https:\/\/www.masmallorca.es\/de","logo":{"@type":"ImageObject","inLanguage":"de","@id":"https:\/\/www.masmallorca.es\/de#\/schema\/logo\/image\/","url":"https:\/\/www.masmallorca.es\/wp-content\/uploads\/2021\/04\/logomallorca-1.png","contentUrl":"https:\/\/www.masmallorca.es\/wp-content\/uploads\/2021\/04\/logomallorca-1.png","width":326,"height":84,"caption":"+Mallorca Magazin"},"image":{"@id":"https:\/\/www.masmallorca.es\/de#\/schema\/logo\/image\/"},"sameAs":["https:\/\/www.facebook.com\/mallorcamagazine\/","https:\/\/x.com\/masmallorca"]},{"@type":"Person","@id":"https:\/\/www.masmallorca.es\/de#\/schema\/person\/554c84e7dfd9917fdba2cace51081633","name":"masmallorca"}]}},"_links":{"self":[{"href":"https:\/\/www.masmallorca.es\/de\/wp-json\/wp\/v2\/posts\/3187","targetHints":{"allow":["GET"]}}],"collection":[{"href":"https:\/\/www.masmallorca.es\/de\/wp-json\/wp\/v2\/posts"}],"about":[{"href":"https:\/\/www.masmallorca.es\/de\/wp-json\/wp\/v2\/types\/post"}],"author":[{"embeddable":true,"href":"https:\/\/www.masmallorca.es\/de\/wp-json\/wp\/v2\/users\/1"}],"replies":[{"embeddable":true,"href":"https:\/\/www.masmallorca.es\/de\/wp-json\/wp\/v2\/comments?post=3187"}],"version-history":[{"count":0,"href":"https:\/\/www.masmallorca.es\/de\/wp-json\/wp\/v2\/posts\/3187\/revisions"}],"wp:featuredmedia":[{"embeddable":true,"href":"https:\/\/www.masmallorca.es\/de\/wp-json\/wp\/v2\/media\/3180"}],"wp:attachment":[{"href":"https:\/\/www.masmallorca.es\/de\/wp-json\/wp\/v2\/media?parent=3187"}],"wp:term":[{"taxonomy":"category","embeddable":true,"href":"https:\/\/www.masmallorca.es\/de\/wp-json\/wp\/v2\/categories?post=3187"},{"taxonomy":"post_tag","embeddable":true,"href":"https:\/\/www.masmallorca.es\/de\/wp-json\/wp\/v2\/tags?post=3187"}],"curies":[{"name":"wp","href":"https:\/\/api.w.org\/{rel}","templated":true}]}}