{"id":3133,"date":"2009-10-27T19:04:44","date_gmt":"2009-10-27T18:04:44","guid":{"rendered":"<p style=\"text-align: justify;\"><img class=\" alignright size-full wp-image-3115\" style=\"float: right; margin-left: 20px; margin-right: 20px;\" src=\"http:\/\/www.masmallorca.es\/wp-content\/uploads\/2009\/10\/punt-mallorqui_1.jpg\" width=\"150\" height=\"100\" \/>Der ma"},"modified":"2017-05-02T15:08:32","modified_gmt":"2017-05-02T13:08:32","slug":"der-mallorquinische-stich","status":"publish","type":"post","link":"https:\/\/www.masmallorca.es\/de\/typische-produkte\/der-mallorquinische-stich.html","title":{"rendered":"Der mallorquinische Stich"},"content":{"rendered":"<p style=\"text-align: justify;\"><img loading=\"lazy\" decoding=\"async\" class=\" alignright size-full wp-image-3115\" style=\"float: right; margin-left: 20px; margin-right: 20px;\" src=\"https:\/\/www.masmallorca.es\/wp-content\/uploads\/2009\/10\/punt-mallorqui_1.jpg\" width=\"150\" height=\"100\" \/>Der mallorquinische Stich ist Teil der Geschichte der volkst\u00fcmlichen Stickerei auf Mallorca. Beim mallorquinischen Stich handelt es sich um eine Stickerei aus freien Stichen, die direkt auf dem Stoff ausgef\u00fchrt werden. Diese Stickerei findet sich auf Kleidungsst\u00fccken und auf der Haushaltsw\u00e4sche.<\/p>\n<p><!--more--><\/p>\n<p style=\"text-align: justify;\">\n <strong><img loading=\"lazy\" decoding=\"async\" class=\" alignleft size-full wp-image-3120\" style=\"margin: 10px 20px 10px 0px; float: left;\" src=\"https:\/\/www.masmallorca.es\/wp-content\/uploads\/2009\/10\/punt-mallorqui_2.jpg\" width=\"300\" height=\"358\" srcset=\"https:\/\/www.masmallorca.es\/wp-content\/uploads\/2009\/10\/punt-mallorqui_2.jpg 300w, https:\/\/www.masmallorca.es\/wp-content\/uploads\/2009\/10\/punt-mallorqui_2-251x300.jpg 251w\" sizes=\"(max-width: 300px) 100vw, 300px\" \/><\/strong><\/p>\n<p>&nbsp;<\/p>\n<p>&nbsp;<\/p>\n<p style=\"text-align: justify;\">Es sind St\u00fccke aus dem XVIII. Jahrhundert erhalten, obgleich ihre Bedeutung im Laufe der Zeit verloren gegangen ist.<\/p>\n<p>&nbsp;<\/p>\n<p style=\"text-align: justify;\"><strong>Geschichte<\/strong><\/p>\n<p style=\"text-align: justify;\">Der Stoff f\u00fcr die Grundlage bestand fr\u00fcher aus hausgemachtem Linnen &#8211; Stoffe aus Leinen, die zu Hause gewebt wurden. Derzeit werden Stoffe aus feinem Leinen verwendet.<\/p>\n<p style=\"text-align: justify;\">\u00a0<\/p>\n<p style=\"text-align: justify;\">Urspr\u00fcnglich wurde nur eine Farbe in einer oder zwei Tonarten verwendet: T\u00fcrkisblau, honigfarben oder dunkelrot. Die Motive sind immer pflanzlicher Art &#8211; Blumen, Obst und Bl\u00e4tter -, die durch wellenf\u00f6rmige Stiele miteinander verbunden und nie geschlossen sind und an die Ranken der Weinreben erinnern.<\/p>\n<p style=\"text-align: justify;\">\u00a0<\/p>\n<p style=\"text-align: justify;\">\u00a0<\/p>\n","protected":false},"excerpt":{"rendered":"<p>Der mallorquinische Stich ist Teil der Geschichte der volkst\u00fcmlichen Stickerei auf Mallorca. Beim mallorquinischen Stich handelt es sich um eine Stickerei aus freien Stichen, die direkt auf dem Stoff ausgef\u00fchrt werden. Diese Stickerei findet sich auf Kleidungsst\u00fccken und auf der Haushaltsw\u00e4sche.<\/p>\n","protected":false},"author":1,"featured_media":3128,"comment_status":"closed","ping_status":"closed","sticky":false,"template":"","format":"standard","meta":{"_et_pb_use_builder":"","_et_pb_old_content":"","_et_gb_content_width":"","footnotes":""},"categories":[25],"tags":[],"class_list":["post-3133","post","type-post","status-publish","format-standard","has-post-thumbnail","hentry","category-typische-produkte","et-has-post-format-content","et_post_format-et-post-format-standard"],"yoast_head":"<!-- This site is optimized with the Yoast SEO plugin v27.4 - https:\/\/yoast.com\/product\/yoast-seo-wordpress\/ -->\n<title>Der mallorquinische Stich | +Mallorca: das Magazin aus Mallorca<\/title>\n<meta name=\"description\" content=\"M\u00e1s Mallorca, Productos t\u00edpicos: El punto mallorqu\u00edn, forma parte de la historia del bordado popular de Mallorca. El punto mallorqu\u00edn es un bordado de punto libre, se realiza directamente encima de la tela, en vestidos y ropa del hogar.\" \/>\n<meta name=\"robots\" content=\"index, follow, max-snippet:-1, max-image-preview:large, max-video-preview:-1\" \/>\n<link rel=\"canonical\" href=\"https:\/\/www.masmallorca.es\/de\/typische-produkte\/der-mallorquinische-stich.html\" \/>\n<meta property=\"og:locale\" content=\"de_DE\" \/>\n<meta property=\"og:type\" content=\"article\" \/>\n<meta property=\"og:title\" content=\"Der mallorquinische Stich | +Mallorca: das Magazin aus Mallorca\" \/>\n<meta property=\"og:description\" content=\"M\u00e1s Mallorca, Productos t\u00edpicos: El punto mallorqu\u00edn, forma parte de la historia del bordado popular de Mallorca. El punto mallorqu\u00edn es un bordado de punto libre, se realiza directamente encima de la tela, en vestidos y ropa del hogar.\" \/>\n<meta property=\"og:url\" content=\"https:\/\/www.masmallorca.es\/de\/typische-produkte\/der-mallorquinische-stich.html\" \/>\n<meta property=\"og:site_name\" content=\"+Mallorca: das Magazin aus Mallorca\" \/>\n<meta property=\"article:publisher\" content=\"https:\/\/www.facebook.com\/mallorcamagazine\/\" \/>\n<meta property=\"article:published_time\" content=\"2009-10-27T18:04:44+00:00\" \/>\n<meta property=\"article:modified_time\" content=\"2017-05-02T13:08:32+00:00\" \/>\n<meta property=\"og:image\" content=\"https:\/\/www.masmallorca.es\/wp-content\/uploads\/2009\/10\/punt-mallorqui_3.jpg\" \/>\n\t<meta property=\"og:image:width\" content=\"540\" \/>\n\t<meta property=\"og:image:height\" content=\"325\" \/>\n\t<meta property=\"og:image:type\" content=\"image\/jpeg\" \/>\n<meta name=\"author\" content=\"masmallorca\" \/>\n<meta name=\"twitter:card\" content=\"summary_large_image\" \/>\n<meta name=\"twitter:creator\" content=\"@masmallorca\" \/>\n<meta name=\"twitter:site\" content=\"@masmallorca\" \/>\n<meta name=\"twitter:label1\" content=\"Verfasst von\" \/>\n\t<meta name=\"twitter:data1\" content=\"masmallorca\" \/>\n\t<meta name=\"twitter:label2\" content=\"Gesch\u00e4tzte Lesezeit\" \/>\n\t<meta name=\"twitter:data2\" content=\"1\u00a0Minute\" \/>\n<script type=\"application\/ld+json\" class=\"yoast-schema-graph\">{\"@context\":\"https:\\\/\\\/schema.org\",\"@graph\":[{\"@type\":\"Article\",\"@id\":\"https:\\\/\\\/www.masmallorca.es\\\/de\\\/typische-produkte\\\/der-mallorquinische-stich.html#article\",\"isPartOf\":{\"@id\":\"https:\\\/\\\/www.masmallorca.es\\\/de\\\/typische-produkte\\\/der-mallorquinische-stich.html\"},\"author\":{\"name\":\"masmallorca\",\"@id\":\"https:\\\/\\\/www.masmallorca.es\\\/de#\\\/schema\\\/person\\\/554c84e7dfd9917fdba2cace51081633\"},\"headline\":\"Der mallorquinische Stich\",\"datePublished\":\"2009-10-27T18:04:44+00:00\",\"dateModified\":\"2017-05-02T13:08:32+00:00\",\"mainEntityOfPage\":{\"@id\":\"https:\\\/\\\/www.masmallorca.es\\\/de\\\/typische-produkte\\\/der-mallorquinische-stich.html\"},\"wordCount\":147,\"publisher\":{\"@id\":\"https:\\\/\\\/www.masmallorca.es\\\/de#organization\"},\"image\":{\"@id\":\"https:\\\/\\\/www.masmallorca.es\\\/de\\\/typische-produkte\\\/der-mallorquinische-stich.html#primaryimage\"},\"thumbnailUrl\":\"https:\\\/\\\/www.masmallorca.es\\\/wp-content\\\/uploads\\\/2009\\\/10\\\/punt-mallorqui_3.jpg\",\"articleSection\":[\"Typische Produkte\"],\"inLanguage\":\"de\"},{\"@type\":\"WebPage\",\"@id\":\"https:\\\/\\\/www.masmallorca.es\\\/de\\\/typische-produkte\\\/der-mallorquinische-stich.html\",\"url\":\"https:\\\/\\\/www.masmallorca.es\\\/de\\\/typische-produkte\\\/der-mallorquinische-stich.html\",\"name\":\"Der mallorquinische Stich | +Mallorca: das Magazin aus Mallorca\",\"isPartOf\":{\"@id\":\"https:\\\/\\\/www.masmallorca.es\\\/de#website\"},\"primaryImageOfPage\":{\"@id\":\"https:\\\/\\\/www.masmallorca.es\\\/de\\\/typische-produkte\\\/der-mallorquinische-stich.html#primaryimage\"},\"image\":{\"@id\":\"https:\\\/\\\/www.masmallorca.es\\\/de\\\/typische-produkte\\\/der-mallorquinische-stich.html#primaryimage\"},\"thumbnailUrl\":\"https:\\\/\\\/www.masmallorca.es\\\/wp-content\\\/uploads\\\/2009\\\/10\\\/punt-mallorqui_3.jpg\",\"datePublished\":\"2009-10-27T18:04:44+00:00\",\"dateModified\":\"2017-05-02T13:08:32+00:00\",\"description\":\"M\u00e1s Mallorca, Productos t\u00edpicos: El punto mallorqu\u00edn, forma parte de la historia del bordado popular de Mallorca. El punto mallorqu\u00edn es un bordado de punto libre, se realiza directamente encima de la tela, en vestidos y ropa del hogar.\",\"breadcrumb\":{\"@id\":\"https:\\\/\\\/www.masmallorca.es\\\/de\\\/typische-produkte\\\/der-mallorquinische-stich.html#breadcrumb\"},\"inLanguage\":\"de\",\"potentialAction\":[{\"@type\":\"ReadAction\",\"target\":[\"https:\\\/\\\/www.masmallorca.es\\\/de\\\/typische-produkte\\\/der-mallorquinische-stich.html\"]}]},{\"@type\":\"ImageObject\",\"inLanguage\":\"de\",\"@id\":\"https:\\\/\\\/www.masmallorca.es\\\/de\\\/typische-produkte\\\/der-mallorquinische-stich.html#primaryimage\",\"url\":\"https:\\\/\\\/www.masmallorca.es\\\/wp-content\\\/uploads\\\/2009\\\/10\\\/punt-mallorqui_3.jpg\",\"contentUrl\":\"https:\\\/\\\/www.masmallorca.es\\\/wp-content\\\/uploads\\\/2009\\\/10\\\/punt-mallorqui_3.jpg\",\"width\":540,\"height\":325},{\"@type\":\"BreadcrumbList\",\"@id\":\"https:\\\/\\\/www.masmallorca.es\\\/de\\\/typische-produkte\\\/der-mallorquinische-stich.html#breadcrumb\",\"itemListElement\":[{\"@type\":\"ListItem\",\"position\":1,\"name\":\"Portada\",\"item\":\"https:\\\/\\\/www.masmallorca.es\\\/de\"},{\"@type\":\"ListItem\",\"position\":2,\"name\":\"Typische Produkte\",\"item\":\"https:\\\/\\\/www.masmallorca.es\\\/de\\\/typische-produkte\"},{\"@type\":\"ListItem\",\"position\":3,\"name\":\"Der mallorquinische Stich\"}]},{\"@type\":\"WebSite\",\"@id\":\"https:\\\/\\\/www.masmallorca.es\\\/de#website\",\"url\":\"https:\\\/\\\/www.masmallorca.es\\\/de\",\"name\":\"+Mallorca: la revista de Mallorca\",\"description\":\"Mehr als Sonne und Strand..\",\"publisher\":{\"@id\":\"https:\\\/\\\/www.masmallorca.es\\\/de#organization\"},\"alternateName\":\"+Mallorca\",\"potentialAction\":[{\"@type\":\"SearchAction\",\"target\":{\"@type\":\"EntryPoint\",\"urlTemplate\":\"https:\\\/\\\/www.masmallorca.es\\\/de?s={search_term_string}\"},\"query-input\":{\"@type\":\"PropertyValueSpecification\",\"valueRequired\":true,\"valueName\":\"search_term_string\"}}],\"inLanguage\":\"de\"},{\"@type\":\"Organization\",\"@id\":\"https:\\\/\\\/www.masmallorca.es\\\/de#organization\",\"name\":\"+Mallorca Magazin\",\"alternateName\":\"M\u00e1s Mallorca\",\"url\":\"https:\\\/\\\/www.masmallorca.es\\\/de\",\"logo\":{\"@type\":\"ImageObject\",\"inLanguage\":\"de\",\"@id\":\"https:\\\/\\\/www.masmallorca.es\\\/de#\\\/schema\\\/logo\\\/image\\\/\",\"url\":\"https:\\\/\\\/www.masmallorca.es\\\/wp-content\\\/uploads\\\/2021\\\/04\\\/logomallorca-1.png\",\"contentUrl\":\"https:\\\/\\\/www.masmallorca.es\\\/wp-content\\\/uploads\\\/2021\\\/04\\\/logomallorca-1.png\",\"width\":326,\"height\":84,\"caption\":\"+Mallorca Magazin\"},\"image\":{\"@id\":\"https:\\\/\\\/www.masmallorca.es\\\/de#\\\/schema\\\/logo\\\/image\\\/\"},\"sameAs\":[\"https:\\\/\\\/www.facebook.com\\\/mallorcamagazine\\\/\",\"https:\\\/\\\/x.com\\\/masmallorca\"]},{\"@type\":\"Person\",\"@id\":\"https:\\\/\\\/www.masmallorca.es\\\/de#\\\/schema\\\/person\\\/554c84e7dfd9917fdba2cace51081633\",\"name\":\"masmallorca\"}]}<\/script>\n<!-- \/ Yoast SEO plugin. -->","yoast_head_json":{"title":"Der mallorquinische Stich | +Mallorca: das Magazin aus Mallorca","description":"M\u00e1s Mallorca, Productos t\u00edpicos: El punto mallorqu\u00edn, forma parte de la historia del bordado popular de Mallorca. El punto mallorqu\u00edn es un bordado de punto libre, se realiza directamente encima de la tela, en vestidos y ropa del hogar.","robots":{"index":"index","follow":"follow","max-snippet":"max-snippet:-1","max-image-preview":"max-image-preview:large","max-video-preview":"max-video-preview:-1"},"canonical":"https:\/\/www.masmallorca.es\/de\/typische-produkte\/der-mallorquinische-stich.html","og_locale":"de_DE","og_type":"article","og_title":"Der mallorquinische Stich | +Mallorca: das Magazin aus Mallorca","og_description":"M\u00e1s Mallorca, Productos t\u00edpicos: El punto mallorqu\u00edn, forma parte de la historia del bordado popular de Mallorca. El punto mallorqu\u00edn es un bordado de punto libre, se realiza directamente encima de la tela, en vestidos y ropa del hogar.","og_url":"https:\/\/www.masmallorca.es\/de\/typische-produkte\/der-mallorquinische-stich.html","og_site_name":"+Mallorca: das Magazin aus Mallorca","article_publisher":"https:\/\/www.facebook.com\/mallorcamagazine\/","article_published_time":"2009-10-27T18:04:44+00:00","article_modified_time":"2017-05-02T13:08:32+00:00","og_image":[{"width":540,"height":325,"url":"https:\/\/www.masmallorca.es\/wp-content\/uploads\/2009\/10\/punt-mallorqui_3.jpg","type":"image\/jpeg"}],"author":"masmallorca","twitter_card":"summary_large_image","twitter_creator":"@masmallorca","twitter_site":"@masmallorca","twitter_misc":{"Verfasst von":"masmallorca","Gesch\u00e4tzte Lesezeit":"1\u00a0Minute"},"schema":{"@context":"https:\/\/schema.org","@graph":[{"@type":"Article","@id":"https:\/\/www.masmallorca.es\/de\/typische-produkte\/der-mallorquinische-stich.html#article","isPartOf":{"@id":"https:\/\/www.masmallorca.es\/de\/typische-produkte\/der-mallorquinische-stich.html"},"author":{"name":"masmallorca","@id":"https:\/\/www.masmallorca.es\/de#\/schema\/person\/554c84e7dfd9917fdba2cace51081633"},"headline":"Der mallorquinische Stich","datePublished":"2009-10-27T18:04:44+00:00","dateModified":"2017-05-02T13:08:32+00:00","mainEntityOfPage":{"@id":"https:\/\/www.masmallorca.es\/de\/typische-produkte\/der-mallorquinische-stich.html"},"wordCount":147,"publisher":{"@id":"https:\/\/www.masmallorca.es\/de#organization"},"image":{"@id":"https:\/\/www.masmallorca.es\/de\/typische-produkte\/der-mallorquinische-stich.html#primaryimage"},"thumbnailUrl":"https:\/\/www.masmallorca.es\/wp-content\/uploads\/2009\/10\/punt-mallorqui_3.jpg","articleSection":["Typische Produkte"],"inLanguage":"de"},{"@type":"WebPage","@id":"https:\/\/www.masmallorca.es\/de\/typische-produkte\/der-mallorquinische-stich.html","url":"https:\/\/www.masmallorca.es\/de\/typische-produkte\/der-mallorquinische-stich.html","name":"Der mallorquinische Stich | +Mallorca: das Magazin aus Mallorca","isPartOf":{"@id":"https:\/\/www.masmallorca.es\/de#website"},"primaryImageOfPage":{"@id":"https:\/\/www.masmallorca.es\/de\/typische-produkte\/der-mallorquinische-stich.html#primaryimage"},"image":{"@id":"https:\/\/www.masmallorca.es\/de\/typische-produkte\/der-mallorquinische-stich.html#primaryimage"},"thumbnailUrl":"https:\/\/www.masmallorca.es\/wp-content\/uploads\/2009\/10\/punt-mallorqui_3.jpg","datePublished":"2009-10-27T18:04:44+00:00","dateModified":"2017-05-02T13:08:32+00:00","description":"M\u00e1s Mallorca, Productos t\u00edpicos: El punto mallorqu\u00edn, forma parte de la historia del bordado popular de Mallorca. El punto mallorqu\u00edn es un bordado de punto libre, se realiza directamente encima de la tela, en vestidos y ropa del hogar.","breadcrumb":{"@id":"https:\/\/www.masmallorca.es\/de\/typische-produkte\/der-mallorquinische-stich.html#breadcrumb"},"inLanguage":"de","potentialAction":[{"@type":"ReadAction","target":["https:\/\/www.masmallorca.es\/de\/typische-produkte\/der-mallorquinische-stich.html"]}]},{"@type":"ImageObject","inLanguage":"de","@id":"https:\/\/www.masmallorca.es\/de\/typische-produkte\/der-mallorquinische-stich.html#primaryimage","url":"https:\/\/www.masmallorca.es\/wp-content\/uploads\/2009\/10\/punt-mallorqui_3.jpg","contentUrl":"https:\/\/www.masmallorca.es\/wp-content\/uploads\/2009\/10\/punt-mallorqui_3.jpg","width":540,"height":325},{"@type":"BreadcrumbList","@id":"https:\/\/www.masmallorca.es\/de\/typische-produkte\/der-mallorquinische-stich.html#breadcrumb","itemListElement":[{"@type":"ListItem","position":1,"name":"Portada","item":"https:\/\/www.masmallorca.es\/de"},{"@type":"ListItem","position":2,"name":"Typische Produkte","item":"https:\/\/www.masmallorca.es\/de\/typische-produkte"},{"@type":"ListItem","position":3,"name":"Der mallorquinische Stich"}]},{"@type":"WebSite","@id":"https:\/\/www.masmallorca.es\/de#website","url":"https:\/\/www.masmallorca.es\/de","name":"+Mallorca: la revista de Mallorca","description":"Mehr als Sonne und Strand..","publisher":{"@id":"https:\/\/www.masmallorca.es\/de#organization"},"alternateName":"+Mallorca","potentialAction":[{"@type":"SearchAction","target":{"@type":"EntryPoint","urlTemplate":"https:\/\/www.masmallorca.es\/de?s={search_term_string}"},"query-input":{"@type":"PropertyValueSpecification","valueRequired":true,"valueName":"search_term_string"}}],"inLanguage":"de"},{"@type":"Organization","@id":"https:\/\/www.masmallorca.es\/de#organization","name":"+Mallorca Magazin","alternateName":"M\u00e1s Mallorca","url":"https:\/\/www.masmallorca.es\/de","logo":{"@type":"ImageObject","inLanguage":"de","@id":"https:\/\/www.masmallorca.es\/de#\/schema\/logo\/image\/","url":"https:\/\/www.masmallorca.es\/wp-content\/uploads\/2021\/04\/logomallorca-1.png","contentUrl":"https:\/\/www.masmallorca.es\/wp-content\/uploads\/2021\/04\/logomallorca-1.png","width":326,"height":84,"caption":"+Mallorca Magazin"},"image":{"@id":"https:\/\/www.masmallorca.es\/de#\/schema\/logo\/image\/"},"sameAs":["https:\/\/www.facebook.com\/mallorcamagazine\/","https:\/\/x.com\/masmallorca"]},{"@type":"Person","@id":"https:\/\/www.masmallorca.es\/de#\/schema\/person\/554c84e7dfd9917fdba2cace51081633","name":"masmallorca"}]}},"_links":{"self":[{"href":"https:\/\/www.masmallorca.es\/de\/wp-json\/wp\/v2\/posts\/3133","targetHints":{"allow":["GET"]}}],"collection":[{"href":"https:\/\/www.masmallorca.es\/de\/wp-json\/wp\/v2\/posts"}],"about":[{"href":"https:\/\/www.masmallorca.es\/de\/wp-json\/wp\/v2\/types\/post"}],"author":[{"embeddable":true,"href":"https:\/\/www.masmallorca.es\/de\/wp-json\/wp\/v2\/users\/1"}],"replies":[{"embeddable":true,"href":"https:\/\/www.masmallorca.es\/de\/wp-json\/wp\/v2\/comments?post=3133"}],"version-history":[{"count":0,"href":"https:\/\/www.masmallorca.es\/de\/wp-json\/wp\/v2\/posts\/3133\/revisions"}],"wp:featuredmedia":[{"embeddable":true,"href":"https:\/\/www.masmallorca.es\/de\/wp-json\/wp\/v2\/media\/3128"}],"wp:attachment":[{"href":"https:\/\/www.masmallorca.es\/de\/wp-json\/wp\/v2\/media?parent=3133"}],"wp:term":[{"taxonomy":"category","embeddable":true,"href":"https:\/\/www.masmallorca.es\/de\/wp-json\/wp\/v2\/categories?post=3133"},{"taxonomy":"post_tag","embeddable":true,"href":"https:\/\/www.masmallorca.es\/de\/wp-json\/wp\/v2\/tags?post=3133"}],"curies":[{"name":"wp","href":"https:\/\/api.w.org\/{rel}","templated":true}]}}