{"id":300,"date":"2009-03-25T15:48:00","date_gmt":"2009-03-25T14:48:00","guid":{"rendered":""},"modified":"2025-04-18T09:38:24","modified_gmt":"2025-04-18T07:38:24","slug":"ocarina","status":"publish","type":"post","link":"https:\/\/www.masmallorca.es\/de\/typische-produkte\/ocarina.html","title":{"rendered":"Die Ocarina, Musikinstrument"},"content":{"rendered":"<div style=\"text-align: justify;\"><img loading=\"lazy\" decoding=\"async\" class=\"alignright wp-image-278 size-full\" style=\"margin-right: 20px; margin-left: 20px; float: right;\" title=\"Die Ocarina, Musikinstrument, Mallorca\" src=\"https:\/\/www.masmallorca.es\/wp-content\/uploads\/2009\/03\/la_ocarina_de_mallorca_ocarina.jpg\" alt=\"Die Ocarina, Musikinstrument, Mallorca\" width=\"150\" height=\"101\" \/>Es handelt sich hierbei um ein Instrument mit einem schnabelf\u00f6rmigen Mundst\u00fcck aus der Familie der Gef\u00e4\u00dffl\u00f6ten. Das Labium dieser ovalen Tonfl\u00f6te lenkt den Luftstrom seitlich auf die Pfeife. Sie enth\u00e4lt acht L\u00f6cher.<\/div>\n<p><!--more--><\/p>\n<p style=\"text-align: justify;\">Die moderne Geschichte der Okarina beginnt in j\u00fcngster Vergangenheit, in einem kleinen italienischen Dorf namens Budrio, zwanzig Kilometer von Bologna entfernt. Einer Legende zufolge spielt der Name des Instrumentes auf seine \u00c4hnlichkeit mit einer Gans an.<\/p>\n<p><img loading=\"lazy\" decoding=\"async\" class=\"alignleft wp-image-283 size-full\" style=\"margin: 10px 20px 10px 0px; float: left;\" title=\"Die Ocarina auf Mallorca, ein Musikinstrument\" src=\"https:\/\/www.masmallorca.es\/wp-content\/uploads\/2009\/03\/la_ocarina_de_mallorca.jpg\" alt=\"Die Ocarina auf Mallorca, ein Musikinstrument\" width=\"300\" height=\"179\" \/><\/p>\n<p style=\"text-align: justify;\">Die h\u00e4ufigste Form des Instrumentes, wie es heute benutzt wird, wurde Anfang des 19. Jahrhunderts von Giuseppe Donati, einem B\u00e4cker aus diesem kleinen Ort, erfunden. F\u00fcr die musikalische Welt der damaligen Zeit war die Einf\u00fchrung dieses \u201cneuen\u201d Instrumentes um 1853 ein bahnbrechender Erfolg. Donati selbst trat als Solist auf und wurde von einer Kapelle begleitet.<\/p>\n<p style=\"text-align: justify;\"><img loading=\"lazy\" decoding=\"async\" class=\"alignright wp-image-295 size-full\" style=\"margin-right: 0px; margin-left: 20px; float: right;\" title=\"Die Ocarina, Musikinstrument, Mallorca\" src=\"https:\/\/www.masmallorca.es\/wp-content\/uploads\/2009\/03\/la_ocarina_de_mallorca2.jpg\" alt=\"Die Ocarina, Musikinstrument, Mallorca\" width=\"137\" height=\"205\" \/><\/p>\n<p style=\"text-align: justify;\">Unter seinem Einfluss machten sich in der Umgebung verschiedene Instrumentenbauer einen Namen, darunter Cesare Vicinelli.\u00a0 Cesare Vicinelli richtete 1887 seine Okarina-Werkstatt in der Calle Jovellanos in Palma ein und l\u00e4utete damit den Beginn der Okarina-Tradition auf Mallorca ein.<\/p>\n<p style=\"text-align: justify;\">Okarina-Fabriken gab es damals in Palma, Manacor, Bu\u00f1ola und in Pollensa. In den Kirchen nutzten Okarina-Kapellen die gute Akustik und gaben Konzerte zum Besten.<\/p>\n<p style=\"text-align: justify;\">Die mallorquinische Sammlung besteht aus Instrumenten <strong>sieben verschiedener Gr\u00f6\u00dfen<\/strong> (von einer 10 cm langen Sopranfl\u00f6te bis zu einem Kontrabass mit einer L\u00e4nge von 35 cm). Das Museo de la Porc\u00edncula von Palma beherbergt derzeit eine Okarina-Sammlung.<\/p>\n<h1 style=\"text-align: center;\"><span style=\"font-size: 10pt;\"><a title=\"Ocarina Mallorca\" href=\"https:\/\/www.mallorcashop.net\/de\/19-ocarinas\" target=\"_blank\" rel=\"noopener noreferrer\">Ocarina kaufen<\/a><\/span><\/h1>\n<p style=\"text-align: center;\">\n","protected":false},"excerpt":{"rendered":"<p>Es handelt sich hierbei um ein Instrument mit einem schnabelf\u00f6rmigen Mundst\u00fcck aus der Familie der Gef\u00e4\u00dffl\u00f6ten. Das Labium dieser ovalen Tonfl\u00f6te lenkt den Luftstrom seitlich auf die Pfeife. Sie enth\u00e4lt acht L\u00f6cher.<\/p>\n","protected":false},"author":1,"featured_media":16467,"comment_status":"closed","ping_status":"closed","sticky":false,"template":"","format":"standard","meta":{"_et_pb_use_builder":"","_et_pb_old_content":"","_et_gb_content_width":"","footnotes":""},"categories":[25],"tags":[],"class_list":["post-300","post","type-post","status-publish","format-standard","has-post-thumbnail","hentry","category-typische-produkte","et-has-post-format-content","et_post_format-et-post-format-standard"],"yoast_head":"<!-- This site is optimized with the Yoast SEO plugin v27.4 - https:\/\/yoast.com\/product\/yoast-seo-wordpress\/ -->\n<title>Die Ocarina, Musikinstrument | +Mallorca, Mallorca Magazin<\/title>\n<meta name=\"description\" content=\"+Mallorca, Typische Produkte: Die Ocarina auf Mallorca, ein Musikinstrument. Es ist ovoidal, von Schlamm und mit einem Pfeifen; mit acht L\u00f6chern. Ocarina.\" \/>\n<meta name=\"robots\" content=\"index, follow, max-snippet:-1, max-image-preview:large, max-video-preview:-1\" \/>\n<link rel=\"canonical\" href=\"https:\/\/www.masmallorca.es\/de\/typische-produkte\/ocarina.html\" \/>\n<meta property=\"og:locale\" content=\"de_DE\" \/>\n<meta property=\"og:type\" content=\"article\" \/>\n<meta property=\"og:title\" content=\"Die Ocarina, Musikinstrument | +Mallorca, Mallorca Magazin\" \/>\n<meta property=\"og:description\" content=\"+Mallorca, Typische Produkte: Die Ocarina auf Mallorca, ein Musikinstrument. Es ist ovoidal, von Schlamm und mit einem Pfeifen; mit acht L\u00f6chern. Ocarina.\" \/>\n<meta property=\"og:url\" content=\"https:\/\/www.masmallorca.es\/de\/typische-produkte\/ocarina.html\" \/>\n<meta property=\"og:site_name\" content=\"+Mallorca: das Magazin aus Mallorca\" \/>\n<meta property=\"article:publisher\" content=\"https:\/\/www.facebook.com\/mallorcamagazine\/\" \/>\n<meta property=\"article:published_time\" content=\"2009-03-25T14:48:00+00:00\" \/>\n<meta property=\"article:modified_time\" content=\"2025-04-18T07:38:24+00:00\" \/>\n<meta property=\"og:image\" content=\"https:\/\/www.masmallorca.es\/wp-content\/uploads\/2009\/03\/la_ocarina_de_mallorca_mallorquina.jpg\" \/>\n\t<meta property=\"og:image:width\" content=\"540\" \/>\n\t<meta property=\"og:image:height\" content=\"334\" \/>\n\t<meta property=\"og:image:type\" content=\"image\/jpeg\" \/>\n<meta name=\"author\" content=\"masmallorca\" \/>\n<meta name=\"twitter:card\" content=\"summary_large_image\" \/>\n<meta name=\"twitter:creator\" content=\"@masmallorca\" \/>\n<meta name=\"twitter:site\" content=\"@masmallorca\" \/>\n<meta name=\"twitter:label1\" content=\"Verfasst von\" \/>\n\t<meta name=\"twitter:data1\" content=\"masmallorca\" \/>\n\t<meta name=\"twitter:label2\" content=\"Gesch\u00e4tzte Lesezeit\" \/>\n\t<meta name=\"twitter:data2\" content=\"2\u00a0Minuten\" \/>\n<script type=\"application\/ld+json\" class=\"yoast-schema-graph\">{\"@context\":\"https:\\\/\\\/schema.org\",\"@graph\":[{\"@type\":\"Article\",\"@id\":\"https:\\\/\\\/www.masmallorca.es\\\/de\\\/typische-produkte\\\/ocarina.html#article\",\"isPartOf\":{\"@id\":\"https:\\\/\\\/www.masmallorca.es\\\/de\\\/typische-produkte\\\/ocarina.html\"},\"author\":{\"name\":\"masmallorca\",\"@id\":\"https:\\\/\\\/www.masmallorca.es\\\/de#\\\/schema\\\/person\\\/554c84e7dfd9917fdba2cace51081633\"},\"headline\":\"Die Ocarina, Musikinstrument\",\"datePublished\":\"2009-03-25T14:48:00+00:00\",\"dateModified\":\"2025-04-18T07:38:24+00:00\",\"mainEntityOfPage\":{\"@id\":\"https:\\\/\\\/www.masmallorca.es\\\/de\\\/typische-produkte\\\/ocarina.html\"},\"wordCount\":239,\"publisher\":{\"@id\":\"https:\\\/\\\/www.masmallorca.es\\\/de#organization\"},\"image\":{\"@id\":\"https:\\\/\\\/www.masmallorca.es\\\/de\\\/typische-produkte\\\/ocarina.html#primaryimage\"},\"thumbnailUrl\":\"https:\\\/\\\/www.masmallorca.es\\\/wp-content\\\/uploads\\\/2009\\\/03\\\/la_ocarina_de_mallorca_mallorquina.jpg\",\"articleSection\":[\"Typische Produkte\"],\"inLanguage\":\"de\"},{\"@type\":\"WebPage\",\"@id\":\"https:\\\/\\\/www.masmallorca.es\\\/de\\\/typische-produkte\\\/ocarina.html\",\"url\":\"https:\\\/\\\/www.masmallorca.es\\\/de\\\/typische-produkte\\\/ocarina.html\",\"name\":\"Die Ocarina, Musikinstrument | +Mallorca, Mallorca Magazin\",\"isPartOf\":{\"@id\":\"https:\\\/\\\/www.masmallorca.es\\\/de#website\"},\"primaryImageOfPage\":{\"@id\":\"https:\\\/\\\/www.masmallorca.es\\\/de\\\/typische-produkte\\\/ocarina.html#primaryimage\"},\"image\":{\"@id\":\"https:\\\/\\\/www.masmallorca.es\\\/de\\\/typische-produkte\\\/ocarina.html#primaryimage\"},\"thumbnailUrl\":\"https:\\\/\\\/www.masmallorca.es\\\/wp-content\\\/uploads\\\/2009\\\/03\\\/la_ocarina_de_mallorca_mallorquina.jpg\",\"datePublished\":\"2009-03-25T14:48:00+00:00\",\"dateModified\":\"2025-04-18T07:38:24+00:00\",\"description\":\"+Mallorca, Typische Produkte: Die Ocarina auf Mallorca, ein Musikinstrument. Es ist ovoidal, von Schlamm und mit einem Pfeifen; mit acht L\u00f6chern. Ocarina.\",\"breadcrumb\":{\"@id\":\"https:\\\/\\\/www.masmallorca.es\\\/de\\\/typische-produkte\\\/ocarina.html#breadcrumb\"},\"inLanguage\":\"de\",\"potentialAction\":[{\"@type\":\"ReadAction\",\"target\":[\"https:\\\/\\\/www.masmallorca.es\\\/de\\\/typische-produkte\\\/ocarina.html\"]}]},{\"@type\":\"ImageObject\",\"inLanguage\":\"de\",\"@id\":\"https:\\\/\\\/www.masmallorca.es\\\/de\\\/typische-produkte\\\/ocarina.html#primaryimage\",\"url\":\"https:\\\/\\\/www.masmallorca.es\\\/wp-content\\\/uploads\\\/2009\\\/03\\\/la_ocarina_de_mallorca_mallorquina.jpg\",\"contentUrl\":\"https:\\\/\\\/www.masmallorca.es\\\/wp-content\\\/uploads\\\/2009\\\/03\\\/la_ocarina_de_mallorca_mallorquina.jpg\",\"width\":540,\"height\":334},{\"@type\":\"BreadcrumbList\",\"@id\":\"https:\\\/\\\/www.masmallorca.es\\\/de\\\/typische-produkte\\\/ocarina.html#breadcrumb\",\"itemListElement\":[{\"@type\":\"ListItem\",\"position\":1,\"name\":\"Portada\",\"item\":\"https:\\\/\\\/www.masmallorca.es\\\/de\"},{\"@type\":\"ListItem\",\"position\":2,\"name\":\"Typische Produkte\",\"item\":\"https:\\\/\\\/www.masmallorca.es\\\/de\\\/typische-produkte\"},{\"@type\":\"ListItem\",\"position\":3,\"name\":\"Die Ocarina, Musikinstrument\"}]},{\"@type\":\"WebSite\",\"@id\":\"https:\\\/\\\/www.masmallorca.es\\\/de#website\",\"url\":\"https:\\\/\\\/www.masmallorca.es\\\/de\",\"name\":\"+Mallorca: la revista de Mallorca\",\"description\":\"Mehr als Sonne und Strand..\",\"publisher\":{\"@id\":\"https:\\\/\\\/www.masmallorca.es\\\/de#organization\"},\"alternateName\":\"+Mallorca\",\"potentialAction\":[{\"@type\":\"SearchAction\",\"target\":{\"@type\":\"EntryPoint\",\"urlTemplate\":\"https:\\\/\\\/www.masmallorca.es\\\/de?s={search_term_string}\"},\"query-input\":{\"@type\":\"PropertyValueSpecification\",\"valueRequired\":true,\"valueName\":\"search_term_string\"}}],\"inLanguage\":\"de\"},{\"@type\":\"Organization\",\"@id\":\"https:\\\/\\\/www.masmallorca.es\\\/de#organization\",\"name\":\"+Mallorca Magazin\",\"alternateName\":\"M\u00e1s Mallorca\",\"url\":\"https:\\\/\\\/www.masmallorca.es\\\/de\",\"logo\":{\"@type\":\"ImageObject\",\"inLanguage\":\"de\",\"@id\":\"https:\\\/\\\/www.masmallorca.es\\\/de#\\\/schema\\\/logo\\\/image\\\/\",\"url\":\"https:\\\/\\\/www.masmallorca.es\\\/wp-content\\\/uploads\\\/2021\\\/04\\\/logomallorca-1.png\",\"contentUrl\":\"https:\\\/\\\/www.masmallorca.es\\\/wp-content\\\/uploads\\\/2021\\\/04\\\/logomallorca-1.png\",\"width\":326,\"height\":84,\"caption\":\"+Mallorca Magazin\"},\"image\":{\"@id\":\"https:\\\/\\\/www.masmallorca.es\\\/de#\\\/schema\\\/logo\\\/image\\\/\"},\"sameAs\":[\"https:\\\/\\\/www.facebook.com\\\/mallorcamagazine\\\/\",\"https:\\\/\\\/x.com\\\/masmallorca\"]},{\"@type\":\"Person\",\"@id\":\"https:\\\/\\\/www.masmallorca.es\\\/de#\\\/schema\\\/person\\\/554c84e7dfd9917fdba2cace51081633\",\"name\":\"masmallorca\"}]}<\/script>\n<!-- \/ Yoast SEO plugin. -->","yoast_head_json":{"title":"Die Ocarina, Musikinstrument | +Mallorca, Mallorca Magazin","description":"+Mallorca, Typische Produkte: Die Ocarina auf Mallorca, ein Musikinstrument. Es ist ovoidal, von Schlamm und mit einem Pfeifen; mit acht L\u00f6chern. Ocarina.","robots":{"index":"index","follow":"follow","max-snippet":"max-snippet:-1","max-image-preview":"max-image-preview:large","max-video-preview":"max-video-preview:-1"},"canonical":"https:\/\/www.masmallorca.es\/de\/typische-produkte\/ocarina.html","og_locale":"de_DE","og_type":"article","og_title":"Die Ocarina, Musikinstrument | +Mallorca, Mallorca Magazin","og_description":"+Mallorca, Typische Produkte: Die Ocarina auf Mallorca, ein Musikinstrument. Es ist ovoidal, von Schlamm und mit einem Pfeifen; mit acht L\u00f6chern. Ocarina.","og_url":"https:\/\/www.masmallorca.es\/de\/typische-produkte\/ocarina.html","og_site_name":"+Mallorca: das Magazin aus Mallorca","article_publisher":"https:\/\/www.facebook.com\/mallorcamagazine\/","article_published_time":"2009-03-25T14:48:00+00:00","article_modified_time":"2025-04-18T07:38:24+00:00","og_image":[{"width":540,"height":334,"url":"https:\/\/www.masmallorca.es\/wp-content\/uploads\/2009\/03\/la_ocarina_de_mallorca_mallorquina.jpg","type":"image\/jpeg"}],"author":"masmallorca","twitter_card":"summary_large_image","twitter_creator":"@masmallorca","twitter_site":"@masmallorca","twitter_misc":{"Verfasst von":"masmallorca","Gesch\u00e4tzte Lesezeit":"2\u00a0Minuten"},"schema":{"@context":"https:\/\/schema.org","@graph":[{"@type":"Article","@id":"https:\/\/www.masmallorca.es\/de\/typische-produkte\/ocarina.html#article","isPartOf":{"@id":"https:\/\/www.masmallorca.es\/de\/typische-produkte\/ocarina.html"},"author":{"name":"masmallorca","@id":"https:\/\/www.masmallorca.es\/de#\/schema\/person\/554c84e7dfd9917fdba2cace51081633"},"headline":"Die Ocarina, Musikinstrument","datePublished":"2009-03-25T14:48:00+00:00","dateModified":"2025-04-18T07:38:24+00:00","mainEntityOfPage":{"@id":"https:\/\/www.masmallorca.es\/de\/typische-produkte\/ocarina.html"},"wordCount":239,"publisher":{"@id":"https:\/\/www.masmallorca.es\/de#organization"},"image":{"@id":"https:\/\/www.masmallorca.es\/de\/typische-produkte\/ocarina.html#primaryimage"},"thumbnailUrl":"https:\/\/www.masmallorca.es\/wp-content\/uploads\/2009\/03\/la_ocarina_de_mallorca_mallorquina.jpg","articleSection":["Typische Produkte"],"inLanguage":"de"},{"@type":"WebPage","@id":"https:\/\/www.masmallorca.es\/de\/typische-produkte\/ocarina.html","url":"https:\/\/www.masmallorca.es\/de\/typische-produkte\/ocarina.html","name":"Die Ocarina, Musikinstrument | +Mallorca, Mallorca Magazin","isPartOf":{"@id":"https:\/\/www.masmallorca.es\/de#website"},"primaryImageOfPage":{"@id":"https:\/\/www.masmallorca.es\/de\/typische-produkte\/ocarina.html#primaryimage"},"image":{"@id":"https:\/\/www.masmallorca.es\/de\/typische-produkte\/ocarina.html#primaryimage"},"thumbnailUrl":"https:\/\/www.masmallorca.es\/wp-content\/uploads\/2009\/03\/la_ocarina_de_mallorca_mallorquina.jpg","datePublished":"2009-03-25T14:48:00+00:00","dateModified":"2025-04-18T07:38:24+00:00","description":"+Mallorca, Typische Produkte: Die Ocarina auf Mallorca, ein Musikinstrument. Es ist ovoidal, von Schlamm und mit einem Pfeifen; mit acht L\u00f6chern. Ocarina.","breadcrumb":{"@id":"https:\/\/www.masmallorca.es\/de\/typische-produkte\/ocarina.html#breadcrumb"},"inLanguage":"de","potentialAction":[{"@type":"ReadAction","target":["https:\/\/www.masmallorca.es\/de\/typische-produkte\/ocarina.html"]}]},{"@type":"ImageObject","inLanguage":"de","@id":"https:\/\/www.masmallorca.es\/de\/typische-produkte\/ocarina.html#primaryimage","url":"https:\/\/www.masmallorca.es\/wp-content\/uploads\/2009\/03\/la_ocarina_de_mallorca_mallorquina.jpg","contentUrl":"https:\/\/www.masmallorca.es\/wp-content\/uploads\/2009\/03\/la_ocarina_de_mallorca_mallorquina.jpg","width":540,"height":334},{"@type":"BreadcrumbList","@id":"https:\/\/www.masmallorca.es\/de\/typische-produkte\/ocarina.html#breadcrumb","itemListElement":[{"@type":"ListItem","position":1,"name":"Portada","item":"https:\/\/www.masmallorca.es\/de"},{"@type":"ListItem","position":2,"name":"Typische Produkte","item":"https:\/\/www.masmallorca.es\/de\/typische-produkte"},{"@type":"ListItem","position":3,"name":"Die Ocarina, Musikinstrument"}]},{"@type":"WebSite","@id":"https:\/\/www.masmallorca.es\/de#website","url":"https:\/\/www.masmallorca.es\/de","name":"+Mallorca: la revista de Mallorca","description":"Mehr als Sonne und Strand..","publisher":{"@id":"https:\/\/www.masmallorca.es\/de#organization"},"alternateName":"+Mallorca","potentialAction":[{"@type":"SearchAction","target":{"@type":"EntryPoint","urlTemplate":"https:\/\/www.masmallorca.es\/de?s={search_term_string}"},"query-input":{"@type":"PropertyValueSpecification","valueRequired":true,"valueName":"search_term_string"}}],"inLanguage":"de"},{"@type":"Organization","@id":"https:\/\/www.masmallorca.es\/de#organization","name":"+Mallorca Magazin","alternateName":"M\u00e1s Mallorca","url":"https:\/\/www.masmallorca.es\/de","logo":{"@type":"ImageObject","inLanguage":"de","@id":"https:\/\/www.masmallorca.es\/de#\/schema\/logo\/image\/","url":"https:\/\/www.masmallorca.es\/wp-content\/uploads\/2021\/04\/logomallorca-1.png","contentUrl":"https:\/\/www.masmallorca.es\/wp-content\/uploads\/2021\/04\/logomallorca-1.png","width":326,"height":84,"caption":"+Mallorca Magazin"},"image":{"@id":"https:\/\/www.masmallorca.es\/de#\/schema\/logo\/image\/"},"sameAs":["https:\/\/www.facebook.com\/mallorcamagazine\/","https:\/\/x.com\/masmallorca"]},{"@type":"Person","@id":"https:\/\/www.masmallorca.es\/de#\/schema\/person\/554c84e7dfd9917fdba2cace51081633","name":"masmallorca"}]}},"_links":{"self":[{"href":"https:\/\/www.masmallorca.es\/de\/wp-json\/wp\/v2\/posts\/300","targetHints":{"allow":["GET"]}}],"collection":[{"href":"https:\/\/www.masmallorca.es\/de\/wp-json\/wp\/v2\/posts"}],"about":[{"href":"https:\/\/www.masmallorca.es\/de\/wp-json\/wp\/v2\/types\/post"}],"author":[{"embeddable":true,"href":"https:\/\/www.masmallorca.es\/de\/wp-json\/wp\/v2\/users\/1"}],"replies":[{"embeddable":true,"href":"https:\/\/www.masmallorca.es\/de\/wp-json\/wp\/v2\/comments?post=300"}],"version-history":[{"count":1,"href":"https:\/\/www.masmallorca.es\/de\/wp-json\/wp\/v2\/posts\/300\/revisions"}],"predecessor-version":[{"id":34745,"href":"https:\/\/www.masmallorca.es\/de\/wp-json\/wp\/v2\/posts\/300\/revisions\/34745"}],"wp:featuredmedia":[{"embeddable":true,"href":"https:\/\/www.masmallorca.es\/de\/wp-json\/wp\/v2\/media\/16467"}],"wp:attachment":[{"href":"https:\/\/www.masmallorca.es\/de\/wp-json\/wp\/v2\/media?parent=300"}],"wp:term":[{"taxonomy":"category","embeddable":true,"href":"https:\/\/www.masmallorca.es\/de\/wp-json\/wp\/v2\/categories?post=300"},{"taxonomy":"post_tag","embeddable":true,"href":"https:\/\/www.masmallorca.es\/de\/wp-json\/wp\/v2\/tags?post=300"}],"curies":[{"name":"wp","href":"https:\/\/api.w.org\/{rel}","templated":true}]}}