{"id":27849,"date":"2020-09-23T14:00:35","date_gmt":"2020-09-23T12:00:35","guid":{"rendered":"https:\/\/www.masmallorca.es\/reizvolle-orte\/salvemos-el-pancuit.html"},"modified":"2020-10-24T18:55:15","modified_gmt":"2020-10-24T16:55:15","slug":"rettet-das-pancuit","status":"publish","type":"post","link":"https:\/\/www.masmallorca.es\/de\/gastronomie\/rettet-das-pancuit.html","title":{"rendered":"Rettet das Pancuit!"},"content":{"rendered":"\n<p>\u201ePancuit\u201d ist der Name der <strong>mallorquinischen Knoblauchsuppe<\/strong>. Im Laufe der Zeit ist das Pancuit von unserem Mittagstisch verschwunden und ist nunmehr eine Erinnerung an die Vergangenheit. <\/p>\n\n\n\n<!--more-->\n\n\n\n<p>Die Suppe ist wie viele andere Spezialit\u00e4ten unserer K\u00fcche ganz einfach zuzubereiten. F\u00fcr dieses bescheidene Gericht nimmt man hartes Brot, aus dem mit Knoblauch, Tomate und Wasser eine Suppe gekocht wird. Falls vorhanden, wurde auch noch ein Ei hinzugef\u00fcgt.<\/p>\n\n\n\n<p>Das Rezept dieses k\u00f6stlichen Gerichts erfahren wir von dem Koch des Restaurants Joan Marc in Inca, der sich aktuell am meisten mit der traditionellen mallorquinischen K\u00fcche befasst. Er kocht ein Pancuit f\u00fcr uns, das dem Originalrezept treu bleibt, ganz ohne Variationen.<\/p>\n\n\n\n<figure class=\"wp-block-image size-full is-resized is-style-default\"><img loading=\"lazy\" decoding=\"async\" src=\"https:\/\/www.masmallorca.es\/wp-content\/uploads\/2020\/09\/salvemos-el-pancuit.jpg\" alt=\"\u201ePancuit\u201d ist der Name der mallorquinischen Knoblauchsuppe\" class=\"wp-image-27838\" width=\"940\" height=\"1253\" srcset=\"https:\/\/www.masmallorca.es\/wp-content\/uploads\/2020\/09\/salvemos-el-pancuit.jpg 940w, https:\/\/www.masmallorca.es\/wp-content\/uploads\/2020\/09\/salvemos-el-pancuit-225x300.jpg 225w, https:\/\/www.masmallorca.es\/wp-content\/uploads\/2020\/09\/salvemos-el-pancuit-768x1024.jpg 768w\" sizes=\"(max-width: 940px) 100vw, 940px\" \/><\/figure>\n\n\n\n<p><strong><strong>Das Pancuit-Rezept des Restaurants Joan Marc<\/strong><\/strong><\/p>\n\n\n\n<p>In eine Pfanne Oliven\u00f6l und Thymian geben und gleichzeitig das Wasser zum Kochen bringen. Wenn das \u00d6l hei\u00df wird, den Thymian herausnehmen und die gesch\u00e4lten Knoblauchzehen anbraten. Anschlie\u00dfend den Knoblauch herausnehmen und mit dem M\u00f6rser zerkleinern. Dann im gleichen \u00d6l die geriebenen Tomaten anbraten und schnell das in gro\u00dfe St\u00fccke zerschnittene Brot hinzugeben.<\/p>\n\n\n\n<p>Wenn sich das Brot mit dem \u00d6l vollgesogen hat und goldbraun angebraten ist, das <a href=\"https:\/\/www.masmallorca.es\/de\/typische-produkte\/especias-crespi-fordert-die-qualitat-des-paprikapulvers-tap-de-corti.html\" target=\"_blank\" rel=\"noreferrer noopener\">Paprikapulver <\/a>und das Wasser hinzugeben und f\u00fcnf Minuten k\u00f6cheln lassen. Das Brot muss weich sein, darf aber nicht zerfallen. Dann die zersto\u00dfenen Knoblauchzehen und Salz hinzugeben. Schlie\u00dflich die Suppe vom Herd nehmen und die geschlagenen Eier hinzuf\u00fcgen. Vor dem Servieren noch einmal alles gut verr\u00fchren.<\/p>\n\n\n\n<p>Das Pancuit kann unterschiedlich variiert werden. Beispielsweise kann man Gem\u00fcse hinzuf\u00fcgen und das Wasser durch Br\u00fche oder das Brot durch Kekse aus Inca ersetzen. Das Ergebnis ist aber immer dasselbe: Ein einfaches, k\u00f6stliches, typisch mallorquinisches Gericht. Guten Appetit!<\/p>\n\n\n\n<figure class=\"wp-block-image size-full is-resized\"><img loading=\"lazy\" decoding=\"async\" src=\"https:\/\/www.masmallorca.es\/wp-content\/uploads\/2020\/09\/salvemos-el-pancuit-plato.jpg\" alt=\"Pancuit: traditionelles Rezept aus Mallorca.\" class=\"wp-image-27833\" width=\"940\" height=\"1253\" srcset=\"https:\/\/www.masmallorca.es\/wp-content\/uploads\/2020\/09\/salvemos-el-pancuit-plato.jpg 940w, https:\/\/www.masmallorca.es\/wp-content\/uploads\/2020\/09\/salvemos-el-pancuit-plato-225x300.jpg 225w, https:\/\/www.masmallorca.es\/wp-content\/uploads\/2020\/09\/salvemos-el-pancuit-plato-768x1024.jpg 768w\" sizes=\"(max-width: 940px) 100vw, 940px\" \/><\/figure>\n","protected":false},"excerpt":{"rendered":"<p>\u201ePancuit\u201d ist der Name der mallorquinischen Knoblauchsuppe. Im Laufe der Zeit ist das Pancuit von unserem Mittagstisch verschwunden und ist nunmehr eine Erinnerung an die Vergangenheit.<\/p>\n","protected":false},"author":1,"featured_media":27831,"comment_status":"closed","ping_status":"closed","sticky":false,"template":"","format":"standard","meta":{"_et_pb_use_builder":"off","_et_pb_old_content":"","_et_gb_content_width":"","footnotes":""},"categories":[30],"tags":[],"class_list":["post-27849","post","type-post","status-publish","format-standard","has-post-thumbnail","hentry","category-gastronomie","et-has-post-format-content","et_post_format-et-post-format-standard"],"yoast_head":"<!-- This site is optimized with the Yoast SEO plugin v27.4 - https:\/\/yoast.com\/product\/yoast-seo-wordpress\/ -->\n<title>Rettet das Pancuit! | +Mallorca: das Magazin aus Mallorca<\/title>\n<meta name=\"description\" content=\"\u201ePancuit\u201d ist der Name der mallorquinischen Knoblauchsuppe. Die Suppe ist wie viele andere Spezialit\u00e4ten unserer K\u00fcche ganz einfach....\" \/>\n<meta name=\"robots\" content=\"index, follow, max-snippet:-1, max-image-preview:large, max-video-preview:-1\" \/>\n<link rel=\"canonical\" href=\"https:\/\/www.masmallorca.es\/de\/gastronomie\/rettet-das-pancuit.html\" \/>\n<meta property=\"og:locale\" content=\"de_DE\" \/>\n<meta property=\"og:type\" content=\"article\" \/>\n<meta property=\"og:title\" content=\"Rettet das Pancuit! | +Mallorca: das Magazin aus Mallorca\" \/>\n<meta property=\"og:description\" content=\"\u201ePancuit\u201d ist der Name der mallorquinischen Knoblauchsuppe. Die Suppe ist wie viele andere Spezialit\u00e4ten unserer K\u00fcche ganz einfach....\" \/>\n<meta property=\"og:url\" content=\"https:\/\/www.masmallorca.es\/de\/gastronomie\/rettet-das-pancuit.html\" \/>\n<meta property=\"og:site_name\" content=\"+Mallorca: das Magazin aus Mallorca\" \/>\n<meta property=\"article:publisher\" content=\"https:\/\/www.facebook.com\/mallorcamagazine\/\" \/>\n<meta property=\"article:published_time\" content=\"2020-09-23T12:00:35+00:00\" \/>\n<meta property=\"article:modified_time\" content=\"2020-10-24T16:55:15+00:00\" \/>\n<meta property=\"og:image\" content=\"https:\/\/www.masmallorca.es\/wp-content\/uploads\/2020\/09\/salvemos-el-pancuit-ingredientes.jpg\" \/>\n\t<meta property=\"og:image:width\" content=\"940\" \/>\n\t<meta property=\"og:image:height\" content=\"1034\" \/>\n\t<meta property=\"og:image:type\" content=\"image\/jpeg\" \/>\n<meta name=\"author\" content=\"masmallorca\" \/>\n<meta name=\"twitter:card\" content=\"summary_large_image\" \/>\n<meta name=\"twitter:creator\" content=\"@masmallorca\" \/>\n<meta name=\"twitter:site\" content=\"@masmallorca\" \/>\n<meta name=\"twitter:label1\" content=\"Verfasst von\" \/>\n\t<meta name=\"twitter:data1\" content=\"masmallorca\" \/>\n\t<meta name=\"twitter:label2\" content=\"Gesch\u00e4tzte Lesezeit\" \/>\n\t<meta name=\"twitter:data2\" content=\"1\u00a0Minute\" \/>\n<script type=\"application\/ld+json\" class=\"yoast-schema-graph\">{\"@context\":\"https:\\\/\\\/schema.org\",\"@graph\":[{\"@type\":\"Article\",\"@id\":\"https:\\\/\\\/www.masmallorca.es\\\/de\\\/gastronomie\\\/rettet-das-pancuit.html#article\",\"isPartOf\":{\"@id\":\"https:\\\/\\\/www.masmallorca.es\\\/de\\\/gastronomie\\\/rettet-das-pancuit.html\"},\"author\":{\"name\":\"masmallorca\",\"@id\":\"https:\\\/\\\/www.masmallorca.es\\\/de#\\\/schema\\\/person\\\/554c84e7dfd9917fdba2cace51081633\"},\"headline\":\"Rettet das Pancuit!\",\"datePublished\":\"2020-09-23T12:00:35+00:00\",\"dateModified\":\"2020-10-24T16:55:15+00:00\",\"mainEntityOfPage\":{\"@id\":\"https:\\\/\\\/www.masmallorca.es\\\/de\\\/gastronomie\\\/rettet-das-pancuit.html\"},\"wordCount\":288,\"publisher\":{\"@id\":\"https:\\\/\\\/www.masmallorca.es\\\/de#organization\"},\"image\":{\"@id\":\"https:\\\/\\\/www.masmallorca.es\\\/de\\\/gastronomie\\\/rettet-das-pancuit.html#primaryimage\"},\"thumbnailUrl\":\"https:\\\/\\\/www.masmallorca.es\\\/wp-content\\\/uploads\\\/2020\\\/09\\\/salvemos-el-pancuit-ingredientes.jpg\",\"articleSection\":[\"Gastronomie\"],\"inLanguage\":\"de\"},{\"@type\":\"WebPage\",\"@id\":\"https:\\\/\\\/www.masmallorca.es\\\/de\\\/gastronomie\\\/rettet-das-pancuit.html\",\"url\":\"https:\\\/\\\/www.masmallorca.es\\\/de\\\/gastronomie\\\/rettet-das-pancuit.html\",\"name\":\"Rettet das Pancuit! | +Mallorca: das Magazin aus Mallorca\",\"isPartOf\":{\"@id\":\"https:\\\/\\\/www.masmallorca.es\\\/de#website\"},\"primaryImageOfPage\":{\"@id\":\"https:\\\/\\\/www.masmallorca.es\\\/de\\\/gastronomie\\\/rettet-das-pancuit.html#primaryimage\"},\"image\":{\"@id\":\"https:\\\/\\\/www.masmallorca.es\\\/de\\\/gastronomie\\\/rettet-das-pancuit.html#primaryimage\"},\"thumbnailUrl\":\"https:\\\/\\\/www.masmallorca.es\\\/wp-content\\\/uploads\\\/2020\\\/09\\\/salvemos-el-pancuit-ingredientes.jpg\",\"datePublished\":\"2020-09-23T12:00:35+00:00\",\"dateModified\":\"2020-10-24T16:55:15+00:00\",\"description\":\"\u201ePancuit\u201d ist der Name der mallorquinischen Knoblauchsuppe. Die Suppe ist wie viele andere Spezialit\u00e4ten unserer K\u00fcche ganz einfach....\",\"breadcrumb\":{\"@id\":\"https:\\\/\\\/www.masmallorca.es\\\/de\\\/gastronomie\\\/rettet-das-pancuit.html#breadcrumb\"},\"inLanguage\":\"de\",\"potentialAction\":[{\"@type\":\"ReadAction\",\"target\":[\"https:\\\/\\\/www.masmallorca.es\\\/de\\\/gastronomie\\\/rettet-das-pancuit.html\"]}]},{\"@type\":\"ImageObject\",\"inLanguage\":\"de\",\"@id\":\"https:\\\/\\\/www.masmallorca.es\\\/de\\\/gastronomie\\\/rettet-das-pancuit.html#primaryimage\",\"url\":\"https:\\\/\\\/www.masmallorca.es\\\/wp-content\\\/uploads\\\/2020\\\/09\\\/salvemos-el-pancuit-ingredientes.jpg\",\"contentUrl\":\"https:\\\/\\\/www.masmallorca.es\\\/wp-content\\\/uploads\\\/2020\\\/09\\\/salvemos-el-pancuit-ingredientes.jpg\",\"width\":940,\"height\":1034,\"caption\":\"Salvemos el Pancuit. Gastronom\u00eda de Mallorca\"},{\"@type\":\"BreadcrumbList\",\"@id\":\"https:\\\/\\\/www.masmallorca.es\\\/de\\\/gastronomie\\\/rettet-das-pancuit.html#breadcrumb\",\"itemListElement\":[{\"@type\":\"ListItem\",\"position\":1,\"name\":\"Portada\",\"item\":\"https:\\\/\\\/www.masmallorca.es\\\/de\"},{\"@type\":\"ListItem\",\"position\":2,\"name\":\"Gastronomie\",\"item\":\"https:\\\/\\\/www.masmallorca.es\\\/de\\\/gastronomie\"},{\"@type\":\"ListItem\",\"position\":3,\"name\":\"Rettet das Pancuit!\"}]},{\"@type\":\"WebSite\",\"@id\":\"https:\\\/\\\/www.masmallorca.es\\\/de#website\",\"url\":\"https:\\\/\\\/www.masmallorca.es\\\/de\",\"name\":\"+Mallorca: la revista de Mallorca\",\"description\":\"Mehr als Sonne und Strand..\",\"publisher\":{\"@id\":\"https:\\\/\\\/www.masmallorca.es\\\/de#organization\"},\"alternateName\":\"+Mallorca\",\"potentialAction\":[{\"@type\":\"SearchAction\",\"target\":{\"@type\":\"EntryPoint\",\"urlTemplate\":\"https:\\\/\\\/www.masmallorca.es\\\/de?s={search_term_string}\"},\"query-input\":{\"@type\":\"PropertyValueSpecification\",\"valueRequired\":true,\"valueName\":\"search_term_string\"}}],\"inLanguage\":\"de\"},{\"@type\":\"Organization\",\"@id\":\"https:\\\/\\\/www.masmallorca.es\\\/de#organization\",\"name\":\"+Mallorca Magazin\",\"alternateName\":\"M\u00e1s Mallorca\",\"url\":\"https:\\\/\\\/www.masmallorca.es\\\/de\",\"logo\":{\"@type\":\"ImageObject\",\"inLanguage\":\"de\",\"@id\":\"https:\\\/\\\/www.masmallorca.es\\\/de#\\\/schema\\\/logo\\\/image\\\/\",\"url\":\"https:\\\/\\\/www.masmallorca.es\\\/wp-content\\\/uploads\\\/2021\\\/04\\\/logomallorca-1.png\",\"contentUrl\":\"https:\\\/\\\/www.masmallorca.es\\\/wp-content\\\/uploads\\\/2021\\\/04\\\/logomallorca-1.png\",\"width\":326,\"height\":84,\"caption\":\"+Mallorca Magazin\"},\"image\":{\"@id\":\"https:\\\/\\\/www.masmallorca.es\\\/de#\\\/schema\\\/logo\\\/image\\\/\"},\"sameAs\":[\"https:\\\/\\\/www.facebook.com\\\/mallorcamagazine\\\/\",\"https:\\\/\\\/x.com\\\/masmallorca\"]},{\"@type\":\"Person\",\"@id\":\"https:\\\/\\\/www.masmallorca.es\\\/de#\\\/schema\\\/person\\\/554c84e7dfd9917fdba2cace51081633\",\"name\":\"masmallorca\"}]}<\/script>\n<!-- \/ Yoast SEO plugin. -->","yoast_head_json":{"title":"Rettet das Pancuit! | +Mallorca: das Magazin aus Mallorca","description":"\u201ePancuit\u201d ist der Name der mallorquinischen Knoblauchsuppe. Die Suppe ist wie viele andere Spezialit\u00e4ten unserer K\u00fcche ganz einfach....","robots":{"index":"index","follow":"follow","max-snippet":"max-snippet:-1","max-image-preview":"max-image-preview:large","max-video-preview":"max-video-preview:-1"},"canonical":"https:\/\/www.masmallorca.es\/de\/gastronomie\/rettet-das-pancuit.html","og_locale":"de_DE","og_type":"article","og_title":"Rettet das Pancuit! | +Mallorca: das Magazin aus Mallorca","og_description":"\u201ePancuit\u201d ist der Name der mallorquinischen Knoblauchsuppe. Die Suppe ist wie viele andere Spezialit\u00e4ten unserer K\u00fcche ganz einfach....","og_url":"https:\/\/www.masmallorca.es\/de\/gastronomie\/rettet-das-pancuit.html","og_site_name":"+Mallorca: das Magazin aus Mallorca","article_publisher":"https:\/\/www.facebook.com\/mallorcamagazine\/","article_published_time":"2020-09-23T12:00:35+00:00","article_modified_time":"2020-10-24T16:55:15+00:00","og_image":[{"width":940,"height":1034,"url":"https:\/\/www.masmallorca.es\/wp-content\/uploads\/2020\/09\/salvemos-el-pancuit-ingredientes.jpg","type":"image\/jpeg"}],"author":"masmallorca","twitter_card":"summary_large_image","twitter_creator":"@masmallorca","twitter_site":"@masmallorca","twitter_misc":{"Verfasst von":"masmallorca","Gesch\u00e4tzte Lesezeit":"1\u00a0Minute"},"schema":{"@context":"https:\/\/schema.org","@graph":[{"@type":"Article","@id":"https:\/\/www.masmallorca.es\/de\/gastronomie\/rettet-das-pancuit.html#article","isPartOf":{"@id":"https:\/\/www.masmallorca.es\/de\/gastronomie\/rettet-das-pancuit.html"},"author":{"name":"masmallorca","@id":"https:\/\/www.masmallorca.es\/de#\/schema\/person\/554c84e7dfd9917fdba2cace51081633"},"headline":"Rettet das Pancuit!","datePublished":"2020-09-23T12:00:35+00:00","dateModified":"2020-10-24T16:55:15+00:00","mainEntityOfPage":{"@id":"https:\/\/www.masmallorca.es\/de\/gastronomie\/rettet-das-pancuit.html"},"wordCount":288,"publisher":{"@id":"https:\/\/www.masmallorca.es\/de#organization"},"image":{"@id":"https:\/\/www.masmallorca.es\/de\/gastronomie\/rettet-das-pancuit.html#primaryimage"},"thumbnailUrl":"https:\/\/www.masmallorca.es\/wp-content\/uploads\/2020\/09\/salvemos-el-pancuit-ingredientes.jpg","articleSection":["Gastronomie"],"inLanguage":"de"},{"@type":"WebPage","@id":"https:\/\/www.masmallorca.es\/de\/gastronomie\/rettet-das-pancuit.html","url":"https:\/\/www.masmallorca.es\/de\/gastronomie\/rettet-das-pancuit.html","name":"Rettet das Pancuit! | +Mallorca: das Magazin aus Mallorca","isPartOf":{"@id":"https:\/\/www.masmallorca.es\/de#website"},"primaryImageOfPage":{"@id":"https:\/\/www.masmallorca.es\/de\/gastronomie\/rettet-das-pancuit.html#primaryimage"},"image":{"@id":"https:\/\/www.masmallorca.es\/de\/gastronomie\/rettet-das-pancuit.html#primaryimage"},"thumbnailUrl":"https:\/\/www.masmallorca.es\/wp-content\/uploads\/2020\/09\/salvemos-el-pancuit-ingredientes.jpg","datePublished":"2020-09-23T12:00:35+00:00","dateModified":"2020-10-24T16:55:15+00:00","description":"\u201ePancuit\u201d ist der Name der mallorquinischen Knoblauchsuppe. Die Suppe ist wie viele andere Spezialit\u00e4ten unserer K\u00fcche ganz einfach....","breadcrumb":{"@id":"https:\/\/www.masmallorca.es\/de\/gastronomie\/rettet-das-pancuit.html#breadcrumb"},"inLanguage":"de","potentialAction":[{"@type":"ReadAction","target":["https:\/\/www.masmallorca.es\/de\/gastronomie\/rettet-das-pancuit.html"]}]},{"@type":"ImageObject","inLanguage":"de","@id":"https:\/\/www.masmallorca.es\/de\/gastronomie\/rettet-das-pancuit.html#primaryimage","url":"https:\/\/www.masmallorca.es\/wp-content\/uploads\/2020\/09\/salvemos-el-pancuit-ingredientes.jpg","contentUrl":"https:\/\/www.masmallorca.es\/wp-content\/uploads\/2020\/09\/salvemos-el-pancuit-ingredientes.jpg","width":940,"height":1034,"caption":"Salvemos el Pancuit. Gastronom\u00eda de Mallorca"},{"@type":"BreadcrumbList","@id":"https:\/\/www.masmallorca.es\/de\/gastronomie\/rettet-das-pancuit.html#breadcrumb","itemListElement":[{"@type":"ListItem","position":1,"name":"Portada","item":"https:\/\/www.masmallorca.es\/de"},{"@type":"ListItem","position":2,"name":"Gastronomie","item":"https:\/\/www.masmallorca.es\/de\/gastronomie"},{"@type":"ListItem","position":3,"name":"Rettet das Pancuit!"}]},{"@type":"WebSite","@id":"https:\/\/www.masmallorca.es\/de#website","url":"https:\/\/www.masmallorca.es\/de","name":"+Mallorca: la revista de Mallorca","description":"Mehr als Sonne und Strand..","publisher":{"@id":"https:\/\/www.masmallorca.es\/de#organization"},"alternateName":"+Mallorca","potentialAction":[{"@type":"SearchAction","target":{"@type":"EntryPoint","urlTemplate":"https:\/\/www.masmallorca.es\/de?s={search_term_string}"},"query-input":{"@type":"PropertyValueSpecification","valueRequired":true,"valueName":"search_term_string"}}],"inLanguage":"de"},{"@type":"Organization","@id":"https:\/\/www.masmallorca.es\/de#organization","name":"+Mallorca Magazin","alternateName":"M\u00e1s Mallorca","url":"https:\/\/www.masmallorca.es\/de","logo":{"@type":"ImageObject","inLanguage":"de","@id":"https:\/\/www.masmallorca.es\/de#\/schema\/logo\/image\/","url":"https:\/\/www.masmallorca.es\/wp-content\/uploads\/2021\/04\/logomallorca-1.png","contentUrl":"https:\/\/www.masmallorca.es\/wp-content\/uploads\/2021\/04\/logomallorca-1.png","width":326,"height":84,"caption":"+Mallorca Magazin"},"image":{"@id":"https:\/\/www.masmallorca.es\/de#\/schema\/logo\/image\/"},"sameAs":["https:\/\/www.facebook.com\/mallorcamagazine\/","https:\/\/x.com\/masmallorca"]},{"@type":"Person","@id":"https:\/\/www.masmallorca.es\/de#\/schema\/person\/554c84e7dfd9917fdba2cace51081633","name":"masmallorca"}]}},"_links":{"self":[{"href":"https:\/\/www.masmallorca.es\/de\/wp-json\/wp\/v2\/posts\/27849","targetHints":{"allow":["GET"]}}],"collection":[{"href":"https:\/\/www.masmallorca.es\/de\/wp-json\/wp\/v2\/posts"}],"about":[{"href":"https:\/\/www.masmallorca.es\/de\/wp-json\/wp\/v2\/types\/post"}],"author":[{"embeddable":true,"href":"https:\/\/www.masmallorca.es\/de\/wp-json\/wp\/v2\/users\/1"}],"replies":[{"embeddable":true,"href":"https:\/\/www.masmallorca.es\/de\/wp-json\/wp\/v2\/comments?post=27849"}],"version-history":[{"count":0,"href":"https:\/\/www.masmallorca.es\/de\/wp-json\/wp\/v2\/posts\/27849\/revisions"}],"wp:featuredmedia":[{"embeddable":true,"href":"https:\/\/www.masmallorca.es\/de\/wp-json\/wp\/v2\/media\/27831"}],"wp:attachment":[{"href":"https:\/\/www.masmallorca.es\/de\/wp-json\/wp\/v2\/media?parent=27849"}],"wp:term":[{"taxonomy":"category","embeddable":true,"href":"https:\/\/www.masmallorca.es\/de\/wp-json\/wp\/v2\/categories?post=27849"},{"taxonomy":"post_tag","embeddable":true,"href":"https:\/\/www.masmallorca.es\/de\/wp-json\/wp\/v2\/tags?post=27849"}],"curies":[{"name":"wp","href":"https:\/\/api.w.org\/{rel}","templated":true}]}}