{"id":26010,"date":"2019-10-07T11:32:39","date_gmt":"2019-10-07T09:32:39","guid":{"rendered":"https:\/\/www.masmallorca.es\/reizvolle-orte\/son-serveras-esglesia-nova-an-unfinished-beauty.html"},"modified":"2019-10-07T11:52:54","modified_gmt":"2019-10-07T09:52:54","slug":"esglesia-nova-de-son-servera-eine-unvollendete-schonheit","status":"publish","type":"post","link":"https:\/\/www.masmallorca.es\/de\/reizvolle-orte\/esglesia-nova-de-son-servera-eine-unvollendete-schonheit.html","title":{"rendered":"Esglesia Nova de Son Servera \u2013 eine unvollendete Sch\u00f6nheit"},"content":{"rendered":"\n<p>Die <strong>neugotische Iglesia Nueva de Son Servera<\/strong> ist Werk des Architekten Joan Rubi\u00f3, eines Sch\u00fclers und Mitarbeiters von Gaud\u00ed. <\/p>\n\n\n\n<!--more-->\n\n\n\n<figure class=\"wp-block-image is-resized\"><img loading=\"lazy\" decoding=\"async\" src=\"https:\/\/www.masmallorca.es\/wp-content\/uploads\/2019\/10\/esglesia-nova-son-servera.jpg\" alt=\"Die neugotische Iglesia Nueva de Son Servera\" class=\"wp-image-25994\" width=\"940\" height=\"608\" srcset=\"https:\/\/www.masmallorca.es\/wp-content\/uploads\/2019\/10\/esglesia-nova-son-servera.jpg 940w, https:\/\/www.masmallorca.es\/wp-content\/uploads\/2019\/10\/esglesia-nova-son-servera-300x194.jpg 300w, https:\/\/www.masmallorca.es\/wp-content\/uploads\/2019\/10\/esglesia-nova-son-servera-768x497.jpg 768w\" sizes=\"(max-width: 940px) 100vw, 940px\" \/><figcaption> Die <strong>neugotische Iglesia Nueva de Son Servera<\/strong> <\/figcaption><\/figure>\n\n\n\n<p><a rel=\"noreferrer noopener\" aria-label=\" (opens in a new tab)\" href=\"https:\/\/de.wikipedia.org\/wiki\/Joan_Rubi%C3%B3\" target=\"_blank\">Rubi\u00f3 Bellver<\/a> umfangreiches Wirken kann man in Katalonien, Mallorca und Menorca verfolgen. Dazu geh\u00f6rten neben anderen eindrucksvollen Geb\u00e4uden auch die Bank von <a href=\"https:\/\/www.masmallorca.es\/sitios-con-encanto\/el-pueblo-de-soller-mallorca.html\" target=\"_blank\" rel=\"noreferrer noopener\" aria-label=\"S\u00f3ller  (opens in a new tab)\">S\u00f3ller <\/a>und das Portal der Kathedrale Santa Mar\u00eda de Cuitadella.<\/p>\n\n\n\n<h2 class=\"wp-block-heading\">Diese Kirche stammt aus seiner modernistischen Periode. Errichtet wurde sie zwischen 1909 und 1929. <\/h2>\n\n\n\n<p>Der Bau musste dann jedoch aus finanziellen Gr\u00fcnden eingestellt werden. Sie verf\u00fcgt \u00fcber spitzenbogenf\u00f6rmige <strong>\u00d6ffnungen und Rosetten<\/strong> sowie eine Apsis, deren Dach nicht fertiggestellt wurde.  Man betritt das Gotteshaus \u00fcber einen kleinen Garten. Bei den letzten Umbauten wurde dieser bis in das Kirchenschiff weitergef\u00fchrt, um so die Vereinigung des Geb\u00e4udes mit dem Himmel und die spirituelle Atmosph\u00e4re zu unterstreichen, welche durch die <strong>Seitenkapellen <\/strong>mit ihren <strong>Kapiteln <\/strong>erg\u00e4nzt wird. <\/p>\n\n\n\n<figure class=\"wp-block-image is-resized\"><img loading=\"lazy\" decoding=\"async\" src=\"https:\/\/www.masmallorca.es\/wp-content\/uploads\/2019\/10\/esglesia-nova-son-servera-3.jpg\" alt=\"Esglesia Nova\" class=\"wp-image-25984\" width=\"940\" height=\"622\" srcset=\"https:\/\/www.masmallorca.es\/wp-content\/uploads\/2019\/10\/esglesia-nova-son-servera-3.jpg 940w, https:\/\/www.masmallorca.es\/wp-content\/uploads\/2019\/10\/esglesia-nova-son-servera-3-300x199.jpg 300w, https:\/\/www.masmallorca.es\/wp-content\/uploads\/2019\/10\/esglesia-nova-son-servera-3-768x508.jpg 768w\" sizes=\"(max-width: 940px) 100vw, 940px\" \/><\/figure>\n\n\n\n<p>W\u00e4hrend des <strong>Johannesfestes <\/strong>zu Ehren San Juans de Son Servera finden abends Konzerte mit einer musikalischen Bandbreite von Jazz \u00fcber Rockmusik der Sechzigerjahre bis hin zu Klassik in der Esglesia Nova statt. Au\u00dferdem f\u00fchrt die Folkloregruppe \u201eSa Revetlla\u201d hier<strong> traditionelle mallorquinische T\u00e4nze<\/strong> w\u00e4hrend der Sommern\u00e4chte auf.<\/p>\n\n\n\n<p>Au\u00dferdem dient die Kirche auch als Austragungsort der Serenates d\u2019Estiu von Son Servera. Im Sommer werden Messen <strong>sonntags <\/strong>unter freiem Himmel gefeiert.<\/p>\n\n\n\n<figure class=\"wp-block-image is-resized\"><img loading=\"lazy\" decoding=\"async\" src=\"https:\/\/www.masmallorca.es\/wp-content\/uploads\/2019\/10\/esglesia-nova-son-servera-4.jpg\" alt=\"Esglesia Nova\" class=\"wp-image-25989\" width=\"940\" height=\"762\" srcset=\"https:\/\/www.masmallorca.es\/wp-content\/uploads\/2019\/10\/esglesia-nova-son-servera-4.jpg 940w, https:\/\/www.masmallorca.es\/wp-content\/uploads\/2019\/10\/esglesia-nova-son-servera-4-300x243.jpg 300w, https:\/\/www.masmallorca.es\/wp-content\/uploads\/2019\/10\/esglesia-nova-son-servera-4-768x623.jpg 768w\" sizes=\"(max-width: 940px) 100vw, 940px\" \/><\/figure>\n\n\n\n<p><strong>Esgl\u00e9sia Nova de Son Servera<br><\/strong>Carrer de Ses Creus, 1 &#8211; Son Servera<br><strong>Kostenlose <\/strong>Besuche von Montag bis Freitag, de 9:30-14:30 &#8211; T: 971 567 002<\/p>\n","protected":false},"excerpt":{"rendered":"<p>Die neugotische Iglesia Nueva de Son Servera ist Werk des Architekten Joan Rubi\u00f3, eines Sch\u00fclers und Mitarbeiters von Gaud\u00ed.<\/p>\n","protected":false},"author":1,"featured_media":25977,"comment_status":"closed","ping_status":"closed","sticky":false,"template":"","format":"standard","meta":{"_et_pb_use_builder":"off","_et_pb_old_content":"","_et_gb_content_width":"","footnotes":""},"categories":[35],"tags":[],"class_list":["post-26010","post","type-post","status-publish","format-standard","has-post-thumbnail","hentry","category-reizvolle-orte","et-has-post-format-content","et_post_format-et-post-format-standard"],"yoast_head":"<!-- This site is optimized with the Yoast SEO plugin v27.4 - https:\/\/yoast.com\/product\/yoast-seo-wordpress\/ -->\n<title>Esglesia Nova de Son Servera \u2013 eine unvollendete Sch\u00f6nheit<\/title>\n<meta name=\"description\" content=\"Die neugotische Iglesia Nueva (Esglesia Nova) de Son Servera ist Werk des Architekten Joan Rubi\u00f3, eines Sch\u00fclers und Mitarbeiters von Gaud\u00ed.\" \/>\n<meta name=\"robots\" content=\"index, follow, max-snippet:-1, max-image-preview:large, max-video-preview:-1\" \/>\n<link rel=\"canonical\" href=\"https:\/\/www.masmallorca.es\/de\/reizvolle-orte\/esglesia-nova-de-son-servera-eine-unvollendete-schonheit.html\" \/>\n<meta property=\"og:locale\" content=\"de_DE\" \/>\n<meta property=\"og:type\" content=\"article\" \/>\n<meta property=\"og:title\" content=\"Esglesia Nova de Son Servera \u2013 eine unvollendete Sch\u00f6nheit\" \/>\n<meta property=\"og:description\" content=\"Die neugotische Iglesia Nueva (Esglesia Nova) de Son Servera ist Werk des Architekten Joan Rubi\u00f3, eines Sch\u00fclers und Mitarbeiters von Gaud\u00ed.\" \/>\n<meta property=\"og:url\" content=\"https:\/\/www.masmallorca.es\/de\/reizvolle-orte\/esglesia-nova-de-son-servera-eine-unvollendete-schonheit.html\" \/>\n<meta property=\"og:site_name\" content=\"+Mallorca: das Magazin aus Mallorca\" \/>\n<meta property=\"article:publisher\" content=\"https:\/\/www.facebook.com\/mallorcamagazine\/\" \/>\n<meta property=\"article:published_time\" content=\"2019-10-07T09:32:39+00:00\" \/>\n<meta property=\"article:modified_time\" content=\"2019-10-07T09:52:54+00:00\" \/>\n<meta property=\"og:image\" content=\"https:\/\/www.masmallorca.es\/wp-content\/uploads\/2019\/10\/esglesia-nova-son-servera-1.jpg\" \/>\n\t<meta property=\"og:image:width\" content=\"940\" \/>\n\t<meta property=\"og:image:height\" content=\"627\" \/>\n\t<meta property=\"og:image:type\" content=\"image\/jpeg\" \/>\n<meta name=\"author\" content=\"masmallorca\" \/>\n<meta name=\"twitter:card\" content=\"summary_large_image\" \/>\n<meta name=\"twitter:creator\" content=\"@masmallorca\" \/>\n<meta name=\"twitter:site\" content=\"@masmallorca\" \/>\n<meta name=\"twitter:label1\" content=\"Verfasst von\" \/>\n\t<meta name=\"twitter:data1\" content=\"masmallorca\" \/>\n\t<meta name=\"twitter:label2\" content=\"Gesch\u00e4tzte Lesezeit\" \/>\n\t<meta name=\"twitter:data2\" content=\"1\u00a0Minute\" \/>\n<script type=\"application\/ld+json\" class=\"yoast-schema-graph\">{\"@context\":\"https:\\\/\\\/schema.org\",\"@graph\":[{\"@type\":\"Article\",\"@id\":\"https:\\\/\\\/www.masmallorca.es\\\/de\\\/reizvolle-orte\\\/esglesia-nova-de-son-servera-eine-unvollendete-schonheit.html#article\",\"isPartOf\":{\"@id\":\"https:\\\/\\\/www.masmallorca.es\\\/de\\\/reizvolle-orte\\\/esglesia-nova-de-son-servera-eine-unvollendete-schonheit.html\"},\"author\":{\"name\":\"masmallorca\",\"@id\":\"https:\\\/\\\/www.masmallorca.es\\\/de#\\\/schema\\\/person\\\/554c84e7dfd9917fdba2cace51081633\"},\"headline\":\"Esglesia Nova de Son Servera \u2013 eine unvollendete Sch\u00f6nheit\",\"datePublished\":\"2019-10-07T09:32:39+00:00\",\"dateModified\":\"2019-10-07T09:52:54+00:00\",\"mainEntityOfPage\":{\"@id\":\"https:\\\/\\\/www.masmallorca.es\\\/de\\\/reizvolle-orte\\\/esglesia-nova-de-son-servera-eine-unvollendete-schonheit.html\"},\"wordCount\":258,\"publisher\":{\"@id\":\"https:\\\/\\\/www.masmallorca.es\\\/de#organization\"},\"image\":{\"@id\":\"https:\\\/\\\/www.masmallorca.es\\\/de\\\/reizvolle-orte\\\/esglesia-nova-de-son-servera-eine-unvollendete-schonheit.html#primaryimage\"},\"thumbnailUrl\":\"https:\\\/\\\/www.masmallorca.es\\\/wp-content\\\/uploads\\\/2019\\\/10\\\/esglesia-nova-son-servera-1.jpg\",\"articleSection\":[\"Reizvolle orte\"],\"inLanguage\":\"de\"},{\"@type\":\"WebPage\",\"@id\":\"https:\\\/\\\/www.masmallorca.es\\\/de\\\/reizvolle-orte\\\/esglesia-nova-de-son-servera-eine-unvollendete-schonheit.html\",\"url\":\"https:\\\/\\\/www.masmallorca.es\\\/de\\\/reizvolle-orte\\\/esglesia-nova-de-son-servera-eine-unvollendete-schonheit.html\",\"name\":\"Esglesia Nova de Son Servera \u2013 eine unvollendete Sch\u00f6nheit\",\"isPartOf\":{\"@id\":\"https:\\\/\\\/www.masmallorca.es\\\/de#website\"},\"primaryImageOfPage\":{\"@id\":\"https:\\\/\\\/www.masmallorca.es\\\/de\\\/reizvolle-orte\\\/esglesia-nova-de-son-servera-eine-unvollendete-schonheit.html#primaryimage\"},\"image\":{\"@id\":\"https:\\\/\\\/www.masmallorca.es\\\/de\\\/reizvolle-orte\\\/esglesia-nova-de-son-servera-eine-unvollendete-schonheit.html#primaryimage\"},\"thumbnailUrl\":\"https:\\\/\\\/www.masmallorca.es\\\/wp-content\\\/uploads\\\/2019\\\/10\\\/esglesia-nova-son-servera-1.jpg\",\"datePublished\":\"2019-10-07T09:32:39+00:00\",\"dateModified\":\"2019-10-07T09:52:54+00:00\",\"description\":\"Die neugotische Iglesia Nueva (Esglesia Nova) de Son Servera ist Werk des Architekten Joan Rubi\u00f3, eines Sch\u00fclers und Mitarbeiters von Gaud\u00ed.\",\"breadcrumb\":{\"@id\":\"https:\\\/\\\/www.masmallorca.es\\\/de\\\/reizvolle-orte\\\/esglesia-nova-de-son-servera-eine-unvollendete-schonheit.html#breadcrumb\"},\"inLanguage\":\"de\",\"potentialAction\":[{\"@type\":\"ReadAction\",\"target\":[\"https:\\\/\\\/www.masmallorca.es\\\/de\\\/reizvolle-orte\\\/esglesia-nova-de-son-servera-eine-unvollendete-schonheit.html\"]}]},{\"@type\":\"ImageObject\",\"inLanguage\":\"de\",\"@id\":\"https:\\\/\\\/www.masmallorca.es\\\/de\\\/reizvolle-orte\\\/esglesia-nova-de-son-servera-eine-unvollendete-schonheit.html#primaryimage\",\"url\":\"https:\\\/\\\/www.masmallorca.es\\\/wp-content\\\/uploads\\\/2019\\\/10\\\/esglesia-nova-son-servera-1.jpg\",\"contentUrl\":\"https:\\\/\\\/www.masmallorca.es\\\/wp-content\\\/uploads\\\/2019\\\/10\\\/esglesia-nova-son-servera-1.jpg\",\"width\":940,\"height\":627,\"caption\":\"Esgl\u00e9sia Nova de Son Servera\"},{\"@type\":\"BreadcrumbList\",\"@id\":\"https:\\\/\\\/www.masmallorca.es\\\/de\\\/reizvolle-orte\\\/esglesia-nova-de-son-servera-eine-unvollendete-schonheit.html#breadcrumb\",\"itemListElement\":[{\"@type\":\"ListItem\",\"position\":1,\"name\":\"Portada\",\"item\":\"https:\\\/\\\/www.masmallorca.es\\\/de\"},{\"@type\":\"ListItem\",\"position\":2,\"name\":\"Reizvolle orte\",\"item\":\"https:\\\/\\\/www.masmallorca.es\\\/de\\\/reizvolle-orte\"},{\"@type\":\"ListItem\",\"position\":3,\"name\":\"Esglesia Nova de Son Servera \u2013 eine unvollendete Sch\u00f6nheit\"}]},{\"@type\":\"WebSite\",\"@id\":\"https:\\\/\\\/www.masmallorca.es\\\/de#website\",\"url\":\"https:\\\/\\\/www.masmallorca.es\\\/de\",\"name\":\"+Mallorca: la revista de Mallorca\",\"description\":\"Mehr als Sonne und Strand..\",\"publisher\":{\"@id\":\"https:\\\/\\\/www.masmallorca.es\\\/de#organization\"},\"alternateName\":\"+Mallorca\",\"potentialAction\":[{\"@type\":\"SearchAction\",\"target\":{\"@type\":\"EntryPoint\",\"urlTemplate\":\"https:\\\/\\\/www.masmallorca.es\\\/de?s={search_term_string}\"},\"query-input\":{\"@type\":\"PropertyValueSpecification\",\"valueRequired\":true,\"valueName\":\"search_term_string\"}}],\"inLanguage\":\"de\"},{\"@type\":\"Organization\",\"@id\":\"https:\\\/\\\/www.masmallorca.es\\\/de#organization\",\"name\":\"+Mallorca Magazin\",\"alternateName\":\"M\u00e1s Mallorca\",\"url\":\"https:\\\/\\\/www.masmallorca.es\\\/de\",\"logo\":{\"@type\":\"ImageObject\",\"inLanguage\":\"de\",\"@id\":\"https:\\\/\\\/www.masmallorca.es\\\/de#\\\/schema\\\/logo\\\/image\\\/\",\"url\":\"https:\\\/\\\/www.masmallorca.es\\\/wp-content\\\/uploads\\\/2021\\\/04\\\/logomallorca-1.png\",\"contentUrl\":\"https:\\\/\\\/www.masmallorca.es\\\/wp-content\\\/uploads\\\/2021\\\/04\\\/logomallorca-1.png\",\"width\":326,\"height\":84,\"caption\":\"+Mallorca Magazin\"},\"image\":{\"@id\":\"https:\\\/\\\/www.masmallorca.es\\\/de#\\\/schema\\\/logo\\\/image\\\/\"},\"sameAs\":[\"https:\\\/\\\/www.facebook.com\\\/mallorcamagazine\\\/\",\"https:\\\/\\\/x.com\\\/masmallorca\"]},{\"@type\":\"Person\",\"@id\":\"https:\\\/\\\/www.masmallorca.es\\\/de#\\\/schema\\\/person\\\/554c84e7dfd9917fdba2cace51081633\",\"name\":\"masmallorca\"}]}<\/script>\n<!-- \/ Yoast SEO plugin. -->","yoast_head_json":{"title":"Esglesia Nova de Son Servera \u2013 eine unvollendete Sch\u00f6nheit","description":"Die neugotische Iglesia Nueva (Esglesia Nova) de Son Servera ist Werk des Architekten Joan Rubi\u00f3, eines Sch\u00fclers und Mitarbeiters von Gaud\u00ed.","robots":{"index":"index","follow":"follow","max-snippet":"max-snippet:-1","max-image-preview":"max-image-preview:large","max-video-preview":"max-video-preview:-1"},"canonical":"https:\/\/www.masmallorca.es\/de\/reizvolle-orte\/esglesia-nova-de-son-servera-eine-unvollendete-schonheit.html","og_locale":"de_DE","og_type":"article","og_title":"Esglesia Nova de Son Servera \u2013 eine unvollendete Sch\u00f6nheit","og_description":"Die neugotische Iglesia Nueva (Esglesia Nova) de Son Servera ist Werk des Architekten Joan Rubi\u00f3, eines Sch\u00fclers und Mitarbeiters von Gaud\u00ed.","og_url":"https:\/\/www.masmallorca.es\/de\/reizvolle-orte\/esglesia-nova-de-son-servera-eine-unvollendete-schonheit.html","og_site_name":"+Mallorca: das Magazin aus Mallorca","article_publisher":"https:\/\/www.facebook.com\/mallorcamagazine\/","article_published_time":"2019-10-07T09:32:39+00:00","article_modified_time":"2019-10-07T09:52:54+00:00","og_image":[{"width":940,"height":627,"url":"https:\/\/www.masmallorca.es\/wp-content\/uploads\/2019\/10\/esglesia-nova-son-servera-1.jpg","type":"image\/jpeg"}],"author":"masmallorca","twitter_card":"summary_large_image","twitter_creator":"@masmallorca","twitter_site":"@masmallorca","twitter_misc":{"Verfasst von":"masmallorca","Gesch\u00e4tzte Lesezeit":"1\u00a0Minute"},"schema":{"@context":"https:\/\/schema.org","@graph":[{"@type":"Article","@id":"https:\/\/www.masmallorca.es\/de\/reizvolle-orte\/esglesia-nova-de-son-servera-eine-unvollendete-schonheit.html#article","isPartOf":{"@id":"https:\/\/www.masmallorca.es\/de\/reizvolle-orte\/esglesia-nova-de-son-servera-eine-unvollendete-schonheit.html"},"author":{"name":"masmallorca","@id":"https:\/\/www.masmallorca.es\/de#\/schema\/person\/554c84e7dfd9917fdba2cace51081633"},"headline":"Esglesia Nova de Son Servera \u2013 eine unvollendete Sch\u00f6nheit","datePublished":"2019-10-07T09:32:39+00:00","dateModified":"2019-10-07T09:52:54+00:00","mainEntityOfPage":{"@id":"https:\/\/www.masmallorca.es\/de\/reizvolle-orte\/esglesia-nova-de-son-servera-eine-unvollendete-schonheit.html"},"wordCount":258,"publisher":{"@id":"https:\/\/www.masmallorca.es\/de#organization"},"image":{"@id":"https:\/\/www.masmallorca.es\/de\/reizvolle-orte\/esglesia-nova-de-son-servera-eine-unvollendete-schonheit.html#primaryimage"},"thumbnailUrl":"https:\/\/www.masmallorca.es\/wp-content\/uploads\/2019\/10\/esglesia-nova-son-servera-1.jpg","articleSection":["Reizvolle orte"],"inLanguage":"de"},{"@type":"WebPage","@id":"https:\/\/www.masmallorca.es\/de\/reizvolle-orte\/esglesia-nova-de-son-servera-eine-unvollendete-schonheit.html","url":"https:\/\/www.masmallorca.es\/de\/reizvolle-orte\/esglesia-nova-de-son-servera-eine-unvollendete-schonheit.html","name":"Esglesia Nova de Son Servera \u2013 eine unvollendete Sch\u00f6nheit","isPartOf":{"@id":"https:\/\/www.masmallorca.es\/de#website"},"primaryImageOfPage":{"@id":"https:\/\/www.masmallorca.es\/de\/reizvolle-orte\/esglesia-nova-de-son-servera-eine-unvollendete-schonheit.html#primaryimage"},"image":{"@id":"https:\/\/www.masmallorca.es\/de\/reizvolle-orte\/esglesia-nova-de-son-servera-eine-unvollendete-schonheit.html#primaryimage"},"thumbnailUrl":"https:\/\/www.masmallorca.es\/wp-content\/uploads\/2019\/10\/esglesia-nova-son-servera-1.jpg","datePublished":"2019-10-07T09:32:39+00:00","dateModified":"2019-10-07T09:52:54+00:00","description":"Die neugotische Iglesia Nueva (Esglesia Nova) de Son Servera ist Werk des Architekten Joan Rubi\u00f3, eines Sch\u00fclers und Mitarbeiters von Gaud\u00ed.","breadcrumb":{"@id":"https:\/\/www.masmallorca.es\/de\/reizvolle-orte\/esglesia-nova-de-son-servera-eine-unvollendete-schonheit.html#breadcrumb"},"inLanguage":"de","potentialAction":[{"@type":"ReadAction","target":["https:\/\/www.masmallorca.es\/de\/reizvolle-orte\/esglesia-nova-de-son-servera-eine-unvollendete-schonheit.html"]}]},{"@type":"ImageObject","inLanguage":"de","@id":"https:\/\/www.masmallorca.es\/de\/reizvolle-orte\/esglesia-nova-de-son-servera-eine-unvollendete-schonheit.html#primaryimage","url":"https:\/\/www.masmallorca.es\/wp-content\/uploads\/2019\/10\/esglesia-nova-son-servera-1.jpg","contentUrl":"https:\/\/www.masmallorca.es\/wp-content\/uploads\/2019\/10\/esglesia-nova-son-servera-1.jpg","width":940,"height":627,"caption":"Esgl\u00e9sia Nova de Son Servera"},{"@type":"BreadcrumbList","@id":"https:\/\/www.masmallorca.es\/de\/reizvolle-orte\/esglesia-nova-de-son-servera-eine-unvollendete-schonheit.html#breadcrumb","itemListElement":[{"@type":"ListItem","position":1,"name":"Portada","item":"https:\/\/www.masmallorca.es\/de"},{"@type":"ListItem","position":2,"name":"Reizvolle orte","item":"https:\/\/www.masmallorca.es\/de\/reizvolle-orte"},{"@type":"ListItem","position":3,"name":"Esglesia Nova de Son Servera \u2013 eine unvollendete Sch\u00f6nheit"}]},{"@type":"WebSite","@id":"https:\/\/www.masmallorca.es\/de#website","url":"https:\/\/www.masmallorca.es\/de","name":"+Mallorca: la revista de Mallorca","description":"Mehr als Sonne und Strand..","publisher":{"@id":"https:\/\/www.masmallorca.es\/de#organization"},"alternateName":"+Mallorca","potentialAction":[{"@type":"SearchAction","target":{"@type":"EntryPoint","urlTemplate":"https:\/\/www.masmallorca.es\/de?s={search_term_string}"},"query-input":{"@type":"PropertyValueSpecification","valueRequired":true,"valueName":"search_term_string"}}],"inLanguage":"de"},{"@type":"Organization","@id":"https:\/\/www.masmallorca.es\/de#organization","name":"+Mallorca Magazin","alternateName":"M\u00e1s Mallorca","url":"https:\/\/www.masmallorca.es\/de","logo":{"@type":"ImageObject","inLanguage":"de","@id":"https:\/\/www.masmallorca.es\/de#\/schema\/logo\/image\/","url":"https:\/\/www.masmallorca.es\/wp-content\/uploads\/2021\/04\/logomallorca-1.png","contentUrl":"https:\/\/www.masmallorca.es\/wp-content\/uploads\/2021\/04\/logomallorca-1.png","width":326,"height":84,"caption":"+Mallorca Magazin"},"image":{"@id":"https:\/\/www.masmallorca.es\/de#\/schema\/logo\/image\/"},"sameAs":["https:\/\/www.facebook.com\/mallorcamagazine\/","https:\/\/x.com\/masmallorca"]},{"@type":"Person","@id":"https:\/\/www.masmallorca.es\/de#\/schema\/person\/554c84e7dfd9917fdba2cace51081633","name":"masmallorca"}]}},"_links":{"self":[{"href":"https:\/\/www.masmallorca.es\/de\/wp-json\/wp\/v2\/posts\/26010","targetHints":{"allow":["GET"]}}],"collection":[{"href":"https:\/\/www.masmallorca.es\/de\/wp-json\/wp\/v2\/posts"}],"about":[{"href":"https:\/\/www.masmallorca.es\/de\/wp-json\/wp\/v2\/types\/post"}],"author":[{"embeddable":true,"href":"https:\/\/www.masmallorca.es\/de\/wp-json\/wp\/v2\/users\/1"}],"replies":[{"embeddable":true,"href":"https:\/\/www.masmallorca.es\/de\/wp-json\/wp\/v2\/comments?post=26010"}],"version-history":[{"count":0,"href":"https:\/\/www.masmallorca.es\/de\/wp-json\/wp\/v2\/posts\/26010\/revisions"}],"wp:featuredmedia":[{"embeddable":true,"href":"https:\/\/www.masmallorca.es\/de\/wp-json\/wp\/v2\/media\/25977"}],"wp:attachment":[{"href":"https:\/\/www.masmallorca.es\/de\/wp-json\/wp\/v2\/media?parent=26010"}],"wp:term":[{"taxonomy":"category","embeddable":true,"href":"https:\/\/www.masmallorca.es\/de\/wp-json\/wp\/v2\/categories?post=26010"},{"taxonomy":"post_tag","embeddable":true,"href":"https:\/\/www.masmallorca.es\/de\/wp-json\/wp\/v2\/tags?post=26010"}],"curies":[{"name":"wp","href":"https:\/\/api.w.org\/{rel}","templated":true}]}}