{"id":21100,"date":"2018-02-22T19:30:45","date_gmt":"2018-02-22T18:30:45","guid":{"rendered":"https:\/\/www.masmallorca.es?p=21100"},"modified":"2018-02-27T13:04:12","modified_gmt":"2018-02-27T12:04:12","slug":"estudio-luliano-wo-seit-dem-15-jahrhundert-mallorcas-kultur-gefoerdert-wird","status":"publish","type":"post","link":"https:\/\/www.masmallorca.es\/de\/kultur\/estudio-luliano-wo-seit-dem-15-jahrhundert-mallorcas-kultur-gefoerdert-wird.html","title":{"rendered":"Estudio Luliano: Wo seit dem 15. Jahrhundert Mallorcas Kultur gef\u00f6rdert wird"},"content":{"rendered":"<p style=\"text-align: justify;\">In der Calle Sant Roc Nummer 4 von Palma blickt man auf eine <strong>lange kulturelle Tradition<\/strong> zur\u00fcck. Zahlreiche Institutionen, die mit dem Studio verbunden sind, hatten ihren Sitz in diesem Palast hinter der <a href=\"https:\/\/www.masmallorca.es\/cultura\/la-catedral-de-palma.html\">Kathedrale<\/a> der Stadt.<\/p>\n<p><!--more--><\/p>\n<p style=\"text-align: justify;\"><img loading=\"lazy\" decoding=\"async\" class=\"alignnone wp-image-21079 size-full\" style=\"float: left; margin: 20px 20px 50px 0px;\" title=\"Estudio Luliano: Wo seit dem 15. Jahrhundert Mallorcas Kultur gef\u00f6rdert wird\" src=\"https:\/\/www.masmallorca.es\/wp-content\/uploads\/2018\/02\/estudio-luliano-cultura-mallorca-arco.jpg\" alt=\"Estudio Luliano: Wo seit dem 15. Jahrhundert Mallorcas Kultur gef\u00f6rdert wird\" width=\"350\" height=\"555\" srcset=\"https:\/\/www.masmallorca.es\/wp-content\/uploads\/2018\/02\/estudio-luliano-cultura-mallorca-arco.jpg 350w, https:\/\/www.masmallorca.es\/wp-content\/uploads\/2018\/02\/estudio-luliano-cultura-mallorca-arco-189x300.jpg 189w\" sizes=\"(max-width: 350px) 100vw, 350px\" \/><\/p>\n<p>&nbsp;<\/p>\n<p style=\"text-align: justify;\">Ferdinand der Katholische gew\u00e4hrte auf Antrag der Jurats von Mallorca hin 1483 die Erlaubnis zur Errichtung einer h\u00f6heren Bildungseinrichtung: Der Real y Pontificia Universidad Literaria und der Universidad Luliana von Mallorca. Dort konnte man Theologie, Kunst, Jura und Medizin studieren, bis Ende des 18. Jahrhunderts eine Periode des Verfalls eintrat.<\/p>\n<p style=\"text-align: justify;\">Das 1950 als \u201eVertreter der kulturellen Entwicklung auf den Inseln und F\u00f6rderer der Wiedereinf\u00fchrung der universit\u00e4ren Bildung\u201c gegr\u00fcndete Patronat nahm die Fortf\u00fchrung der Gelehrsamkeit erneut in die Hand. So fanden bedeutsame Einrichtungen wie der Lehrstuhl Ram\u00f3n Llull hier seinen Sitz, welcher der Fakult\u00e4t f\u00fcr Philosophie und Sprachen der Universidad de Barcelona angeschlossen ist. Auch die Escuela de Turismo de Baleares und die Fernuniversit\u00e4t Universidad Nacional de Educaci\u00f3n a Distancia (UNED) erteilten in der Calle Sant Roc Unterricht.<\/p>\n<p style=\"text-align: justify;\">Bei einem Spaziergang hinter der Kathedrale von Palma sollte man sich dieses Kleinod, in dem seit dem 15. Jahrhundert der Wissensdurst vieler Studenten gestillt wird, also keinesfalls entgehen lassen.<\/p>\n<p><img loading=\"lazy\" decoding=\"async\" class=\"wp-image-21090 size-full aligncenter\" style=\"border: 0px none; float: right; border-width: 0px; margin: 0px 0px 40px 0px;\" title=\"Estudio Luliano: Wo seit dem 15. Jahrhundert Mallorcas Kultur gef\u00f6rdert wird\" src=\"https:\/\/www.masmallorca.es\/wp-content\/uploads\/2018\/02\/estudio-luliano-cultura-mallorca-fachada.jpg\" alt=\"Estudio Luliano: Wo seit dem 15. Jahrhundert Mallorcas Kultur gef\u00f6rdert wird\" width=\"940\" height=\"1219\" srcset=\"https:\/\/www.masmallorca.es\/wp-content\/uploads\/2018\/02\/estudio-luliano-cultura-mallorca-fachada.jpg 940w, https:\/\/www.masmallorca.es\/wp-content\/uploads\/2018\/02\/estudio-luliano-cultura-mallorca-fachada-231x300.jpg 231w, https:\/\/www.masmallorca.es\/wp-content\/uploads\/2018\/02\/estudio-luliano-cultura-mallorca-fachada-768x996.jpg 768w, https:\/\/www.masmallorca.es\/wp-content\/uploads\/2018\/02\/estudio-luliano-cultura-mallorca-fachada-790x1024.jpg 790w\" sizes=\"(max-width: 940px) 100vw, 940px\" \/><\/p>\n","protected":false},"excerpt":{"rendered":"<p>In der Calle Sant Roc Nummer 4 von Palma blickt man auf eine lange kulturelle Tradition zur\u00fcck. Zahlreiche Institutionen, die mit dem Studio verbunden sind, hatten ihren Sitz in diesem Palast hinter der Kathedrale der Stadt.<\/p>\n","protected":false},"author":1,"featured_media":21087,"comment_status":"closed","ping_status":"closed","sticky":false,"template":"","format":"standard","meta":{"_et_pb_use_builder":"","_et_pb_old_content":"","_et_gb_content_width":"","footnotes":""},"categories":[20],"tags":[],"class_list":["post-21100","post","type-post","status-publish","format-standard","has-post-thumbnail","hentry","category-kultur","et-has-post-format-content","et_post_format-et-post-format-standard"],"yoast_head":"<!-- This site is optimized with the Yoast SEO plugin v27.4 - https:\/\/yoast.com\/product\/yoast-seo-wordpress\/ -->\n<title>Estudio Luliano | +Mallorca, Mallorca Magazin<\/title>\n<meta name=\"description\" content=\"+Mallorca, Kultur: Estudio Luliano. In der Calle Sant Roc Nummer 4 von Palma blickt man auf eine lange kulturelle Tradition zur\u00fcck. Zahlreiche Institutionen, die mit dem Studio verbunden sind, hatten ihren Sitz in diesem Palast hinter der Kathedrale der Stadt. Balearen.\" \/>\n<meta name=\"robots\" content=\"index, follow, max-snippet:-1, max-image-preview:large, max-video-preview:-1\" \/>\n<link rel=\"canonical\" href=\"https:\/\/www.masmallorca.es\/de\/kultur\/estudio-luliano-wo-seit-dem-15-jahrhundert-mallorcas-kultur-gefoerdert-wird.html\" \/>\n<meta property=\"og:locale\" content=\"de_DE\" \/>\n<meta property=\"og:type\" content=\"article\" \/>\n<meta property=\"og:title\" content=\"Estudio Luliano | +Mallorca, Mallorca Magazin\" \/>\n<meta property=\"og:description\" content=\"+Mallorca, Kultur: Estudio Luliano. In der Calle Sant Roc Nummer 4 von Palma blickt man auf eine lange kulturelle Tradition zur\u00fcck. Zahlreiche Institutionen, die mit dem Studio verbunden sind, hatten ihren Sitz in diesem Palast hinter der Kathedrale der Stadt. Balearen.\" \/>\n<meta property=\"og:url\" content=\"https:\/\/www.masmallorca.es\/de\/kultur\/estudio-luliano-wo-seit-dem-15-jahrhundert-mallorcas-kultur-gefoerdert-wird.html\" \/>\n<meta property=\"og:site_name\" content=\"+Mallorca: das Magazin aus Mallorca\" \/>\n<meta property=\"article:publisher\" content=\"https:\/\/www.facebook.com\/mallorcamagazine\/\" \/>\n<meta property=\"article:published_time\" content=\"2018-02-22T18:30:45+00:00\" \/>\n<meta property=\"article:modified_time\" content=\"2018-02-27T12:04:12+00:00\" \/>\n<meta property=\"og:image\" content=\"https:\/\/www.masmallorca.es\/wp-content\/uploads\/2018\/02\/estudio-luliano-cultura-mallorca.jpg\" \/>\n\t<meta property=\"og:image:width\" content=\"940\" \/>\n\t<meta property=\"og:image:height\" content=\"555\" \/>\n\t<meta property=\"og:image:type\" content=\"image\/jpeg\" \/>\n<meta name=\"author\" content=\"masmallorca\" \/>\n<meta name=\"twitter:card\" content=\"summary_large_image\" \/>\n<meta name=\"twitter:creator\" content=\"@masmallorca\" \/>\n<meta name=\"twitter:site\" content=\"@masmallorca\" \/>\n<meta name=\"twitter:label1\" content=\"Verfasst von\" \/>\n\t<meta name=\"twitter:data1\" content=\"masmallorca\" \/>\n\t<meta name=\"twitter:label2\" content=\"Gesch\u00e4tzte Lesezeit\" \/>\n\t<meta name=\"twitter:data2\" content=\"1\u00a0Minute\" \/>\n<script type=\"application\/ld+json\" class=\"yoast-schema-graph\">{\"@context\":\"https:\\\/\\\/schema.org\",\"@graph\":[{\"@type\":\"Article\",\"@id\":\"https:\\\/\\\/www.masmallorca.es\\\/de\\\/kultur\\\/estudio-luliano-wo-seit-dem-15-jahrhundert-mallorcas-kultur-gefoerdert-wird.html#article\",\"isPartOf\":{\"@id\":\"https:\\\/\\\/www.masmallorca.es\\\/de\\\/kultur\\\/estudio-luliano-wo-seit-dem-15-jahrhundert-mallorcas-kultur-gefoerdert-wird.html\"},\"author\":{\"name\":\"masmallorca\",\"@id\":\"https:\\\/\\\/www.masmallorca.es\\\/de#\\\/schema\\\/person\\\/554c84e7dfd9917fdba2cace51081633\"},\"headline\":\"Estudio Luliano: Wo seit dem 15. Jahrhundert Mallorcas Kultur gef\u00f6rdert wird\",\"datePublished\":\"2018-02-22T18:30:45+00:00\",\"dateModified\":\"2018-02-27T12:04:12+00:00\",\"mainEntityOfPage\":{\"@id\":\"https:\\\/\\\/www.masmallorca.es\\\/de\\\/kultur\\\/estudio-luliano-wo-seit-dem-15-jahrhundert-mallorcas-kultur-gefoerdert-wird.html\"},\"wordCount\":212,\"publisher\":{\"@id\":\"https:\\\/\\\/www.masmallorca.es\\\/de#organization\"},\"image\":{\"@id\":\"https:\\\/\\\/www.masmallorca.es\\\/de\\\/kultur\\\/estudio-luliano-wo-seit-dem-15-jahrhundert-mallorcas-kultur-gefoerdert-wird.html#primaryimage\"},\"thumbnailUrl\":\"https:\\\/\\\/www.masmallorca.es\\\/wp-content\\\/uploads\\\/2018\\\/02\\\/estudio-luliano-cultura-mallorca.jpg\",\"articleSection\":[\"Kultur\"],\"inLanguage\":\"de\"},{\"@type\":\"WebPage\",\"@id\":\"https:\\\/\\\/www.masmallorca.es\\\/de\\\/kultur\\\/estudio-luliano-wo-seit-dem-15-jahrhundert-mallorcas-kultur-gefoerdert-wird.html\",\"url\":\"https:\\\/\\\/www.masmallorca.es\\\/de\\\/kultur\\\/estudio-luliano-wo-seit-dem-15-jahrhundert-mallorcas-kultur-gefoerdert-wird.html\",\"name\":\"Estudio Luliano | +Mallorca, Mallorca Magazin\",\"isPartOf\":{\"@id\":\"https:\\\/\\\/www.masmallorca.es\\\/de#website\"},\"primaryImageOfPage\":{\"@id\":\"https:\\\/\\\/www.masmallorca.es\\\/de\\\/kultur\\\/estudio-luliano-wo-seit-dem-15-jahrhundert-mallorcas-kultur-gefoerdert-wird.html#primaryimage\"},\"image\":{\"@id\":\"https:\\\/\\\/www.masmallorca.es\\\/de\\\/kultur\\\/estudio-luliano-wo-seit-dem-15-jahrhundert-mallorcas-kultur-gefoerdert-wird.html#primaryimage\"},\"thumbnailUrl\":\"https:\\\/\\\/www.masmallorca.es\\\/wp-content\\\/uploads\\\/2018\\\/02\\\/estudio-luliano-cultura-mallorca.jpg\",\"datePublished\":\"2018-02-22T18:30:45+00:00\",\"dateModified\":\"2018-02-27T12:04:12+00:00\",\"description\":\"+Mallorca, Kultur: Estudio Luliano. In der Calle Sant Roc Nummer 4 von Palma blickt man auf eine lange kulturelle Tradition zur\u00fcck. Zahlreiche Institutionen, die mit dem Studio verbunden sind, hatten ihren Sitz in diesem Palast hinter der Kathedrale der Stadt. Balearen.\",\"breadcrumb\":{\"@id\":\"https:\\\/\\\/www.masmallorca.es\\\/de\\\/kultur\\\/estudio-luliano-wo-seit-dem-15-jahrhundert-mallorcas-kultur-gefoerdert-wird.html#breadcrumb\"},\"inLanguage\":\"de\",\"potentialAction\":[{\"@type\":\"ReadAction\",\"target\":[\"https:\\\/\\\/www.masmallorca.es\\\/de\\\/kultur\\\/estudio-luliano-wo-seit-dem-15-jahrhundert-mallorcas-kultur-gefoerdert-wird.html\"]}]},{\"@type\":\"ImageObject\",\"inLanguage\":\"de\",\"@id\":\"https:\\\/\\\/www.masmallorca.es\\\/de\\\/kultur\\\/estudio-luliano-wo-seit-dem-15-jahrhundert-mallorcas-kultur-gefoerdert-wird.html#primaryimage\",\"url\":\"https:\\\/\\\/www.masmallorca.es\\\/wp-content\\\/uploads\\\/2018\\\/02\\\/estudio-luliano-cultura-mallorca.jpg\",\"contentUrl\":\"https:\\\/\\\/www.masmallorca.es\\\/wp-content\\\/uploads\\\/2018\\\/02\\\/estudio-luliano-cultura-mallorca.jpg\",\"width\":940,\"height\":555,\"caption\":\"Estudio Luliano: promoviendo la cultura en Mallorca\"},{\"@type\":\"BreadcrumbList\",\"@id\":\"https:\\\/\\\/www.masmallorca.es\\\/de\\\/kultur\\\/estudio-luliano-wo-seit-dem-15-jahrhundert-mallorcas-kultur-gefoerdert-wird.html#breadcrumb\",\"itemListElement\":[{\"@type\":\"ListItem\",\"position\":1,\"name\":\"Portada\",\"item\":\"https:\\\/\\\/www.masmallorca.es\\\/de\"},{\"@type\":\"ListItem\",\"position\":2,\"name\":\"Kultur\",\"item\":\"https:\\\/\\\/www.masmallorca.es\\\/de\\\/kultur\"},{\"@type\":\"ListItem\",\"position\":3,\"name\":\"Estudio Luliano: Wo seit dem 15. Jahrhundert Mallorcas Kultur gef\u00f6rdert wird\"}]},{\"@type\":\"WebSite\",\"@id\":\"https:\\\/\\\/www.masmallorca.es\\\/de#website\",\"url\":\"https:\\\/\\\/www.masmallorca.es\\\/de\",\"name\":\"+Mallorca: la revista de Mallorca\",\"description\":\"Mehr als Sonne und Strand..\",\"publisher\":{\"@id\":\"https:\\\/\\\/www.masmallorca.es\\\/de#organization\"},\"alternateName\":\"+Mallorca\",\"potentialAction\":[{\"@type\":\"SearchAction\",\"target\":{\"@type\":\"EntryPoint\",\"urlTemplate\":\"https:\\\/\\\/www.masmallorca.es\\\/de?s={search_term_string}\"},\"query-input\":{\"@type\":\"PropertyValueSpecification\",\"valueRequired\":true,\"valueName\":\"search_term_string\"}}],\"inLanguage\":\"de\"},{\"@type\":\"Organization\",\"@id\":\"https:\\\/\\\/www.masmallorca.es\\\/de#organization\",\"name\":\"+Mallorca Magazin\",\"alternateName\":\"M\u00e1s Mallorca\",\"url\":\"https:\\\/\\\/www.masmallorca.es\\\/de\",\"logo\":{\"@type\":\"ImageObject\",\"inLanguage\":\"de\",\"@id\":\"https:\\\/\\\/www.masmallorca.es\\\/de#\\\/schema\\\/logo\\\/image\\\/\",\"url\":\"https:\\\/\\\/www.masmallorca.es\\\/wp-content\\\/uploads\\\/2021\\\/04\\\/logomallorca-1.png\",\"contentUrl\":\"https:\\\/\\\/www.masmallorca.es\\\/wp-content\\\/uploads\\\/2021\\\/04\\\/logomallorca-1.png\",\"width\":326,\"height\":84,\"caption\":\"+Mallorca Magazin\"},\"image\":{\"@id\":\"https:\\\/\\\/www.masmallorca.es\\\/de#\\\/schema\\\/logo\\\/image\\\/\"},\"sameAs\":[\"https:\\\/\\\/www.facebook.com\\\/mallorcamagazine\\\/\",\"https:\\\/\\\/x.com\\\/masmallorca\"]},{\"@type\":\"Person\",\"@id\":\"https:\\\/\\\/www.masmallorca.es\\\/de#\\\/schema\\\/person\\\/554c84e7dfd9917fdba2cace51081633\",\"name\":\"masmallorca\"}]}<\/script>\n<!-- \/ Yoast SEO plugin. -->","yoast_head_json":{"title":"Estudio Luliano | +Mallorca, Mallorca Magazin","description":"+Mallorca, Kultur: Estudio Luliano. In der Calle Sant Roc Nummer 4 von Palma blickt man auf eine lange kulturelle Tradition zur\u00fcck. Zahlreiche Institutionen, die mit dem Studio verbunden sind, hatten ihren Sitz in diesem Palast hinter der Kathedrale der Stadt. Balearen.","robots":{"index":"index","follow":"follow","max-snippet":"max-snippet:-1","max-image-preview":"max-image-preview:large","max-video-preview":"max-video-preview:-1"},"canonical":"https:\/\/www.masmallorca.es\/de\/kultur\/estudio-luliano-wo-seit-dem-15-jahrhundert-mallorcas-kultur-gefoerdert-wird.html","og_locale":"de_DE","og_type":"article","og_title":"Estudio Luliano | +Mallorca, Mallorca Magazin","og_description":"+Mallorca, Kultur: Estudio Luliano. In der Calle Sant Roc Nummer 4 von Palma blickt man auf eine lange kulturelle Tradition zur\u00fcck. Zahlreiche Institutionen, die mit dem Studio verbunden sind, hatten ihren Sitz in diesem Palast hinter der Kathedrale der Stadt. Balearen.","og_url":"https:\/\/www.masmallorca.es\/de\/kultur\/estudio-luliano-wo-seit-dem-15-jahrhundert-mallorcas-kultur-gefoerdert-wird.html","og_site_name":"+Mallorca: das Magazin aus Mallorca","article_publisher":"https:\/\/www.facebook.com\/mallorcamagazine\/","article_published_time":"2018-02-22T18:30:45+00:00","article_modified_time":"2018-02-27T12:04:12+00:00","og_image":[{"width":940,"height":555,"url":"https:\/\/www.masmallorca.es\/wp-content\/uploads\/2018\/02\/estudio-luliano-cultura-mallorca.jpg","type":"image\/jpeg"}],"author":"masmallorca","twitter_card":"summary_large_image","twitter_creator":"@masmallorca","twitter_site":"@masmallorca","twitter_misc":{"Verfasst von":"masmallorca","Gesch\u00e4tzte Lesezeit":"1\u00a0Minute"},"schema":{"@context":"https:\/\/schema.org","@graph":[{"@type":"Article","@id":"https:\/\/www.masmallorca.es\/de\/kultur\/estudio-luliano-wo-seit-dem-15-jahrhundert-mallorcas-kultur-gefoerdert-wird.html#article","isPartOf":{"@id":"https:\/\/www.masmallorca.es\/de\/kultur\/estudio-luliano-wo-seit-dem-15-jahrhundert-mallorcas-kultur-gefoerdert-wird.html"},"author":{"name":"masmallorca","@id":"https:\/\/www.masmallorca.es\/de#\/schema\/person\/554c84e7dfd9917fdba2cace51081633"},"headline":"Estudio Luliano: Wo seit dem 15. Jahrhundert Mallorcas Kultur gef\u00f6rdert wird","datePublished":"2018-02-22T18:30:45+00:00","dateModified":"2018-02-27T12:04:12+00:00","mainEntityOfPage":{"@id":"https:\/\/www.masmallorca.es\/de\/kultur\/estudio-luliano-wo-seit-dem-15-jahrhundert-mallorcas-kultur-gefoerdert-wird.html"},"wordCount":212,"publisher":{"@id":"https:\/\/www.masmallorca.es\/de#organization"},"image":{"@id":"https:\/\/www.masmallorca.es\/de\/kultur\/estudio-luliano-wo-seit-dem-15-jahrhundert-mallorcas-kultur-gefoerdert-wird.html#primaryimage"},"thumbnailUrl":"https:\/\/www.masmallorca.es\/wp-content\/uploads\/2018\/02\/estudio-luliano-cultura-mallorca.jpg","articleSection":["Kultur"],"inLanguage":"de"},{"@type":"WebPage","@id":"https:\/\/www.masmallorca.es\/de\/kultur\/estudio-luliano-wo-seit-dem-15-jahrhundert-mallorcas-kultur-gefoerdert-wird.html","url":"https:\/\/www.masmallorca.es\/de\/kultur\/estudio-luliano-wo-seit-dem-15-jahrhundert-mallorcas-kultur-gefoerdert-wird.html","name":"Estudio Luliano | +Mallorca, Mallorca Magazin","isPartOf":{"@id":"https:\/\/www.masmallorca.es\/de#website"},"primaryImageOfPage":{"@id":"https:\/\/www.masmallorca.es\/de\/kultur\/estudio-luliano-wo-seit-dem-15-jahrhundert-mallorcas-kultur-gefoerdert-wird.html#primaryimage"},"image":{"@id":"https:\/\/www.masmallorca.es\/de\/kultur\/estudio-luliano-wo-seit-dem-15-jahrhundert-mallorcas-kultur-gefoerdert-wird.html#primaryimage"},"thumbnailUrl":"https:\/\/www.masmallorca.es\/wp-content\/uploads\/2018\/02\/estudio-luliano-cultura-mallorca.jpg","datePublished":"2018-02-22T18:30:45+00:00","dateModified":"2018-02-27T12:04:12+00:00","description":"+Mallorca, Kultur: Estudio Luliano. In der Calle Sant Roc Nummer 4 von Palma blickt man auf eine lange kulturelle Tradition zur\u00fcck. Zahlreiche Institutionen, die mit dem Studio verbunden sind, hatten ihren Sitz in diesem Palast hinter der Kathedrale der Stadt. Balearen.","breadcrumb":{"@id":"https:\/\/www.masmallorca.es\/de\/kultur\/estudio-luliano-wo-seit-dem-15-jahrhundert-mallorcas-kultur-gefoerdert-wird.html#breadcrumb"},"inLanguage":"de","potentialAction":[{"@type":"ReadAction","target":["https:\/\/www.masmallorca.es\/de\/kultur\/estudio-luliano-wo-seit-dem-15-jahrhundert-mallorcas-kultur-gefoerdert-wird.html"]}]},{"@type":"ImageObject","inLanguage":"de","@id":"https:\/\/www.masmallorca.es\/de\/kultur\/estudio-luliano-wo-seit-dem-15-jahrhundert-mallorcas-kultur-gefoerdert-wird.html#primaryimage","url":"https:\/\/www.masmallorca.es\/wp-content\/uploads\/2018\/02\/estudio-luliano-cultura-mallorca.jpg","contentUrl":"https:\/\/www.masmallorca.es\/wp-content\/uploads\/2018\/02\/estudio-luliano-cultura-mallorca.jpg","width":940,"height":555,"caption":"Estudio Luliano: promoviendo la cultura en Mallorca"},{"@type":"BreadcrumbList","@id":"https:\/\/www.masmallorca.es\/de\/kultur\/estudio-luliano-wo-seit-dem-15-jahrhundert-mallorcas-kultur-gefoerdert-wird.html#breadcrumb","itemListElement":[{"@type":"ListItem","position":1,"name":"Portada","item":"https:\/\/www.masmallorca.es\/de"},{"@type":"ListItem","position":2,"name":"Kultur","item":"https:\/\/www.masmallorca.es\/de\/kultur"},{"@type":"ListItem","position":3,"name":"Estudio Luliano: Wo seit dem 15. Jahrhundert Mallorcas Kultur gef\u00f6rdert wird"}]},{"@type":"WebSite","@id":"https:\/\/www.masmallorca.es\/de#website","url":"https:\/\/www.masmallorca.es\/de","name":"+Mallorca: la revista de Mallorca","description":"Mehr als Sonne und Strand..","publisher":{"@id":"https:\/\/www.masmallorca.es\/de#organization"},"alternateName":"+Mallorca","potentialAction":[{"@type":"SearchAction","target":{"@type":"EntryPoint","urlTemplate":"https:\/\/www.masmallorca.es\/de?s={search_term_string}"},"query-input":{"@type":"PropertyValueSpecification","valueRequired":true,"valueName":"search_term_string"}}],"inLanguage":"de"},{"@type":"Organization","@id":"https:\/\/www.masmallorca.es\/de#organization","name":"+Mallorca Magazin","alternateName":"M\u00e1s Mallorca","url":"https:\/\/www.masmallorca.es\/de","logo":{"@type":"ImageObject","inLanguage":"de","@id":"https:\/\/www.masmallorca.es\/de#\/schema\/logo\/image\/","url":"https:\/\/www.masmallorca.es\/wp-content\/uploads\/2021\/04\/logomallorca-1.png","contentUrl":"https:\/\/www.masmallorca.es\/wp-content\/uploads\/2021\/04\/logomallorca-1.png","width":326,"height":84,"caption":"+Mallorca Magazin"},"image":{"@id":"https:\/\/www.masmallorca.es\/de#\/schema\/logo\/image\/"},"sameAs":["https:\/\/www.facebook.com\/mallorcamagazine\/","https:\/\/x.com\/masmallorca"]},{"@type":"Person","@id":"https:\/\/www.masmallorca.es\/de#\/schema\/person\/554c84e7dfd9917fdba2cace51081633","name":"masmallorca"}]}},"_links":{"self":[{"href":"https:\/\/www.masmallorca.es\/de\/wp-json\/wp\/v2\/posts\/21100","targetHints":{"allow":["GET"]}}],"collection":[{"href":"https:\/\/www.masmallorca.es\/de\/wp-json\/wp\/v2\/posts"}],"about":[{"href":"https:\/\/www.masmallorca.es\/de\/wp-json\/wp\/v2\/types\/post"}],"author":[{"embeddable":true,"href":"https:\/\/www.masmallorca.es\/de\/wp-json\/wp\/v2\/users\/1"}],"replies":[{"embeddable":true,"href":"https:\/\/www.masmallorca.es\/de\/wp-json\/wp\/v2\/comments?post=21100"}],"version-history":[{"count":0,"href":"https:\/\/www.masmallorca.es\/de\/wp-json\/wp\/v2\/posts\/21100\/revisions"}],"wp:featuredmedia":[{"embeddable":true,"href":"https:\/\/www.masmallorca.es\/de\/wp-json\/wp\/v2\/media\/21087"}],"wp:attachment":[{"href":"https:\/\/www.masmallorca.es\/de\/wp-json\/wp\/v2\/media?parent=21100"}],"wp:term":[{"taxonomy":"category","embeddable":true,"href":"https:\/\/www.masmallorca.es\/de\/wp-json\/wp\/v2\/categories?post=21100"},{"taxonomy":"post_tag","embeddable":true,"href":"https:\/\/www.masmallorca.es\/de\/wp-json\/wp\/v2\/tags?post=21100"}],"curies":[{"name":"wp","href":"https:\/\/api.w.org\/{rel}","templated":true}]}}