{"id":15255,"date":"2017-02-03T17:58:49","date_gmt":"2017-02-03T16:58:49","guid":{"rendered":""},"modified":"2019-06-21T11:20:09","modified_gmt":"2019-06-21T09:20:09","slug":"mallorcas-glaskirche-el-arenal-porciuncula","status":"publish","type":"post","link":"https:\/\/www.masmallorca.es\/de\/kultur\/mallorcas-glaskirche-el-arenal-porciuncula.html","title":{"rendered":"Mallorcas \u201eGlaskirche\u201c, El Arenal, Porci\u00fancula"},"content":{"rendered":"<p style=\"text-align: justify;\"><img loading=\"lazy\" decoding=\"async\" class=\"alignright wp-image-15197 size-full\" style=\"border: 0px none; margin: 0px 20px; float: right;\" title=\"Mallorcas \u201eGlaskirche\u201c, El Arenal, Porci\u00fancula\" src=\"https:\/\/www.masmallorca.es\/wp-content\/uploads\/2017\/02\/iglesia-de-cristal-la-Porciuncula-cupula-mallorca-.jpg\" alt=\"Mallorcas \u201eGlaskirche\u201c, El Arenal, Porci\u00fancula\" width=\"150\" height=\"111\" \/>Die Iglesia de Cristal ist ein Bauwerk von \u00fcberw\u00e4ltigender Sch\u00f6nheit, das auf einem Ger\u00fcst aus Eisen und Zement errichtet wurde. Es st\u00fctzt die<strong> 39 Kirchenfenster<\/strong>, welche der Kirche eine mystische Aura verleihen. In den Fenstern werden die Natur und den Kosmos dargestellt, welche den Franziskanerorden pr\u00e4gen, sowie Bibelszenen.<\/p>\n<p><!--more--><\/p>\n<p style=\"text-align: justify;\">\n<p style=\"text-align: justify;\"><img loading=\"lazy\" decoding=\"async\" class=\"alignnone wp-image-15202 size-full\" style=\"border: 0px none; margin: 0px auto; display: block;\" title=\"Mallorcas \u201eGlaskirche\u201c, El Arenal, Porci\u00fancula\" src=\"https:\/\/www.masmallorca.es\/wp-content\/uploads\/2017\/02\/iglesia-de-cristal-la-Porciuncula-mallorca.jpg\" alt=\"Mallorcas \u201eGlaskirche\u201c, El Arenal, Porci\u00fancula\" width=\"540\" height=\"400\" srcset=\"https:\/\/www.masmallorca.es\/wp-content\/uploads\/2017\/02\/iglesia-de-cristal-la-Porciuncula-mallorca.jpg 540w, https:\/\/www.masmallorca.es\/wp-content\/uploads\/2017\/02\/iglesia-de-cristal-la-Porciuncula-mallorca-300x222.jpg 300w\" sizes=\"(max-width: 540px) 100vw, 540px\" \/><br \/>\nBesonders auff\u00e4llig ist der Kontrast zwischen dem Inneren und dem \u00c4u\u00dferen der Kirche. Er zieht sofort die Blicke der Besucher auf sich, da man von au\u00dfen das Licht- und Farbenspiel und die dadurch entstehende <strong>besondere Atmosph\u00e4re<\/strong> im Innern nicht wahrnimmt. Von au\u00dfen erscheint sie wie eine traditionelle Kirche, die haupts\u00e4chlich aus Zement besteht. Beim Betreten der Kirche hinterl\u00e4sst jedoch besonders das Farbenspiel einen bleibenden Eindruck bei den Besuchern.<\/p>\n<p><img loading=\"lazy\" decoding=\"async\" class=\"alignnone wp-image-15207 size-full\" style=\"border: 0px none; margin: 0px auto; display: block;\" title=\"Mallorcas \u201eGlaskirche\u201c, El Arenal, Porci\u00fancula\" src=\"https:\/\/www.masmallorca.es\/wp-content\/uploads\/2017\/02\/iglesia-de-cristal-la-Porciuncula-interior-mallorca.jpg\" alt=\"Mallorcas \u201eGlaskirche\u201c, El Arenal, Porci\u00fancula\" width=\"540\" height=\"228\" srcset=\"https:\/\/www.masmallorca.es\/wp-content\/uploads\/2017\/02\/iglesia-de-cristal-la-Porciuncula-interior-mallorca.jpg 540w, https:\/\/www.masmallorca.es\/wp-content\/uploads\/2017\/02\/iglesia-de-cristal-la-Porciuncula-interior-mallorca-300x127.jpg 300w\" sizes=\"(max-width: 540px) 100vw, 540px\" \/><\/p>\n<p style=\"text-align: justify;\">Zug\u00e4nglich ist die Kirche von <a title=\"La Porci\u00fancula in El Arenal \" href=\"https:\/\/www.google.es\/maps\/dir\/''\/porci\u00fancula+google\/@39.5194185,2.6803711,12z\/data=!3m1!4b1!4m8!4m7!1m0!1m5!1m1!1s0x129796688aa44909:0x6c3c71a2fe1d3f3f!2m2!1d2.7504111!2d39.5194395\" target=\"_blank\" rel=\"noopener noreferrer\">La Porci\u00fancula in El Arenal <\/a>aus. Die an der Museumsrezeption erh\u00e4ltlichen Eintrittskarten sind f\u00fcr einen Besuch der Kirche, eine Ausstellung \u00fcber den Tourismus auf der Insel sowie die Besichtigung f\u00fcnf weiterer Orte auf der Insel wie die Kl\u00f6ster\u00a0<a title=\"Santuario de Cura\" href=\"https:\/\/www.masmallorca.es\/de\/mallorca\/excursiones\/cura-2.html\" target=\"_blank\" rel=\"noopener noreferrer\">Santuario de Cura<\/a> und El Monasterio de la Real g\u00fcltig.<\/p>\n<p style=\"text-align: justify;\"><img loading=\"lazy\" decoding=\"async\" class=\"alignnone wp-image-15245\" style=\"border: 0px none; margin: 0px auto; display: block;\" title=\"Mallorcas \u201eGlaskirche\u201c, El Arenal, Porci\u00fancula\" src=\"https:\/\/www.masmallorca.es\/wp-content\/uploads\/2017\/02\/iglesia-de-cristal-la-Porciuncula-cupula-mallorca.jpg\" alt=\"Mallorcas \u201eGlaskirche\u201c, El Arenal, Porci\u00fancula\" width=\"940\" height=\"696\" srcset=\"https:\/\/www.masmallorca.es\/wp-content\/uploads\/2017\/02\/iglesia-de-cristal-la-Porciuncula-cupula-mallorca.jpg 540w, https:\/\/www.masmallorca.es\/wp-content\/uploads\/2017\/02\/iglesia-de-cristal-la-Porciuncula-cupula-mallorca-300x222.jpg 300w\" sizes=\"(max-width: 940px) 100vw, 940px\" \/><br \/>\n<img loading=\"lazy\" decoding=\"async\" class=\"alignnone wp-image-15250\" style=\"border: 0px none; margin: 0px auto; display: block;\" title=\"Mallorcas \u201eGlaskirche\u201c, El Arenal, Porci\u00fancula\" src=\"https:\/\/www.masmallorca.es\/wp-content\/uploads\/2017\/02\/iglesia-de-cristal-la-Porciuncula-cupula-mallorca-2.jpg\" alt=\"Mallorcas \u201eGlaskirche\u201c, El Arenal, Porci\u00fancula\" width=\"940\" height=\"696\" srcset=\"https:\/\/www.masmallorca.es\/wp-content\/uploads\/2017\/02\/iglesia-de-cristal-la-Porciuncula-cupula-mallorca-2.jpg 540w, https:\/\/www.masmallorca.es\/wp-content\/uploads\/2017\/02\/iglesia-de-cristal-la-Porciuncula-cupula-mallorca-2-300x222.jpg 300w\" sizes=\"(max-width: 940px) 100vw, 940px\" \/><\/p>\n","protected":false},"excerpt":{"rendered":"<p>Die Iglesia de Cristal ist ein Bauwerk von \u00fcberw\u00e4ltigender Sch\u00f6nheit, das auf einem Ger\u00fcst aus Eisen und Zement errichtet wurde. Es st\u00fctzt die 39 Kirchenfenster, welche der Kirche eine mystische Aura verleihen. In den Fenstern werden die Natur und den Kosmos dargestellt, welche den Franziskanerorden pr\u00e4gen, sowie Bibelszenen.<\/p>\n","protected":false},"author":1,"featured_media":15248,"comment_status":"closed","ping_status":"closed","sticky":false,"template":"","format":"standard","meta":{"_et_pb_use_builder":"","_et_pb_old_content":"","_et_gb_content_width":"","footnotes":""},"categories":[20],"tags":[],"class_list":["post-15255","post","type-post","status-publish","format-standard","has-post-thumbnail","hentry","category-kultur","et-has-post-format-content","et_post_format-et-post-format-standard"],"yoast_head":"<!-- This site is optimized with the Yoast SEO plugin v27.4 - https:\/\/yoast.com\/product\/yoast-seo-wordpress\/ -->\n<title>Mallorcas \u201eGlaskirche\u201c, El Arenal, Porci\u00fancula | +Mallorca Magazin<\/title>\n<meta name=\"description\" content=\"Die Iglesia de Cristal ist ein Bauwerk von \u00fcberw\u00e4ltigender Sch\u00f6nheit, das auf einem Ger\u00fcst aus Eisen und Zement errichtet wurde. Glaskirche...\" \/>\n<meta name=\"robots\" content=\"index, follow, max-snippet:-1, max-image-preview:large, max-video-preview:-1\" \/>\n<link rel=\"canonical\" href=\"https:\/\/www.masmallorca.es\/de\/kultur\/mallorcas-glaskirche-el-arenal-porciuncula.html\" \/>\n<meta property=\"og:locale\" content=\"de_DE\" \/>\n<meta property=\"og:type\" content=\"article\" \/>\n<meta property=\"og:title\" content=\"Mallorcas \u201eGlaskirche\u201c, El Arenal, Porci\u00fancula | +Mallorca Magazin\" \/>\n<meta property=\"og:description\" content=\"Die Iglesia de Cristal ist ein Bauwerk von \u00fcberw\u00e4ltigender Sch\u00f6nheit, das auf einem Ger\u00fcst aus Eisen und Zement errichtet wurde. Glaskirche...\" \/>\n<meta property=\"og:url\" content=\"https:\/\/www.masmallorca.es\/de\/kultur\/mallorcas-glaskirche-el-arenal-porciuncula.html\" \/>\n<meta property=\"og:site_name\" content=\"+Mallorca: das Magazin aus Mallorca\" \/>\n<meta property=\"article:publisher\" content=\"https:\/\/www.facebook.com\/mallorcamagazine\/\" \/>\n<meta property=\"article:published_time\" content=\"2017-02-03T16:58:49+00:00\" \/>\n<meta property=\"article:modified_time\" content=\"2019-06-21T09:20:09+00:00\" \/>\n<meta property=\"og:image\" content=\"https:\/\/www.masmallorca.es\/wp-content\/uploads\/2017\/02\/iglesia-de-cristal-la-Porciuncula-cupula-mallorca.jpg\" \/>\n\t<meta property=\"og:image:width\" content=\"540\" \/>\n\t<meta property=\"og:image:height\" content=\"400\" \/>\n\t<meta property=\"og:image:type\" content=\"image\/jpeg\" \/>\n<meta name=\"author\" content=\"masmallorca\" \/>\n<meta name=\"twitter:card\" content=\"summary_large_image\" \/>\n<meta name=\"twitter:creator\" content=\"@masmallorca\" \/>\n<meta name=\"twitter:site\" content=\"@masmallorca\" \/>\n<meta name=\"twitter:label1\" content=\"Verfasst von\" \/>\n\t<meta name=\"twitter:data1\" content=\"masmallorca\" \/>\n\t<meta name=\"twitter:label2\" content=\"Gesch\u00e4tzte Lesezeit\" \/>\n\t<meta name=\"twitter:data2\" content=\"1\u00a0Minute\" \/>\n<script type=\"application\/ld+json\" class=\"yoast-schema-graph\">{\"@context\":\"https:\\\/\\\/schema.org\",\"@graph\":[{\"@type\":\"Article\",\"@id\":\"https:\\\/\\\/www.masmallorca.es\\\/de\\\/kultur\\\/mallorcas-glaskirche-el-arenal-porciuncula.html#article\",\"isPartOf\":{\"@id\":\"https:\\\/\\\/www.masmallorca.es\\\/de\\\/kultur\\\/mallorcas-glaskirche-el-arenal-porciuncula.html\"},\"author\":{\"name\":\"masmallorca\",\"@id\":\"https:\\\/\\\/www.masmallorca.es\\\/de#\\\/schema\\\/person\\\/554c84e7dfd9917fdba2cace51081633\"},\"headline\":\"Mallorcas \u201eGlaskirche\u201c, El Arenal, Porci\u00fancula\",\"datePublished\":\"2017-02-03T16:58:49+00:00\",\"dateModified\":\"2019-06-21T09:20:09+00:00\",\"mainEntityOfPage\":{\"@id\":\"https:\\\/\\\/www.masmallorca.es\\\/de\\\/kultur\\\/mallorcas-glaskirche-el-arenal-porciuncula.html\"},\"wordCount\":193,\"publisher\":{\"@id\":\"https:\\\/\\\/www.masmallorca.es\\\/de#organization\"},\"image\":{\"@id\":\"https:\\\/\\\/www.masmallorca.es\\\/de\\\/kultur\\\/mallorcas-glaskirche-el-arenal-porciuncula.html#primaryimage\"},\"thumbnailUrl\":\"https:\\\/\\\/www.masmallorca.es\\\/wp-content\\\/uploads\\\/2017\\\/02\\\/iglesia-de-cristal-la-Porciuncula-cupula-mallorca.jpg\",\"articleSection\":[\"Kultur\"],\"inLanguage\":\"de\"},{\"@type\":\"WebPage\",\"@id\":\"https:\\\/\\\/www.masmallorca.es\\\/de\\\/kultur\\\/mallorcas-glaskirche-el-arenal-porciuncula.html\",\"url\":\"https:\\\/\\\/www.masmallorca.es\\\/de\\\/kultur\\\/mallorcas-glaskirche-el-arenal-porciuncula.html\",\"name\":\"Mallorcas \u201eGlaskirche\u201c, El Arenal, Porci\u00fancula | +Mallorca Magazin\",\"isPartOf\":{\"@id\":\"https:\\\/\\\/www.masmallorca.es\\\/de#website\"},\"primaryImageOfPage\":{\"@id\":\"https:\\\/\\\/www.masmallorca.es\\\/de\\\/kultur\\\/mallorcas-glaskirche-el-arenal-porciuncula.html#primaryimage\"},\"image\":{\"@id\":\"https:\\\/\\\/www.masmallorca.es\\\/de\\\/kultur\\\/mallorcas-glaskirche-el-arenal-porciuncula.html#primaryimage\"},\"thumbnailUrl\":\"https:\\\/\\\/www.masmallorca.es\\\/wp-content\\\/uploads\\\/2017\\\/02\\\/iglesia-de-cristal-la-Porciuncula-cupula-mallorca.jpg\",\"datePublished\":\"2017-02-03T16:58:49+00:00\",\"dateModified\":\"2019-06-21T09:20:09+00:00\",\"description\":\"Die Iglesia de Cristal ist ein Bauwerk von \u00fcberw\u00e4ltigender Sch\u00f6nheit, das auf einem Ger\u00fcst aus Eisen und Zement errichtet wurde. Glaskirche...\",\"breadcrumb\":{\"@id\":\"https:\\\/\\\/www.masmallorca.es\\\/de\\\/kultur\\\/mallorcas-glaskirche-el-arenal-porciuncula.html#breadcrumb\"},\"inLanguage\":\"de\",\"potentialAction\":[{\"@type\":\"ReadAction\",\"target\":[\"https:\\\/\\\/www.masmallorca.es\\\/de\\\/kultur\\\/mallorcas-glaskirche-el-arenal-porciuncula.html\"]}]},{\"@type\":\"ImageObject\",\"inLanguage\":\"de\",\"@id\":\"https:\\\/\\\/www.masmallorca.es\\\/de\\\/kultur\\\/mallorcas-glaskirche-el-arenal-porciuncula.html#primaryimage\",\"url\":\"https:\\\/\\\/www.masmallorca.es\\\/wp-content\\\/uploads\\\/2017\\\/02\\\/iglesia-de-cristal-la-Porciuncula-cupula-mallorca.jpg\",\"contentUrl\":\"https:\\\/\\\/www.masmallorca.es\\\/wp-content\\\/uploads\\\/2017\\\/02\\\/iglesia-de-cristal-la-Porciuncula-cupula-mallorca.jpg\",\"width\":540,\"height\":400},{\"@type\":\"BreadcrumbList\",\"@id\":\"https:\\\/\\\/www.masmallorca.es\\\/de\\\/kultur\\\/mallorcas-glaskirche-el-arenal-porciuncula.html#breadcrumb\",\"itemListElement\":[{\"@type\":\"ListItem\",\"position\":1,\"name\":\"Portada\",\"item\":\"https:\\\/\\\/www.masmallorca.es\\\/de\"},{\"@type\":\"ListItem\",\"position\":2,\"name\":\"Kultur\",\"item\":\"https:\\\/\\\/www.masmallorca.es\\\/de\\\/kultur\"},{\"@type\":\"ListItem\",\"position\":3,\"name\":\"Mallorcas \u201eGlaskirche\u201c, El Arenal, Porci\u00fancula\"}]},{\"@type\":\"WebSite\",\"@id\":\"https:\\\/\\\/www.masmallorca.es\\\/de#website\",\"url\":\"https:\\\/\\\/www.masmallorca.es\\\/de\",\"name\":\"+Mallorca: la revista de Mallorca\",\"description\":\"Mehr als Sonne und Strand..\",\"publisher\":{\"@id\":\"https:\\\/\\\/www.masmallorca.es\\\/de#organization\"},\"alternateName\":\"+Mallorca\",\"potentialAction\":[{\"@type\":\"SearchAction\",\"target\":{\"@type\":\"EntryPoint\",\"urlTemplate\":\"https:\\\/\\\/www.masmallorca.es\\\/de?s={search_term_string}\"},\"query-input\":{\"@type\":\"PropertyValueSpecification\",\"valueRequired\":true,\"valueName\":\"search_term_string\"}}],\"inLanguage\":\"de\"},{\"@type\":\"Organization\",\"@id\":\"https:\\\/\\\/www.masmallorca.es\\\/de#organization\",\"name\":\"+Mallorca Magazin\",\"alternateName\":\"M\u00e1s Mallorca\",\"url\":\"https:\\\/\\\/www.masmallorca.es\\\/de\",\"logo\":{\"@type\":\"ImageObject\",\"inLanguage\":\"de\",\"@id\":\"https:\\\/\\\/www.masmallorca.es\\\/de#\\\/schema\\\/logo\\\/image\\\/\",\"url\":\"https:\\\/\\\/www.masmallorca.es\\\/wp-content\\\/uploads\\\/2021\\\/04\\\/logomallorca-1.png\",\"contentUrl\":\"https:\\\/\\\/www.masmallorca.es\\\/wp-content\\\/uploads\\\/2021\\\/04\\\/logomallorca-1.png\",\"width\":326,\"height\":84,\"caption\":\"+Mallorca Magazin\"},\"image\":{\"@id\":\"https:\\\/\\\/www.masmallorca.es\\\/de#\\\/schema\\\/logo\\\/image\\\/\"},\"sameAs\":[\"https:\\\/\\\/www.facebook.com\\\/mallorcamagazine\\\/\",\"https:\\\/\\\/x.com\\\/masmallorca\"]},{\"@type\":\"Person\",\"@id\":\"https:\\\/\\\/www.masmallorca.es\\\/de#\\\/schema\\\/person\\\/554c84e7dfd9917fdba2cace51081633\",\"name\":\"masmallorca\"}]}<\/script>\n<!-- \/ Yoast SEO plugin. -->","yoast_head_json":{"title":"Mallorcas \u201eGlaskirche\u201c, El Arenal, Porci\u00fancula | +Mallorca Magazin","description":"Die Iglesia de Cristal ist ein Bauwerk von \u00fcberw\u00e4ltigender Sch\u00f6nheit, das auf einem Ger\u00fcst aus Eisen und Zement errichtet wurde. Glaskirche...","robots":{"index":"index","follow":"follow","max-snippet":"max-snippet:-1","max-image-preview":"max-image-preview:large","max-video-preview":"max-video-preview:-1"},"canonical":"https:\/\/www.masmallorca.es\/de\/kultur\/mallorcas-glaskirche-el-arenal-porciuncula.html","og_locale":"de_DE","og_type":"article","og_title":"Mallorcas \u201eGlaskirche\u201c, El Arenal, Porci\u00fancula | +Mallorca Magazin","og_description":"Die Iglesia de Cristal ist ein Bauwerk von \u00fcberw\u00e4ltigender Sch\u00f6nheit, das auf einem Ger\u00fcst aus Eisen und Zement errichtet wurde. Glaskirche...","og_url":"https:\/\/www.masmallorca.es\/de\/kultur\/mallorcas-glaskirche-el-arenal-porciuncula.html","og_site_name":"+Mallorca: das Magazin aus Mallorca","article_publisher":"https:\/\/www.facebook.com\/mallorcamagazine\/","article_published_time":"2017-02-03T16:58:49+00:00","article_modified_time":"2019-06-21T09:20:09+00:00","og_image":[{"width":540,"height":400,"url":"https:\/\/www.masmallorca.es\/wp-content\/uploads\/2017\/02\/iglesia-de-cristal-la-Porciuncula-cupula-mallorca.jpg","type":"image\/jpeg"}],"author":"masmallorca","twitter_card":"summary_large_image","twitter_creator":"@masmallorca","twitter_site":"@masmallorca","twitter_misc":{"Verfasst von":"masmallorca","Gesch\u00e4tzte Lesezeit":"1\u00a0Minute"},"schema":{"@context":"https:\/\/schema.org","@graph":[{"@type":"Article","@id":"https:\/\/www.masmallorca.es\/de\/kultur\/mallorcas-glaskirche-el-arenal-porciuncula.html#article","isPartOf":{"@id":"https:\/\/www.masmallorca.es\/de\/kultur\/mallorcas-glaskirche-el-arenal-porciuncula.html"},"author":{"name":"masmallorca","@id":"https:\/\/www.masmallorca.es\/de#\/schema\/person\/554c84e7dfd9917fdba2cace51081633"},"headline":"Mallorcas \u201eGlaskirche\u201c, El Arenal, Porci\u00fancula","datePublished":"2017-02-03T16:58:49+00:00","dateModified":"2019-06-21T09:20:09+00:00","mainEntityOfPage":{"@id":"https:\/\/www.masmallorca.es\/de\/kultur\/mallorcas-glaskirche-el-arenal-porciuncula.html"},"wordCount":193,"publisher":{"@id":"https:\/\/www.masmallorca.es\/de#organization"},"image":{"@id":"https:\/\/www.masmallorca.es\/de\/kultur\/mallorcas-glaskirche-el-arenal-porciuncula.html#primaryimage"},"thumbnailUrl":"https:\/\/www.masmallorca.es\/wp-content\/uploads\/2017\/02\/iglesia-de-cristal-la-Porciuncula-cupula-mallorca.jpg","articleSection":["Kultur"],"inLanguage":"de"},{"@type":"WebPage","@id":"https:\/\/www.masmallorca.es\/de\/kultur\/mallorcas-glaskirche-el-arenal-porciuncula.html","url":"https:\/\/www.masmallorca.es\/de\/kultur\/mallorcas-glaskirche-el-arenal-porciuncula.html","name":"Mallorcas \u201eGlaskirche\u201c, El Arenal, Porci\u00fancula | +Mallorca Magazin","isPartOf":{"@id":"https:\/\/www.masmallorca.es\/de#website"},"primaryImageOfPage":{"@id":"https:\/\/www.masmallorca.es\/de\/kultur\/mallorcas-glaskirche-el-arenal-porciuncula.html#primaryimage"},"image":{"@id":"https:\/\/www.masmallorca.es\/de\/kultur\/mallorcas-glaskirche-el-arenal-porciuncula.html#primaryimage"},"thumbnailUrl":"https:\/\/www.masmallorca.es\/wp-content\/uploads\/2017\/02\/iglesia-de-cristal-la-Porciuncula-cupula-mallorca.jpg","datePublished":"2017-02-03T16:58:49+00:00","dateModified":"2019-06-21T09:20:09+00:00","description":"Die Iglesia de Cristal ist ein Bauwerk von \u00fcberw\u00e4ltigender Sch\u00f6nheit, das auf einem Ger\u00fcst aus Eisen und Zement errichtet wurde. Glaskirche...","breadcrumb":{"@id":"https:\/\/www.masmallorca.es\/de\/kultur\/mallorcas-glaskirche-el-arenal-porciuncula.html#breadcrumb"},"inLanguage":"de","potentialAction":[{"@type":"ReadAction","target":["https:\/\/www.masmallorca.es\/de\/kultur\/mallorcas-glaskirche-el-arenal-porciuncula.html"]}]},{"@type":"ImageObject","inLanguage":"de","@id":"https:\/\/www.masmallorca.es\/de\/kultur\/mallorcas-glaskirche-el-arenal-porciuncula.html#primaryimage","url":"https:\/\/www.masmallorca.es\/wp-content\/uploads\/2017\/02\/iglesia-de-cristal-la-Porciuncula-cupula-mallorca.jpg","contentUrl":"https:\/\/www.masmallorca.es\/wp-content\/uploads\/2017\/02\/iglesia-de-cristal-la-Porciuncula-cupula-mallorca.jpg","width":540,"height":400},{"@type":"BreadcrumbList","@id":"https:\/\/www.masmallorca.es\/de\/kultur\/mallorcas-glaskirche-el-arenal-porciuncula.html#breadcrumb","itemListElement":[{"@type":"ListItem","position":1,"name":"Portada","item":"https:\/\/www.masmallorca.es\/de"},{"@type":"ListItem","position":2,"name":"Kultur","item":"https:\/\/www.masmallorca.es\/de\/kultur"},{"@type":"ListItem","position":3,"name":"Mallorcas \u201eGlaskirche\u201c, El Arenal, Porci\u00fancula"}]},{"@type":"WebSite","@id":"https:\/\/www.masmallorca.es\/de#website","url":"https:\/\/www.masmallorca.es\/de","name":"+Mallorca: la revista de Mallorca","description":"Mehr als Sonne und Strand..","publisher":{"@id":"https:\/\/www.masmallorca.es\/de#organization"},"alternateName":"+Mallorca","potentialAction":[{"@type":"SearchAction","target":{"@type":"EntryPoint","urlTemplate":"https:\/\/www.masmallorca.es\/de?s={search_term_string}"},"query-input":{"@type":"PropertyValueSpecification","valueRequired":true,"valueName":"search_term_string"}}],"inLanguage":"de"},{"@type":"Organization","@id":"https:\/\/www.masmallorca.es\/de#organization","name":"+Mallorca Magazin","alternateName":"M\u00e1s Mallorca","url":"https:\/\/www.masmallorca.es\/de","logo":{"@type":"ImageObject","inLanguage":"de","@id":"https:\/\/www.masmallorca.es\/de#\/schema\/logo\/image\/","url":"https:\/\/www.masmallorca.es\/wp-content\/uploads\/2021\/04\/logomallorca-1.png","contentUrl":"https:\/\/www.masmallorca.es\/wp-content\/uploads\/2021\/04\/logomallorca-1.png","width":326,"height":84,"caption":"+Mallorca Magazin"},"image":{"@id":"https:\/\/www.masmallorca.es\/de#\/schema\/logo\/image\/"},"sameAs":["https:\/\/www.facebook.com\/mallorcamagazine\/","https:\/\/x.com\/masmallorca"]},{"@type":"Person","@id":"https:\/\/www.masmallorca.es\/de#\/schema\/person\/554c84e7dfd9917fdba2cace51081633","name":"masmallorca"}]}},"_links":{"self":[{"href":"https:\/\/www.masmallorca.es\/de\/wp-json\/wp\/v2\/posts\/15255","targetHints":{"allow":["GET"]}}],"collection":[{"href":"https:\/\/www.masmallorca.es\/de\/wp-json\/wp\/v2\/posts"}],"about":[{"href":"https:\/\/www.masmallorca.es\/de\/wp-json\/wp\/v2\/types\/post"}],"author":[{"embeddable":true,"href":"https:\/\/www.masmallorca.es\/de\/wp-json\/wp\/v2\/users\/1"}],"replies":[{"embeddable":true,"href":"https:\/\/www.masmallorca.es\/de\/wp-json\/wp\/v2\/comments?post=15255"}],"version-history":[{"count":0,"href":"https:\/\/www.masmallorca.es\/de\/wp-json\/wp\/v2\/posts\/15255\/revisions"}],"wp:featuredmedia":[{"embeddable":true,"href":"https:\/\/www.masmallorca.es\/de\/wp-json\/wp\/v2\/media\/15248"}],"wp:attachment":[{"href":"https:\/\/www.masmallorca.es\/de\/wp-json\/wp\/v2\/media?parent=15255"}],"wp:term":[{"taxonomy":"category","embeddable":true,"href":"https:\/\/www.masmallorca.es\/de\/wp-json\/wp\/v2\/categories?post=15255"},{"taxonomy":"post_tag","embeddable":true,"href":"https:\/\/www.masmallorca.es\/de\/wp-json\/wp\/v2\/tags?post=15255"}],"curies":[{"name":"wp","href":"https:\/\/api.w.org\/{rel}","templated":true}]}}