{"id":13810,"date":"2016-02-03T17:24:23","date_gmt":"2016-02-03T16:24:23","guid":{"rendered":"http:\/\/&nbsp;"},"modified":"2018-09-11T13:07:59","modified_gmt":"2018-09-11T11:07:59","slug":"kulturziel-mallorca","status":"publish","type":"post","link":"https:\/\/www.masmallorca.es\/de\/kultur\/kulturziel-mallorca.html","title":{"rendered":"Kulturziel Mallorca"},"content":{"rendered":"<p style=\"text-align: justify;\"><span style=\"text-align: justify;\"><img loading=\"lazy\" decoding=\"async\" class=\"alignright wp-image-13772 size-full\" style=\"border: 0px none; margin: 0px 20px 20px; float: right;\" title=\"Kulturziel Mallorca\" src=\"https:\/\/www.masmallorca.es\/wp-content\/uploads\/2016\/02\/mallorca-destino-cultural.jpg\" alt=\"Kulturziel Mallorca\" width=\"150\" height=\"105\" \/>Mallorca hat<strong> viel mehr zu bieten<\/strong> als nur Sonne und Strand. Die Insel h\u00e4lt auch ein breit gef\u00e4chertes und umfangreiches Kulturprogramm f\u00fcr ihre Besucher bereit.<\/span><strong><\/p>\n<p><span style=\"text-align: justify;\"><br \/>\n<\/span><\/strong><\/p>\n<p><!--more--><\/p>\n<p style=\"text-align: justify;\"><strong><span style=\"text-align: justify;\"><img loading=\"lazy\" decoding=\"async\" class=\"alignnone wp-image-13777 size-full\" style=\"border: 0px none; margin: 0px auto; display: block;\" title=\"Kulturziel Mallorca. Catedral de Mallorca. La Seu.\" src=\"https:\/\/www.masmallorca.es\/wp-content\/uploads\/2016\/02\/mallorca-destino-cultural-1.jpg\" alt=\"Kulturziel Mallorca\" width=\"540\" height=\"340\" srcset=\"https:\/\/www.masmallorca.es\/wp-content\/uploads\/2016\/02\/mallorca-destino-cultural-1.jpg 540w, https:\/\/www.masmallorca.es\/wp-content\/uploads\/2016\/02\/mallorca-destino-cultural-1-300x189.jpg 300w\" sizes=\"(max-width: 540px) 100vw, 540px\" \/><\/span><\/strong><br \/>\nWer sich f\u00fcr das <strong>historische Erbe<\/strong> interessiert, dem seien die architektonischen Juwelen im Stadtzentrum Palmas empfohlen, die den Besucher auf eine Reise in die Vergangenheit schicken. F\u00fcr Kunstliebhaber stehen einige interessante Ausstellungen auf dem Programm.<\/p>\n<p style=\"text-align: justify;\"><strong><span style=\"text-align: justify;\"><img loading=\"lazy\" decoding=\"async\" class=\"alignnone wp-image-13805 size-full\" style=\"border: 0px none; margin: 0px auto; display: block;\" title=\"Kulturziel Mallorca\" src=\"https:\/\/www.masmallorca.es\/wp-content\/uploads\/2016\/02\/mallorca-destino-cultural-2.jpg\" alt=\"Kulturziel Mallorca\" width=\"540\" height=\"545\" srcset=\"https:\/\/www.masmallorca.es\/wp-content\/uploads\/2016\/02\/mallorca-destino-cultural-2.jpg 540w, https:\/\/www.masmallorca.es\/wp-content\/uploads\/2016\/02\/mallorca-destino-cultural-2-150x150.jpg 150w, https:\/\/www.masmallorca.es\/wp-content\/uploads\/2016\/02\/mallorca-destino-cultural-2-297x300.jpg 297w\" sizes=\"(max-width: 540px) 100vw, 540px\" \/><\/span><\/strong><br \/>\nIm Bereich der modernen Kunst erm\u00f6glichen immer mehr Initiativen die Kreation neuer Kunstwerke. Calvi\u00e0 gilt inzwischen dank seines Projekts \u201eBetArt\u201c zu den ersten Gemeinden, die <strong>st\u00e4dtische Kunst<\/strong> f\u00f6rdern. Im Rahmen dessen sind die Kuratoren und K\u00fcnstler der Stadt dazu eingeladen, ihre Kunstprojekte zur Schau zu stellen. Die Kunst ist n\u00e4mlich im \u00f6ffentlichen Raum pr\u00e4senter, als man glaubt.<\/p>\n<p style=\"text-align: justify;\">Schon auf einem Bummel durch Palma sieht man zahlreiche Statuen in den Stra\u00dfen und auf den Pl\u00e4tzen der Innenstadt. In den Jardins de s\u2019Hort del Rei sind beispielsweise Werke von ber\u00fchmten K\u00fcnstlern wie Alexander Calder und<strong> Joan Mir\u00f3<\/strong> zu sehen. K\u00fcnstlerische Geschenke also, die f\u00fcr jedermann zug\u00e4nglich sind.<\/p>\n<p style=\"text-align: justify;\">\n<strong><span style=\"text-align: justify;\"><img loading=\"lazy\" decoding=\"async\" class=\"alignnone wp-image-13787 size-full\" style=\"border: 0px none; margin: 0px auto; display: block;\" title=\"Kulturziel Mallorca\" src=\"https:\/\/www.masmallorca.es\/wp-content\/uploads\/2016\/02\/mallorca-destino-cultural-3.jpg\" alt=\"Kulturziel Mallorca\" width=\"540\" height=\"545\" srcset=\"https:\/\/www.masmallorca.es\/wp-content\/uploads\/2016\/02\/mallorca-destino-cultural-3.jpg 540w, https:\/\/www.masmallorca.es\/wp-content\/uploads\/2016\/02\/mallorca-destino-cultural-3-150x150.jpg 150w, https:\/\/www.masmallorca.es\/wp-content\/uploads\/2016\/02\/mallorca-destino-cultural-3-297x300.jpg 297w\" sizes=\"(max-width: 540px) 100vw, 540px\" \/><\/span><\/strong><\/p>\n","protected":false},"excerpt":{"rendered":"<p>Mallorca hat viel mehr zu bieten als nur Sonne und Strand. Die Insel h\u00e4lt auch ein breit gef\u00e4chertes und umfangreiches Kulturprogramm f\u00fcr ihre Besucher bereit.<\/p>\n","protected":false},"author":1,"featured_media":13808,"comment_status":"closed","ping_status":"closed","sticky":false,"template":"","format":"standard","meta":{"_et_pb_use_builder":"","_et_pb_old_content":"","_et_gb_content_width":"","footnotes":""},"categories":[20],"tags":[],"class_list":["post-13810","post","type-post","status-publish","format-standard","has-post-thumbnail","hentry","category-kultur","et-has-post-format-content","et_post_format-et-post-format-standard"],"yoast_head":"<!-- This site is optimized with the Yoast SEO plugin v27.4 - https:\/\/yoast.com\/product\/yoast-seo-wordpress\/ -->\n<title>Kulturziel Mallorca | +Mallorca Magazin<\/title>\n<meta name=\"description\" content=\"Mallorca hat viel mehr zu bieten als nur Sonne und Strand. Die Insel h\u00e4lt auch ein breit gef\u00e4chertes und umfangreiches Kulturprogramm f\u00fcr ihre Besucher bereit.\" \/>\n<meta name=\"robots\" content=\"index, follow, max-snippet:-1, max-image-preview:large, max-video-preview:-1\" \/>\n<link rel=\"canonical\" href=\"https:\/\/www.masmallorca.es\/de\/kultur\/kulturziel-mallorca.html\" \/>\n<meta property=\"og:locale\" content=\"de_DE\" \/>\n<meta property=\"og:type\" content=\"article\" \/>\n<meta property=\"og:title\" content=\"Kulturziel Mallorca | +Mallorca Magazin\" \/>\n<meta property=\"og:description\" content=\"Mallorca hat viel mehr zu bieten als nur Sonne und Strand. Die Insel h\u00e4lt auch ein breit gef\u00e4chertes und umfangreiches Kulturprogramm f\u00fcr ihre Besucher bereit.\" \/>\n<meta property=\"og:url\" content=\"https:\/\/www.masmallorca.es\/de\/kultur\/kulturziel-mallorca.html\" \/>\n<meta property=\"og:site_name\" content=\"+Mallorca: das Magazin aus Mallorca\" \/>\n<meta property=\"article:publisher\" content=\"https:\/\/www.facebook.com\/mallorcamagazine\/\" \/>\n<meta property=\"article:published_time\" content=\"2016-02-03T16:24:23+00:00\" \/>\n<meta property=\"article:modified_time\" content=\"2018-09-11T11:07:59+00:00\" \/>\n<meta property=\"og:image\" content=\"https:\/\/www.masmallorca.es\/wp-content\/uploads\/2016\/02\/mallorca-destino-cultural-2.jpg\" \/>\n\t<meta property=\"og:image:width\" content=\"540\" \/>\n\t<meta property=\"og:image:height\" content=\"545\" \/>\n\t<meta property=\"og:image:type\" content=\"image\/jpeg\" \/>\n<meta name=\"author\" content=\"masmallorca\" \/>\n<meta name=\"twitter:card\" content=\"summary_large_image\" \/>\n<meta name=\"twitter:creator\" content=\"@masmallorca\" \/>\n<meta name=\"twitter:site\" content=\"@masmallorca\" \/>\n<meta name=\"twitter:label1\" content=\"Verfasst von\" \/>\n\t<meta name=\"twitter:data1\" content=\"masmallorca\" \/>\n\t<meta name=\"twitter:label2\" content=\"Gesch\u00e4tzte Lesezeit\" \/>\n\t<meta name=\"twitter:data2\" content=\"1\u00a0Minute\" \/>\n<script type=\"application\/ld+json\" class=\"yoast-schema-graph\">{\"@context\":\"https:\\\/\\\/schema.org\",\"@graph\":[{\"@type\":\"Article\",\"@id\":\"https:\\\/\\\/www.masmallorca.es\\\/de\\\/kultur\\\/kulturziel-mallorca.html#article\",\"isPartOf\":{\"@id\":\"https:\\\/\\\/www.masmallorca.es\\\/de\\\/kultur\\\/kulturziel-mallorca.html\"},\"author\":{\"name\":\"masmallorca\",\"@id\":\"https:\\\/\\\/www.masmallorca.es\\\/de#\\\/schema\\\/person\\\/554c84e7dfd9917fdba2cace51081633\"},\"headline\":\"Kulturziel Mallorca\",\"datePublished\":\"2016-02-03T16:24:23+00:00\",\"dateModified\":\"2018-09-11T11:07:59+00:00\",\"mainEntityOfPage\":{\"@id\":\"https:\\\/\\\/www.masmallorca.es\\\/de\\\/kultur\\\/kulturziel-mallorca.html\"},\"wordCount\":186,\"publisher\":{\"@id\":\"https:\\\/\\\/www.masmallorca.es\\\/de#organization\"},\"image\":{\"@id\":\"https:\\\/\\\/www.masmallorca.es\\\/de\\\/kultur\\\/kulturziel-mallorca.html#primaryimage\"},\"thumbnailUrl\":\"https:\\\/\\\/www.masmallorca.es\\\/wp-content\\\/uploads\\\/2016\\\/02\\\/mallorca-destino-cultural-2.jpg\",\"articleSection\":[\"Kultur\"],\"inLanguage\":\"de\"},{\"@type\":\"WebPage\",\"@id\":\"https:\\\/\\\/www.masmallorca.es\\\/de\\\/kultur\\\/kulturziel-mallorca.html\",\"url\":\"https:\\\/\\\/www.masmallorca.es\\\/de\\\/kultur\\\/kulturziel-mallorca.html\",\"name\":\"Kulturziel Mallorca | +Mallorca Magazin\",\"isPartOf\":{\"@id\":\"https:\\\/\\\/www.masmallorca.es\\\/de#website\"},\"primaryImageOfPage\":{\"@id\":\"https:\\\/\\\/www.masmallorca.es\\\/de\\\/kultur\\\/kulturziel-mallorca.html#primaryimage\"},\"image\":{\"@id\":\"https:\\\/\\\/www.masmallorca.es\\\/de\\\/kultur\\\/kulturziel-mallorca.html#primaryimage\"},\"thumbnailUrl\":\"https:\\\/\\\/www.masmallorca.es\\\/wp-content\\\/uploads\\\/2016\\\/02\\\/mallorca-destino-cultural-2.jpg\",\"datePublished\":\"2016-02-03T16:24:23+00:00\",\"dateModified\":\"2018-09-11T11:07:59+00:00\",\"description\":\"Mallorca hat viel mehr zu bieten als nur Sonne und Strand. Die Insel h\u00e4lt auch ein breit gef\u00e4chertes und umfangreiches Kulturprogramm f\u00fcr ihre Besucher bereit.\",\"breadcrumb\":{\"@id\":\"https:\\\/\\\/www.masmallorca.es\\\/de\\\/kultur\\\/kulturziel-mallorca.html#breadcrumb\"},\"inLanguage\":\"de\",\"potentialAction\":[{\"@type\":\"ReadAction\",\"target\":[\"https:\\\/\\\/www.masmallorca.es\\\/de\\\/kultur\\\/kulturziel-mallorca.html\"]}]},{\"@type\":\"ImageObject\",\"inLanguage\":\"de\",\"@id\":\"https:\\\/\\\/www.masmallorca.es\\\/de\\\/kultur\\\/kulturziel-mallorca.html#primaryimage\",\"url\":\"https:\\\/\\\/www.masmallorca.es\\\/wp-content\\\/uploads\\\/2016\\\/02\\\/mallorca-destino-cultural-2.jpg\",\"contentUrl\":\"https:\\\/\\\/www.masmallorca.es\\\/wp-content\\\/uploads\\\/2016\\\/02\\\/mallorca-destino-cultural-2.jpg\",\"width\":540,\"height\":545},{\"@type\":\"BreadcrumbList\",\"@id\":\"https:\\\/\\\/www.masmallorca.es\\\/de\\\/kultur\\\/kulturziel-mallorca.html#breadcrumb\",\"itemListElement\":[{\"@type\":\"ListItem\",\"position\":1,\"name\":\"Portada\",\"item\":\"https:\\\/\\\/www.masmallorca.es\\\/de\"},{\"@type\":\"ListItem\",\"position\":2,\"name\":\"Kultur\",\"item\":\"https:\\\/\\\/www.masmallorca.es\\\/de\\\/kultur\"},{\"@type\":\"ListItem\",\"position\":3,\"name\":\"Kulturziel Mallorca\"}]},{\"@type\":\"WebSite\",\"@id\":\"https:\\\/\\\/www.masmallorca.es\\\/de#website\",\"url\":\"https:\\\/\\\/www.masmallorca.es\\\/de\",\"name\":\"+Mallorca: la revista de Mallorca\",\"description\":\"Mehr als Sonne und Strand..\",\"publisher\":{\"@id\":\"https:\\\/\\\/www.masmallorca.es\\\/de#organization\"},\"alternateName\":\"+Mallorca\",\"potentialAction\":[{\"@type\":\"SearchAction\",\"target\":{\"@type\":\"EntryPoint\",\"urlTemplate\":\"https:\\\/\\\/www.masmallorca.es\\\/de?s={search_term_string}\"},\"query-input\":{\"@type\":\"PropertyValueSpecification\",\"valueRequired\":true,\"valueName\":\"search_term_string\"}}],\"inLanguage\":\"de\"},{\"@type\":\"Organization\",\"@id\":\"https:\\\/\\\/www.masmallorca.es\\\/de#organization\",\"name\":\"+Mallorca Magazin\",\"alternateName\":\"M\u00e1s Mallorca\",\"url\":\"https:\\\/\\\/www.masmallorca.es\\\/de\",\"logo\":{\"@type\":\"ImageObject\",\"inLanguage\":\"de\",\"@id\":\"https:\\\/\\\/www.masmallorca.es\\\/de#\\\/schema\\\/logo\\\/image\\\/\",\"url\":\"https:\\\/\\\/www.masmallorca.es\\\/wp-content\\\/uploads\\\/2021\\\/04\\\/logomallorca-1.png\",\"contentUrl\":\"https:\\\/\\\/www.masmallorca.es\\\/wp-content\\\/uploads\\\/2021\\\/04\\\/logomallorca-1.png\",\"width\":326,\"height\":84,\"caption\":\"+Mallorca Magazin\"},\"image\":{\"@id\":\"https:\\\/\\\/www.masmallorca.es\\\/de#\\\/schema\\\/logo\\\/image\\\/\"},\"sameAs\":[\"https:\\\/\\\/www.facebook.com\\\/mallorcamagazine\\\/\",\"https:\\\/\\\/x.com\\\/masmallorca\"]},{\"@type\":\"Person\",\"@id\":\"https:\\\/\\\/www.masmallorca.es\\\/de#\\\/schema\\\/person\\\/554c84e7dfd9917fdba2cace51081633\",\"name\":\"masmallorca\"}]}<\/script>\n<!-- \/ Yoast SEO plugin. -->","yoast_head_json":{"title":"Kulturziel Mallorca | +Mallorca Magazin","description":"Mallorca hat viel mehr zu bieten als nur Sonne und Strand. Die Insel h\u00e4lt auch ein breit gef\u00e4chertes und umfangreiches Kulturprogramm f\u00fcr ihre Besucher bereit.","robots":{"index":"index","follow":"follow","max-snippet":"max-snippet:-1","max-image-preview":"max-image-preview:large","max-video-preview":"max-video-preview:-1"},"canonical":"https:\/\/www.masmallorca.es\/de\/kultur\/kulturziel-mallorca.html","og_locale":"de_DE","og_type":"article","og_title":"Kulturziel Mallorca | +Mallorca Magazin","og_description":"Mallorca hat viel mehr zu bieten als nur Sonne und Strand. Die Insel h\u00e4lt auch ein breit gef\u00e4chertes und umfangreiches Kulturprogramm f\u00fcr ihre Besucher bereit.","og_url":"https:\/\/www.masmallorca.es\/de\/kultur\/kulturziel-mallorca.html","og_site_name":"+Mallorca: das Magazin aus Mallorca","article_publisher":"https:\/\/www.facebook.com\/mallorcamagazine\/","article_published_time":"2016-02-03T16:24:23+00:00","article_modified_time":"2018-09-11T11:07:59+00:00","og_image":[{"width":540,"height":545,"url":"https:\/\/www.masmallorca.es\/wp-content\/uploads\/2016\/02\/mallorca-destino-cultural-2.jpg","type":"image\/jpeg"}],"author":"masmallorca","twitter_card":"summary_large_image","twitter_creator":"@masmallorca","twitter_site":"@masmallorca","twitter_misc":{"Verfasst von":"masmallorca","Gesch\u00e4tzte Lesezeit":"1\u00a0Minute"},"schema":{"@context":"https:\/\/schema.org","@graph":[{"@type":"Article","@id":"https:\/\/www.masmallorca.es\/de\/kultur\/kulturziel-mallorca.html#article","isPartOf":{"@id":"https:\/\/www.masmallorca.es\/de\/kultur\/kulturziel-mallorca.html"},"author":{"name":"masmallorca","@id":"https:\/\/www.masmallorca.es\/de#\/schema\/person\/554c84e7dfd9917fdba2cace51081633"},"headline":"Kulturziel Mallorca","datePublished":"2016-02-03T16:24:23+00:00","dateModified":"2018-09-11T11:07:59+00:00","mainEntityOfPage":{"@id":"https:\/\/www.masmallorca.es\/de\/kultur\/kulturziel-mallorca.html"},"wordCount":186,"publisher":{"@id":"https:\/\/www.masmallorca.es\/de#organization"},"image":{"@id":"https:\/\/www.masmallorca.es\/de\/kultur\/kulturziel-mallorca.html#primaryimage"},"thumbnailUrl":"https:\/\/www.masmallorca.es\/wp-content\/uploads\/2016\/02\/mallorca-destino-cultural-2.jpg","articleSection":["Kultur"],"inLanguage":"de"},{"@type":"WebPage","@id":"https:\/\/www.masmallorca.es\/de\/kultur\/kulturziel-mallorca.html","url":"https:\/\/www.masmallorca.es\/de\/kultur\/kulturziel-mallorca.html","name":"Kulturziel Mallorca | +Mallorca Magazin","isPartOf":{"@id":"https:\/\/www.masmallorca.es\/de#website"},"primaryImageOfPage":{"@id":"https:\/\/www.masmallorca.es\/de\/kultur\/kulturziel-mallorca.html#primaryimage"},"image":{"@id":"https:\/\/www.masmallorca.es\/de\/kultur\/kulturziel-mallorca.html#primaryimage"},"thumbnailUrl":"https:\/\/www.masmallorca.es\/wp-content\/uploads\/2016\/02\/mallorca-destino-cultural-2.jpg","datePublished":"2016-02-03T16:24:23+00:00","dateModified":"2018-09-11T11:07:59+00:00","description":"Mallorca hat viel mehr zu bieten als nur Sonne und Strand. Die Insel h\u00e4lt auch ein breit gef\u00e4chertes und umfangreiches Kulturprogramm f\u00fcr ihre Besucher bereit.","breadcrumb":{"@id":"https:\/\/www.masmallorca.es\/de\/kultur\/kulturziel-mallorca.html#breadcrumb"},"inLanguage":"de","potentialAction":[{"@type":"ReadAction","target":["https:\/\/www.masmallorca.es\/de\/kultur\/kulturziel-mallorca.html"]}]},{"@type":"ImageObject","inLanguage":"de","@id":"https:\/\/www.masmallorca.es\/de\/kultur\/kulturziel-mallorca.html#primaryimage","url":"https:\/\/www.masmallorca.es\/wp-content\/uploads\/2016\/02\/mallorca-destino-cultural-2.jpg","contentUrl":"https:\/\/www.masmallorca.es\/wp-content\/uploads\/2016\/02\/mallorca-destino-cultural-2.jpg","width":540,"height":545},{"@type":"BreadcrumbList","@id":"https:\/\/www.masmallorca.es\/de\/kultur\/kulturziel-mallorca.html#breadcrumb","itemListElement":[{"@type":"ListItem","position":1,"name":"Portada","item":"https:\/\/www.masmallorca.es\/de"},{"@type":"ListItem","position":2,"name":"Kultur","item":"https:\/\/www.masmallorca.es\/de\/kultur"},{"@type":"ListItem","position":3,"name":"Kulturziel Mallorca"}]},{"@type":"WebSite","@id":"https:\/\/www.masmallorca.es\/de#website","url":"https:\/\/www.masmallorca.es\/de","name":"+Mallorca: la revista de Mallorca","description":"Mehr als Sonne und Strand..","publisher":{"@id":"https:\/\/www.masmallorca.es\/de#organization"},"alternateName":"+Mallorca","potentialAction":[{"@type":"SearchAction","target":{"@type":"EntryPoint","urlTemplate":"https:\/\/www.masmallorca.es\/de?s={search_term_string}"},"query-input":{"@type":"PropertyValueSpecification","valueRequired":true,"valueName":"search_term_string"}}],"inLanguage":"de"},{"@type":"Organization","@id":"https:\/\/www.masmallorca.es\/de#organization","name":"+Mallorca Magazin","alternateName":"M\u00e1s Mallorca","url":"https:\/\/www.masmallorca.es\/de","logo":{"@type":"ImageObject","inLanguage":"de","@id":"https:\/\/www.masmallorca.es\/de#\/schema\/logo\/image\/","url":"https:\/\/www.masmallorca.es\/wp-content\/uploads\/2021\/04\/logomallorca-1.png","contentUrl":"https:\/\/www.masmallorca.es\/wp-content\/uploads\/2021\/04\/logomallorca-1.png","width":326,"height":84,"caption":"+Mallorca Magazin"},"image":{"@id":"https:\/\/www.masmallorca.es\/de#\/schema\/logo\/image\/"},"sameAs":["https:\/\/www.facebook.com\/mallorcamagazine\/","https:\/\/x.com\/masmallorca"]},{"@type":"Person","@id":"https:\/\/www.masmallorca.es\/de#\/schema\/person\/554c84e7dfd9917fdba2cace51081633","name":"masmallorca"}]}},"_links":{"self":[{"href":"https:\/\/www.masmallorca.es\/de\/wp-json\/wp\/v2\/posts\/13810","targetHints":{"allow":["GET"]}}],"collection":[{"href":"https:\/\/www.masmallorca.es\/de\/wp-json\/wp\/v2\/posts"}],"about":[{"href":"https:\/\/www.masmallorca.es\/de\/wp-json\/wp\/v2\/types\/post"}],"author":[{"embeddable":true,"href":"https:\/\/www.masmallorca.es\/de\/wp-json\/wp\/v2\/users\/1"}],"replies":[{"embeddable":true,"href":"https:\/\/www.masmallorca.es\/de\/wp-json\/wp\/v2\/comments?post=13810"}],"version-history":[{"count":0,"href":"https:\/\/www.masmallorca.es\/de\/wp-json\/wp\/v2\/posts\/13810\/revisions"}],"wp:featuredmedia":[{"embeddable":true,"href":"https:\/\/www.masmallorca.es\/de\/wp-json\/wp\/v2\/media\/13808"}],"wp:attachment":[{"href":"https:\/\/www.masmallorca.es\/de\/wp-json\/wp\/v2\/media?parent=13810"}],"wp:term":[{"taxonomy":"category","embeddable":true,"href":"https:\/\/www.masmallorca.es\/de\/wp-json\/wp\/v2\/categories?post=13810"},{"taxonomy":"post_tag","embeddable":true,"href":"https:\/\/www.masmallorca.es\/de\/wp-json\/wp\/v2\/tags?post=13810"}],"curies":[{"name":"wp","href":"https:\/\/api.w.org\/{rel}","templated":true}]}}