{"id":13300,"date":"2015-09-01T11:42:52","date_gmt":"2015-09-01T09:42:52","guid":{"rendered":""},"modified":"2017-09-12T11:48:13","modified_gmt":"2017-09-12T09:48:13","slug":"die-stadtverwaltung-von-palma-und-der-consell-insular-interessante-zeitzeugen-des-barocks-und-der-neugotik-auf-mallorca","status":"publish","type":"post","link":"https:\/\/www.masmallorca.es\/de\/kultur\/die-stadtverwaltung-von-palma-und-der-consell-insular-interessante-zeitzeugen-des-barocks-und-der-neugotik-auf-mallorca.html","title":{"rendered":"Die Stadtverwaltung von Palma und der Consell Insular \u2013 interessante Zeitzeugen des Barocks und der Neugotik auf Mallorca"},"content":{"rendered":"<p style=\"text-align: justify;\"><span style=\"text-align: justify;\"><img loading=\"lazy\" decoding=\"async\" class=\" alignright size-full wp-image-13280\" style=\"border: 0px none; margin: 0px 20px; float: right;\" title=\"Stadtverwaltung von Palma. Plaza de Cort\" src=\"https:\/\/www.masmallorca.es\/wp-content\/uploads\/2015\/09\/ajuntament-palma-consell-insular-plaza-cort-fachada-4.jpg\" alt=\"Stadtverwaltung von Palma\" width=\"150\" height=\"138\" \/><\/span><\/p>\n<p style=\"text-align: justify;\">Malerische G\u00e4sschen f\u00fchren bis zur Plaza de Cort, an der einem das Rathaus mit seiner Barockfassade ins Auge sticht. Direkt daneben befindet sich der Consell Insular. <br \/>\n <strong><span style=\"text-align: justify;\"><br \/>\n <\/span><\/strong><\/p>\n<p><!--more--><\/p>\n<p style=\"text-align: justify;\"><img loading=\"lazy\" decoding=\"async\" class=\"alignleft wp-image-13285 size-full\" style=\"border: 0px none; margin: 0px 20px 0px 0px; float: left;\" title=\"Die Stadtverwaltung von Palma und der Consell Insular \u2013 interessante Zeitzeugen des Barocks und der Neugotik auf Mallorca\" src=\"https:\/\/www.masmallorca.es\/wp-content\/uploads\/2015\/09\/ajuntament-palma-consell-insular-plaza-cort.jpg\" alt=\"Consell Insular de Mallorca (Inselrat)\" width=\"350\" height=\"467\" srcset=\"https:\/\/www.masmallorca.es\/wp-content\/uploads\/2015\/09\/ajuntament-palma-consell-insular-plaza-cort.jpg 350w, https:\/\/www.masmallorca.es\/wp-content\/uploads\/2015\/09\/ajuntament-palma-consell-insular-plaza-cort-225x300.jpg 225w\" sizes=\"(max-width: 350px) 100vw, 350px\" \/><\/p>\n<p style=\"text-align: justify;\">\u00a0<\/p>\n<p style=\"text-align: justify;\">\u00a0<\/p>\n<p style=\"text-align: justify;\">\u00a0<\/p>\n<p style=\"text-align: justify;\">Das <strong>Rathaus von Palma<\/strong> wurde zwischen 1649 und 1680 nach dem Vorbild der mallorquinischen Herrenh\u00e4user gebaut. Am Baustil ist der \u00dcbergang vom Manierismus zum Barock zu erkennen.<\/p>\n<p style=\"text-align: justify;\">Besonders hervorzuheben ist die Auskragung aus Rotkieferholz mit ihren Atlanten und Karyatiden, ein gro\u00dfer Balkon auf dem ersten Stock und die mit einer steinernen Schnecke und einem Salamander geschm\u00fcckte Fassade. Direkt neben der Fassade befindet sich eine Steinbank. Den Giebel ziert eine Uhr, die in Paris gebaut wurde und bereits seit 1863 an der Kirche tickt.<\/p>\n<p style=\"text-align: justify;\">\u00a0<\/p>\n<p style=\"text-align: justify;\">In der N\u00e4he des Rathauses steht der <strong>Consell Insular de Mallorca<\/strong> (Inselrat). Das Geb\u00e4ude mit seiner neugotischen Fassade wurde 1882 errichtet und beherbergt heute die Provinzregierung. Von 1381 bis Mitte des 19. Jahrhunderts befand sich hier das st\u00e4dtische Gef\u00e4ngnis.<\/p>\n<p style=\"text-align: justify;\">Der Eingangsbereich beider Geb\u00e4ude ist werktags f\u00fcr die \u00d6ffentlichkeit zug\u00e4nglich. Au\u00dferdem werden F\u00fchrungen f\u00fcr Studenten angeboten.<\/p>\n<p style=\"text-align: justify;\">\u00a0<\/p>\n<p style=\"text-align: justify;\"><strong>Stadtverwaltung von Palma<\/strong> educacio@palma.es <br \/>\n <strong>Consell Insular de Mallorca<\/strong> visitas@conselldemallorca.net<\/p>\n<p><span style=\"text-align: justify;\"><img loading=\"lazy\" decoding=\"async\" class=\"aligncenter wp-image-13290 size-full\" style=\"border: 0px none; margin-top: 0px; margin-bottom: 0px;\" title=\"Stadtverwaltung von Palma. Plaza de Cort\" src=\"https:\/\/www.masmallorca.es\/wp-content\/uploads\/2015\/09\/ajuntament-palma-consell-insular-plaza-cort-fachada-3.jpg\" alt=\"Stadtverwaltung von Palma\" width=\"540\" height=\"730\" srcset=\"https:\/\/www.masmallorca.es\/wp-content\/uploads\/2015\/09\/ajuntament-palma-consell-insular-plaza-cort-fachada-3.jpg 540w, https:\/\/www.masmallorca.es\/wp-content\/uploads\/2015\/09\/ajuntament-palma-consell-insular-plaza-cort-fachada-3-222x300.jpg 222w\" sizes=\"(max-width: 540px) 100vw, 540px\" \/><\/span><\/p>\n<p><span style=\"text-align: justify;\"><img loading=\"lazy\" decoding=\"async\" class=\"aligncenter wp-image-13295 size-full\" style=\"border: 0px none; margin: 0px auto; display: block;\" title=\"Consell Insular de Mallorca (Inselrat)\" src=\"https:\/\/www.masmallorca.es\/wp-content\/uploads\/2015\/09\/ajuntament-palma-consell-insular-plaza-cort-fachada-2.jpg\" alt=\"Consell Insular de Mallorca (Inselrat)\" width=\"540\" height=\"231\" srcset=\"https:\/\/www.masmallorca.es\/wp-content\/uploads\/2015\/09\/ajuntament-palma-consell-insular-plaza-cort-fachada-2.jpg 540w, https:\/\/www.masmallorca.es\/wp-content\/uploads\/2015\/09\/ajuntament-palma-consell-insular-plaza-cort-fachada-2-300x128.jpg 300w\" sizes=\"(max-width: 540px) 100vw, 540px\" \/><\/span><\/p>\n<p>&nbsp;<\/p>\n<p>&nbsp;<\/p>\n<p style=\"margin-bottom: 0cm;\">\u00a0<\/p>\n","protected":false},"excerpt":{"rendered":"<p>Malerische G\u00e4sschen f\u00fchren bis zur Plaza de Cort, an der einem das Rathaus mit seiner Barockfassade ins Auge sticht. Direkt daneben befindet sich der Consell Insular.<\/p>\n","protected":false},"author":1,"featured_media":13298,"comment_status":"closed","ping_status":"closed","sticky":false,"template":"","format":"standard","meta":{"_et_pb_use_builder":"","_et_pb_old_content":"","_et_gb_content_width":"","footnotes":""},"categories":[20],"tags":[],"class_list":["post-13300","post","type-post","status-publish","format-standard","has-post-thumbnail","hentry","category-kultur","et-has-post-format-content","et_post_format-et-post-format-standard"],"yoast_head":"<!-- This site is optimized with the Yoast SEO plugin v27.4 - https:\/\/yoast.com\/product\/yoast-seo-wordpress\/ -->\n<title>Stadtverwaltung von Palma und Consell Insular | +Mallorca magazin<\/title>\n<meta name=\"description\" content=\"+Mallorca, Kultur: Die Stadtverwaltung von Palma und der Consell Insular \u2013 interessante Zeitzeugen des Barocks und der Neugotik auf Mallorca. Plaza de Cort.\" \/>\n<meta name=\"robots\" content=\"index, follow, max-snippet:-1, max-image-preview:large, max-video-preview:-1\" \/>\n<link rel=\"canonical\" href=\"https:\/\/www.masmallorca.es\/de\/kultur\/die-stadtverwaltung-von-palma-und-der-consell-insular-interessante-zeitzeugen-des-barocks-und-der-neugotik-auf-mallorca.html\" \/>\n<meta property=\"og:locale\" content=\"de_DE\" \/>\n<meta property=\"og:type\" content=\"article\" \/>\n<meta property=\"og:title\" content=\"Stadtverwaltung von Palma und Consell Insular | +Mallorca magazin\" \/>\n<meta property=\"og:description\" content=\"+Mallorca, Kultur: Die Stadtverwaltung von Palma und der Consell Insular \u2013 interessante Zeitzeugen des Barocks und der Neugotik auf Mallorca. Plaza de Cort.\" \/>\n<meta property=\"og:url\" content=\"https:\/\/www.masmallorca.es\/de\/kultur\/die-stadtverwaltung-von-palma-und-der-consell-insular-interessante-zeitzeugen-des-barocks-und-der-neugotik-auf-mallorca.html\" \/>\n<meta property=\"og:site_name\" content=\"+Mallorca: das Magazin aus Mallorca\" \/>\n<meta property=\"article:publisher\" content=\"https:\/\/www.facebook.com\/mallorcamagazine\/\" \/>\n<meta property=\"article:published_time\" content=\"2015-09-01T09:42:52+00:00\" \/>\n<meta property=\"article:modified_time\" content=\"2017-09-12T09:48:13+00:00\" \/>\n<meta property=\"og:image\" content=\"https:\/\/www.masmallorca.es\/wp-content\/uploads\/2015\/09\/ajuntament-palma-consell-insular-plaza-cort-fachada-2.jpg\" \/>\n\t<meta property=\"og:image:width\" content=\"540\" \/>\n\t<meta property=\"og:image:height\" content=\"231\" \/>\n\t<meta property=\"og:image:type\" content=\"image\/jpeg\" \/>\n<meta name=\"author\" content=\"masmallorca\" \/>\n<meta name=\"twitter:card\" content=\"summary_large_image\" \/>\n<meta name=\"twitter:creator\" content=\"@masmallorca\" \/>\n<meta name=\"twitter:site\" content=\"@masmallorca\" \/>\n<meta name=\"twitter:label1\" content=\"Verfasst von\" \/>\n\t<meta name=\"twitter:data1\" content=\"masmallorca\" \/>\n\t<meta name=\"twitter:label2\" content=\"Gesch\u00e4tzte Lesezeit\" \/>\n\t<meta name=\"twitter:data2\" content=\"1\u00a0Minute\" \/>\n<script type=\"application\/ld+json\" class=\"yoast-schema-graph\">{\"@context\":\"https:\\\/\\\/schema.org\",\"@graph\":[{\"@type\":\"Article\",\"@id\":\"https:\\\/\\\/www.masmallorca.es\\\/de\\\/kultur\\\/die-stadtverwaltung-von-palma-und-der-consell-insular-interessante-zeitzeugen-des-barocks-und-der-neugotik-auf-mallorca.html#article\",\"isPartOf\":{\"@id\":\"https:\\\/\\\/www.masmallorca.es\\\/de\\\/kultur\\\/die-stadtverwaltung-von-palma-und-der-consell-insular-interessante-zeitzeugen-des-barocks-und-der-neugotik-auf-mallorca.html\"},\"author\":{\"name\":\"masmallorca\",\"@id\":\"https:\\\/\\\/www.masmallorca.es\\\/de#\\\/schema\\\/person\\\/554c84e7dfd9917fdba2cace51081633\"},\"headline\":\"Die Stadtverwaltung von Palma und der Consell Insular \u2013 interessante Zeitzeugen des Barocks und der Neugotik auf Mallorca\",\"datePublished\":\"2015-09-01T09:42:52+00:00\",\"dateModified\":\"2017-09-12T09:48:13+00:00\",\"mainEntityOfPage\":{\"@id\":\"https:\\\/\\\/www.masmallorca.es\\\/de\\\/kultur\\\/die-stadtverwaltung-von-palma-und-der-consell-insular-interessante-zeitzeugen-des-barocks-und-der-neugotik-auf-mallorca.html\"},\"wordCount\":205,\"publisher\":{\"@id\":\"https:\\\/\\\/www.masmallorca.es\\\/de#organization\"},\"image\":{\"@id\":\"https:\\\/\\\/www.masmallorca.es\\\/de\\\/kultur\\\/die-stadtverwaltung-von-palma-und-der-consell-insular-interessante-zeitzeugen-des-barocks-und-der-neugotik-auf-mallorca.html#primaryimage\"},\"thumbnailUrl\":\"https:\\\/\\\/www.masmallorca.es\\\/wp-content\\\/uploads\\\/2015\\\/09\\\/ajuntament-palma-consell-insular-plaza-cort-fachada-2.jpg\",\"articleSection\":[\"Kultur\"],\"inLanguage\":\"de\"},{\"@type\":\"WebPage\",\"@id\":\"https:\\\/\\\/www.masmallorca.es\\\/de\\\/kultur\\\/die-stadtverwaltung-von-palma-und-der-consell-insular-interessante-zeitzeugen-des-barocks-und-der-neugotik-auf-mallorca.html\",\"url\":\"https:\\\/\\\/www.masmallorca.es\\\/de\\\/kultur\\\/die-stadtverwaltung-von-palma-und-der-consell-insular-interessante-zeitzeugen-des-barocks-und-der-neugotik-auf-mallorca.html\",\"name\":\"Stadtverwaltung von Palma und Consell Insular | +Mallorca magazin\",\"isPartOf\":{\"@id\":\"https:\\\/\\\/www.masmallorca.es\\\/de#website\"},\"primaryImageOfPage\":{\"@id\":\"https:\\\/\\\/www.masmallorca.es\\\/de\\\/kultur\\\/die-stadtverwaltung-von-palma-und-der-consell-insular-interessante-zeitzeugen-des-barocks-und-der-neugotik-auf-mallorca.html#primaryimage\"},\"image\":{\"@id\":\"https:\\\/\\\/www.masmallorca.es\\\/de\\\/kultur\\\/die-stadtverwaltung-von-palma-und-der-consell-insular-interessante-zeitzeugen-des-barocks-und-der-neugotik-auf-mallorca.html#primaryimage\"},\"thumbnailUrl\":\"https:\\\/\\\/www.masmallorca.es\\\/wp-content\\\/uploads\\\/2015\\\/09\\\/ajuntament-palma-consell-insular-plaza-cort-fachada-2.jpg\",\"datePublished\":\"2015-09-01T09:42:52+00:00\",\"dateModified\":\"2017-09-12T09:48:13+00:00\",\"description\":\"+Mallorca, Kultur: Die Stadtverwaltung von Palma und der Consell Insular \u2013 interessante Zeitzeugen des Barocks und der Neugotik auf Mallorca. Plaza de Cort.\",\"breadcrumb\":{\"@id\":\"https:\\\/\\\/www.masmallorca.es\\\/de\\\/kultur\\\/die-stadtverwaltung-von-palma-und-der-consell-insular-interessante-zeitzeugen-des-barocks-und-der-neugotik-auf-mallorca.html#breadcrumb\"},\"inLanguage\":\"de\",\"potentialAction\":[{\"@type\":\"ReadAction\",\"target\":[\"https:\\\/\\\/www.masmallorca.es\\\/de\\\/kultur\\\/die-stadtverwaltung-von-palma-und-der-consell-insular-interessante-zeitzeugen-des-barocks-und-der-neugotik-auf-mallorca.html\"]}]},{\"@type\":\"ImageObject\",\"inLanguage\":\"de\",\"@id\":\"https:\\\/\\\/www.masmallorca.es\\\/de\\\/kultur\\\/die-stadtverwaltung-von-palma-und-der-consell-insular-interessante-zeitzeugen-des-barocks-und-der-neugotik-auf-mallorca.html#primaryimage\",\"url\":\"https:\\\/\\\/www.masmallorca.es\\\/wp-content\\\/uploads\\\/2015\\\/09\\\/ajuntament-palma-consell-insular-plaza-cort-fachada-2.jpg\",\"contentUrl\":\"https:\\\/\\\/www.masmallorca.es\\\/wp-content\\\/uploads\\\/2015\\\/09\\\/ajuntament-palma-consell-insular-plaza-cort-fachada-2.jpg\",\"width\":540,\"height\":231},{\"@type\":\"BreadcrumbList\",\"@id\":\"https:\\\/\\\/www.masmallorca.es\\\/de\\\/kultur\\\/die-stadtverwaltung-von-palma-und-der-consell-insular-interessante-zeitzeugen-des-barocks-und-der-neugotik-auf-mallorca.html#breadcrumb\",\"itemListElement\":[{\"@type\":\"ListItem\",\"position\":1,\"name\":\"Portada\",\"item\":\"https:\\\/\\\/www.masmallorca.es\\\/de\"},{\"@type\":\"ListItem\",\"position\":2,\"name\":\"Kultur\",\"item\":\"https:\\\/\\\/www.masmallorca.es\\\/de\\\/kultur\"},{\"@type\":\"ListItem\",\"position\":3,\"name\":\"Die Stadtverwaltung von Palma und der Consell Insular \u2013 interessante Zeitzeugen des Barocks und der Neugotik auf Mallorca\"}]},{\"@type\":\"WebSite\",\"@id\":\"https:\\\/\\\/www.masmallorca.es\\\/de#website\",\"url\":\"https:\\\/\\\/www.masmallorca.es\\\/de\",\"name\":\"+Mallorca: la revista de Mallorca\",\"description\":\"Mehr als Sonne und Strand..\",\"publisher\":{\"@id\":\"https:\\\/\\\/www.masmallorca.es\\\/de#organization\"},\"alternateName\":\"+Mallorca\",\"potentialAction\":[{\"@type\":\"SearchAction\",\"target\":{\"@type\":\"EntryPoint\",\"urlTemplate\":\"https:\\\/\\\/www.masmallorca.es\\\/de?s={search_term_string}\"},\"query-input\":{\"@type\":\"PropertyValueSpecification\",\"valueRequired\":true,\"valueName\":\"search_term_string\"}}],\"inLanguage\":\"de\"},{\"@type\":\"Organization\",\"@id\":\"https:\\\/\\\/www.masmallorca.es\\\/de#organization\",\"name\":\"+Mallorca Magazin\",\"alternateName\":\"M\u00e1s Mallorca\",\"url\":\"https:\\\/\\\/www.masmallorca.es\\\/de\",\"logo\":{\"@type\":\"ImageObject\",\"inLanguage\":\"de\",\"@id\":\"https:\\\/\\\/www.masmallorca.es\\\/de#\\\/schema\\\/logo\\\/image\\\/\",\"url\":\"https:\\\/\\\/www.masmallorca.es\\\/wp-content\\\/uploads\\\/2021\\\/04\\\/logomallorca-1.png\",\"contentUrl\":\"https:\\\/\\\/www.masmallorca.es\\\/wp-content\\\/uploads\\\/2021\\\/04\\\/logomallorca-1.png\",\"width\":326,\"height\":84,\"caption\":\"+Mallorca Magazin\"},\"image\":{\"@id\":\"https:\\\/\\\/www.masmallorca.es\\\/de#\\\/schema\\\/logo\\\/image\\\/\"},\"sameAs\":[\"https:\\\/\\\/www.facebook.com\\\/mallorcamagazine\\\/\",\"https:\\\/\\\/x.com\\\/masmallorca\"]},{\"@type\":\"Person\",\"@id\":\"https:\\\/\\\/www.masmallorca.es\\\/de#\\\/schema\\\/person\\\/554c84e7dfd9917fdba2cace51081633\",\"name\":\"masmallorca\"}]}<\/script>\n<!-- \/ Yoast SEO plugin. -->","yoast_head_json":{"title":"Stadtverwaltung von Palma und Consell Insular | +Mallorca magazin","description":"+Mallorca, Kultur: Die Stadtverwaltung von Palma und der Consell Insular \u2013 interessante Zeitzeugen des Barocks und der Neugotik auf Mallorca. Plaza de Cort.","robots":{"index":"index","follow":"follow","max-snippet":"max-snippet:-1","max-image-preview":"max-image-preview:large","max-video-preview":"max-video-preview:-1"},"canonical":"https:\/\/www.masmallorca.es\/de\/kultur\/die-stadtverwaltung-von-palma-und-der-consell-insular-interessante-zeitzeugen-des-barocks-und-der-neugotik-auf-mallorca.html","og_locale":"de_DE","og_type":"article","og_title":"Stadtverwaltung von Palma und Consell Insular | +Mallorca magazin","og_description":"+Mallorca, Kultur: Die Stadtverwaltung von Palma und der Consell Insular \u2013 interessante Zeitzeugen des Barocks und der Neugotik auf Mallorca. Plaza de Cort.","og_url":"https:\/\/www.masmallorca.es\/de\/kultur\/die-stadtverwaltung-von-palma-und-der-consell-insular-interessante-zeitzeugen-des-barocks-und-der-neugotik-auf-mallorca.html","og_site_name":"+Mallorca: das Magazin aus Mallorca","article_publisher":"https:\/\/www.facebook.com\/mallorcamagazine\/","article_published_time":"2015-09-01T09:42:52+00:00","article_modified_time":"2017-09-12T09:48:13+00:00","og_image":[{"width":540,"height":231,"url":"https:\/\/www.masmallorca.es\/wp-content\/uploads\/2015\/09\/ajuntament-palma-consell-insular-plaza-cort-fachada-2.jpg","type":"image\/jpeg"}],"author":"masmallorca","twitter_card":"summary_large_image","twitter_creator":"@masmallorca","twitter_site":"@masmallorca","twitter_misc":{"Verfasst von":"masmallorca","Gesch\u00e4tzte Lesezeit":"1\u00a0Minute"},"schema":{"@context":"https:\/\/schema.org","@graph":[{"@type":"Article","@id":"https:\/\/www.masmallorca.es\/de\/kultur\/die-stadtverwaltung-von-palma-und-der-consell-insular-interessante-zeitzeugen-des-barocks-und-der-neugotik-auf-mallorca.html#article","isPartOf":{"@id":"https:\/\/www.masmallorca.es\/de\/kultur\/die-stadtverwaltung-von-palma-und-der-consell-insular-interessante-zeitzeugen-des-barocks-und-der-neugotik-auf-mallorca.html"},"author":{"name":"masmallorca","@id":"https:\/\/www.masmallorca.es\/de#\/schema\/person\/554c84e7dfd9917fdba2cace51081633"},"headline":"Die Stadtverwaltung von Palma und der Consell Insular \u2013 interessante Zeitzeugen des Barocks und der Neugotik auf Mallorca","datePublished":"2015-09-01T09:42:52+00:00","dateModified":"2017-09-12T09:48:13+00:00","mainEntityOfPage":{"@id":"https:\/\/www.masmallorca.es\/de\/kultur\/die-stadtverwaltung-von-palma-und-der-consell-insular-interessante-zeitzeugen-des-barocks-und-der-neugotik-auf-mallorca.html"},"wordCount":205,"publisher":{"@id":"https:\/\/www.masmallorca.es\/de#organization"},"image":{"@id":"https:\/\/www.masmallorca.es\/de\/kultur\/die-stadtverwaltung-von-palma-und-der-consell-insular-interessante-zeitzeugen-des-barocks-und-der-neugotik-auf-mallorca.html#primaryimage"},"thumbnailUrl":"https:\/\/www.masmallorca.es\/wp-content\/uploads\/2015\/09\/ajuntament-palma-consell-insular-plaza-cort-fachada-2.jpg","articleSection":["Kultur"],"inLanguage":"de"},{"@type":"WebPage","@id":"https:\/\/www.masmallorca.es\/de\/kultur\/die-stadtverwaltung-von-palma-und-der-consell-insular-interessante-zeitzeugen-des-barocks-und-der-neugotik-auf-mallorca.html","url":"https:\/\/www.masmallorca.es\/de\/kultur\/die-stadtverwaltung-von-palma-und-der-consell-insular-interessante-zeitzeugen-des-barocks-und-der-neugotik-auf-mallorca.html","name":"Stadtverwaltung von Palma und Consell Insular | +Mallorca magazin","isPartOf":{"@id":"https:\/\/www.masmallorca.es\/de#website"},"primaryImageOfPage":{"@id":"https:\/\/www.masmallorca.es\/de\/kultur\/die-stadtverwaltung-von-palma-und-der-consell-insular-interessante-zeitzeugen-des-barocks-und-der-neugotik-auf-mallorca.html#primaryimage"},"image":{"@id":"https:\/\/www.masmallorca.es\/de\/kultur\/die-stadtverwaltung-von-palma-und-der-consell-insular-interessante-zeitzeugen-des-barocks-und-der-neugotik-auf-mallorca.html#primaryimage"},"thumbnailUrl":"https:\/\/www.masmallorca.es\/wp-content\/uploads\/2015\/09\/ajuntament-palma-consell-insular-plaza-cort-fachada-2.jpg","datePublished":"2015-09-01T09:42:52+00:00","dateModified":"2017-09-12T09:48:13+00:00","description":"+Mallorca, Kultur: Die Stadtverwaltung von Palma und der Consell Insular \u2013 interessante Zeitzeugen des Barocks und der Neugotik auf Mallorca. Plaza de Cort.","breadcrumb":{"@id":"https:\/\/www.masmallorca.es\/de\/kultur\/die-stadtverwaltung-von-palma-und-der-consell-insular-interessante-zeitzeugen-des-barocks-und-der-neugotik-auf-mallorca.html#breadcrumb"},"inLanguage":"de","potentialAction":[{"@type":"ReadAction","target":["https:\/\/www.masmallorca.es\/de\/kultur\/die-stadtverwaltung-von-palma-und-der-consell-insular-interessante-zeitzeugen-des-barocks-und-der-neugotik-auf-mallorca.html"]}]},{"@type":"ImageObject","inLanguage":"de","@id":"https:\/\/www.masmallorca.es\/de\/kultur\/die-stadtverwaltung-von-palma-und-der-consell-insular-interessante-zeitzeugen-des-barocks-und-der-neugotik-auf-mallorca.html#primaryimage","url":"https:\/\/www.masmallorca.es\/wp-content\/uploads\/2015\/09\/ajuntament-palma-consell-insular-plaza-cort-fachada-2.jpg","contentUrl":"https:\/\/www.masmallorca.es\/wp-content\/uploads\/2015\/09\/ajuntament-palma-consell-insular-plaza-cort-fachada-2.jpg","width":540,"height":231},{"@type":"BreadcrumbList","@id":"https:\/\/www.masmallorca.es\/de\/kultur\/die-stadtverwaltung-von-palma-und-der-consell-insular-interessante-zeitzeugen-des-barocks-und-der-neugotik-auf-mallorca.html#breadcrumb","itemListElement":[{"@type":"ListItem","position":1,"name":"Portada","item":"https:\/\/www.masmallorca.es\/de"},{"@type":"ListItem","position":2,"name":"Kultur","item":"https:\/\/www.masmallorca.es\/de\/kultur"},{"@type":"ListItem","position":3,"name":"Die Stadtverwaltung von Palma und der Consell Insular \u2013 interessante Zeitzeugen des Barocks und der Neugotik auf Mallorca"}]},{"@type":"WebSite","@id":"https:\/\/www.masmallorca.es\/de#website","url":"https:\/\/www.masmallorca.es\/de","name":"+Mallorca: la revista de Mallorca","description":"Mehr als Sonne und Strand..","publisher":{"@id":"https:\/\/www.masmallorca.es\/de#organization"},"alternateName":"+Mallorca","potentialAction":[{"@type":"SearchAction","target":{"@type":"EntryPoint","urlTemplate":"https:\/\/www.masmallorca.es\/de?s={search_term_string}"},"query-input":{"@type":"PropertyValueSpecification","valueRequired":true,"valueName":"search_term_string"}}],"inLanguage":"de"},{"@type":"Organization","@id":"https:\/\/www.masmallorca.es\/de#organization","name":"+Mallorca Magazin","alternateName":"M\u00e1s Mallorca","url":"https:\/\/www.masmallorca.es\/de","logo":{"@type":"ImageObject","inLanguage":"de","@id":"https:\/\/www.masmallorca.es\/de#\/schema\/logo\/image\/","url":"https:\/\/www.masmallorca.es\/wp-content\/uploads\/2021\/04\/logomallorca-1.png","contentUrl":"https:\/\/www.masmallorca.es\/wp-content\/uploads\/2021\/04\/logomallorca-1.png","width":326,"height":84,"caption":"+Mallorca Magazin"},"image":{"@id":"https:\/\/www.masmallorca.es\/de#\/schema\/logo\/image\/"},"sameAs":["https:\/\/www.facebook.com\/mallorcamagazine\/","https:\/\/x.com\/masmallorca"]},{"@type":"Person","@id":"https:\/\/www.masmallorca.es\/de#\/schema\/person\/554c84e7dfd9917fdba2cace51081633","name":"masmallorca"}]}},"_links":{"self":[{"href":"https:\/\/www.masmallorca.es\/de\/wp-json\/wp\/v2\/posts\/13300","targetHints":{"allow":["GET"]}}],"collection":[{"href":"https:\/\/www.masmallorca.es\/de\/wp-json\/wp\/v2\/posts"}],"about":[{"href":"https:\/\/www.masmallorca.es\/de\/wp-json\/wp\/v2\/types\/post"}],"author":[{"embeddable":true,"href":"https:\/\/www.masmallorca.es\/de\/wp-json\/wp\/v2\/users\/1"}],"replies":[{"embeddable":true,"href":"https:\/\/www.masmallorca.es\/de\/wp-json\/wp\/v2\/comments?post=13300"}],"version-history":[{"count":0,"href":"https:\/\/www.masmallorca.es\/de\/wp-json\/wp\/v2\/posts\/13300\/revisions"}],"wp:featuredmedia":[{"embeddable":true,"href":"https:\/\/www.masmallorca.es\/de\/wp-json\/wp\/v2\/media\/13298"}],"wp:attachment":[{"href":"https:\/\/www.masmallorca.es\/de\/wp-json\/wp\/v2\/media?parent=13300"}],"wp:term":[{"taxonomy":"category","embeddable":true,"href":"https:\/\/www.masmallorca.es\/de\/wp-json\/wp\/v2\/categories?post=13300"},{"taxonomy":"post_tag","embeddable":true,"href":"https:\/\/www.masmallorca.es\/de\/wp-json\/wp\/v2\/tags?post=13300"}],"curies":[{"name":"wp","href":"https:\/\/api.w.org\/{rel}","templated":true}]}}