{"id":12920,"date":"2015-08-31T07:54:11","date_gmt":"2015-08-31T05:54:11","guid":{"rendered":""},"modified":"2018-09-11T13:16:48","modified_gmt":"2018-09-11T11:16:48","slug":"verbotene-liebe-und-shoppen-im-judenviertel-von-palma","status":"publish","type":"post","link":"https:\/\/www.masmallorca.es\/de\/kultur\/verbotene-liebe-und-shoppen-im-judenviertel-von-palma.html","title":{"rendered":"Verbotene Liebe und Shoppen im Judenviertel von Palma"},"content":{"rendered":"<p style=\"text-align: justify;\"><img loading=\"lazy\" decoding=\"async\" class=\"alignright wp-image-12882 size-full\" style=\"border: 0px none; margin: 0px 20px 40px; float: right;\" title=\"Judenviertel von Palma, Banco de Espa\u00f1a, Mallorca\" src=\"https:\/\/www.masmallorca.es\/wp-content\/uploads\/2015\/08\/Juderia-de-Palma-banco-Espana-1.jpg\" alt=\"Judenviertel von Palma, Banco de Espa\u00f1a, Mallorca\" width=\"150\" height=\"105\" \/><\/p>\n<p style=\"text-align: justify;\">Die j\u00fcdische Gemeinde bewohnte einst verschiedene Viertel von Palma und pr\u00e4gte so einen gro\u00dfen Bereich der Altstadt mit. Auf einer Erkundungstour durch die <em>Call<\/em> <em>menor<\/em> und die <em>Call<\/em> <em>mayor<\/em> sieht man einige der sch\u00f6nsten Stra\u00dfen des Stadtzentrums.<\/p>\n<p style=\"text-align: justify;\">\u00a0<\/p>\n<p><!--more--><\/p>\n<p style=\"text-align: justify;\"><img loading=\"lazy\" decoding=\"async\" class=\"alignleft wp-image-12887 size-full\" style=\"border: 0px none; margin: 0px 20px 50px 0px; float: left;\" title=\"Juder\u00eda de Palma, JAIME II, Mallorca\" src=\"https:\/\/www.masmallorca.es\/wp-content\/uploads\/2015\/08\/Juderia-de-Palma-JAIME-II.jpg\" alt=\"Judenviertel von Palma, JAIME II, Mallorca\" width=\"300\" height=\"456\" srcset=\"https:\/\/www.masmallorca.es\/wp-content\/uploads\/2015\/08\/Juderia-de-Palma-JAIME-II.jpg 300w, https:\/\/www.masmallorca.es\/wp-content\/uploads\/2015\/08\/Juderia-de-Palma-JAIME-II-197x300.jpg 197w\" sizes=\"(max-width: 300px) 100vw, 300px\" \/><\/p>\n<p style=\"text-align: justify;\">W\u00e4hrend der maurischen Epoche lebten die Juden im Gebiet der Almudaina. Die Aljama befand sich sp\u00e4ter in der Call menor, welche zwischen den Stra\u00dfen <em>Calle Sant Bartomeu<\/em>, <em>Calle de les Monges<\/em> und Calle Jaume II liegt. Die Banco de Espa\u00f1a steht bei der Synagoge in der <em>Call menor<\/em>. Sp\u00e4ter ordnete Jakob II an, dass die Juden in der <em>Call mayor<\/em> wohnen sollten. Die Eingangstore in den Stra\u00dfen <em>Calle del Sol<\/em> und <em>Montesi\u00f3n<\/em> geh\u00f6rten einst zu den Orden del Temple und de Calatrava.<\/p>\n<p style=\"text-align: justify;\">Zudem gibt mehrere <strong>interessante Monumente<\/strong> wie die Kirche Santa Eulalia mit ihrem <strong>gotischen<\/strong> Inneren, das Klara-von-Assisi-Kloster und die Kirche Montesi\u00f3n zu bewundern.<\/p>\n<p style=\"text-align: justify;\">In der <em>Calle de la Torre del Amor<\/em> erbaute Mosh\u00e9 Faquim einen Turm, um die Frau von Magaluf Natjar beobachten zu k\u00f6nnen. Ein Spaziergang durch die Stra\u00dfen des alten Judenviertels von Palma ist sehr sch\u00f6n und interessant.<\/p>\n<p style=\"text-align: justify;\">Dort liegen gesch\u00e4ftige Einkaufszonen wie Jaime II neben bezaubernden, ruhigen G\u00e4sschen.<\/p>\n<p style=\"text-align: justify;\">\u00a0<\/p>\n<p style=\"text-align: justify;\"><img loading=\"lazy\" decoding=\"async\" class=\"alignleft wp-image-12897\" style=\"border: 0px none; margin: 0px 20px 20px 0px; float: left;\" title=\"Judenviertel von Palma, Banco de Espa\u00f1a, Mallorca\" src=\"https:\/\/www.masmallorca.es\/wp-content\/uploads\/2015\/08\/Juderia-de-Palma-banco-Espana.jpg\" alt=\"Judenviertel von Palma, Banco de Espa\u00f1a, Mallorca\" width=\"940\" height=\"649\" srcset=\"https:\/\/www.masmallorca.es\/wp-content\/uploads\/2015\/08\/Juderia-de-Palma-banco-Espana.jpg 540w, https:\/\/www.masmallorca.es\/wp-content\/uploads\/2015\/08\/Juderia-de-Palma-banco-Espana-300x207.jpg 300w\" sizes=\"(max-width: 940px) 100vw, 940px\" \/><\/p>\n<p style=\"text-align: justify;\"><img loading=\"lazy\" decoding=\"async\" class=\"alignleft wp-image-12902\" style=\"border: 0px none; margin: 0px 20px 20px 0px; float: left;\" title=\"Juder\u00eda de Palma, Torre de l'amor, Mallorca\" src=\"https:\/\/www.masmallorca.es\/wp-content\/uploads\/2015\/08\/Juderia-de-Palma-torre-del-amor.jpg\" alt=\"Juderia-de-Palma-torre-del-amor\" width=\"940\" height=\"825\" srcset=\"https:\/\/www.masmallorca.es\/wp-content\/uploads\/2015\/08\/Juderia-de-Palma-torre-del-amor.jpg 540w, https:\/\/www.masmallorca.es\/wp-content\/uploads\/2015\/08\/Juderia-de-Palma-torre-del-amor-300x263.jpg 300w\" sizes=\"(max-width: 940px) 100vw, 940px\" \/><\/p>\n<p>&nbsp;<\/p>\n<p>&nbsp;<\/p>\n<p lang=\"es-ES\" style=\"margin-bottom: 0cm; widows: 0; orphans: 0;\" align=\"JUSTIFY\">\u00a0<\/p>\n","protected":false},"excerpt":{"rendered":"<p>Die j\u00fcdische Gemeinde bewohnte einst verschiedene Viertel von Palma und pr\u00e4gte so einen gro\u00dfen Bereich der Altstadt mit. Auf einer Erkundungstour durch die Call menor und die Call mayor sieht man einige der sch\u00f6nsten Stra\u00dfen des Stadtzentrums. \u00a0<\/p>\n","protected":false},"author":1,"featured_media":12900,"comment_status":"closed","ping_status":"closed","sticky":false,"template":"","format":"standard","meta":{"_et_pb_use_builder":"","_et_pb_old_content":"","_et_gb_content_width":"","footnotes":""},"categories":[20],"tags":[],"class_list":["post-12920","post","type-post","status-publish","format-standard","has-post-thumbnail","hentry","category-kultur","et-has-post-format-content","et_post_format-et-post-format-standard"],"yoast_head":"<!-- This site is optimized with the Yoast SEO plugin v27.4 - https:\/\/yoast.com\/product\/yoast-seo-wordpress\/ -->\n<title>Verbotene Liebe und Shoppen im Judenviertel von Palma | +Mallorca magazin<\/title>\n<meta name=\"description\" content=\"+Mallorca, Kultur: Judenviertel. Die j\u00fcdische Gemeinde bewohnte einst verschiedene Viertel von Palma und pr\u00e4gte so einen gro\u00dfen Bereich der Altstadt mit.\" \/>\n<meta name=\"robots\" content=\"index, follow, max-snippet:-1, max-image-preview:large, max-video-preview:-1\" \/>\n<link rel=\"canonical\" href=\"https:\/\/www.masmallorca.es\/de\/kultur\/verbotene-liebe-und-shoppen-im-judenviertel-von-palma.html\" \/>\n<meta property=\"og:locale\" content=\"de_DE\" \/>\n<meta property=\"og:type\" content=\"article\" \/>\n<meta property=\"og:title\" content=\"Verbotene Liebe und Shoppen im Judenviertel von Palma | +Mallorca magazin\" \/>\n<meta property=\"og:description\" content=\"+Mallorca, Kultur: Judenviertel. Die j\u00fcdische Gemeinde bewohnte einst verschiedene Viertel von Palma und pr\u00e4gte so einen gro\u00dfen Bereich der Altstadt mit.\" \/>\n<meta property=\"og:url\" content=\"https:\/\/www.masmallorca.es\/de\/kultur\/verbotene-liebe-und-shoppen-im-judenviertel-von-palma.html\" \/>\n<meta property=\"og:site_name\" content=\"+Mallorca: das Magazin aus Mallorca\" \/>\n<meta property=\"article:publisher\" content=\"https:\/\/www.facebook.com\/mallorcamagazine\/\" \/>\n<meta property=\"article:published_time\" content=\"2015-08-31T05:54:11+00:00\" \/>\n<meta property=\"article:modified_time\" content=\"2018-09-11T11:16:48+00:00\" \/>\n<meta property=\"og:image\" content=\"https:\/\/www.masmallorca.es\/wp-content\/uploads\/2015\/08\/Juderia-de-Palma-banco-Espana.jpg\" \/>\n\t<meta property=\"og:image:width\" content=\"540\" \/>\n\t<meta property=\"og:image:height\" content=\"373\" \/>\n\t<meta property=\"og:image:type\" content=\"image\/jpeg\" \/>\n<meta name=\"author\" content=\"masmallorca\" \/>\n<meta name=\"twitter:card\" content=\"summary_large_image\" \/>\n<meta name=\"twitter:creator\" content=\"@masmallorca\" \/>\n<meta name=\"twitter:site\" content=\"@masmallorca\" \/>\n<meta name=\"twitter:label1\" content=\"Verfasst von\" \/>\n\t<meta name=\"twitter:data1\" content=\"masmallorca\" \/>\n\t<meta name=\"twitter:label2\" content=\"Gesch\u00e4tzte Lesezeit\" \/>\n\t<meta name=\"twitter:data2\" content=\"1\u00a0Minute\" \/>\n<script type=\"application\/ld+json\" class=\"yoast-schema-graph\">{\"@context\":\"https:\\\/\\\/schema.org\",\"@graph\":[{\"@type\":\"Article\",\"@id\":\"https:\\\/\\\/www.masmallorca.es\\\/de\\\/kultur\\\/verbotene-liebe-und-shoppen-im-judenviertel-von-palma.html#article\",\"isPartOf\":{\"@id\":\"https:\\\/\\\/www.masmallorca.es\\\/de\\\/kultur\\\/verbotene-liebe-und-shoppen-im-judenviertel-von-palma.html\"},\"author\":{\"name\":\"masmallorca\",\"@id\":\"https:\\\/\\\/www.masmallorca.es\\\/de#\\\/schema\\\/person\\\/554c84e7dfd9917fdba2cace51081633\"},\"headline\":\"Verbotene Liebe und Shoppen im Judenviertel von Palma\",\"datePublished\":\"2015-08-31T05:54:11+00:00\",\"dateModified\":\"2018-09-11T11:16:48+00:00\",\"mainEntityOfPage\":{\"@id\":\"https:\\\/\\\/www.masmallorca.es\\\/de\\\/kultur\\\/verbotene-liebe-und-shoppen-im-judenviertel-von-palma.html\"},\"wordCount\":218,\"publisher\":{\"@id\":\"https:\\\/\\\/www.masmallorca.es\\\/de#organization\"},\"image\":{\"@id\":\"https:\\\/\\\/www.masmallorca.es\\\/de\\\/kultur\\\/verbotene-liebe-und-shoppen-im-judenviertel-von-palma.html#primaryimage\"},\"thumbnailUrl\":\"https:\\\/\\\/www.masmallorca.es\\\/wp-content\\\/uploads\\\/2015\\\/08\\\/Juderia-de-Palma-banco-Espana.jpg\",\"articleSection\":[\"Kultur\"],\"inLanguage\":\"de\"},{\"@type\":\"WebPage\",\"@id\":\"https:\\\/\\\/www.masmallorca.es\\\/de\\\/kultur\\\/verbotene-liebe-und-shoppen-im-judenviertel-von-palma.html\",\"url\":\"https:\\\/\\\/www.masmallorca.es\\\/de\\\/kultur\\\/verbotene-liebe-und-shoppen-im-judenviertel-von-palma.html\",\"name\":\"Verbotene Liebe und Shoppen im Judenviertel von Palma | +Mallorca magazin\",\"isPartOf\":{\"@id\":\"https:\\\/\\\/www.masmallorca.es\\\/de#website\"},\"primaryImageOfPage\":{\"@id\":\"https:\\\/\\\/www.masmallorca.es\\\/de\\\/kultur\\\/verbotene-liebe-und-shoppen-im-judenviertel-von-palma.html#primaryimage\"},\"image\":{\"@id\":\"https:\\\/\\\/www.masmallorca.es\\\/de\\\/kultur\\\/verbotene-liebe-und-shoppen-im-judenviertel-von-palma.html#primaryimage\"},\"thumbnailUrl\":\"https:\\\/\\\/www.masmallorca.es\\\/wp-content\\\/uploads\\\/2015\\\/08\\\/Juderia-de-Palma-banco-Espana.jpg\",\"datePublished\":\"2015-08-31T05:54:11+00:00\",\"dateModified\":\"2018-09-11T11:16:48+00:00\",\"description\":\"+Mallorca, Kultur: Judenviertel. Die j\u00fcdische Gemeinde bewohnte einst verschiedene Viertel von Palma und pr\u00e4gte so einen gro\u00dfen Bereich der Altstadt mit.\",\"breadcrumb\":{\"@id\":\"https:\\\/\\\/www.masmallorca.es\\\/de\\\/kultur\\\/verbotene-liebe-und-shoppen-im-judenviertel-von-palma.html#breadcrumb\"},\"inLanguage\":\"de\",\"potentialAction\":[{\"@type\":\"ReadAction\",\"target\":[\"https:\\\/\\\/www.masmallorca.es\\\/de\\\/kultur\\\/verbotene-liebe-und-shoppen-im-judenviertel-von-palma.html\"]}]},{\"@type\":\"ImageObject\",\"inLanguage\":\"de\",\"@id\":\"https:\\\/\\\/www.masmallorca.es\\\/de\\\/kultur\\\/verbotene-liebe-und-shoppen-im-judenviertel-von-palma.html#primaryimage\",\"url\":\"https:\\\/\\\/www.masmallorca.es\\\/wp-content\\\/uploads\\\/2015\\\/08\\\/Juderia-de-Palma-banco-Espana.jpg\",\"contentUrl\":\"https:\\\/\\\/www.masmallorca.es\\\/wp-content\\\/uploads\\\/2015\\\/08\\\/Juderia-de-Palma-banco-Espana.jpg\",\"width\":540,\"height\":373},{\"@type\":\"BreadcrumbList\",\"@id\":\"https:\\\/\\\/www.masmallorca.es\\\/de\\\/kultur\\\/verbotene-liebe-und-shoppen-im-judenviertel-von-palma.html#breadcrumb\",\"itemListElement\":[{\"@type\":\"ListItem\",\"position\":1,\"name\":\"Portada\",\"item\":\"https:\\\/\\\/www.masmallorca.es\\\/de\"},{\"@type\":\"ListItem\",\"position\":2,\"name\":\"Kultur\",\"item\":\"https:\\\/\\\/www.masmallorca.es\\\/de\\\/kultur\"},{\"@type\":\"ListItem\",\"position\":3,\"name\":\"Verbotene Liebe und Shoppen im Judenviertel von Palma\"}]},{\"@type\":\"WebSite\",\"@id\":\"https:\\\/\\\/www.masmallorca.es\\\/de#website\",\"url\":\"https:\\\/\\\/www.masmallorca.es\\\/de\",\"name\":\"+Mallorca: la revista de Mallorca\",\"description\":\"Mehr als Sonne und Strand..\",\"publisher\":{\"@id\":\"https:\\\/\\\/www.masmallorca.es\\\/de#organization\"},\"alternateName\":\"+Mallorca\",\"potentialAction\":[{\"@type\":\"SearchAction\",\"target\":{\"@type\":\"EntryPoint\",\"urlTemplate\":\"https:\\\/\\\/www.masmallorca.es\\\/de?s={search_term_string}\"},\"query-input\":{\"@type\":\"PropertyValueSpecification\",\"valueRequired\":true,\"valueName\":\"search_term_string\"}}],\"inLanguage\":\"de\"},{\"@type\":\"Organization\",\"@id\":\"https:\\\/\\\/www.masmallorca.es\\\/de#organization\",\"name\":\"+Mallorca Magazin\",\"alternateName\":\"M\u00e1s Mallorca\",\"url\":\"https:\\\/\\\/www.masmallorca.es\\\/de\",\"logo\":{\"@type\":\"ImageObject\",\"inLanguage\":\"de\",\"@id\":\"https:\\\/\\\/www.masmallorca.es\\\/de#\\\/schema\\\/logo\\\/image\\\/\",\"url\":\"https:\\\/\\\/www.masmallorca.es\\\/wp-content\\\/uploads\\\/2021\\\/04\\\/logomallorca-1.png\",\"contentUrl\":\"https:\\\/\\\/www.masmallorca.es\\\/wp-content\\\/uploads\\\/2021\\\/04\\\/logomallorca-1.png\",\"width\":326,\"height\":84,\"caption\":\"+Mallorca Magazin\"},\"image\":{\"@id\":\"https:\\\/\\\/www.masmallorca.es\\\/de#\\\/schema\\\/logo\\\/image\\\/\"},\"sameAs\":[\"https:\\\/\\\/www.facebook.com\\\/mallorcamagazine\\\/\",\"https:\\\/\\\/x.com\\\/masmallorca\"]},{\"@type\":\"Person\",\"@id\":\"https:\\\/\\\/www.masmallorca.es\\\/de#\\\/schema\\\/person\\\/554c84e7dfd9917fdba2cace51081633\",\"name\":\"masmallorca\"}]}<\/script>\n<!-- \/ Yoast SEO plugin. -->","yoast_head_json":{"title":"Verbotene Liebe und Shoppen im Judenviertel von Palma | +Mallorca magazin","description":"+Mallorca, Kultur: Judenviertel. Die j\u00fcdische Gemeinde bewohnte einst verschiedene Viertel von Palma und pr\u00e4gte so einen gro\u00dfen Bereich der Altstadt mit.","robots":{"index":"index","follow":"follow","max-snippet":"max-snippet:-1","max-image-preview":"max-image-preview:large","max-video-preview":"max-video-preview:-1"},"canonical":"https:\/\/www.masmallorca.es\/de\/kultur\/verbotene-liebe-und-shoppen-im-judenviertel-von-palma.html","og_locale":"de_DE","og_type":"article","og_title":"Verbotene Liebe und Shoppen im Judenviertel von Palma | +Mallorca magazin","og_description":"+Mallorca, Kultur: Judenviertel. Die j\u00fcdische Gemeinde bewohnte einst verschiedene Viertel von Palma und pr\u00e4gte so einen gro\u00dfen Bereich der Altstadt mit.","og_url":"https:\/\/www.masmallorca.es\/de\/kultur\/verbotene-liebe-und-shoppen-im-judenviertel-von-palma.html","og_site_name":"+Mallorca: das Magazin aus Mallorca","article_publisher":"https:\/\/www.facebook.com\/mallorcamagazine\/","article_published_time":"2015-08-31T05:54:11+00:00","article_modified_time":"2018-09-11T11:16:48+00:00","og_image":[{"width":540,"height":373,"url":"https:\/\/www.masmallorca.es\/wp-content\/uploads\/2015\/08\/Juderia-de-Palma-banco-Espana.jpg","type":"image\/jpeg"}],"author":"masmallorca","twitter_card":"summary_large_image","twitter_creator":"@masmallorca","twitter_site":"@masmallorca","twitter_misc":{"Verfasst von":"masmallorca","Gesch\u00e4tzte Lesezeit":"1\u00a0Minute"},"schema":{"@context":"https:\/\/schema.org","@graph":[{"@type":"Article","@id":"https:\/\/www.masmallorca.es\/de\/kultur\/verbotene-liebe-und-shoppen-im-judenviertel-von-palma.html#article","isPartOf":{"@id":"https:\/\/www.masmallorca.es\/de\/kultur\/verbotene-liebe-und-shoppen-im-judenviertel-von-palma.html"},"author":{"name":"masmallorca","@id":"https:\/\/www.masmallorca.es\/de#\/schema\/person\/554c84e7dfd9917fdba2cace51081633"},"headline":"Verbotene Liebe und Shoppen im Judenviertel von Palma","datePublished":"2015-08-31T05:54:11+00:00","dateModified":"2018-09-11T11:16:48+00:00","mainEntityOfPage":{"@id":"https:\/\/www.masmallorca.es\/de\/kultur\/verbotene-liebe-und-shoppen-im-judenviertel-von-palma.html"},"wordCount":218,"publisher":{"@id":"https:\/\/www.masmallorca.es\/de#organization"},"image":{"@id":"https:\/\/www.masmallorca.es\/de\/kultur\/verbotene-liebe-und-shoppen-im-judenviertel-von-palma.html#primaryimage"},"thumbnailUrl":"https:\/\/www.masmallorca.es\/wp-content\/uploads\/2015\/08\/Juderia-de-Palma-banco-Espana.jpg","articleSection":["Kultur"],"inLanguage":"de"},{"@type":"WebPage","@id":"https:\/\/www.masmallorca.es\/de\/kultur\/verbotene-liebe-und-shoppen-im-judenviertel-von-palma.html","url":"https:\/\/www.masmallorca.es\/de\/kultur\/verbotene-liebe-und-shoppen-im-judenviertel-von-palma.html","name":"Verbotene Liebe und Shoppen im Judenviertel von Palma | +Mallorca magazin","isPartOf":{"@id":"https:\/\/www.masmallorca.es\/de#website"},"primaryImageOfPage":{"@id":"https:\/\/www.masmallorca.es\/de\/kultur\/verbotene-liebe-und-shoppen-im-judenviertel-von-palma.html#primaryimage"},"image":{"@id":"https:\/\/www.masmallorca.es\/de\/kultur\/verbotene-liebe-und-shoppen-im-judenviertel-von-palma.html#primaryimage"},"thumbnailUrl":"https:\/\/www.masmallorca.es\/wp-content\/uploads\/2015\/08\/Juderia-de-Palma-banco-Espana.jpg","datePublished":"2015-08-31T05:54:11+00:00","dateModified":"2018-09-11T11:16:48+00:00","description":"+Mallorca, Kultur: Judenviertel. Die j\u00fcdische Gemeinde bewohnte einst verschiedene Viertel von Palma und pr\u00e4gte so einen gro\u00dfen Bereich der Altstadt mit.","breadcrumb":{"@id":"https:\/\/www.masmallorca.es\/de\/kultur\/verbotene-liebe-und-shoppen-im-judenviertel-von-palma.html#breadcrumb"},"inLanguage":"de","potentialAction":[{"@type":"ReadAction","target":["https:\/\/www.masmallorca.es\/de\/kultur\/verbotene-liebe-und-shoppen-im-judenviertel-von-palma.html"]}]},{"@type":"ImageObject","inLanguage":"de","@id":"https:\/\/www.masmallorca.es\/de\/kultur\/verbotene-liebe-und-shoppen-im-judenviertel-von-palma.html#primaryimage","url":"https:\/\/www.masmallorca.es\/wp-content\/uploads\/2015\/08\/Juderia-de-Palma-banco-Espana.jpg","contentUrl":"https:\/\/www.masmallorca.es\/wp-content\/uploads\/2015\/08\/Juderia-de-Palma-banco-Espana.jpg","width":540,"height":373},{"@type":"BreadcrumbList","@id":"https:\/\/www.masmallorca.es\/de\/kultur\/verbotene-liebe-und-shoppen-im-judenviertel-von-palma.html#breadcrumb","itemListElement":[{"@type":"ListItem","position":1,"name":"Portada","item":"https:\/\/www.masmallorca.es\/de"},{"@type":"ListItem","position":2,"name":"Kultur","item":"https:\/\/www.masmallorca.es\/de\/kultur"},{"@type":"ListItem","position":3,"name":"Verbotene Liebe und Shoppen im Judenviertel von Palma"}]},{"@type":"WebSite","@id":"https:\/\/www.masmallorca.es\/de#website","url":"https:\/\/www.masmallorca.es\/de","name":"+Mallorca: la revista de Mallorca","description":"Mehr als Sonne und Strand..","publisher":{"@id":"https:\/\/www.masmallorca.es\/de#organization"},"alternateName":"+Mallorca","potentialAction":[{"@type":"SearchAction","target":{"@type":"EntryPoint","urlTemplate":"https:\/\/www.masmallorca.es\/de?s={search_term_string}"},"query-input":{"@type":"PropertyValueSpecification","valueRequired":true,"valueName":"search_term_string"}}],"inLanguage":"de"},{"@type":"Organization","@id":"https:\/\/www.masmallorca.es\/de#organization","name":"+Mallorca Magazin","alternateName":"M\u00e1s Mallorca","url":"https:\/\/www.masmallorca.es\/de","logo":{"@type":"ImageObject","inLanguage":"de","@id":"https:\/\/www.masmallorca.es\/de#\/schema\/logo\/image\/","url":"https:\/\/www.masmallorca.es\/wp-content\/uploads\/2021\/04\/logomallorca-1.png","contentUrl":"https:\/\/www.masmallorca.es\/wp-content\/uploads\/2021\/04\/logomallorca-1.png","width":326,"height":84,"caption":"+Mallorca Magazin"},"image":{"@id":"https:\/\/www.masmallorca.es\/de#\/schema\/logo\/image\/"},"sameAs":["https:\/\/www.facebook.com\/mallorcamagazine\/","https:\/\/x.com\/masmallorca"]},{"@type":"Person","@id":"https:\/\/www.masmallorca.es\/de#\/schema\/person\/554c84e7dfd9917fdba2cace51081633","name":"masmallorca"}]}},"_links":{"self":[{"href":"https:\/\/www.masmallorca.es\/de\/wp-json\/wp\/v2\/posts\/12920","targetHints":{"allow":["GET"]}}],"collection":[{"href":"https:\/\/www.masmallorca.es\/de\/wp-json\/wp\/v2\/posts"}],"about":[{"href":"https:\/\/www.masmallorca.es\/de\/wp-json\/wp\/v2\/types\/post"}],"author":[{"embeddable":true,"href":"https:\/\/www.masmallorca.es\/de\/wp-json\/wp\/v2\/users\/1"}],"replies":[{"embeddable":true,"href":"https:\/\/www.masmallorca.es\/de\/wp-json\/wp\/v2\/comments?post=12920"}],"version-history":[{"count":0,"href":"https:\/\/www.masmallorca.es\/de\/wp-json\/wp\/v2\/posts\/12920\/revisions"}],"wp:featuredmedia":[{"embeddable":true,"href":"https:\/\/www.masmallorca.es\/de\/wp-json\/wp\/v2\/media\/12900"}],"wp:attachment":[{"href":"https:\/\/www.masmallorca.es\/de\/wp-json\/wp\/v2\/media?parent=12920"}],"wp:term":[{"taxonomy":"category","embeddable":true,"href":"https:\/\/www.masmallorca.es\/de\/wp-json\/wp\/v2\/categories?post=12920"},{"taxonomy":"post_tag","embeddable":true,"href":"https:\/\/www.masmallorca.es\/de\/wp-json\/wp\/v2\/tags?post=12920"}],"curies":[{"name":"wp","href":"https:\/\/api.w.org\/{rel}","templated":true}]}}