{"id":12294,"date":"2014-10-23T14:03:51","date_gmt":"2014-10-23T12:03:51","guid":{"rendered":""},"modified":"2023-12-04T12:19:44","modified_gmt":"2023-12-04T11:19:44","slug":"verehrung-der-landschaft","status":"publish","type":"post","link":"https:\/\/www.masmallorca.es\/de\/kultur\/verehrung-der-landschaft.html","title":{"rendered":"Verehrung der Landschaft"},"content":{"rendered":"\n<p>Verehrung der Landschaft: Je nach der verwendeten Interpretationsweise k\u00f6nnen Landschaften ganz verschieden beurteilt werden.<\/p>\n\n\n\n<!--more-->\n\n\n\n<p>Wenn wir uns auf die Malkunst konzentrieren, haben die unterschiedlichen Str\u00f6mungen der Landschaftsmalerei diese Kunst zu einer der beliebtesten bei den Menschen gemacht, denn wir haben sie bereits seit vielen Tausenden Jahren in unseren Genen, schon seit der Mensch in der Vorgeschichte versuchte, seine Umgebung in H\u00f6hlen darzustellen.<\/p>\n\n\n\n<p>Diese Beliebtheit hat dazu gef\u00fchrt, dass wir uns schnell in ein Gem\u00e4lde hineinversetzen k\u00f6nnen und eine \u00c4hnlichkeit oder ein Vorbild f\u00fcr das suchen, was wir sehen.<\/p>\n\n\n\n<figure class=\"wp-block-image is-resized\"><img loading=\"lazy\" decoding=\"async\" width=\"540\" height=\"405\" src=\"https:\/\/www.masmallorca.es\/wp-content\/uploads\/2014\/10\/El-culto-al-paisaje-Fuster-Valldemossa.jpg\" alt=\"Verehrung der Landschaft: Fuster, Valldemossa\" class=\"wp-image-12276\" style=\"width:829px;height:auto\" title=\"El culto al paisaje, Fuster: Valldemossa\" srcset=\"https:\/\/www.masmallorca.es\/wp-content\/uploads\/2014\/10\/El-culto-al-paisaje-Fuster-Valldemossa.jpg 540w, https:\/\/www.masmallorca.es\/wp-content\/uploads\/2014\/10\/El-culto-al-paisaje-Fuster-Valldemossa-300x225.jpg 300w\" sizes=\"(max-width: 540px) 100vw, 540px\" \/><figcaption class=\"wp-element-caption\">Verehrung der Landschaft: Fuster, <a href=\"https:\/\/www.masmallorca.es\/de\/reizvolle-orte\/das-malerische-dorf-valldemossa-mallorca.html\" target=\"_blank\" rel=\"noreferrer noopener\">Valldemossa<\/a><\/figcaption><\/figure>\n\n\n\n<p><font style=\"vertical-align: inherit;\"><font style=\"vertical-align: inherit;\">Es ist sehr kompliziert, das, was man sieht, darzustellen, denn die Essenz jedes Bildes h\u00e4ngt stark vom Augenblick ab. <\/font><\/font><\/p>\n\n\n\n<h2 class=\"wp-block-heading\"><font style=\"vertical-align: inherit;\"><font style=\"vertical-align: inherit;\">Man kann nicht einen konkreten Moment festhalten, wohl aber eine Verkettung mehrerer Augenblicke, um diese dann zu interpretieren. <\/font><\/font><\/h2>\n\n\n\n<p><font style=\"vertical-align: inherit;\"><font style=\"vertical-align: inherit;\">Kant sagte einmal,\u00a0<strong>\u201edie k\u00fcnstlerische Sch\u00f6nheit besteht nicht darin, etwas Sch\u00f6nes darzustellen, sondern etwas sch\u00f6n darzustellen\u201c<\/strong>. Deshalb hat jeder K\u00fcnstler seine einzigartige und spezielle Darstellungsform.<\/font><\/font><\/p>\n\n\n\n<p>Aus diesem Grunde wurden verschiedene K\u00fcnstler in zwei unterschiedlichen, kollektiven Ausstellungen vereint, die rund um eine Ortschaft mit genau so viel Kunst wie Kultur, n\u00e4mlich Valldemossa, veranstaltet werden. Diese Sammelausstellung tr\u00e4gt den Namen \u201eVerehrung der Landschaft. Goldenes und aktuelles Zeitalter\u201c.<\/p>\n\n\n\n<p>Die erste Ausstellung, die \u00fcber das Goldene Zeitalter, enth\u00e4lt gro\u00dfe K\u00fcnstler, die nach Mallorca gekommen waren und einen der spektakul\u00e4rsten Zeitr\u00e4ume der Insel pr\u00e4gten: Joan Fuster, Joan Borras, Antoni Llobet, Gabriel Fiol.<\/p>\n\n\n\n<p>Bei der zweiten Ausstellung sind zeitgen\u00f6ssische K\u00fcnstler zu sehen, alle mit demselben Thema, aber mit verschiedenem Stil und unterschiedlicher Herkunft: Mariella Moreno, Nathalie Gandouin-Maillard, Esther Coll, Joan Zamora, Pilar Garc\u00eda, Dolors Mart\u00ed, <a title=\"Toni Bennassar\" href=\"https:\/\/www.masmallorca.es\/nuestra-gente\/antoni-bennassar-el-tuareg-de-la-pintura-al-pastel.html\">Toni Bennassar<\/a>, Lucia Parra, Mercedes Alabern und Max Silva.<\/p>\n\n\n\n<figure class=\"wp-block-image is-resized\"><img loading=\"lazy\" decoding=\"async\" width=\"540\" height=\"444\" src=\"https:\/\/www.masmallorca.es\/wp-content\/uploads\/2014\/10\/El-culto-al-paisaje-Gaspar-Riera-Hort-de-Binissalem.jpg\" alt=\"Verehrung der Landschaft: Gaspar Riera, Hort de Binissalem\" class=\"wp-image-12281\" style=\"width:832px;height:auto\" title=\"El culto al paisaje, Gaspar Riera: Hort de Binissalem\" srcset=\"https:\/\/www.masmallorca.es\/wp-content\/uploads\/2014\/10\/El-culto-al-paisaje-Gaspar-Riera-Hort-de-Binissalem.jpg 540w, https:\/\/www.masmallorca.es\/wp-content\/uploads\/2014\/10\/El-culto-al-paisaje-Gaspar-Riera-Hort-de-Binissalem-300x247.jpg 300w\" sizes=\"(max-width: 540px) 100vw, 540px\" \/><figcaption class=\"wp-element-caption\">Verehrung der Landschaft: Gaspar Riera, Hort de Binissalem<\/figcaption><\/figure>\n\n\n\n<p>Die Verehrung der Landschaft ist die perfekte Ausrede, daran zu erinnern, dass die Kunst eng mit der menschlichen Natur verbunden ist, dass die menschliche Natur eng mit deren Essenz verbunden ist und dass die Essenz ganz einfach in der Betrachtung liegt.<\/p>\n\n\n\n<figure class=\"wp-block-image is-resized\"><img loading=\"lazy\" decoding=\"async\" width=\"540\" height=\"405\" src=\"https:\/\/www.masmallorca.es\/wp-content\/uploads\/2014\/10\/el-culto-al-paisaje-cala-figuera-Antoni-Bennassar.jpg\" alt=\"Verehrung der Landschaft: Antoni Bennassar, Cala Figuera\" class=\"wp-image-12286\" style=\"width:833px;height:auto\" title=\"El culto al paisaje, Antoni Bennassar: Cala Figuera\" srcset=\"https:\/\/www.masmallorca.es\/wp-content\/uploads\/2014\/10\/el-culto-al-paisaje-cala-figuera-Antoni-Bennassar.jpg 540w, https:\/\/www.masmallorca.es\/wp-content\/uploads\/2014\/10\/el-culto-al-paisaje-cala-figuera-Antoni-Bennassar-300x225.jpg 300w\" sizes=\"(max-width: 540px) 100vw, 540px\" \/><figcaption class=\"wp-element-caption\">Verehrung der Landschaft: Antoni Bennassar, Cala Figuera<\/figcaption><\/figure>\n","protected":false},"excerpt":{"rendered":"<p>Verehrung der Landschaft: Je nach der verwendeten Interpretationsweise k\u00f6nnen Landschaften ganz verschieden beurteilt werden.<\/p>\n","protected":false},"author":1,"featured_media":12284,"comment_status":"closed","ping_status":"closed","sticky":false,"template":"","format":"standard","meta":{"_et_pb_use_builder":"","_et_pb_old_content":"","_et_gb_content_width":"","footnotes":""},"categories":[20],"tags":[],"class_list":["post-12294","post","type-post","status-publish","format-standard","has-post-thumbnail","hentry","category-kultur","et-has-post-format-content","et_post_format-et-post-format-standard"],"yoast_head":"<!-- This site is optimized with the Yoast SEO plugin v27.4 - https:\/\/yoast.com\/product\/yoast-seo-wordpress\/ -->\n<title>Verehrung der Landschaft | +Mallorca, Mallorca magazin<\/title>\n<meta name=\"description\" content=\"+Mallorca: Verehrung der Landschaft. Je nach der verwendeten Interpretationsweise k\u00f6nnen Landschaften ganz verschieden beurteilt werden.\" \/>\n<meta name=\"robots\" content=\"index, follow, max-snippet:-1, max-image-preview:large, max-video-preview:-1\" \/>\n<link rel=\"canonical\" href=\"https:\/\/www.masmallorca.es\/de\/kultur\/verehrung-der-landschaft.html\" \/>\n<meta property=\"og:locale\" content=\"de_DE\" \/>\n<meta property=\"og:type\" content=\"article\" \/>\n<meta property=\"og:title\" content=\"Verehrung der Landschaft | +Mallorca, Mallorca magazin\" \/>\n<meta property=\"og:description\" content=\"+Mallorca: Verehrung der Landschaft. Je nach der verwendeten Interpretationsweise k\u00f6nnen Landschaften ganz verschieden beurteilt werden.\" \/>\n<meta property=\"og:url\" content=\"https:\/\/www.masmallorca.es\/de\/kultur\/verehrung-der-landschaft.html\" \/>\n<meta property=\"og:site_name\" content=\"+Mallorca: das Magazin aus Mallorca\" \/>\n<meta property=\"article:publisher\" content=\"https:\/\/www.facebook.com\/mallorcamagazine\/\" \/>\n<meta property=\"article:published_time\" content=\"2014-10-23T12:03:51+00:00\" \/>\n<meta property=\"article:modified_time\" content=\"2023-12-04T11:19:44+00:00\" \/>\n<meta property=\"og:image\" content=\"https:\/\/www.masmallorca.es\/wp-content\/uploads\/2014\/10\/El-culto-al-paisaje-Gaspar-Riera-Hort-de-Binissalem.jpg\" \/>\n\t<meta property=\"og:image:width\" content=\"540\" \/>\n\t<meta property=\"og:image:height\" content=\"444\" \/>\n\t<meta property=\"og:image:type\" content=\"image\/jpeg\" \/>\n<meta name=\"author\" content=\"masmallorca\" \/>\n<meta name=\"twitter:card\" content=\"summary_large_image\" \/>\n<meta name=\"twitter:creator\" content=\"@masmallorca\" \/>\n<meta name=\"twitter:site\" content=\"@masmallorca\" \/>\n<meta name=\"twitter:label1\" content=\"Verfasst von\" \/>\n\t<meta name=\"twitter:data1\" content=\"masmallorca\" \/>\n<script type=\"application\/ld+json\" class=\"yoast-schema-graph\">{\"@context\":\"https:\\\/\\\/schema.org\",\"@graph\":[{\"@type\":\"Article\",\"@id\":\"https:\\\/\\\/www.masmallorca.es\\\/de\\\/kultur\\\/verehrung-der-landschaft.html#article\",\"isPartOf\":{\"@id\":\"https:\\\/\\\/www.masmallorca.es\\\/de\\\/kultur\\\/verehrung-der-landschaft.html\"},\"author\":{\"name\":\"masmallorca\",\"@id\":\"https:\\\/\\\/www.masmallorca.es\\\/de#\\\/schema\\\/person\\\/554c84e7dfd9917fdba2cace51081633\"},\"headline\":\"Verehrung der Landschaft\",\"datePublished\":\"2014-10-23T12:03:51+00:00\",\"dateModified\":\"2023-12-04T11:19:44+00:00\",\"mainEntityOfPage\":{\"@id\":\"https:\\\/\\\/www.masmallorca.es\\\/de\\\/kultur\\\/verehrung-der-landschaft.html\"},\"wordCount\":352,\"publisher\":{\"@id\":\"https:\\\/\\\/www.masmallorca.es\\\/de#organization\"},\"image\":{\"@id\":\"https:\\\/\\\/www.masmallorca.es\\\/de\\\/kultur\\\/verehrung-der-landschaft.html#primaryimage\"},\"thumbnailUrl\":\"https:\\\/\\\/www.masmallorca.es\\\/wp-content\\\/uploads\\\/2014\\\/10\\\/El-culto-al-paisaje-Gaspar-Riera-Hort-de-Binissalem.jpg\",\"articleSection\":[\"Kultur\"],\"inLanguage\":\"de\"},{\"@type\":\"WebPage\",\"@id\":\"https:\\\/\\\/www.masmallorca.es\\\/de\\\/kultur\\\/verehrung-der-landschaft.html\",\"url\":\"https:\\\/\\\/www.masmallorca.es\\\/de\\\/kultur\\\/verehrung-der-landschaft.html\",\"name\":\"Verehrung der Landschaft | +Mallorca, Mallorca magazin\",\"isPartOf\":{\"@id\":\"https:\\\/\\\/www.masmallorca.es\\\/de#website\"},\"primaryImageOfPage\":{\"@id\":\"https:\\\/\\\/www.masmallorca.es\\\/de\\\/kultur\\\/verehrung-der-landschaft.html#primaryimage\"},\"image\":{\"@id\":\"https:\\\/\\\/www.masmallorca.es\\\/de\\\/kultur\\\/verehrung-der-landschaft.html#primaryimage\"},\"thumbnailUrl\":\"https:\\\/\\\/www.masmallorca.es\\\/wp-content\\\/uploads\\\/2014\\\/10\\\/El-culto-al-paisaje-Gaspar-Riera-Hort-de-Binissalem.jpg\",\"datePublished\":\"2014-10-23T12:03:51+00:00\",\"dateModified\":\"2023-12-04T11:19:44+00:00\",\"description\":\"+Mallorca: Verehrung der Landschaft. Je nach der verwendeten Interpretationsweise k\u00f6nnen Landschaften ganz verschieden beurteilt werden.\",\"breadcrumb\":{\"@id\":\"https:\\\/\\\/www.masmallorca.es\\\/de\\\/kultur\\\/verehrung-der-landschaft.html#breadcrumb\"},\"inLanguage\":\"de\",\"potentialAction\":[{\"@type\":\"ReadAction\",\"target\":[\"https:\\\/\\\/www.masmallorca.es\\\/de\\\/kultur\\\/verehrung-der-landschaft.html\"]}]},{\"@type\":\"ImageObject\",\"inLanguage\":\"de\",\"@id\":\"https:\\\/\\\/www.masmallorca.es\\\/de\\\/kultur\\\/verehrung-der-landschaft.html#primaryimage\",\"url\":\"https:\\\/\\\/www.masmallorca.es\\\/wp-content\\\/uploads\\\/2014\\\/10\\\/El-culto-al-paisaje-Gaspar-Riera-Hort-de-Binissalem.jpg\",\"contentUrl\":\"https:\\\/\\\/www.masmallorca.es\\\/wp-content\\\/uploads\\\/2014\\\/10\\\/El-culto-al-paisaje-Gaspar-Riera-Hort-de-Binissalem.jpg\",\"width\":540,\"height\":444,\"caption\":\"El culto al paisaje: Hort de Binissalem, Gaspar Riera.\"},{\"@type\":\"BreadcrumbList\",\"@id\":\"https:\\\/\\\/www.masmallorca.es\\\/de\\\/kultur\\\/verehrung-der-landschaft.html#breadcrumb\",\"itemListElement\":[{\"@type\":\"ListItem\",\"position\":1,\"name\":\"Portada\",\"item\":\"https:\\\/\\\/www.masmallorca.es\\\/de\"},{\"@type\":\"ListItem\",\"position\":2,\"name\":\"Kultur\",\"item\":\"https:\\\/\\\/www.masmallorca.es\\\/de\\\/kultur\"},{\"@type\":\"ListItem\",\"position\":3,\"name\":\"Verehrung der Landschaft\"}]},{\"@type\":\"WebSite\",\"@id\":\"https:\\\/\\\/www.masmallorca.es\\\/de#website\",\"url\":\"https:\\\/\\\/www.masmallorca.es\\\/de\",\"name\":\"+Mallorca: la revista de Mallorca\",\"description\":\"Mehr als Sonne und Strand..\",\"publisher\":{\"@id\":\"https:\\\/\\\/www.masmallorca.es\\\/de#organization\"},\"alternateName\":\"+Mallorca\",\"potentialAction\":[{\"@type\":\"SearchAction\",\"target\":{\"@type\":\"EntryPoint\",\"urlTemplate\":\"https:\\\/\\\/www.masmallorca.es\\\/de?s={search_term_string}\"},\"query-input\":{\"@type\":\"PropertyValueSpecification\",\"valueRequired\":true,\"valueName\":\"search_term_string\"}}],\"inLanguage\":\"de\"},{\"@type\":\"Organization\",\"@id\":\"https:\\\/\\\/www.masmallorca.es\\\/de#organization\",\"name\":\"+Mallorca Magazin\",\"alternateName\":\"M\u00e1s Mallorca\",\"url\":\"https:\\\/\\\/www.masmallorca.es\\\/de\",\"logo\":{\"@type\":\"ImageObject\",\"inLanguage\":\"de\",\"@id\":\"https:\\\/\\\/www.masmallorca.es\\\/de#\\\/schema\\\/logo\\\/image\\\/\",\"url\":\"https:\\\/\\\/www.masmallorca.es\\\/wp-content\\\/uploads\\\/2021\\\/04\\\/logomallorca-1.png\",\"contentUrl\":\"https:\\\/\\\/www.masmallorca.es\\\/wp-content\\\/uploads\\\/2021\\\/04\\\/logomallorca-1.png\",\"width\":326,\"height\":84,\"caption\":\"+Mallorca Magazin\"},\"image\":{\"@id\":\"https:\\\/\\\/www.masmallorca.es\\\/de#\\\/schema\\\/logo\\\/image\\\/\"},\"sameAs\":[\"https:\\\/\\\/www.facebook.com\\\/mallorcamagazine\\\/\",\"https:\\\/\\\/x.com\\\/masmallorca\"]},{\"@type\":\"Person\",\"@id\":\"https:\\\/\\\/www.masmallorca.es\\\/de#\\\/schema\\\/person\\\/554c84e7dfd9917fdba2cace51081633\",\"name\":\"masmallorca\"}]}<\/script>\n<!-- \/ Yoast SEO plugin. -->","yoast_head_json":{"title":"Verehrung der Landschaft | +Mallorca, Mallorca magazin","description":"+Mallorca: Verehrung der Landschaft. Je nach der verwendeten Interpretationsweise k\u00f6nnen Landschaften ganz verschieden beurteilt werden.","robots":{"index":"index","follow":"follow","max-snippet":"max-snippet:-1","max-image-preview":"max-image-preview:large","max-video-preview":"max-video-preview:-1"},"canonical":"https:\/\/www.masmallorca.es\/de\/kultur\/verehrung-der-landschaft.html","og_locale":"de_DE","og_type":"article","og_title":"Verehrung der Landschaft | +Mallorca, Mallorca magazin","og_description":"+Mallorca: Verehrung der Landschaft. Je nach der verwendeten Interpretationsweise k\u00f6nnen Landschaften ganz verschieden beurteilt werden.","og_url":"https:\/\/www.masmallorca.es\/de\/kultur\/verehrung-der-landschaft.html","og_site_name":"+Mallorca: das Magazin aus Mallorca","article_publisher":"https:\/\/www.facebook.com\/mallorcamagazine\/","article_published_time":"2014-10-23T12:03:51+00:00","article_modified_time":"2023-12-04T11:19:44+00:00","og_image":[{"width":540,"height":444,"url":"https:\/\/www.masmallorca.es\/wp-content\/uploads\/2014\/10\/El-culto-al-paisaje-Gaspar-Riera-Hort-de-Binissalem.jpg","type":"image\/jpeg"}],"author":"masmallorca","twitter_card":"summary_large_image","twitter_creator":"@masmallorca","twitter_site":"@masmallorca","twitter_misc":{"Verfasst von":"masmallorca"},"schema":{"@context":"https:\/\/schema.org","@graph":[{"@type":"Article","@id":"https:\/\/www.masmallorca.es\/de\/kultur\/verehrung-der-landschaft.html#article","isPartOf":{"@id":"https:\/\/www.masmallorca.es\/de\/kultur\/verehrung-der-landschaft.html"},"author":{"name":"masmallorca","@id":"https:\/\/www.masmallorca.es\/de#\/schema\/person\/554c84e7dfd9917fdba2cace51081633"},"headline":"Verehrung der Landschaft","datePublished":"2014-10-23T12:03:51+00:00","dateModified":"2023-12-04T11:19:44+00:00","mainEntityOfPage":{"@id":"https:\/\/www.masmallorca.es\/de\/kultur\/verehrung-der-landschaft.html"},"wordCount":352,"publisher":{"@id":"https:\/\/www.masmallorca.es\/de#organization"},"image":{"@id":"https:\/\/www.masmallorca.es\/de\/kultur\/verehrung-der-landschaft.html#primaryimage"},"thumbnailUrl":"https:\/\/www.masmallorca.es\/wp-content\/uploads\/2014\/10\/El-culto-al-paisaje-Gaspar-Riera-Hort-de-Binissalem.jpg","articleSection":["Kultur"],"inLanguage":"de"},{"@type":"WebPage","@id":"https:\/\/www.masmallorca.es\/de\/kultur\/verehrung-der-landschaft.html","url":"https:\/\/www.masmallorca.es\/de\/kultur\/verehrung-der-landschaft.html","name":"Verehrung der Landschaft | +Mallorca, Mallorca magazin","isPartOf":{"@id":"https:\/\/www.masmallorca.es\/de#website"},"primaryImageOfPage":{"@id":"https:\/\/www.masmallorca.es\/de\/kultur\/verehrung-der-landschaft.html#primaryimage"},"image":{"@id":"https:\/\/www.masmallorca.es\/de\/kultur\/verehrung-der-landschaft.html#primaryimage"},"thumbnailUrl":"https:\/\/www.masmallorca.es\/wp-content\/uploads\/2014\/10\/El-culto-al-paisaje-Gaspar-Riera-Hort-de-Binissalem.jpg","datePublished":"2014-10-23T12:03:51+00:00","dateModified":"2023-12-04T11:19:44+00:00","description":"+Mallorca: Verehrung der Landschaft. Je nach der verwendeten Interpretationsweise k\u00f6nnen Landschaften ganz verschieden beurteilt werden.","breadcrumb":{"@id":"https:\/\/www.masmallorca.es\/de\/kultur\/verehrung-der-landschaft.html#breadcrumb"},"inLanguage":"de","potentialAction":[{"@type":"ReadAction","target":["https:\/\/www.masmallorca.es\/de\/kultur\/verehrung-der-landschaft.html"]}]},{"@type":"ImageObject","inLanguage":"de","@id":"https:\/\/www.masmallorca.es\/de\/kultur\/verehrung-der-landschaft.html#primaryimage","url":"https:\/\/www.masmallorca.es\/wp-content\/uploads\/2014\/10\/El-culto-al-paisaje-Gaspar-Riera-Hort-de-Binissalem.jpg","contentUrl":"https:\/\/www.masmallorca.es\/wp-content\/uploads\/2014\/10\/El-culto-al-paisaje-Gaspar-Riera-Hort-de-Binissalem.jpg","width":540,"height":444,"caption":"El culto al paisaje: Hort de Binissalem, Gaspar Riera."},{"@type":"BreadcrumbList","@id":"https:\/\/www.masmallorca.es\/de\/kultur\/verehrung-der-landschaft.html#breadcrumb","itemListElement":[{"@type":"ListItem","position":1,"name":"Portada","item":"https:\/\/www.masmallorca.es\/de"},{"@type":"ListItem","position":2,"name":"Kultur","item":"https:\/\/www.masmallorca.es\/de\/kultur"},{"@type":"ListItem","position":3,"name":"Verehrung der Landschaft"}]},{"@type":"WebSite","@id":"https:\/\/www.masmallorca.es\/de#website","url":"https:\/\/www.masmallorca.es\/de","name":"+Mallorca: la revista de Mallorca","description":"Mehr als Sonne und Strand..","publisher":{"@id":"https:\/\/www.masmallorca.es\/de#organization"},"alternateName":"+Mallorca","potentialAction":[{"@type":"SearchAction","target":{"@type":"EntryPoint","urlTemplate":"https:\/\/www.masmallorca.es\/de?s={search_term_string}"},"query-input":{"@type":"PropertyValueSpecification","valueRequired":true,"valueName":"search_term_string"}}],"inLanguage":"de"},{"@type":"Organization","@id":"https:\/\/www.masmallorca.es\/de#organization","name":"+Mallorca Magazin","alternateName":"M\u00e1s Mallorca","url":"https:\/\/www.masmallorca.es\/de","logo":{"@type":"ImageObject","inLanguage":"de","@id":"https:\/\/www.masmallorca.es\/de#\/schema\/logo\/image\/","url":"https:\/\/www.masmallorca.es\/wp-content\/uploads\/2021\/04\/logomallorca-1.png","contentUrl":"https:\/\/www.masmallorca.es\/wp-content\/uploads\/2021\/04\/logomallorca-1.png","width":326,"height":84,"caption":"+Mallorca Magazin"},"image":{"@id":"https:\/\/www.masmallorca.es\/de#\/schema\/logo\/image\/"},"sameAs":["https:\/\/www.facebook.com\/mallorcamagazine\/","https:\/\/x.com\/masmallorca"]},{"@type":"Person","@id":"https:\/\/www.masmallorca.es\/de#\/schema\/person\/554c84e7dfd9917fdba2cace51081633","name":"masmallorca"}]}},"_links":{"self":[{"href":"https:\/\/www.masmallorca.es\/de\/wp-json\/wp\/v2\/posts\/12294","targetHints":{"allow":["GET"]}}],"collection":[{"href":"https:\/\/www.masmallorca.es\/de\/wp-json\/wp\/v2\/posts"}],"about":[{"href":"https:\/\/www.masmallorca.es\/de\/wp-json\/wp\/v2\/types\/post"}],"author":[{"embeddable":true,"href":"https:\/\/www.masmallorca.es\/de\/wp-json\/wp\/v2\/users\/1"}],"replies":[{"embeddable":true,"href":"https:\/\/www.masmallorca.es\/de\/wp-json\/wp\/v2\/comments?post=12294"}],"version-history":[{"count":0,"href":"https:\/\/www.masmallorca.es\/de\/wp-json\/wp\/v2\/posts\/12294\/revisions"}],"wp:featuredmedia":[{"embeddable":true,"href":"https:\/\/www.masmallorca.es\/de\/wp-json\/wp\/v2\/media\/12284"}],"wp:attachment":[{"href":"https:\/\/www.masmallorca.es\/de\/wp-json\/wp\/v2\/media?parent=12294"}],"wp:term":[{"taxonomy":"category","embeddable":true,"href":"https:\/\/www.masmallorca.es\/de\/wp-json\/wp\/v2\/categories?post=12294"},{"taxonomy":"post_tag","embeddable":true,"href":"https:\/\/www.masmallorca.es\/de\/wp-json\/wp\/v2\/tags?post=12294"}],"curies":[{"name":"wp","href":"https:\/\/api.w.org\/{rel}","templated":true}]}}