{"id":11829,"date":"2014-05-15T11:24:51","date_gmt":"2014-05-15T09:24:51","guid":{"rendered":""},"modified":"2017-09-14T13:44:56","modified_gmt":"2017-09-14T11:44:56","slug":"der-gotische-kreuzgang-von-sant-francesc-eine-ruheoase-aus-dem-13-jahrhundert","status":"publish","type":"post","link":"https:\/\/www.masmallorca.es\/de\/kultur\/der-gotische-kreuzgang-von-sant-francesc-eine-ruheoase-aus-dem-13-jahrhundert.html","title":{"rendered":"Der gotische Kreuzgang von Sant Francesc eine Ruheoase aus dem 13. Jahrhundert"},"content":{"rendered":"<p style=\"text-align: justify;\"><img loading=\"lazy\" decoding=\"async\" class=\"alignright wp-image-11786 size-full\" style=\"margin-right: 0px; margin-left: 20px; float: right;\" title=\"Der gotische Kreuzgang von Sant Francesc, Palma de Mallorca\" src=\"https:\/\/www.masmallorca.es\/wp-content\/uploads\/2014\/05\/claustro-gotico-sant-francesc-palma-mallorca.jpg\" alt=\"Der gotische Kreuzgang von Sant Francesc, Palma de Mallorca\" width=\"150\" height=\"106\" \/><\/p>\n<p style=\"text-align: justify;\">Das k\u00f6nigliche Kloster Sant Francesc von Palma de Mallorca befindet sich am gleichnamigen Platz. Es beherbergt einen herrlichen gotischen Kreuzgang, der perfekt erhalten ist und als eines der bedeutsamsten Beispiele dieses <strong>Architekturstils auf Mallorca<\/strong> gilt.<\/p>\n<p><!--more--><\/p>\n<p style=\"text-align: justify;\"><img loading=\"lazy\" decoding=\"async\" class=\"alignleft wp-image-11791 size-full\" style=\"margin: 10px 20px 10px 0px; float: left;\" title=\"Der gotische Kreuzgang von Sant Francesc, Palma de Mallorca\" src=\"https:\/\/www.masmallorca.es\/wp-content\/uploads\/2014\/05\/claustro-gotico-sant-francesc-palma-mallorca-3.jpg\" alt=\"Der gotische Kreuzgang von Sant Francesc, Palma de Mallorca\" width=\"350\" height=\"325\" srcset=\"https:\/\/www.masmallorca.es\/wp-content\/uploads\/2014\/05\/claustro-gotico-sant-francesc-palma-mallorca-3.jpg 350w, https:\/\/www.masmallorca.es\/wp-content\/uploads\/2014\/05\/claustro-gotico-sant-francesc-palma-mallorca-3-300x279.jpg 300w\" sizes=\"(max-width: 350px) 100vw, 350px\" \/><\/p>\n<p>&nbsp;<\/p>\n<p>&nbsp;<\/p>\n<p style=\"text-align: justify;\">\n Die G\u00e4nge mit ihren feinen S\u00e4ulen und eindrucksvoll gestalteten Spitzb\u00f6gen umschlie\u00dfen den trapezf\u00f6rmigen Grundriss.<\/p>\n<p style=\"text-align: justify;\">Ein kurzer Abschnitt des Kreuzgangs besteht aus sieben B\u00f6gen mit einfachen Motiven, die sich auf glatte achtseitige S\u00e4ulen st\u00fctzen. Sie weisen eine gro\u00dfe \u00c4hnlichkeit mit dem <a href=\"https:\/\/www.masmallorca.es\/sitios-con-encanto\/castillo-de-bellver-mallorca.html\">Castell de Bellver<\/a> und dem Palacio de la Almudaina auf. Auch die S\u00e4ulen, die in der Krypta der <a title=\"Kathedrale von Palma de Mallorca\" href=\"https:\/\/www.masmallorca.es\/cultura\/la-catedral-de-palma.html\" target=\"_blank\" rel=\"noopener\">Kathedrale von Palma de Mallorca<\/a> zu finden sind, wurden in diesem Stil gestaltet.<\/p>\n<p style=\"text-align: justify;\"><img loading=\"lazy\" decoding=\"async\" class=\"alignnone wp-image-11824 size-full\" title=\"Der gotische Kreuzgang von Sant Francesc, Palma de Mallorca\" src=\"https:\/\/www.masmallorca.es\/wp-content\/uploads\/2014\/05\/claustro-gotico-sant-francesc-palma-mallorca-2.jpg\" alt=\"Der gotische Kreuzgang von Sant Francesc, Palma de Mallorca\" width=\"540\" height=\"180\" srcset=\"https:\/\/www.masmallorca.es\/wp-content\/uploads\/2014\/05\/claustro-gotico-sant-francesc-palma-mallorca-2.jpg 540w, https:\/\/www.masmallorca.es\/wp-content\/uploads\/2014\/05\/claustro-gotico-sant-francesc-palma-mallorca-2-300x100.jpg 300w\" sizes=\"(max-width: 540px) 100vw, 540px\" \/><\/p>\n<p style=\"text-align: justify;\">Der Kreuzgang des Klosters Sant Francesc wurde zwischen 1287 und 1390 erbaut. Die <strong>Kongregation der Franziskaner<\/strong> stand in der Gunst von K\u00f6nig Jakob II. Im 13. und 14. Jahrhundert wiederum hatte der franziskanische Glaube einen gro\u00dfen Einfluss auf das Leben auf Mallorca, zumal das Kloster Sant Francesc als wichtiges Kulturzentrum galt. In der Kirche, die sich direkt an den Kreuzgang anschlie\u00dft, befindet sich der Sarg des Betbruders und Philosophen <a title=\"Ram\u00f3n Llull\" href=\"https:\/\/www.masmallorca.es\/nuestra-gente\/ramon-llull.html\" target=\"_blank\" rel=\"noopener\">Ram\u00f3n Llull<\/a>.<\/p>\n<p style=\"text-align: justify;\"><img loading=\"lazy\" decoding=\"async\" class=\"alignnone wp-image-11801 size-full\" style=\"text-align: justify;\" title=\"Der gotische Kreuzgang von Sant Francesc, Palma de Mallorca\" src=\"https:\/\/www.masmallorca.es\/wp-content\/uploads\/2014\/05\/claustro-gotico-sant-francesc-palma-mallorca-1.jpg\" alt=\"Der gotische Kreuzgang von Sant Francesc, Palma de Mallorca\" width=\"540\" height=\"248\" srcset=\"https:\/\/www.masmallorca.es\/wp-content\/uploads\/2014\/05\/claustro-gotico-sant-francesc-palma-mallorca-1.jpg 540w, https:\/\/www.masmallorca.es\/wp-content\/uploads\/2014\/05\/claustro-gotico-sant-francesc-palma-mallorca-1-300x138.jpg 300w\" sizes=\"(max-width: 540px) 100vw, 540px\" \/><\/p>\n<p> <img loading=\"lazy\" decoding=\"async\" class=\"alignleft wp-image-11806 size-full\" style=\"text-align: justify; margin-right: 20px; margin-bottom: 10px; float: left;\" title=\"Der gotische Kreuzgang von Sant Francesc, Palma de Mallorca\" src=\"https:\/\/www.masmallorca.es\/wp-content\/uploads\/2014\/05\/claustro-gotico-sant-francesc-palma-mallorca-6.jpg\" alt=\"Der gotische Kreuzgang von Sant Francesc, Palma de Mallorca\" width=\"350\" height=\"234\" srcset=\"https:\/\/www.masmallorca.es\/wp-content\/uploads\/2014\/05\/claustro-gotico-sant-francesc-palma-mallorca-6.jpg 350w, https:\/\/www.masmallorca.es\/wp-content\/uploads\/2014\/05\/claustro-gotico-sant-francesc-palma-mallorca-6-300x201.jpg 300w\" sizes=\"(max-width: 350px) 100vw, 350px\" \/><br \/>\n Plaza de Sant Francesc, 7 (Palma de Mallorca)<\/p>\n<p> <strong>\u00d6ffnungszeiten<\/strong>: 10:00 bis 18:00. Sonntag geschlossen.<\/p>\n","protected":false},"excerpt":{"rendered":"<p>Das k\u00f6nigliche Kloster Sant Francesc von Palma de Mallorca befindet sich am gleichnamigen Platz. Es beherbergt einen herrlichen gotischen Kreuzgang, der perfekt erhalten ist und als eines der bedeutsamsten Beispiele dieses Architekturstils auf Mallorca gilt.<\/p>\n","protected":false},"author":1,"featured_media":11833,"comment_status":"closed","ping_status":"closed","sticky":false,"template":"","format":"standard","meta":{"_et_pb_use_builder":"","_et_pb_old_content":"","_et_gb_content_width":"","footnotes":""},"categories":[20],"tags":[],"class_list":["post-11829","post","type-post","status-publish","format-standard","has-post-thumbnail","hentry","category-kultur","et-has-post-format-content","et_post_format-et-post-format-standard"],"yoast_head":"<!-- This site is optimized with the Yoast SEO plugin v27.4 - https:\/\/yoast.com\/product\/yoast-seo-wordpress\/ -->\n<title>Claustro g\u00f3tico de Sant Francesc, Palma | +Mallorca: das Magazin aus Mallorca<\/title>\n<meta name=\"description\" content=\"Convento de Sant Francesc de Palma tiene un claustro, de estilo arquitect\u00f3nico g\u00f3tico, perfectamente conservado en Mallorca. Claustro de Sant Francesc.\" \/>\n<meta name=\"robots\" content=\"index, follow, max-snippet:-1, max-image-preview:large, max-video-preview:-1\" \/>\n<link rel=\"canonical\" href=\"https:\/\/www.masmallorca.es\/de\/kultur\/der-gotische-kreuzgang-von-sant-francesc-eine-ruheoase-aus-dem-13-jahrhundert.html\" \/>\n<meta property=\"og:locale\" content=\"de_DE\" \/>\n<meta property=\"og:type\" content=\"article\" \/>\n<meta property=\"og:title\" content=\"Claustro g\u00f3tico de Sant Francesc, Palma | +Mallorca: das Magazin aus Mallorca\" \/>\n<meta property=\"og:description\" content=\"Convento de Sant Francesc de Palma tiene un claustro, de estilo arquitect\u00f3nico g\u00f3tico, perfectamente conservado en Mallorca. Claustro de Sant Francesc.\" \/>\n<meta property=\"og:url\" content=\"https:\/\/www.masmallorca.es\/de\/kultur\/der-gotische-kreuzgang-von-sant-francesc-eine-ruheoase-aus-dem-13-jahrhundert.html\" \/>\n<meta property=\"og:site_name\" content=\"+Mallorca: das Magazin aus Mallorca\" \/>\n<meta property=\"article:publisher\" content=\"https:\/\/www.facebook.com\/mallorcamagazine\/\" \/>\n<meta property=\"article:published_time\" content=\"2014-05-15T09:24:51+00:00\" \/>\n<meta property=\"article:modified_time\" content=\"2017-09-14T11:44:56+00:00\" \/>\n<meta property=\"og:image\" content=\"https:\/\/www.masmallorca.es\/wp-content\/uploads\/2014\/05\/claustro-gotico-sant-francesc-palma-mallorca-2.jpg\" \/>\n\t<meta property=\"og:image:width\" content=\"540\" \/>\n\t<meta property=\"og:image:height\" content=\"180\" \/>\n\t<meta property=\"og:image:type\" content=\"image\/jpeg\" \/>\n<meta name=\"author\" content=\"masmallorca\" \/>\n<meta name=\"twitter:card\" content=\"summary_large_image\" \/>\n<meta name=\"twitter:creator\" content=\"@masmallorca\" \/>\n<meta name=\"twitter:site\" content=\"@masmallorca\" \/>\n<meta name=\"twitter:label1\" content=\"Verfasst von\" \/>\n\t<meta name=\"twitter:data1\" content=\"masmallorca\" \/>\n\t<meta name=\"twitter:label2\" content=\"Gesch\u00e4tzte Lesezeit\" \/>\n\t<meta name=\"twitter:data2\" content=\"1\u00a0Minute\" \/>\n<script type=\"application\/ld+json\" class=\"yoast-schema-graph\">{\"@context\":\"https:\\\/\\\/schema.org\",\"@graph\":[{\"@type\":\"Article\",\"@id\":\"https:\\\/\\\/www.masmallorca.es\\\/de\\\/kultur\\\/der-gotische-kreuzgang-von-sant-francesc-eine-ruheoase-aus-dem-13-jahrhundert.html#article\",\"isPartOf\":{\"@id\":\"https:\\\/\\\/www.masmallorca.es\\\/de\\\/kultur\\\/der-gotische-kreuzgang-von-sant-francesc-eine-ruheoase-aus-dem-13-jahrhundert.html\"},\"author\":{\"name\":\"masmallorca\",\"@id\":\"https:\\\/\\\/www.masmallorca.es\\\/de#\\\/schema\\\/person\\\/554c84e7dfd9917fdba2cace51081633\"},\"headline\":\"Der gotische Kreuzgang von Sant Francesc eine Ruheoase aus dem 13. Jahrhundert\",\"datePublished\":\"2014-05-15T09:24:51+00:00\",\"dateModified\":\"2017-09-14T11:44:56+00:00\",\"mainEntityOfPage\":{\"@id\":\"https:\\\/\\\/www.masmallorca.es\\\/de\\\/kultur\\\/der-gotische-kreuzgang-von-sant-francesc-eine-ruheoase-aus-dem-13-jahrhundert.html\"},\"wordCount\":212,\"publisher\":{\"@id\":\"https:\\\/\\\/www.masmallorca.es\\\/de#organization\"},\"image\":{\"@id\":\"https:\\\/\\\/www.masmallorca.es\\\/de\\\/kultur\\\/der-gotische-kreuzgang-von-sant-francesc-eine-ruheoase-aus-dem-13-jahrhundert.html#primaryimage\"},\"thumbnailUrl\":\"https:\\\/\\\/www.masmallorca.es\\\/wp-content\\\/uploads\\\/2014\\\/05\\\/claustro-gotico-sant-francesc-palma-mallorca-2.jpg\",\"articleSection\":[\"Kultur\"],\"inLanguage\":\"de\"},{\"@type\":\"WebPage\",\"@id\":\"https:\\\/\\\/www.masmallorca.es\\\/de\\\/kultur\\\/der-gotische-kreuzgang-von-sant-francesc-eine-ruheoase-aus-dem-13-jahrhundert.html\",\"url\":\"https:\\\/\\\/www.masmallorca.es\\\/de\\\/kultur\\\/der-gotische-kreuzgang-von-sant-francesc-eine-ruheoase-aus-dem-13-jahrhundert.html\",\"name\":\"Claustro g\u00f3tico de Sant Francesc, Palma | +Mallorca: das Magazin aus Mallorca\",\"isPartOf\":{\"@id\":\"https:\\\/\\\/www.masmallorca.es\\\/de#website\"},\"primaryImageOfPage\":{\"@id\":\"https:\\\/\\\/www.masmallorca.es\\\/de\\\/kultur\\\/der-gotische-kreuzgang-von-sant-francesc-eine-ruheoase-aus-dem-13-jahrhundert.html#primaryimage\"},\"image\":{\"@id\":\"https:\\\/\\\/www.masmallorca.es\\\/de\\\/kultur\\\/der-gotische-kreuzgang-von-sant-francesc-eine-ruheoase-aus-dem-13-jahrhundert.html#primaryimage\"},\"thumbnailUrl\":\"https:\\\/\\\/www.masmallorca.es\\\/wp-content\\\/uploads\\\/2014\\\/05\\\/claustro-gotico-sant-francesc-palma-mallorca-2.jpg\",\"datePublished\":\"2014-05-15T09:24:51+00:00\",\"dateModified\":\"2017-09-14T11:44:56+00:00\",\"description\":\"Convento de Sant Francesc de Palma tiene un claustro, de estilo arquitect\u00f3nico g\u00f3tico, perfectamente conservado en Mallorca. Claustro de Sant Francesc.\",\"breadcrumb\":{\"@id\":\"https:\\\/\\\/www.masmallorca.es\\\/de\\\/kultur\\\/der-gotische-kreuzgang-von-sant-francesc-eine-ruheoase-aus-dem-13-jahrhundert.html#breadcrumb\"},\"inLanguage\":\"de\",\"potentialAction\":[{\"@type\":\"ReadAction\",\"target\":[\"https:\\\/\\\/www.masmallorca.es\\\/de\\\/kultur\\\/der-gotische-kreuzgang-von-sant-francesc-eine-ruheoase-aus-dem-13-jahrhundert.html\"]}]},{\"@type\":\"ImageObject\",\"inLanguage\":\"de\",\"@id\":\"https:\\\/\\\/www.masmallorca.es\\\/de\\\/kultur\\\/der-gotische-kreuzgang-von-sant-francesc-eine-ruheoase-aus-dem-13-jahrhundert.html#primaryimage\",\"url\":\"https:\\\/\\\/www.masmallorca.es\\\/wp-content\\\/uploads\\\/2014\\\/05\\\/claustro-gotico-sant-francesc-palma-mallorca-2.jpg\",\"contentUrl\":\"https:\\\/\\\/www.masmallorca.es\\\/wp-content\\\/uploads\\\/2014\\\/05\\\/claustro-gotico-sant-francesc-palma-mallorca-2.jpg\",\"width\":540,\"height\":180,\"caption\":\"\u0413\u043e\u0442\u0438\u0447\u0435\u0441\u043a\u0438\u0439 \u043a\u043b\u0443\u0430\u0442\u0440 \u043c\u043e\u043d\u0430\u0441\u0442\u044b\u0440\u044f \u0421\u0430\u043d\u0442-\u0424\u0440\u0430\u043d\u0441\u0435\u0441\u043a \u2014 \u0443\u0433\u043e\u043b\u043e\u043a \u043f\u043e\u043a\u043e\u044f \u0441 XIII \u0432\u0435\u043a\u0430.\"},{\"@type\":\"BreadcrumbList\",\"@id\":\"https:\\\/\\\/www.masmallorca.es\\\/de\\\/kultur\\\/der-gotische-kreuzgang-von-sant-francesc-eine-ruheoase-aus-dem-13-jahrhundert.html#breadcrumb\",\"itemListElement\":[{\"@type\":\"ListItem\",\"position\":1,\"name\":\"Portada\",\"item\":\"https:\\\/\\\/www.masmallorca.es\\\/de\"},{\"@type\":\"ListItem\",\"position\":2,\"name\":\"Kultur\",\"item\":\"https:\\\/\\\/www.masmallorca.es\\\/de\\\/kultur\"},{\"@type\":\"ListItem\",\"position\":3,\"name\":\"Der gotische Kreuzgang von Sant Francesc eine Ruheoase aus dem 13. Jahrhundert\"}]},{\"@type\":\"WebSite\",\"@id\":\"https:\\\/\\\/www.masmallorca.es\\\/de#website\",\"url\":\"https:\\\/\\\/www.masmallorca.es\\\/de\",\"name\":\"+Mallorca: la revista de Mallorca\",\"description\":\"Mehr als Sonne und Strand..\",\"publisher\":{\"@id\":\"https:\\\/\\\/www.masmallorca.es\\\/de#organization\"},\"alternateName\":\"+Mallorca\",\"potentialAction\":[{\"@type\":\"SearchAction\",\"target\":{\"@type\":\"EntryPoint\",\"urlTemplate\":\"https:\\\/\\\/www.masmallorca.es\\\/de?s={search_term_string}\"},\"query-input\":{\"@type\":\"PropertyValueSpecification\",\"valueRequired\":true,\"valueName\":\"search_term_string\"}}],\"inLanguage\":\"de\"},{\"@type\":\"Organization\",\"@id\":\"https:\\\/\\\/www.masmallorca.es\\\/de#organization\",\"name\":\"+Mallorca Magazin\",\"alternateName\":\"M\u00e1s Mallorca\",\"url\":\"https:\\\/\\\/www.masmallorca.es\\\/de\",\"logo\":{\"@type\":\"ImageObject\",\"inLanguage\":\"de\",\"@id\":\"https:\\\/\\\/www.masmallorca.es\\\/de#\\\/schema\\\/logo\\\/image\\\/\",\"url\":\"https:\\\/\\\/www.masmallorca.es\\\/wp-content\\\/uploads\\\/2021\\\/04\\\/logomallorca-1.png\",\"contentUrl\":\"https:\\\/\\\/www.masmallorca.es\\\/wp-content\\\/uploads\\\/2021\\\/04\\\/logomallorca-1.png\",\"width\":326,\"height\":84,\"caption\":\"+Mallorca Magazin\"},\"image\":{\"@id\":\"https:\\\/\\\/www.masmallorca.es\\\/de#\\\/schema\\\/logo\\\/image\\\/\"},\"sameAs\":[\"https:\\\/\\\/www.facebook.com\\\/mallorcamagazine\\\/\",\"https:\\\/\\\/x.com\\\/masmallorca\"]},{\"@type\":\"Person\",\"@id\":\"https:\\\/\\\/www.masmallorca.es\\\/de#\\\/schema\\\/person\\\/554c84e7dfd9917fdba2cace51081633\",\"name\":\"masmallorca\"}]}<\/script>\n<!-- \/ Yoast SEO plugin. -->","yoast_head_json":{"title":"Claustro g\u00f3tico de Sant Francesc, Palma | +Mallorca: das Magazin aus Mallorca","description":"Convento de Sant Francesc de Palma tiene un claustro, de estilo arquitect\u00f3nico g\u00f3tico, perfectamente conservado en Mallorca. Claustro de Sant Francesc.","robots":{"index":"index","follow":"follow","max-snippet":"max-snippet:-1","max-image-preview":"max-image-preview:large","max-video-preview":"max-video-preview:-1"},"canonical":"https:\/\/www.masmallorca.es\/de\/kultur\/der-gotische-kreuzgang-von-sant-francesc-eine-ruheoase-aus-dem-13-jahrhundert.html","og_locale":"de_DE","og_type":"article","og_title":"Claustro g\u00f3tico de Sant Francesc, Palma | +Mallorca: das Magazin aus Mallorca","og_description":"Convento de Sant Francesc de Palma tiene un claustro, de estilo arquitect\u00f3nico g\u00f3tico, perfectamente conservado en Mallorca. Claustro de Sant Francesc.","og_url":"https:\/\/www.masmallorca.es\/de\/kultur\/der-gotische-kreuzgang-von-sant-francesc-eine-ruheoase-aus-dem-13-jahrhundert.html","og_site_name":"+Mallorca: das Magazin aus Mallorca","article_publisher":"https:\/\/www.facebook.com\/mallorcamagazine\/","article_published_time":"2014-05-15T09:24:51+00:00","article_modified_time":"2017-09-14T11:44:56+00:00","og_image":[{"width":540,"height":180,"url":"https:\/\/www.masmallorca.es\/wp-content\/uploads\/2014\/05\/claustro-gotico-sant-francesc-palma-mallorca-2.jpg","type":"image\/jpeg"}],"author":"masmallorca","twitter_card":"summary_large_image","twitter_creator":"@masmallorca","twitter_site":"@masmallorca","twitter_misc":{"Verfasst von":"masmallorca","Gesch\u00e4tzte Lesezeit":"1\u00a0Minute"},"schema":{"@context":"https:\/\/schema.org","@graph":[{"@type":"Article","@id":"https:\/\/www.masmallorca.es\/de\/kultur\/der-gotische-kreuzgang-von-sant-francesc-eine-ruheoase-aus-dem-13-jahrhundert.html#article","isPartOf":{"@id":"https:\/\/www.masmallorca.es\/de\/kultur\/der-gotische-kreuzgang-von-sant-francesc-eine-ruheoase-aus-dem-13-jahrhundert.html"},"author":{"name":"masmallorca","@id":"https:\/\/www.masmallorca.es\/de#\/schema\/person\/554c84e7dfd9917fdba2cace51081633"},"headline":"Der gotische Kreuzgang von Sant Francesc eine Ruheoase aus dem 13. Jahrhundert","datePublished":"2014-05-15T09:24:51+00:00","dateModified":"2017-09-14T11:44:56+00:00","mainEntityOfPage":{"@id":"https:\/\/www.masmallorca.es\/de\/kultur\/der-gotische-kreuzgang-von-sant-francesc-eine-ruheoase-aus-dem-13-jahrhundert.html"},"wordCount":212,"publisher":{"@id":"https:\/\/www.masmallorca.es\/de#organization"},"image":{"@id":"https:\/\/www.masmallorca.es\/de\/kultur\/der-gotische-kreuzgang-von-sant-francesc-eine-ruheoase-aus-dem-13-jahrhundert.html#primaryimage"},"thumbnailUrl":"https:\/\/www.masmallorca.es\/wp-content\/uploads\/2014\/05\/claustro-gotico-sant-francesc-palma-mallorca-2.jpg","articleSection":["Kultur"],"inLanguage":"de"},{"@type":"WebPage","@id":"https:\/\/www.masmallorca.es\/de\/kultur\/der-gotische-kreuzgang-von-sant-francesc-eine-ruheoase-aus-dem-13-jahrhundert.html","url":"https:\/\/www.masmallorca.es\/de\/kultur\/der-gotische-kreuzgang-von-sant-francesc-eine-ruheoase-aus-dem-13-jahrhundert.html","name":"Claustro g\u00f3tico de Sant Francesc, Palma | +Mallorca: das Magazin aus Mallorca","isPartOf":{"@id":"https:\/\/www.masmallorca.es\/de#website"},"primaryImageOfPage":{"@id":"https:\/\/www.masmallorca.es\/de\/kultur\/der-gotische-kreuzgang-von-sant-francesc-eine-ruheoase-aus-dem-13-jahrhundert.html#primaryimage"},"image":{"@id":"https:\/\/www.masmallorca.es\/de\/kultur\/der-gotische-kreuzgang-von-sant-francesc-eine-ruheoase-aus-dem-13-jahrhundert.html#primaryimage"},"thumbnailUrl":"https:\/\/www.masmallorca.es\/wp-content\/uploads\/2014\/05\/claustro-gotico-sant-francesc-palma-mallorca-2.jpg","datePublished":"2014-05-15T09:24:51+00:00","dateModified":"2017-09-14T11:44:56+00:00","description":"Convento de Sant Francesc de Palma tiene un claustro, de estilo arquitect\u00f3nico g\u00f3tico, perfectamente conservado en Mallorca. Claustro de Sant Francesc.","breadcrumb":{"@id":"https:\/\/www.masmallorca.es\/de\/kultur\/der-gotische-kreuzgang-von-sant-francesc-eine-ruheoase-aus-dem-13-jahrhundert.html#breadcrumb"},"inLanguage":"de","potentialAction":[{"@type":"ReadAction","target":["https:\/\/www.masmallorca.es\/de\/kultur\/der-gotische-kreuzgang-von-sant-francesc-eine-ruheoase-aus-dem-13-jahrhundert.html"]}]},{"@type":"ImageObject","inLanguage":"de","@id":"https:\/\/www.masmallorca.es\/de\/kultur\/der-gotische-kreuzgang-von-sant-francesc-eine-ruheoase-aus-dem-13-jahrhundert.html#primaryimage","url":"https:\/\/www.masmallorca.es\/wp-content\/uploads\/2014\/05\/claustro-gotico-sant-francesc-palma-mallorca-2.jpg","contentUrl":"https:\/\/www.masmallorca.es\/wp-content\/uploads\/2014\/05\/claustro-gotico-sant-francesc-palma-mallorca-2.jpg","width":540,"height":180,"caption":"\u0413\u043e\u0442\u0438\u0447\u0435\u0441\u043a\u0438\u0439 \u043a\u043b\u0443\u0430\u0442\u0440 \u043c\u043e\u043d\u0430\u0441\u0442\u044b\u0440\u044f \u0421\u0430\u043d\u0442-\u0424\u0440\u0430\u043d\u0441\u0435\u0441\u043a \u2014 \u0443\u0433\u043e\u043b\u043e\u043a \u043f\u043e\u043a\u043e\u044f \u0441 XIII \u0432\u0435\u043a\u0430."},{"@type":"BreadcrumbList","@id":"https:\/\/www.masmallorca.es\/de\/kultur\/der-gotische-kreuzgang-von-sant-francesc-eine-ruheoase-aus-dem-13-jahrhundert.html#breadcrumb","itemListElement":[{"@type":"ListItem","position":1,"name":"Portada","item":"https:\/\/www.masmallorca.es\/de"},{"@type":"ListItem","position":2,"name":"Kultur","item":"https:\/\/www.masmallorca.es\/de\/kultur"},{"@type":"ListItem","position":3,"name":"Der gotische Kreuzgang von Sant Francesc eine Ruheoase aus dem 13. Jahrhundert"}]},{"@type":"WebSite","@id":"https:\/\/www.masmallorca.es\/de#website","url":"https:\/\/www.masmallorca.es\/de","name":"+Mallorca: la revista de Mallorca","description":"Mehr als Sonne und Strand..","publisher":{"@id":"https:\/\/www.masmallorca.es\/de#organization"},"alternateName":"+Mallorca","potentialAction":[{"@type":"SearchAction","target":{"@type":"EntryPoint","urlTemplate":"https:\/\/www.masmallorca.es\/de?s={search_term_string}"},"query-input":{"@type":"PropertyValueSpecification","valueRequired":true,"valueName":"search_term_string"}}],"inLanguage":"de"},{"@type":"Organization","@id":"https:\/\/www.masmallorca.es\/de#organization","name":"+Mallorca Magazin","alternateName":"M\u00e1s Mallorca","url":"https:\/\/www.masmallorca.es\/de","logo":{"@type":"ImageObject","inLanguage":"de","@id":"https:\/\/www.masmallorca.es\/de#\/schema\/logo\/image\/","url":"https:\/\/www.masmallorca.es\/wp-content\/uploads\/2021\/04\/logomallorca-1.png","contentUrl":"https:\/\/www.masmallorca.es\/wp-content\/uploads\/2021\/04\/logomallorca-1.png","width":326,"height":84,"caption":"+Mallorca Magazin"},"image":{"@id":"https:\/\/www.masmallorca.es\/de#\/schema\/logo\/image\/"},"sameAs":["https:\/\/www.facebook.com\/mallorcamagazine\/","https:\/\/x.com\/masmallorca"]},{"@type":"Person","@id":"https:\/\/www.masmallorca.es\/de#\/schema\/person\/554c84e7dfd9917fdba2cace51081633","name":"masmallorca"}]}},"_links":{"self":[{"href":"https:\/\/www.masmallorca.es\/de\/wp-json\/wp\/v2\/posts\/11829","targetHints":{"allow":["GET"]}}],"collection":[{"href":"https:\/\/www.masmallorca.es\/de\/wp-json\/wp\/v2\/posts"}],"about":[{"href":"https:\/\/www.masmallorca.es\/de\/wp-json\/wp\/v2\/types\/post"}],"author":[{"embeddable":true,"href":"https:\/\/www.masmallorca.es\/de\/wp-json\/wp\/v2\/users\/1"}],"replies":[{"embeddable":true,"href":"https:\/\/www.masmallorca.es\/de\/wp-json\/wp\/v2\/comments?post=11829"}],"version-history":[{"count":0,"href":"https:\/\/www.masmallorca.es\/de\/wp-json\/wp\/v2\/posts\/11829\/revisions"}],"wp:featuredmedia":[{"embeddable":true,"href":"https:\/\/www.masmallorca.es\/de\/wp-json\/wp\/v2\/media\/11833"}],"wp:attachment":[{"href":"https:\/\/www.masmallorca.es\/de\/wp-json\/wp\/v2\/media?parent=11829"}],"wp:term":[{"taxonomy":"category","embeddable":true,"href":"https:\/\/www.masmallorca.es\/de\/wp-json\/wp\/v2\/categories?post=11829"},{"taxonomy":"post_tag","embeddable":true,"href":"https:\/\/www.masmallorca.es\/de\/wp-json\/wp\/v2\/tags?post=11829"}],"curies":[{"name":"wp","href":"https:\/\/api.w.org\/{rel}","templated":true}]}}