{"id":11634,"date":"2014-04-14T16:41:59","date_gmt":"2014-04-14T14:41:59","guid":{"rendered":""},"modified":"2021-04-27T11:24:52","modified_gmt":"2021-04-27T09:24:52","slug":"das-jugendstilmuseum-von-can-prunera","status":"publish","type":"post","link":"https:\/\/www.masmallorca.es\/de\/kultur\/das-jugendstilmuseum-von-can-prunera.html","title":{"rendered":"Das Jugendstilmuseum von Can Prunera"},"content":{"rendered":"<p style=\"text-align: justify;\">1911 weihten Joan Magraner und Margalida Vicens ihre Jugendstilvilla in der Stra\u00dfe <strong>Calle Lluna de S\u00f3ller <\/strong>ein.<\/p>\n<p style=\"text-align: justify;\">\n<p><!--more--><\/p>\n<p style=\"text-align: justify;\"><img loading=\"lazy\" decoding=\"async\" class=\" alignleft size-full wp-image-11614\" style=\"margin: 10px 20px 10px 0px; float: left;\" title=\"Das Jugendstilmuseum von Can Prunera, S\u00f3ller, Mallorca\" src=\"https:\/\/www.masmallorca.es\/wp-content\/uploads\/2014\/04\/museum-can-prunera-soller-escalera.jpg\" alt=\"Das Jugendstilmuseum von Can Prunera, S\u00f3ller, Mallorca\" width=\"360\" height=\"541\" srcset=\"https:\/\/www.masmallorca.es\/wp-content\/uploads\/2014\/04\/museum-can-prunera-soller-escalera.jpg 360w, https:\/\/www.masmallorca.es\/wp-content\/uploads\/2014\/04\/museum-can-prunera-soller-escalera-200x300.jpg 200w\" sizes=\"(max-width: 360px) 100vw, 360px\" \/><\/p>\n<p style=\"text-align: justify;\">Ein Jahrhundert sp\u00e4ter erwarb die Stiftung<strong> Fundaci\u00f3 Tren de l\u2019Art<\/strong> das Anwesen und restaurierte es, um ihm seinen urspr\u00fcnglichen Glanz zur\u00fcckzugeben.<\/p>\n<p style=\"text-align: justify;\">Im Jahr 1865 zerst\u00f6rte eine furchtbare Plage die Obstplantagen von <a title=\"Puerto de S\u00f3ller y Tranv\u00eda, Mallorca\" href=\"https:\/\/www.masmallorca.es\/sitios-con-encanto\/puerto-de-soller-y-tranvia.html\" target=\"_blank\" rel=\"noopener\">S\u00f3ller<\/a>,\u00a0wodurch eine Auswanderungswelle nach Frankreich und Mittelamerika ausgel\u00f6st wurde. Aus S\u00f3ller stammende Emigranten, die reich nach Mallorca zur\u00fcckkehrten, verliehen in dieser Zeit ihrer Neigung zum Jugendstil Ausdruck, was sich in der Gestaltung ihrer H\u00e4user widerspiegelte.<\/p>\n<p style=\"text-align: justify;\">Can Prunera sind neben der Bank von S\u00f3ller und der Kirche Sant Bartomeu die wichtigsten Zeitzeugen aus der Jugendstilepoche in diesem inmitten der <a title=\"Serra Tramuntana, Mallorca\" href=\"https:\/\/www.masmallorca.es\/sitios-con-encanto\/la-serra-de-tramuntana-candidata-a-paisaje-cultural-de-la-unesco.html\" target=\"_blank\" rel=\"noopener\">Serra de Tramuntana<\/a>\u00a0gelegenen Dorf.<\/p>\n<p style=\"text-align: justify;\">Im Jugendstilmuseum von Can Prunera sind die reich mit Holzmosaiken verzierten urspr\u00fcnglichen M\u00f6bel des Hauses ausgestellt. Die Fassade ist mit gewundenen Formen geschm\u00fcckt. Am Hausstein und den Schmiedearbeiten finden sich Pflanzenmotive wieder. Die B\u00f6den sind mit Mosaikfliesen mit lebendigen Farben, geometrischen Formen und Blumenmotiven verziert. An den Stuckdecken sind Jagdmotive ebenso wie die f\u00fcr den Jugendstil typischen Blumenverzierungen zu sehen.<\/p>\n<p style=\"text-align: justify;\"><img loading=\"lazy\" decoding=\"async\" class=\"size-full wp-image-11619 aligncenter\" title=\"Das Jugendstilmuseum von Can Prunera, S\u00f3ller, Mallorca\" src=\"https:\/\/www.masmallorca.es\/wp-content\/uploads\/2014\/04\/museum-can-prunera-soller-escalera-detall.jpg\" alt=\"Das Jugendstilmuseum von Can Prunera, S\u00f3ller, Mallorca\" width=\"540\" height=\"383\" srcset=\"https:\/\/www.masmallorca.es\/wp-content\/uploads\/2014\/04\/museum-can-prunera-soller-escalera-detall.jpg 540w, https:\/\/www.masmallorca.es\/wp-content\/uploads\/2014\/04\/museum-can-prunera-soller-escalera-detall-300x213.jpg 300w, https:\/\/www.masmallorca.es\/wp-content\/uploads\/2014\/04\/museum-can-prunera-soller-escalera-detall-400x284.jpg 400w\" sizes=\"(max-width: 540px) 100vw, 540px\" \/><\/p>\n<p style=\"text-align: justify;\"><span style=\"text-align: justify;\">Fenster aus ge\u00e4tztem Glas geben von der Stra\u00dfe aus den Blick auf den Innenhof frei und lassen das Sonnenlicht durch die Scheiben auf den Hof fallen. Im Patio kann man Skulpturen aus der Kunstsammlung Colecci\u00f3 d\u2019Art Serra und im Rahmen der Dauerausstellung Werke auf Papier von K\u00fcnstlern wie <strong>Joan Mir\u00f3, Toulouse-Lautrec, Paul Klee und Fernand L\u00e9ger<\/strong> sowie mallorquinischen K\u00fcnstlern bewundern, die mit der Insel in Zusammenhang stehen: <strong>Santiago Rusi\u00f1ol, Joaquim Mir, Joan Fuster und Miquel Barcel\u00f3.<\/strong><\/span><\/p>\n<p><strong>Das Jugendstilmuseum von Can Prunera<\/strong><br \/>\nCarrer LLuna, 86. S\u00f3ller \/\u00a0Sommerzeit: 1. M\u00e4rz &#8211; 30. Oktober von 10.30 bis 18.30 Uhr. Winter: 1. November bis 28. Februar von 10.30 bis 18.30 Uhr (montags geschlossen).<\/p>\n<p><strong>Eintritt<\/strong>: 5 \u20ac. G\u00fcnstige Preise f\u00fcr Studenten, Senioren und Gruppen: 3 Euro.<\/p>\n<p><img loading=\"lazy\" decoding=\"async\" class=\"size-full wp-image-11624 aligncenter\" style=\"text-align: justify;\" title=\"Das Jugendstilmuseum von Can Prunera, S\u00f3ller, Mallorca\" src=\"https:\/\/www.masmallorca.es\/wp-content\/uploads\/2014\/04\/museum-can-prunera-soller-escalera-habitacion.jpg\" alt=\"Das Jugendstilmuseum von Can Prunera, S\u00f3ller, Mallorca\" width=\"540\" height=\"361\" srcset=\"https:\/\/www.masmallorca.es\/wp-content\/uploads\/2014\/04\/museum-can-prunera-soller-escalera-habitacion.jpg 540w, https:\/\/www.masmallorca.es\/wp-content\/uploads\/2014\/04\/museum-can-prunera-soller-escalera-habitacion-300x201.jpg 300w\" sizes=\"(max-width: 540px) 100vw, 540px\" \/><\/p>\n<p><img loading=\"lazy\" decoding=\"async\" class=\"size-full wp-image-11629 aligncenter\" title=\"Das Jugendstilmuseum von Can Prunera, S\u00f3ller, Mallorca\" src=\"https:\/\/www.masmallorca.es\/wp-content\/uploads\/2014\/04\/can-prunera-soller-mallorca.jpg\" alt=\"Das Jugendstilmuseum von Can Prunera, S\u00f3ller, Mallorca\" width=\"540\" height=\"107\" srcset=\"https:\/\/www.masmallorca.es\/wp-content\/uploads\/2014\/04\/can-prunera-soller-mallorca.jpg 540w, https:\/\/www.masmallorca.es\/wp-content\/uploads\/2014\/04\/can-prunera-soller-mallorca-300x59.jpg 300w\" sizes=\"(max-width: 540px) 100vw, 540px\" \/><\/p>\n","protected":false},"excerpt":{"rendered":"<p>1911 weihten Joan Magraner und Margalida Vicens ihre Jugendstilvilla in der Stra\u00dfe Calle Lluna de S\u00f3ller ein.<\/p>\n","protected":false},"author":1,"featured_media":11589,"comment_status":"closed","ping_status":"closed","sticky":false,"template":"","format":"standard","meta":{"_et_pb_use_builder":"","_et_pb_old_content":"","_et_gb_content_width":"","footnotes":""},"categories":[20],"tags":[],"class_list":["post-11634","post","type-post","status-publish","format-standard","has-post-thumbnail","hentry","category-kultur","et-has-post-format-content","et_post_format-et-post-format-standard"],"yoast_head":"<!-- This site is optimized with the Yoast SEO plugin v27.4 - https:\/\/yoast.com\/product\/yoast-seo-wordpress\/ -->\n<title>Das Jugendstilmuseum von Can Prunera | +Mallorca, Mallorca magazin<\/title>\n<meta name=\"description\" content=\"Ein Jahrhundert sp\u00e4ter erwarb die Stiftung Fundaci\u00f3 Tren de l\u2019Art das Anwesen und restaurierte es, um ihm seinen urspr\u00fcnglichen Glanz zur\u00fcckzugeben.\" \/>\n<meta name=\"robots\" content=\"index, follow, max-snippet:-1, max-image-preview:large, max-video-preview:-1\" \/>\n<link rel=\"canonical\" href=\"https:\/\/www.masmallorca.es\/de\/kultur\/das-jugendstilmuseum-von-can-prunera.html\" \/>\n<meta property=\"og:locale\" content=\"de_DE\" \/>\n<meta property=\"og:type\" content=\"article\" \/>\n<meta property=\"og:title\" content=\"Das Jugendstilmuseum von Can Prunera | +Mallorca, Mallorca magazin\" \/>\n<meta property=\"og:description\" content=\"Ein Jahrhundert sp\u00e4ter erwarb die Stiftung Fundaci\u00f3 Tren de l\u2019Art das Anwesen und restaurierte es, um ihm seinen urspr\u00fcnglichen Glanz zur\u00fcckzugeben.\" \/>\n<meta property=\"og:url\" content=\"https:\/\/www.masmallorca.es\/de\/kultur\/das-jugendstilmuseum-von-can-prunera.html\" \/>\n<meta property=\"og:site_name\" content=\"+Mallorca: das Magazin aus Mallorca\" \/>\n<meta property=\"article:publisher\" content=\"https:\/\/www.facebook.com\/mallorcamagazine\/\" \/>\n<meta property=\"article:published_time\" content=\"2014-04-14T14:41:59+00:00\" \/>\n<meta property=\"article:modified_time\" content=\"2021-04-27T09:24:52+00:00\" \/>\n<meta property=\"og:image\" content=\"https:\/\/www.masmallorca.es\/wp-content\/uploads\/2014\/04\/museum-can-prunera-soller-escalera.jpg\" \/>\n\t<meta property=\"og:image:width\" content=\"360\" \/>\n\t<meta property=\"og:image:height\" content=\"541\" \/>\n\t<meta property=\"og:image:type\" content=\"image\/jpeg\" \/>\n<meta name=\"author\" content=\"masmallorca\" \/>\n<meta name=\"twitter:card\" content=\"summary_large_image\" \/>\n<meta name=\"twitter:creator\" content=\"@masmallorca\" \/>\n<meta name=\"twitter:site\" content=\"@masmallorca\" \/>\n<meta name=\"twitter:label1\" content=\"Verfasst von\" \/>\n\t<meta name=\"twitter:data1\" content=\"masmallorca\" \/>\n\t<meta name=\"twitter:label2\" content=\"Gesch\u00e4tzte Lesezeit\" \/>\n\t<meta name=\"twitter:data2\" content=\"3\u00a0Minuten\" \/>\n<script type=\"application\/ld+json\" class=\"yoast-schema-graph\">{\"@context\":\"https:\\\/\\\/schema.org\",\"@graph\":[{\"@type\":\"Article\",\"@id\":\"https:\\\/\\\/www.masmallorca.es\\\/de\\\/kultur\\\/das-jugendstilmuseum-von-can-prunera.html#article\",\"isPartOf\":{\"@id\":\"https:\\\/\\\/www.masmallorca.es\\\/de\\\/kultur\\\/das-jugendstilmuseum-von-can-prunera.html\"},\"author\":{\"name\":\"masmallorca\",\"@id\":\"https:\\\/\\\/www.masmallorca.es\\\/de#\\\/schema\\\/person\\\/554c84e7dfd9917fdba2cace51081633\"},\"headline\":\"Das Jugendstilmuseum von Can Prunera\",\"datePublished\":\"2014-04-14T14:41:59+00:00\",\"dateModified\":\"2021-04-27T09:24:52+00:00\",\"mainEntityOfPage\":{\"@id\":\"https:\\\/\\\/www.masmallorca.es\\\/de\\\/kultur\\\/das-jugendstilmuseum-von-can-prunera.html\"},\"wordCount\":313,\"publisher\":{\"@id\":\"https:\\\/\\\/www.masmallorca.es\\\/de#organization\"},\"image\":{\"@id\":\"https:\\\/\\\/www.masmallorca.es\\\/de\\\/kultur\\\/das-jugendstilmuseum-von-can-prunera.html#primaryimage\"},\"thumbnailUrl\":\"https:\\\/\\\/www.masmallorca.es\\\/wp-content\\\/uploads\\\/2014\\\/04\\\/museum-can-prunera-soller-escalera.jpg\",\"articleSection\":[\"Kultur\"],\"inLanguage\":\"de\"},{\"@type\":\"WebPage\",\"@id\":\"https:\\\/\\\/www.masmallorca.es\\\/de\\\/kultur\\\/das-jugendstilmuseum-von-can-prunera.html\",\"url\":\"https:\\\/\\\/www.masmallorca.es\\\/de\\\/kultur\\\/das-jugendstilmuseum-von-can-prunera.html\",\"name\":\"Das Jugendstilmuseum von Can Prunera | +Mallorca, Mallorca magazin\",\"isPartOf\":{\"@id\":\"https:\\\/\\\/www.masmallorca.es\\\/de#website\"},\"primaryImageOfPage\":{\"@id\":\"https:\\\/\\\/www.masmallorca.es\\\/de\\\/kultur\\\/das-jugendstilmuseum-von-can-prunera.html#primaryimage\"},\"image\":{\"@id\":\"https:\\\/\\\/www.masmallorca.es\\\/de\\\/kultur\\\/das-jugendstilmuseum-von-can-prunera.html#primaryimage\"},\"thumbnailUrl\":\"https:\\\/\\\/www.masmallorca.es\\\/wp-content\\\/uploads\\\/2014\\\/04\\\/museum-can-prunera-soller-escalera.jpg\",\"datePublished\":\"2014-04-14T14:41:59+00:00\",\"dateModified\":\"2021-04-27T09:24:52+00:00\",\"description\":\"Ein Jahrhundert sp\u00e4ter erwarb die Stiftung Fundaci\u00f3 Tren de l\u2019Art das Anwesen und restaurierte es, um ihm seinen urspr\u00fcnglichen Glanz zur\u00fcckzugeben.\",\"breadcrumb\":{\"@id\":\"https:\\\/\\\/www.masmallorca.es\\\/de\\\/kultur\\\/das-jugendstilmuseum-von-can-prunera.html#breadcrumb\"},\"inLanguage\":\"de\",\"potentialAction\":[{\"@type\":\"ReadAction\",\"target\":[\"https:\\\/\\\/www.masmallorca.es\\\/de\\\/kultur\\\/das-jugendstilmuseum-von-can-prunera.html\"]}]},{\"@type\":\"ImageObject\",\"inLanguage\":\"de\",\"@id\":\"https:\\\/\\\/www.masmallorca.es\\\/de\\\/kultur\\\/das-jugendstilmuseum-von-can-prunera.html#primaryimage\",\"url\":\"https:\\\/\\\/www.masmallorca.es\\\/wp-content\\\/uploads\\\/2014\\\/04\\\/museum-can-prunera-soller-escalera.jpg\",\"contentUrl\":\"https:\\\/\\\/www.masmallorca.es\\\/wp-content\\\/uploads\\\/2014\\\/04\\\/museum-can-prunera-soller-escalera.jpg\",\"width\":360,\"height\":541,\"caption\":\"museu Can Prunera S\u00f3ller, Mallorca\"},{\"@type\":\"BreadcrumbList\",\"@id\":\"https:\\\/\\\/www.masmallorca.es\\\/de\\\/kultur\\\/das-jugendstilmuseum-von-can-prunera.html#breadcrumb\",\"itemListElement\":[{\"@type\":\"ListItem\",\"position\":1,\"name\":\"Portada\",\"item\":\"https:\\\/\\\/www.masmallorca.es\\\/de\"},{\"@type\":\"ListItem\",\"position\":2,\"name\":\"Kultur\",\"item\":\"https:\\\/\\\/www.masmallorca.es\\\/de\\\/kultur\"},{\"@type\":\"ListItem\",\"position\":3,\"name\":\"Das Jugendstilmuseum von Can Prunera\"}]},{\"@type\":\"WebSite\",\"@id\":\"https:\\\/\\\/www.masmallorca.es\\\/de#website\",\"url\":\"https:\\\/\\\/www.masmallorca.es\\\/de\",\"name\":\"+Mallorca: la revista de Mallorca\",\"description\":\"Mehr als Sonne und Strand..\",\"publisher\":{\"@id\":\"https:\\\/\\\/www.masmallorca.es\\\/de#organization\"},\"alternateName\":\"+Mallorca\",\"potentialAction\":[{\"@type\":\"SearchAction\",\"target\":{\"@type\":\"EntryPoint\",\"urlTemplate\":\"https:\\\/\\\/www.masmallorca.es\\\/de?s={search_term_string}\"},\"query-input\":{\"@type\":\"PropertyValueSpecification\",\"valueRequired\":true,\"valueName\":\"search_term_string\"}}],\"inLanguage\":\"de\"},{\"@type\":\"Organization\",\"@id\":\"https:\\\/\\\/www.masmallorca.es\\\/de#organization\",\"name\":\"+Mallorca Magazin\",\"alternateName\":\"M\u00e1s Mallorca\",\"url\":\"https:\\\/\\\/www.masmallorca.es\\\/de\",\"logo\":{\"@type\":\"ImageObject\",\"inLanguage\":\"de\",\"@id\":\"https:\\\/\\\/www.masmallorca.es\\\/de#\\\/schema\\\/logo\\\/image\\\/\",\"url\":\"https:\\\/\\\/www.masmallorca.es\\\/wp-content\\\/uploads\\\/2021\\\/04\\\/logomallorca-1.png\",\"contentUrl\":\"https:\\\/\\\/www.masmallorca.es\\\/wp-content\\\/uploads\\\/2021\\\/04\\\/logomallorca-1.png\",\"width\":326,\"height\":84,\"caption\":\"+Mallorca Magazin\"},\"image\":{\"@id\":\"https:\\\/\\\/www.masmallorca.es\\\/de#\\\/schema\\\/logo\\\/image\\\/\"},\"sameAs\":[\"https:\\\/\\\/www.facebook.com\\\/mallorcamagazine\\\/\",\"https:\\\/\\\/x.com\\\/masmallorca\"]},{\"@type\":\"Person\",\"@id\":\"https:\\\/\\\/www.masmallorca.es\\\/de#\\\/schema\\\/person\\\/554c84e7dfd9917fdba2cace51081633\",\"name\":\"masmallorca\"}]}<\/script>\n<!-- \/ Yoast SEO plugin. -->","yoast_head_json":{"title":"Das Jugendstilmuseum von Can Prunera | +Mallorca, Mallorca magazin","description":"Ein Jahrhundert sp\u00e4ter erwarb die Stiftung Fundaci\u00f3 Tren de l\u2019Art das Anwesen und restaurierte es, um ihm seinen urspr\u00fcnglichen Glanz zur\u00fcckzugeben.","robots":{"index":"index","follow":"follow","max-snippet":"max-snippet:-1","max-image-preview":"max-image-preview:large","max-video-preview":"max-video-preview:-1"},"canonical":"https:\/\/www.masmallorca.es\/de\/kultur\/das-jugendstilmuseum-von-can-prunera.html","og_locale":"de_DE","og_type":"article","og_title":"Das Jugendstilmuseum von Can Prunera | +Mallorca, Mallorca magazin","og_description":"Ein Jahrhundert sp\u00e4ter erwarb die Stiftung Fundaci\u00f3 Tren de l\u2019Art das Anwesen und restaurierte es, um ihm seinen urspr\u00fcnglichen Glanz zur\u00fcckzugeben.","og_url":"https:\/\/www.masmallorca.es\/de\/kultur\/das-jugendstilmuseum-von-can-prunera.html","og_site_name":"+Mallorca: das Magazin aus Mallorca","article_publisher":"https:\/\/www.facebook.com\/mallorcamagazine\/","article_published_time":"2014-04-14T14:41:59+00:00","article_modified_time":"2021-04-27T09:24:52+00:00","og_image":[{"width":360,"height":541,"url":"https:\/\/www.masmallorca.es\/wp-content\/uploads\/2014\/04\/museum-can-prunera-soller-escalera.jpg","type":"image\/jpeg"}],"author":"masmallorca","twitter_card":"summary_large_image","twitter_creator":"@masmallorca","twitter_site":"@masmallorca","twitter_misc":{"Verfasst von":"masmallorca","Gesch\u00e4tzte Lesezeit":"3\u00a0Minuten"},"schema":{"@context":"https:\/\/schema.org","@graph":[{"@type":"Article","@id":"https:\/\/www.masmallorca.es\/de\/kultur\/das-jugendstilmuseum-von-can-prunera.html#article","isPartOf":{"@id":"https:\/\/www.masmallorca.es\/de\/kultur\/das-jugendstilmuseum-von-can-prunera.html"},"author":{"name":"masmallorca","@id":"https:\/\/www.masmallorca.es\/de#\/schema\/person\/554c84e7dfd9917fdba2cace51081633"},"headline":"Das Jugendstilmuseum von Can Prunera","datePublished":"2014-04-14T14:41:59+00:00","dateModified":"2021-04-27T09:24:52+00:00","mainEntityOfPage":{"@id":"https:\/\/www.masmallorca.es\/de\/kultur\/das-jugendstilmuseum-von-can-prunera.html"},"wordCount":313,"publisher":{"@id":"https:\/\/www.masmallorca.es\/de#organization"},"image":{"@id":"https:\/\/www.masmallorca.es\/de\/kultur\/das-jugendstilmuseum-von-can-prunera.html#primaryimage"},"thumbnailUrl":"https:\/\/www.masmallorca.es\/wp-content\/uploads\/2014\/04\/museum-can-prunera-soller-escalera.jpg","articleSection":["Kultur"],"inLanguage":"de"},{"@type":"WebPage","@id":"https:\/\/www.masmallorca.es\/de\/kultur\/das-jugendstilmuseum-von-can-prunera.html","url":"https:\/\/www.masmallorca.es\/de\/kultur\/das-jugendstilmuseum-von-can-prunera.html","name":"Das Jugendstilmuseum von Can Prunera | +Mallorca, Mallorca magazin","isPartOf":{"@id":"https:\/\/www.masmallorca.es\/de#website"},"primaryImageOfPage":{"@id":"https:\/\/www.masmallorca.es\/de\/kultur\/das-jugendstilmuseum-von-can-prunera.html#primaryimage"},"image":{"@id":"https:\/\/www.masmallorca.es\/de\/kultur\/das-jugendstilmuseum-von-can-prunera.html#primaryimage"},"thumbnailUrl":"https:\/\/www.masmallorca.es\/wp-content\/uploads\/2014\/04\/museum-can-prunera-soller-escalera.jpg","datePublished":"2014-04-14T14:41:59+00:00","dateModified":"2021-04-27T09:24:52+00:00","description":"Ein Jahrhundert sp\u00e4ter erwarb die Stiftung Fundaci\u00f3 Tren de l\u2019Art das Anwesen und restaurierte es, um ihm seinen urspr\u00fcnglichen Glanz zur\u00fcckzugeben.","breadcrumb":{"@id":"https:\/\/www.masmallorca.es\/de\/kultur\/das-jugendstilmuseum-von-can-prunera.html#breadcrumb"},"inLanguage":"de","potentialAction":[{"@type":"ReadAction","target":["https:\/\/www.masmallorca.es\/de\/kultur\/das-jugendstilmuseum-von-can-prunera.html"]}]},{"@type":"ImageObject","inLanguage":"de","@id":"https:\/\/www.masmallorca.es\/de\/kultur\/das-jugendstilmuseum-von-can-prunera.html#primaryimage","url":"https:\/\/www.masmallorca.es\/wp-content\/uploads\/2014\/04\/museum-can-prunera-soller-escalera.jpg","contentUrl":"https:\/\/www.masmallorca.es\/wp-content\/uploads\/2014\/04\/museum-can-prunera-soller-escalera.jpg","width":360,"height":541,"caption":"museu Can Prunera S\u00f3ller, Mallorca"},{"@type":"BreadcrumbList","@id":"https:\/\/www.masmallorca.es\/de\/kultur\/das-jugendstilmuseum-von-can-prunera.html#breadcrumb","itemListElement":[{"@type":"ListItem","position":1,"name":"Portada","item":"https:\/\/www.masmallorca.es\/de"},{"@type":"ListItem","position":2,"name":"Kultur","item":"https:\/\/www.masmallorca.es\/de\/kultur"},{"@type":"ListItem","position":3,"name":"Das Jugendstilmuseum von Can Prunera"}]},{"@type":"WebSite","@id":"https:\/\/www.masmallorca.es\/de#website","url":"https:\/\/www.masmallorca.es\/de","name":"+Mallorca: la revista de Mallorca","description":"Mehr als Sonne und Strand..","publisher":{"@id":"https:\/\/www.masmallorca.es\/de#organization"},"alternateName":"+Mallorca","potentialAction":[{"@type":"SearchAction","target":{"@type":"EntryPoint","urlTemplate":"https:\/\/www.masmallorca.es\/de?s={search_term_string}"},"query-input":{"@type":"PropertyValueSpecification","valueRequired":true,"valueName":"search_term_string"}}],"inLanguage":"de"},{"@type":"Organization","@id":"https:\/\/www.masmallorca.es\/de#organization","name":"+Mallorca Magazin","alternateName":"M\u00e1s Mallorca","url":"https:\/\/www.masmallorca.es\/de","logo":{"@type":"ImageObject","inLanguage":"de","@id":"https:\/\/www.masmallorca.es\/de#\/schema\/logo\/image\/","url":"https:\/\/www.masmallorca.es\/wp-content\/uploads\/2021\/04\/logomallorca-1.png","contentUrl":"https:\/\/www.masmallorca.es\/wp-content\/uploads\/2021\/04\/logomallorca-1.png","width":326,"height":84,"caption":"+Mallorca Magazin"},"image":{"@id":"https:\/\/www.masmallorca.es\/de#\/schema\/logo\/image\/"},"sameAs":["https:\/\/www.facebook.com\/mallorcamagazine\/","https:\/\/x.com\/masmallorca"]},{"@type":"Person","@id":"https:\/\/www.masmallorca.es\/de#\/schema\/person\/554c84e7dfd9917fdba2cace51081633","name":"masmallorca"}]}},"_links":{"self":[{"href":"https:\/\/www.masmallorca.es\/de\/wp-json\/wp\/v2\/posts\/11634","targetHints":{"allow":["GET"]}}],"collection":[{"href":"https:\/\/www.masmallorca.es\/de\/wp-json\/wp\/v2\/posts"}],"about":[{"href":"https:\/\/www.masmallorca.es\/de\/wp-json\/wp\/v2\/types\/post"}],"author":[{"embeddable":true,"href":"https:\/\/www.masmallorca.es\/de\/wp-json\/wp\/v2\/users\/1"}],"replies":[{"embeddable":true,"href":"https:\/\/www.masmallorca.es\/de\/wp-json\/wp\/v2\/comments?post=11634"}],"version-history":[{"count":0,"href":"https:\/\/www.masmallorca.es\/de\/wp-json\/wp\/v2\/posts\/11634\/revisions"}],"wp:featuredmedia":[{"embeddable":true,"href":"https:\/\/www.masmallorca.es\/de\/wp-json\/wp\/v2\/media\/11589"}],"wp:attachment":[{"href":"https:\/\/www.masmallorca.es\/de\/wp-json\/wp\/v2\/media?parent=11634"}],"wp:term":[{"taxonomy":"category","embeddable":true,"href":"https:\/\/www.masmallorca.es\/de\/wp-json\/wp\/v2\/categories?post=11634"},{"taxonomy":"post_tag","embeddable":true,"href":"https:\/\/www.masmallorca.es\/de\/wp-json\/wp\/v2\/tags?post=11634"}],"curies":[{"name":"wp","href":"https:\/\/api.w.org\/{rel}","templated":true}]}}