{"id":11579,"date":"2014-01-23T13:40:40","date_gmt":"2014-01-23T12:40:40","guid":{"rendered":""},"modified":"2021-04-27T11:41:40","modified_gmt":"2021-04-27T09:41:40","slug":"die-lonja-von-palma-de-mallorca-hat-ihren-eigenen-schutzengel","status":"publish","type":"post","link":"https:\/\/www.masmallorca.es\/de\/kultur\/die-lonja-von-palma-de-mallorca-hat-ihren-eigenen-schutzengel.html","title":{"rendered":"Die Llotja von Palma de Mallorca hat ihren eigenen Schutzengel"},"content":{"rendered":"<p style=\"text-align: justify;\"><span style=\"text-align: justify;\">Am <strong>Paseo Sagrera<\/strong> von Palma de Mallorca befindet sich ein au\u00dferordentliches Bauwerk, das jeder Besucher der Stadt kennenlernen sollte.<br \/>\n<\/span><\/p>\n<p><!--more--><\/p>\n<p style=\"text-align: justify;\"><span style=\"text-align: justify;\"><span style=\"text-align: justify;\"><img loading=\"lazy\" decoding=\"async\" class=\"alignleft wp-image-11561 size-full\" style=\"border-style: none; margin: 0px 20px 0px 0px; float: left;\" title=\"Die Llotja von Palma de Mallorca\" src=\"https:\/\/www.masmallorca.es\/wp-content\/uploads\/2014\/01\/la-lonja-de-palma-de-mallorca-columnas.jpg\" alt=\"Die Llotja von Palma de Mallorca\" width=\"350\" height=\"467\" srcset=\"https:\/\/www.masmallorca.es\/wp-content\/uploads\/2014\/01\/la-lonja-de-palma-de-mallorca-columnas.jpg 350w, https:\/\/www.masmallorca.es\/wp-content\/uploads\/2014\/01\/la-lonja-de-palma-de-mallorca-columnas-225x300.jpg 225w\" sizes=\"(max-width: 350px) 100vw, 350px\" \/><\/span><\/span><\/p>\n<p>Die Llotja ist ein Wunderwerk aus der Flamboyantgotik. Sie wurde im 15. Jahrhundert errichtet.<\/p>\n<p>Im Jahre 1462 beauftragte die Kaufmannsgilde von Mallorca den Architekten <strong>Guillem Sagrera<\/strong> mit dem Bau dieses \u00f6ffentlichen Geb\u00e4udes. Neben den funktionalen Eigenschaften wie dem An- und Verkauf von Produkten sollte das Bauwerk au\u00dferdem dem kaufm\u00e4nnischen Beruf zu mehr Ansehen verhelfen.<\/p>\n<p>Deshalb sollte es eine herrschaftliche Warenb\u00f6rse werden, die schlie\u00dflich mit zahlreichen Heiligenstatuen und Engeln sowie anderen eindrucksvollen architektonischen Elementen verziert wurde. Die seitliche Fassade in der<strong> Calle Llotja de Mar<\/strong> mit ihren reich geschm\u00fcckten Fenstern ist besonders interessant.<\/p>\n<p><span style=\"text-align: justify;\"><span style=\"text-align: justify;\"><span style=\"text-align: justify;\"><img loading=\"lazy\" decoding=\"async\" class=\"alignnone wp-image-11566 size-full\" style=\"border-style: none; margin: 0px auto 20px; display: block;\" title=\"Die Llotja von Palma de Mallorca\" src=\"https:\/\/www.masmallorca.es\/wp-content\/uploads\/2014\/01\/la-lonja-de-palma-de-mallorca-angel-custodio.jpg\" alt=\"Die Llotja von Palma de Mallorca\" width=\"540\" height=\"561\" srcset=\"https:\/\/www.masmallorca.es\/wp-content\/uploads\/2014\/01\/la-lonja-de-palma-de-mallorca-angel-custodio.jpg 540w, https:\/\/www.masmallorca.es\/wp-content\/uploads\/2014\/01\/la-lonja-de-palma-de-mallorca-angel-custodio-289x300.jpg 289w\" sizes=\"(max-width: 540px) 100vw, 540px\" \/><\/span><\/span><\/span>Heute dient die<strong> Llotja von Palma de Mallorca<\/strong> als Ausstellungsort f\u00fcr zeitgen\u00f6ssische Kunst. Dieser beeindruckende Ort l\u00e4dt besonders Touristen nach einer anstrengenden Besichtigungstour zum Entspannen ein.<\/p>\n<p><img loading=\"lazy\" decoding=\"async\" class=\"aligncenter wp-image-11571 size-full\" title=\"Die Llotja von Palma de Mallorca\" src=\"https:\/\/www.masmallorca.es\/wp-content\/uploads\/2014\/01\/la-lonja-de-palma-de-mallorca-fachada-lateral.jpg\" alt=\"Die Llotja von Palma de Mallorca\" width=\"540\" height=\"517\" srcset=\"https:\/\/www.masmallorca.es\/wp-content\/uploads\/2014\/01\/la-lonja-de-palma-de-mallorca-fachada-lateral.jpg 540w, https:\/\/www.masmallorca.es\/wp-content\/uploads\/2014\/01\/la-lonja-de-palma-de-mallorca-fachada-lateral-300x287.jpg 300w\" sizes=\"(max-width: 540px) 100vw, 540px\" \/><\/p>\n","protected":false},"excerpt":{"rendered":"<p>Am Paseo Sagrera von Palma de Mallorca befindet sich ein au\u00dferordentliches Bauwerk, das jeder Besucher der Stadt kennenlernen sollte.<\/p>\n","protected":false},"author":1,"featured_media":20584,"comment_status":"closed","ping_status":"closed","sticky":false,"template":"","format":"standard","meta":{"_et_pb_use_builder":"","_et_pb_old_content":"","_et_gb_content_width":"","footnotes":""},"categories":[20],"tags":[],"class_list":["post-11579","post","type-post","status-publish","format-standard","has-post-thumbnail","hentry","category-kultur","et-has-post-format-content","et_post_format-et-post-format-standard"],"yoast_head":"<!-- This site is optimized with the Yoast SEO plugin v27.4 - https:\/\/yoast.com\/product\/yoast-seo-wordpress\/ -->\n<title>Die Llotja von Palma de Mallorca | +Mallorca, Mallorca Magazin<\/title>\n<meta name=\"description\" content=\"+Mallorca, Kultur: Llotja. Am Paseo Sagrera von Palma de Mallorca befindet sich ein au\u00dferordentliches Bauwerk, das jeder Besucher der Stadt kennenlernen sollte\" \/>\n<meta name=\"robots\" content=\"index, follow, max-snippet:-1, max-image-preview:large, max-video-preview:-1\" \/>\n<link rel=\"canonical\" href=\"https:\/\/www.masmallorca.es\/de\/kultur\/die-lonja-von-palma-de-mallorca-hat-ihren-eigenen-schutzengel.html\" \/>\n<meta property=\"og:locale\" content=\"de_DE\" \/>\n<meta property=\"og:type\" content=\"article\" \/>\n<meta property=\"og:title\" content=\"Die Llotja von Palma de Mallorca | +Mallorca, Mallorca Magazin\" \/>\n<meta property=\"og:description\" content=\"+Mallorca, Kultur: Llotja. Am Paseo Sagrera von Palma de Mallorca befindet sich ein au\u00dferordentliches Bauwerk, das jeder Besucher der Stadt kennenlernen sollte\" \/>\n<meta property=\"og:url\" content=\"https:\/\/www.masmallorca.es\/de\/kultur\/die-lonja-von-palma-de-mallorca-hat-ihren-eigenen-schutzengel.html\" \/>\n<meta property=\"og:site_name\" content=\"+Mallorca: das Magazin aus Mallorca\" \/>\n<meta property=\"article:publisher\" content=\"https:\/\/www.facebook.com\/mallorcamagazine\/\" \/>\n<meta property=\"article:published_time\" content=\"2014-01-23T12:40:40+00:00\" \/>\n<meta property=\"article:modified_time\" content=\"2021-04-27T09:41:40+00:00\" \/>\n<meta property=\"og:image\" content=\"https:\/\/www.masmallorca.es\/wp-content\/uploads\/2014\/01\/La-Lonja.jpg\" \/>\n\t<meta property=\"og:image:width\" content=\"940\" \/>\n\t<meta property=\"og:image:height\" content=\"705\" \/>\n\t<meta property=\"og:image:type\" content=\"image\/jpeg\" \/>\n<meta name=\"author\" content=\"masmallorca\" \/>\n<meta name=\"twitter:card\" content=\"summary_large_image\" \/>\n<meta name=\"twitter:creator\" content=\"@masmallorca\" \/>\n<meta name=\"twitter:site\" content=\"@masmallorca\" \/>\n<meta name=\"twitter:label1\" content=\"Verfasst von\" \/>\n\t<meta name=\"twitter:data1\" content=\"masmallorca\" \/>\n\t<meta name=\"twitter:label2\" content=\"Gesch\u00e4tzte Lesezeit\" \/>\n\t<meta name=\"twitter:data2\" content=\"2\u00a0Minuten\" \/>\n<script type=\"application\/ld+json\" class=\"yoast-schema-graph\">{\"@context\":\"https:\\\/\\\/schema.org\",\"@graph\":[{\"@type\":\"Article\",\"@id\":\"https:\\\/\\\/www.masmallorca.es\\\/de\\\/kultur\\\/die-lonja-von-palma-de-mallorca-hat-ihren-eigenen-schutzengel.html#article\",\"isPartOf\":{\"@id\":\"https:\\\/\\\/www.masmallorca.es\\\/de\\\/kultur\\\/die-lonja-von-palma-de-mallorca-hat-ihren-eigenen-schutzengel.html\"},\"author\":{\"name\":\"masmallorca\",\"@id\":\"https:\\\/\\\/www.masmallorca.es\\\/de#\\\/schema\\\/person\\\/554c84e7dfd9917fdba2cace51081633\"},\"headline\":\"Die Llotja von Palma de Mallorca hat ihren eigenen Schutzengel\",\"datePublished\":\"2014-01-23T12:40:40+00:00\",\"dateModified\":\"2021-04-27T09:41:40+00:00\",\"mainEntityOfPage\":{\"@id\":\"https:\\\/\\\/www.masmallorca.es\\\/de\\\/kultur\\\/die-lonja-von-palma-de-mallorca-hat-ihren-eigenen-schutzengel.html\"},\"wordCount\":155,\"publisher\":{\"@id\":\"https:\\\/\\\/www.masmallorca.es\\\/de#organization\"},\"image\":{\"@id\":\"https:\\\/\\\/www.masmallorca.es\\\/de\\\/kultur\\\/die-lonja-von-palma-de-mallorca-hat-ihren-eigenen-schutzengel.html#primaryimage\"},\"thumbnailUrl\":\"https:\\\/\\\/www.masmallorca.es\\\/wp-content\\\/uploads\\\/2014\\\/01\\\/La-Lonja.jpg\",\"articleSection\":[\"Kultur\"],\"inLanguage\":\"de\"},{\"@type\":\"WebPage\",\"@id\":\"https:\\\/\\\/www.masmallorca.es\\\/de\\\/kultur\\\/die-lonja-von-palma-de-mallorca-hat-ihren-eigenen-schutzengel.html\",\"url\":\"https:\\\/\\\/www.masmallorca.es\\\/de\\\/kultur\\\/die-lonja-von-palma-de-mallorca-hat-ihren-eigenen-schutzengel.html\",\"name\":\"Die Llotja von Palma de Mallorca | +Mallorca, Mallorca Magazin\",\"isPartOf\":{\"@id\":\"https:\\\/\\\/www.masmallorca.es\\\/de#website\"},\"primaryImageOfPage\":{\"@id\":\"https:\\\/\\\/www.masmallorca.es\\\/de\\\/kultur\\\/die-lonja-von-palma-de-mallorca-hat-ihren-eigenen-schutzengel.html#primaryimage\"},\"image\":{\"@id\":\"https:\\\/\\\/www.masmallorca.es\\\/de\\\/kultur\\\/die-lonja-von-palma-de-mallorca-hat-ihren-eigenen-schutzengel.html#primaryimage\"},\"thumbnailUrl\":\"https:\\\/\\\/www.masmallorca.es\\\/wp-content\\\/uploads\\\/2014\\\/01\\\/La-Lonja.jpg\",\"datePublished\":\"2014-01-23T12:40:40+00:00\",\"dateModified\":\"2021-04-27T09:41:40+00:00\",\"description\":\"+Mallorca, Kultur: Llotja. Am Paseo Sagrera von Palma de Mallorca befindet sich ein au\u00dferordentliches Bauwerk, das jeder Besucher der Stadt kennenlernen sollte\",\"breadcrumb\":{\"@id\":\"https:\\\/\\\/www.masmallorca.es\\\/de\\\/kultur\\\/die-lonja-von-palma-de-mallorca-hat-ihren-eigenen-schutzengel.html#breadcrumb\"},\"inLanguage\":\"de\",\"potentialAction\":[{\"@type\":\"ReadAction\",\"target\":[\"https:\\\/\\\/www.masmallorca.es\\\/de\\\/kultur\\\/die-lonja-von-palma-de-mallorca-hat-ihren-eigenen-schutzengel.html\"]}]},{\"@type\":\"ImageObject\",\"inLanguage\":\"de\",\"@id\":\"https:\\\/\\\/www.masmallorca.es\\\/de\\\/kultur\\\/die-lonja-von-palma-de-mallorca-hat-ihren-eigenen-schutzengel.html#primaryimage\",\"url\":\"https:\\\/\\\/www.masmallorca.es\\\/wp-content\\\/uploads\\\/2014\\\/01\\\/La-Lonja.jpg\",\"contentUrl\":\"https:\\\/\\\/www.masmallorca.es\\\/wp-content\\\/uploads\\\/2014\\\/01\\\/La-Lonja.jpg\",\"width\":940,\"height\":705,\"caption\":\"La Lonja de Palma, Mallorca\"},{\"@type\":\"BreadcrumbList\",\"@id\":\"https:\\\/\\\/www.masmallorca.es\\\/de\\\/kultur\\\/die-lonja-von-palma-de-mallorca-hat-ihren-eigenen-schutzengel.html#breadcrumb\",\"itemListElement\":[{\"@type\":\"ListItem\",\"position\":1,\"name\":\"Portada\",\"item\":\"https:\\\/\\\/www.masmallorca.es\\\/de\"},{\"@type\":\"ListItem\",\"position\":2,\"name\":\"Kultur\",\"item\":\"https:\\\/\\\/www.masmallorca.es\\\/de\\\/kultur\"},{\"@type\":\"ListItem\",\"position\":3,\"name\":\"Die Llotja von Palma de Mallorca hat ihren eigenen Schutzengel\"}]},{\"@type\":\"WebSite\",\"@id\":\"https:\\\/\\\/www.masmallorca.es\\\/de#website\",\"url\":\"https:\\\/\\\/www.masmallorca.es\\\/de\",\"name\":\"+Mallorca: la revista de Mallorca\",\"description\":\"Mehr als Sonne und Strand..\",\"publisher\":{\"@id\":\"https:\\\/\\\/www.masmallorca.es\\\/de#organization\"},\"alternateName\":\"+Mallorca\",\"potentialAction\":[{\"@type\":\"SearchAction\",\"target\":{\"@type\":\"EntryPoint\",\"urlTemplate\":\"https:\\\/\\\/www.masmallorca.es\\\/de?s={search_term_string}\"},\"query-input\":{\"@type\":\"PropertyValueSpecification\",\"valueRequired\":true,\"valueName\":\"search_term_string\"}}],\"inLanguage\":\"de\"},{\"@type\":\"Organization\",\"@id\":\"https:\\\/\\\/www.masmallorca.es\\\/de#organization\",\"name\":\"+Mallorca Magazin\",\"alternateName\":\"M\u00e1s Mallorca\",\"url\":\"https:\\\/\\\/www.masmallorca.es\\\/de\",\"logo\":{\"@type\":\"ImageObject\",\"inLanguage\":\"de\",\"@id\":\"https:\\\/\\\/www.masmallorca.es\\\/de#\\\/schema\\\/logo\\\/image\\\/\",\"url\":\"https:\\\/\\\/www.masmallorca.es\\\/wp-content\\\/uploads\\\/2021\\\/04\\\/logomallorca-1.png\",\"contentUrl\":\"https:\\\/\\\/www.masmallorca.es\\\/wp-content\\\/uploads\\\/2021\\\/04\\\/logomallorca-1.png\",\"width\":326,\"height\":84,\"caption\":\"+Mallorca Magazin\"},\"image\":{\"@id\":\"https:\\\/\\\/www.masmallorca.es\\\/de#\\\/schema\\\/logo\\\/image\\\/\"},\"sameAs\":[\"https:\\\/\\\/www.facebook.com\\\/mallorcamagazine\\\/\",\"https:\\\/\\\/x.com\\\/masmallorca\"]},{\"@type\":\"Person\",\"@id\":\"https:\\\/\\\/www.masmallorca.es\\\/de#\\\/schema\\\/person\\\/554c84e7dfd9917fdba2cace51081633\",\"name\":\"masmallorca\"}]}<\/script>\n<!-- \/ Yoast SEO plugin. -->","yoast_head_json":{"title":"Die Llotja von Palma de Mallorca | +Mallorca, Mallorca Magazin","description":"+Mallorca, Kultur: Llotja. Am Paseo Sagrera von Palma de Mallorca befindet sich ein au\u00dferordentliches Bauwerk, das jeder Besucher der Stadt kennenlernen sollte","robots":{"index":"index","follow":"follow","max-snippet":"max-snippet:-1","max-image-preview":"max-image-preview:large","max-video-preview":"max-video-preview:-1"},"canonical":"https:\/\/www.masmallorca.es\/de\/kultur\/die-lonja-von-palma-de-mallorca-hat-ihren-eigenen-schutzengel.html","og_locale":"de_DE","og_type":"article","og_title":"Die Llotja von Palma de Mallorca | +Mallorca, Mallorca Magazin","og_description":"+Mallorca, Kultur: Llotja. Am Paseo Sagrera von Palma de Mallorca befindet sich ein au\u00dferordentliches Bauwerk, das jeder Besucher der Stadt kennenlernen sollte","og_url":"https:\/\/www.masmallorca.es\/de\/kultur\/die-lonja-von-palma-de-mallorca-hat-ihren-eigenen-schutzengel.html","og_site_name":"+Mallorca: das Magazin aus Mallorca","article_publisher":"https:\/\/www.facebook.com\/mallorcamagazine\/","article_published_time":"2014-01-23T12:40:40+00:00","article_modified_time":"2021-04-27T09:41:40+00:00","og_image":[{"width":940,"height":705,"url":"https:\/\/www.masmallorca.es\/wp-content\/uploads\/2014\/01\/La-Lonja.jpg","type":"image\/jpeg"}],"author":"masmallorca","twitter_card":"summary_large_image","twitter_creator":"@masmallorca","twitter_site":"@masmallorca","twitter_misc":{"Verfasst von":"masmallorca","Gesch\u00e4tzte Lesezeit":"2\u00a0Minuten"},"schema":{"@context":"https:\/\/schema.org","@graph":[{"@type":"Article","@id":"https:\/\/www.masmallorca.es\/de\/kultur\/die-lonja-von-palma-de-mallorca-hat-ihren-eigenen-schutzengel.html#article","isPartOf":{"@id":"https:\/\/www.masmallorca.es\/de\/kultur\/die-lonja-von-palma-de-mallorca-hat-ihren-eigenen-schutzengel.html"},"author":{"name":"masmallorca","@id":"https:\/\/www.masmallorca.es\/de#\/schema\/person\/554c84e7dfd9917fdba2cace51081633"},"headline":"Die Llotja von Palma de Mallorca hat ihren eigenen Schutzengel","datePublished":"2014-01-23T12:40:40+00:00","dateModified":"2021-04-27T09:41:40+00:00","mainEntityOfPage":{"@id":"https:\/\/www.masmallorca.es\/de\/kultur\/die-lonja-von-palma-de-mallorca-hat-ihren-eigenen-schutzengel.html"},"wordCount":155,"publisher":{"@id":"https:\/\/www.masmallorca.es\/de#organization"},"image":{"@id":"https:\/\/www.masmallorca.es\/de\/kultur\/die-lonja-von-palma-de-mallorca-hat-ihren-eigenen-schutzengel.html#primaryimage"},"thumbnailUrl":"https:\/\/www.masmallorca.es\/wp-content\/uploads\/2014\/01\/La-Lonja.jpg","articleSection":["Kultur"],"inLanguage":"de"},{"@type":"WebPage","@id":"https:\/\/www.masmallorca.es\/de\/kultur\/die-lonja-von-palma-de-mallorca-hat-ihren-eigenen-schutzengel.html","url":"https:\/\/www.masmallorca.es\/de\/kultur\/die-lonja-von-palma-de-mallorca-hat-ihren-eigenen-schutzengel.html","name":"Die Llotja von Palma de Mallorca | +Mallorca, Mallorca Magazin","isPartOf":{"@id":"https:\/\/www.masmallorca.es\/de#website"},"primaryImageOfPage":{"@id":"https:\/\/www.masmallorca.es\/de\/kultur\/die-lonja-von-palma-de-mallorca-hat-ihren-eigenen-schutzengel.html#primaryimage"},"image":{"@id":"https:\/\/www.masmallorca.es\/de\/kultur\/die-lonja-von-palma-de-mallorca-hat-ihren-eigenen-schutzengel.html#primaryimage"},"thumbnailUrl":"https:\/\/www.masmallorca.es\/wp-content\/uploads\/2014\/01\/La-Lonja.jpg","datePublished":"2014-01-23T12:40:40+00:00","dateModified":"2021-04-27T09:41:40+00:00","description":"+Mallorca, Kultur: Llotja. Am Paseo Sagrera von Palma de Mallorca befindet sich ein au\u00dferordentliches Bauwerk, das jeder Besucher der Stadt kennenlernen sollte","breadcrumb":{"@id":"https:\/\/www.masmallorca.es\/de\/kultur\/die-lonja-von-palma-de-mallorca-hat-ihren-eigenen-schutzengel.html#breadcrumb"},"inLanguage":"de","potentialAction":[{"@type":"ReadAction","target":["https:\/\/www.masmallorca.es\/de\/kultur\/die-lonja-von-palma-de-mallorca-hat-ihren-eigenen-schutzengel.html"]}]},{"@type":"ImageObject","inLanguage":"de","@id":"https:\/\/www.masmallorca.es\/de\/kultur\/die-lonja-von-palma-de-mallorca-hat-ihren-eigenen-schutzengel.html#primaryimage","url":"https:\/\/www.masmallorca.es\/wp-content\/uploads\/2014\/01\/La-Lonja.jpg","contentUrl":"https:\/\/www.masmallorca.es\/wp-content\/uploads\/2014\/01\/La-Lonja.jpg","width":940,"height":705,"caption":"La Lonja de Palma, Mallorca"},{"@type":"BreadcrumbList","@id":"https:\/\/www.masmallorca.es\/de\/kultur\/die-lonja-von-palma-de-mallorca-hat-ihren-eigenen-schutzengel.html#breadcrumb","itemListElement":[{"@type":"ListItem","position":1,"name":"Portada","item":"https:\/\/www.masmallorca.es\/de"},{"@type":"ListItem","position":2,"name":"Kultur","item":"https:\/\/www.masmallorca.es\/de\/kultur"},{"@type":"ListItem","position":3,"name":"Die Llotja von Palma de Mallorca hat ihren eigenen Schutzengel"}]},{"@type":"WebSite","@id":"https:\/\/www.masmallorca.es\/de#website","url":"https:\/\/www.masmallorca.es\/de","name":"+Mallorca: la revista de Mallorca","description":"Mehr als Sonne und Strand..","publisher":{"@id":"https:\/\/www.masmallorca.es\/de#organization"},"alternateName":"+Mallorca","potentialAction":[{"@type":"SearchAction","target":{"@type":"EntryPoint","urlTemplate":"https:\/\/www.masmallorca.es\/de?s={search_term_string}"},"query-input":{"@type":"PropertyValueSpecification","valueRequired":true,"valueName":"search_term_string"}}],"inLanguage":"de"},{"@type":"Organization","@id":"https:\/\/www.masmallorca.es\/de#organization","name":"+Mallorca Magazin","alternateName":"M\u00e1s Mallorca","url":"https:\/\/www.masmallorca.es\/de","logo":{"@type":"ImageObject","inLanguage":"de","@id":"https:\/\/www.masmallorca.es\/de#\/schema\/logo\/image\/","url":"https:\/\/www.masmallorca.es\/wp-content\/uploads\/2021\/04\/logomallorca-1.png","contentUrl":"https:\/\/www.masmallorca.es\/wp-content\/uploads\/2021\/04\/logomallorca-1.png","width":326,"height":84,"caption":"+Mallorca Magazin"},"image":{"@id":"https:\/\/www.masmallorca.es\/de#\/schema\/logo\/image\/"},"sameAs":["https:\/\/www.facebook.com\/mallorcamagazine\/","https:\/\/x.com\/masmallorca"]},{"@type":"Person","@id":"https:\/\/www.masmallorca.es\/de#\/schema\/person\/554c84e7dfd9917fdba2cace51081633","name":"masmallorca"}]}},"_links":{"self":[{"href":"https:\/\/www.masmallorca.es\/de\/wp-json\/wp\/v2\/posts\/11579","targetHints":{"allow":["GET"]}}],"collection":[{"href":"https:\/\/www.masmallorca.es\/de\/wp-json\/wp\/v2\/posts"}],"about":[{"href":"https:\/\/www.masmallorca.es\/de\/wp-json\/wp\/v2\/types\/post"}],"author":[{"embeddable":true,"href":"https:\/\/www.masmallorca.es\/de\/wp-json\/wp\/v2\/users\/1"}],"replies":[{"embeddable":true,"href":"https:\/\/www.masmallorca.es\/de\/wp-json\/wp\/v2\/comments?post=11579"}],"version-history":[{"count":0,"href":"https:\/\/www.masmallorca.es\/de\/wp-json\/wp\/v2\/posts\/11579\/revisions"}],"wp:featuredmedia":[{"embeddable":true,"href":"https:\/\/www.masmallorca.es\/de\/wp-json\/wp\/v2\/media\/20584"}],"wp:attachment":[{"href":"https:\/\/www.masmallorca.es\/de\/wp-json\/wp\/v2\/media?parent=11579"}],"wp:term":[{"taxonomy":"category","embeddable":true,"href":"https:\/\/www.masmallorca.es\/de\/wp-json\/wp\/v2\/categories?post=11579"},{"taxonomy":"post_tag","embeddable":true,"href":"https:\/\/www.masmallorca.es\/de\/wp-json\/wp\/v2\/tags?post=11579"}],"curies":[{"name":"wp","href":"https:\/\/api.w.org\/{rel}","templated":true}]}}