{"id":11409,"date":"2013-10-01T11:03:41","date_gmt":"2013-10-01T09:03:41","guid":{"rendered":""},"modified":"2021-04-27T12:30:35","modified_gmt":"2021-04-27T10:30:35","slug":"palma-de-mallorca-schmueckt-sich-mit-seinen-stadtparks","status":"publish","type":"post","link":"https:\/\/www.masmallorca.es\/de\/kultur\/palma-de-mallorca-schmueckt-sich-mit-seinen-stadtparks.html","title":{"rendered":"Palma de Mallorca schm\u00fcckt sich mit seinen Stadtparks"},"content":{"rendered":"<p style=\"text-align: justify;\"><img loading=\"lazy\" decoding=\"async\" class=\" alignright size-full wp-image-11381\" style=\"border: 0px none; margin: 0px 20px 40px; float: right;\" src=\"https:\/\/www.masmallorca.es\/wp-content\/uploads\/2013\/10\/parques-urbanos-palma-de-mallorca-4.jpg\" alt=\"parques-urbanos-palma-de-mallorca-4\" width=\"150\" height=\"133\" \/>W\u00e4hrend der vergangenen zwanzig Jahre wurden in Palma neue <strong>Stadtparks<\/strong> angelegt und versch\u00f6nert oder bereits bestehende Parkanlagen vergr\u00f6\u00dfert.<\/p>\n<p><!--more--><\/p>\n<p><img loading=\"lazy\" decoding=\"async\" class=\" alignleft size-full wp-image-11386\" style=\"border: 0px none; margin: 10px 20px 10px 0px; float: left;\" src=\"https:\/\/www.masmallorca.es\/wp-content\/uploads\/2013\/10\/parques-urbanos-palma-de-mallorca-3.jpg\" alt=\"parques-urbanos-palma-de-mallorca-3\" width=\"350\" height=\"525\" srcset=\"https:\/\/www.masmallorca.es\/wp-content\/uploads\/2013\/10\/parques-urbanos-palma-de-mallorca-3.jpg 350w, https:\/\/www.masmallorca.es\/wp-content\/uploads\/2013\/10\/parques-urbanos-palma-de-mallorca-3-200x300.jpg 200w\" sizes=\"(max-width: 350px) 100vw, 350px\" \/><\/p>\n<p style=\"text-align: justify;\">\n<p>Der <strong>Park El Parc de Sa Riera<\/strong> ist die weitl\u00e4ufigste Anlage der Stadt. Er wurde 2004 eingeweiht.<\/p>\n<p>Im <strong>Parc de la Mar<\/strong> wiederum befindet sich ein Salzwassersee. Durch ihn wird daran erinnert, dass das Meer einst bis zur Kathedrale reichte. Er befindet sich in ausgezeichneter Lage direkt an einem Weg, der das alte Stadtviertel mit dem Paseo del Borne verbindet. Am einen Ende des Parks finden sich die letzten noch erhaltenen \u00dcberreste der arabischen Mauer.<\/p>\n<p style=\"text-align: justify;\">Der <strong>Krekovic-Park<\/strong> im Pol\u00edgono de Levante wurde 1990 eingeweiht und dem kroatischen Maler Kristian Krekovic (1901-1985) gewidmet, der zwanzig Jahre lang auf Mallorca wohnte.<\/p>\n<p>Die Stadtparks spiegeln die j\u00fcngste Geschichte der Stadt wider. So wurde im <strong>Park Sa Feixina<\/strong> 1948 ein Monolith errichtet, der den im Spanischen B\u00fcrgerkrieg gefallenen Soldaten des Schiffes Baleares gewidmet ist. In diesem Park kann au\u00dferdem ein botanischer Garten und eine alte pyramidenf\u00f6rmige Sonnenuhr besichtigt werden.<\/p>\n<p><img loading=\"lazy\" decoding=\"async\" class=\" alignleft size-full wp-image-11396\" style=\"border: 0px none; margin: 10px 20px 10px 0px; float: left;\" src=\"https:\/\/www.masmallorca.es\/wp-content\/uploads\/2013\/10\/parques-urbanos-palma-de-mallorca.jpg\" alt=\"parques-urbanos-palma-de-mallorca\" width=\"540\" height=\"360\" srcset=\"https:\/\/www.masmallorca.es\/wp-content\/uploads\/2013\/10\/parques-urbanos-palma-de-mallorca.jpg 540w, https:\/\/www.masmallorca.es\/wp-content\/uploads\/2013\/10\/parques-urbanos-palma-de-mallorca-300x200.jpg 300w\" sizes=\"(max-width: 540px) 100vw, 540px\" \/><br style=\"text-align: justify;\" \/><img loading=\"lazy\" decoding=\"async\" class=\" alignleft size-full wp-image-11401\" style=\"border: 0px none; margin: 10px 20px 10px 0px; float: left;\" src=\"https:\/\/www.masmallorca.es\/wp-content\/uploads\/2013\/10\/parques-urbanos-palma-de-mallorca-1.jpg\" alt=\"parques-urbanos-palma-de-mallorca-1\" width=\"540\" height=\"308\" srcset=\"https:\/\/www.masmallorca.es\/wp-content\/uploads\/2013\/10\/parques-urbanos-palma-de-mallorca-1.jpg 540w, https:\/\/www.masmallorca.es\/wp-content\/uploads\/2013\/10\/parques-urbanos-palma-de-mallorca-1-300x171.jpg 300w\" sizes=\"(max-width: 540px) 100vw, 540px\" \/><\/p>\n","protected":false},"excerpt":{"rendered":"<p>W\u00e4hrend der vergangenen zwanzig Jahre wurden in Palma neue Stadtparks angelegt und versch\u00f6nert oder bereits bestehende Parkanlagen vergr\u00f6\u00dfert.<\/p>\n","protected":false},"author":1,"featured_media":11399,"comment_status":"closed","ping_status":"closed","sticky":false,"template":"","format":"standard","meta":{"_et_pb_use_builder":"","_et_pb_old_content":"","_et_gb_content_width":"","footnotes":""},"categories":[20],"tags":[],"class_list":["post-11409","post","type-post","status-publish","format-standard","has-post-thumbnail","hentry","category-kultur","et-has-post-format-content","et_post_format-et-post-format-standard"],"yoast_head":"<!-- This site is optimized with the Yoast SEO plugin v27.4 - https:\/\/yoast.com\/product\/yoast-seo-wordpress\/ -->\n<title>Palma de Mallorca schm\u00fcckt sich mit seinen Stadtparks | +Mallorca: das Magazin aus Mallorca<\/title>\n<meta name=\"description\" content=\"W\u00e4hrend der vergangenen zwanzig Jahre wurden in Palma neue Stadtparks angelegt und versch\u00f6nert. Parc de Sa Riera, Parc Sa Feixina, Parc de la Mar, Parc Krekovic. Palma, Mallorca.\" \/>\n<meta name=\"robots\" content=\"index, follow, max-snippet:-1, max-image-preview:large, max-video-preview:-1\" \/>\n<link rel=\"canonical\" href=\"https:\/\/www.masmallorca.es\/de\/kultur\/palma-de-mallorca-schmueckt-sich-mit-seinen-stadtparks.html\" \/>\n<meta property=\"og:locale\" content=\"de_DE\" \/>\n<meta property=\"og:type\" content=\"article\" \/>\n<meta property=\"og:title\" content=\"Palma de Mallorca schm\u00fcckt sich mit seinen Stadtparks | +Mallorca: das Magazin aus Mallorca\" \/>\n<meta property=\"og:description\" content=\"W\u00e4hrend der vergangenen zwanzig Jahre wurden in Palma neue Stadtparks angelegt und versch\u00f6nert. Parc de Sa Riera, Parc Sa Feixina, Parc de la Mar, Parc Krekovic. Palma, Mallorca.\" \/>\n<meta property=\"og:url\" content=\"https:\/\/www.masmallorca.es\/de\/kultur\/palma-de-mallorca-schmueckt-sich-mit-seinen-stadtparks.html\" \/>\n<meta property=\"og:site_name\" content=\"+Mallorca: das Magazin aus Mallorca\" \/>\n<meta property=\"article:publisher\" content=\"https:\/\/www.facebook.com\/mallorcamagazine\/\" \/>\n<meta property=\"article:published_time\" content=\"2013-10-01T09:03:41+00:00\" \/>\n<meta property=\"article:modified_time\" content=\"2021-04-27T10:30:35+00:00\" \/>\n<meta property=\"og:image\" content=\"https:\/\/www.masmallorca.es\/wp-content\/uploads\/2013\/10\/parques-urbanos-palma-de-mallorca.jpg\" \/>\n\t<meta property=\"og:image:width\" content=\"540\" \/>\n\t<meta property=\"og:image:height\" content=\"360\" \/>\n\t<meta property=\"og:image:type\" content=\"image\/jpeg\" \/>\n<meta name=\"author\" content=\"masmallorca\" \/>\n<meta name=\"twitter:card\" content=\"summary_large_image\" \/>\n<meta name=\"twitter:creator\" content=\"@masmallorca\" \/>\n<meta name=\"twitter:site\" content=\"@masmallorca\" \/>\n<meta name=\"twitter:label1\" content=\"Verfasst von\" \/>\n\t<meta name=\"twitter:data1\" content=\"masmallorca\" \/>\n\t<meta name=\"twitter:label2\" content=\"Gesch\u00e4tzte Lesezeit\" \/>\n\t<meta name=\"twitter:data2\" content=\"2\u00a0Minuten\" \/>\n<script type=\"application\/ld+json\" class=\"yoast-schema-graph\">{\"@context\":\"https:\\\/\\\/schema.org\",\"@graph\":[{\"@type\":\"Article\",\"@id\":\"https:\\\/\\\/www.masmallorca.es\\\/de\\\/kultur\\\/palma-de-mallorca-schmueckt-sich-mit-seinen-stadtparks.html#article\",\"isPartOf\":{\"@id\":\"https:\\\/\\\/www.masmallorca.es\\\/de\\\/kultur\\\/palma-de-mallorca-schmueckt-sich-mit-seinen-stadtparks.html\"},\"author\":{\"name\":\"masmallorca\",\"@id\":\"https:\\\/\\\/www.masmallorca.es\\\/de#\\\/schema\\\/person\\\/554c84e7dfd9917fdba2cace51081633\"},\"headline\":\"Palma de Mallorca schm\u00fcckt sich mit seinen Stadtparks\",\"datePublished\":\"2013-10-01T09:03:41+00:00\",\"dateModified\":\"2021-04-27T10:30:35+00:00\",\"mainEntityOfPage\":{\"@id\":\"https:\\\/\\\/www.masmallorca.es\\\/de\\\/kultur\\\/palma-de-mallorca-schmueckt-sich-mit-seinen-stadtparks.html\"},\"wordCount\":178,\"publisher\":{\"@id\":\"https:\\\/\\\/www.masmallorca.es\\\/de#organization\"},\"image\":{\"@id\":\"https:\\\/\\\/www.masmallorca.es\\\/de\\\/kultur\\\/palma-de-mallorca-schmueckt-sich-mit-seinen-stadtparks.html#primaryimage\"},\"thumbnailUrl\":\"https:\\\/\\\/www.masmallorca.es\\\/wp-content\\\/uploads\\\/2013\\\/10\\\/parques-urbanos-palma-de-mallorca.jpg\",\"articleSection\":[\"Kultur\"],\"inLanguage\":\"de\"},{\"@type\":\"WebPage\",\"@id\":\"https:\\\/\\\/www.masmallorca.es\\\/de\\\/kultur\\\/palma-de-mallorca-schmueckt-sich-mit-seinen-stadtparks.html\",\"url\":\"https:\\\/\\\/www.masmallorca.es\\\/de\\\/kultur\\\/palma-de-mallorca-schmueckt-sich-mit-seinen-stadtparks.html\",\"name\":\"Palma de Mallorca schm\u00fcckt sich mit seinen Stadtparks | +Mallorca: das Magazin aus Mallorca\",\"isPartOf\":{\"@id\":\"https:\\\/\\\/www.masmallorca.es\\\/de#website\"},\"primaryImageOfPage\":{\"@id\":\"https:\\\/\\\/www.masmallorca.es\\\/de\\\/kultur\\\/palma-de-mallorca-schmueckt-sich-mit-seinen-stadtparks.html#primaryimage\"},\"image\":{\"@id\":\"https:\\\/\\\/www.masmallorca.es\\\/de\\\/kultur\\\/palma-de-mallorca-schmueckt-sich-mit-seinen-stadtparks.html#primaryimage\"},\"thumbnailUrl\":\"https:\\\/\\\/www.masmallorca.es\\\/wp-content\\\/uploads\\\/2013\\\/10\\\/parques-urbanos-palma-de-mallorca.jpg\",\"datePublished\":\"2013-10-01T09:03:41+00:00\",\"dateModified\":\"2021-04-27T10:30:35+00:00\",\"description\":\"W\u00e4hrend der vergangenen zwanzig Jahre wurden in Palma neue Stadtparks angelegt und versch\u00f6nert. Parc de Sa Riera, Parc Sa Feixina, Parc de la Mar, Parc Krekovic. Palma, Mallorca.\",\"breadcrumb\":{\"@id\":\"https:\\\/\\\/www.masmallorca.es\\\/de\\\/kultur\\\/palma-de-mallorca-schmueckt-sich-mit-seinen-stadtparks.html#breadcrumb\"},\"inLanguage\":\"de\",\"potentialAction\":[{\"@type\":\"ReadAction\",\"target\":[\"https:\\\/\\\/www.masmallorca.es\\\/de\\\/kultur\\\/palma-de-mallorca-schmueckt-sich-mit-seinen-stadtparks.html\"]}]},{\"@type\":\"ImageObject\",\"inLanguage\":\"de\",\"@id\":\"https:\\\/\\\/www.masmallorca.es\\\/de\\\/kultur\\\/palma-de-mallorca-schmueckt-sich-mit-seinen-stadtparks.html#primaryimage\",\"url\":\"https:\\\/\\\/www.masmallorca.es\\\/wp-content\\\/uploads\\\/2013\\\/10\\\/parques-urbanos-palma-de-mallorca.jpg\",\"contentUrl\":\"https:\\\/\\\/www.masmallorca.es\\\/wp-content\\\/uploads\\\/2013\\\/10\\\/parques-urbanos-palma-de-mallorca.jpg\",\"width\":540,\"height\":360},{\"@type\":\"BreadcrumbList\",\"@id\":\"https:\\\/\\\/www.masmallorca.es\\\/de\\\/kultur\\\/palma-de-mallorca-schmueckt-sich-mit-seinen-stadtparks.html#breadcrumb\",\"itemListElement\":[{\"@type\":\"ListItem\",\"position\":1,\"name\":\"Portada\",\"item\":\"https:\\\/\\\/www.masmallorca.es\\\/de\"},{\"@type\":\"ListItem\",\"position\":2,\"name\":\"Kultur\",\"item\":\"https:\\\/\\\/www.masmallorca.es\\\/de\\\/kultur\"},{\"@type\":\"ListItem\",\"position\":3,\"name\":\"Palma de Mallorca schm\u00fcckt sich mit seinen Stadtparks\"}]},{\"@type\":\"WebSite\",\"@id\":\"https:\\\/\\\/www.masmallorca.es\\\/de#website\",\"url\":\"https:\\\/\\\/www.masmallorca.es\\\/de\",\"name\":\"+Mallorca: la revista de Mallorca\",\"description\":\"Mehr als Sonne und Strand..\",\"publisher\":{\"@id\":\"https:\\\/\\\/www.masmallorca.es\\\/de#organization\"},\"alternateName\":\"+Mallorca\",\"potentialAction\":[{\"@type\":\"SearchAction\",\"target\":{\"@type\":\"EntryPoint\",\"urlTemplate\":\"https:\\\/\\\/www.masmallorca.es\\\/de?s={search_term_string}\"},\"query-input\":{\"@type\":\"PropertyValueSpecification\",\"valueRequired\":true,\"valueName\":\"search_term_string\"}}],\"inLanguage\":\"de\"},{\"@type\":\"Organization\",\"@id\":\"https:\\\/\\\/www.masmallorca.es\\\/de#organization\",\"name\":\"+Mallorca Magazin\",\"alternateName\":\"M\u00e1s Mallorca\",\"url\":\"https:\\\/\\\/www.masmallorca.es\\\/de\",\"logo\":{\"@type\":\"ImageObject\",\"inLanguage\":\"de\",\"@id\":\"https:\\\/\\\/www.masmallorca.es\\\/de#\\\/schema\\\/logo\\\/image\\\/\",\"url\":\"https:\\\/\\\/www.masmallorca.es\\\/wp-content\\\/uploads\\\/2021\\\/04\\\/logomallorca-1.png\",\"contentUrl\":\"https:\\\/\\\/www.masmallorca.es\\\/wp-content\\\/uploads\\\/2021\\\/04\\\/logomallorca-1.png\",\"width\":326,\"height\":84,\"caption\":\"+Mallorca Magazin\"},\"image\":{\"@id\":\"https:\\\/\\\/www.masmallorca.es\\\/de#\\\/schema\\\/logo\\\/image\\\/\"},\"sameAs\":[\"https:\\\/\\\/www.facebook.com\\\/mallorcamagazine\\\/\",\"https:\\\/\\\/x.com\\\/masmallorca\"]},{\"@type\":\"Person\",\"@id\":\"https:\\\/\\\/www.masmallorca.es\\\/de#\\\/schema\\\/person\\\/554c84e7dfd9917fdba2cace51081633\",\"name\":\"masmallorca\"}]}<\/script>\n<!-- \/ Yoast SEO plugin. -->","yoast_head_json":{"title":"Palma de Mallorca schm\u00fcckt sich mit seinen Stadtparks | +Mallorca: das Magazin aus Mallorca","description":"W\u00e4hrend der vergangenen zwanzig Jahre wurden in Palma neue Stadtparks angelegt und versch\u00f6nert. Parc de Sa Riera, Parc Sa Feixina, Parc de la Mar, Parc Krekovic. Palma, Mallorca.","robots":{"index":"index","follow":"follow","max-snippet":"max-snippet:-1","max-image-preview":"max-image-preview:large","max-video-preview":"max-video-preview:-1"},"canonical":"https:\/\/www.masmallorca.es\/de\/kultur\/palma-de-mallorca-schmueckt-sich-mit-seinen-stadtparks.html","og_locale":"de_DE","og_type":"article","og_title":"Palma de Mallorca schm\u00fcckt sich mit seinen Stadtparks | +Mallorca: das Magazin aus Mallorca","og_description":"W\u00e4hrend der vergangenen zwanzig Jahre wurden in Palma neue Stadtparks angelegt und versch\u00f6nert. Parc de Sa Riera, Parc Sa Feixina, Parc de la Mar, Parc Krekovic. Palma, Mallorca.","og_url":"https:\/\/www.masmallorca.es\/de\/kultur\/palma-de-mallorca-schmueckt-sich-mit-seinen-stadtparks.html","og_site_name":"+Mallorca: das Magazin aus Mallorca","article_publisher":"https:\/\/www.facebook.com\/mallorcamagazine\/","article_published_time":"2013-10-01T09:03:41+00:00","article_modified_time":"2021-04-27T10:30:35+00:00","og_image":[{"width":540,"height":360,"url":"https:\/\/www.masmallorca.es\/wp-content\/uploads\/2013\/10\/parques-urbanos-palma-de-mallorca.jpg","type":"image\/jpeg"}],"author":"masmallorca","twitter_card":"summary_large_image","twitter_creator":"@masmallorca","twitter_site":"@masmallorca","twitter_misc":{"Verfasst von":"masmallorca","Gesch\u00e4tzte Lesezeit":"2\u00a0Minuten"},"schema":{"@context":"https:\/\/schema.org","@graph":[{"@type":"Article","@id":"https:\/\/www.masmallorca.es\/de\/kultur\/palma-de-mallorca-schmueckt-sich-mit-seinen-stadtparks.html#article","isPartOf":{"@id":"https:\/\/www.masmallorca.es\/de\/kultur\/palma-de-mallorca-schmueckt-sich-mit-seinen-stadtparks.html"},"author":{"name":"masmallorca","@id":"https:\/\/www.masmallorca.es\/de#\/schema\/person\/554c84e7dfd9917fdba2cace51081633"},"headline":"Palma de Mallorca schm\u00fcckt sich mit seinen Stadtparks","datePublished":"2013-10-01T09:03:41+00:00","dateModified":"2021-04-27T10:30:35+00:00","mainEntityOfPage":{"@id":"https:\/\/www.masmallorca.es\/de\/kultur\/palma-de-mallorca-schmueckt-sich-mit-seinen-stadtparks.html"},"wordCount":178,"publisher":{"@id":"https:\/\/www.masmallorca.es\/de#organization"},"image":{"@id":"https:\/\/www.masmallorca.es\/de\/kultur\/palma-de-mallorca-schmueckt-sich-mit-seinen-stadtparks.html#primaryimage"},"thumbnailUrl":"https:\/\/www.masmallorca.es\/wp-content\/uploads\/2013\/10\/parques-urbanos-palma-de-mallorca.jpg","articleSection":["Kultur"],"inLanguage":"de"},{"@type":"WebPage","@id":"https:\/\/www.masmallorca.es\/de\/kultur\/palma-de-mallorca-schmueckt-sich-mit-seinen-stadtparks.html","url":"https:\/\/www.masmallorca.es\/de\/kultur\/palma-de-mallorca-schmueckt-sich-mit-seinen-stadtparks.html","name":"Palma de Mallorca schm\u00fcckt sich mit seinen Stadtparks | +Mallorca: das Magazin aus Mallorca","isPartOf":{"@id":"https:\/\/www.masmallorca.es\/de#website"},"primaryImageOfPage":{"@id":"https:\/\/www.masmallorca.es\/de\/kultur\/palma-de-mallorca-schmueckt-sich-mit-seinen-stadtparks.html#primaryimage"},"image":{"@id":"https:\/\/www.masmallorca.es\/de\/kultur\/palma-de-mallorca-schmueckt-sich-mit-seinen-stadtparks.html#primaryimage"},"thumbnailUrl":"https:\/\/www.masmallorca.es\/wp-content\/uploads\/2013\/10\/parques-urbanos-palma-de-mallorca.jpg","datePublished":"2013-10-01T09:03:41+00:00","dateModified":"2021-04-27T10:30:35+00:00","description":"W\u00e4hrend der vergangenen zwanzig Jahre wurden in Palma neue Stadtparks angelegt und versch\u00f6nert. Parc de Sa Riera, Parc Sa Feixina, Parc de la Mar, Parc Krekovic. Palma, Mallorca.","breadcrumb":{"@id":"https:\/\/www.masmallorca.es\/de\/kultur\/palma-de-mallorca-schmueckt-sich-mit-seinen-stadtparks.html#breadcrumb"},"inLanguage":"de","potentialAction":[{"@type":"ReadAction","target":["https:\/\/www.masmallorca.es\/de\/kultur\/palma-de-mallorca-schmueckt-sich-mit-seinen-stadtparks.html"]}]},{"@type":"ImageObject","inLanguage":"de","@id":"https:\/\/www.masmallorca.es\/de\/kultur\/palma-de-mallorca-schmueckt-sich-mit-seinen-stadtparks.html#primaryimage","url":"https:\/\/www.masmallorca.es\/wp-content\/uploads\/2013\/10\/parques-urbanos-palma-de-mallorca.jpg","contentUrl":"https:\/\/www.masmallorca.es\/wp-content\/uploads\/2013\/10\/parques-urbanos-palma-de-mallorca.jpg","width":540,"height":360},{"@type":"BreadcrumbList","@id":"https:\/\/www.masmallorca.es\/de\/kultur\/palma-de-mallorca-schmueckt-sich-mit-seinen-stadtparks.html#breadcrumb","itemListElement":[{"@type":"ListItem","position":1,"name":"Portada","item":"https:\/\/www.masmallorca.es\/de"},{"@type":"ListItem","position":2,"name":"Kultur","item":"https:\/\/www.masmallorca.es\/de\/kultur"},{"@type":"ListItem","position":3,"name":"Palma de Mallorca schm\u00fcckt sich mit seinen Stadtparks"}]},{"@type":"WebSite","@id":"https:\/\/www.masmallorca.es\/de#website","url":"https:\/\/www.masmallorca.es\/de","name":"+Mallorca: la revista de Mallorca","description":"Mehr als Sonne und Strand..","publisher":{"@id":"https:\/\/www.masmallorca.es\/de#organization"},"alternateName":"+Mallorca","potentialAction":[{"@type":"SearchAction","target":{"@type":"EntryPoint","urlTemplate":"https:\/\/www.masmallorca.es\/de?s={search_term_string}"},"query-input":{"@type":"PropertyValueSpecification","valueRequired":true,"valueName":"search_term_string"}}],"inLanguage":"de"},{"@type":"Organization","@id":"https:\/\/www.masmallorca.es\/de#organization","name":"+Mallorca Magazin","alternateName":"M\u00e1s Mallorca","url":"https:\/\/www.masmallorca.es\/de","logo":{"@type":"ImageObject","inLanguage":"de","@id":"https:\/\/www.masmallorca.es\/de#\/schema\/logo\/image\/","url":"https:\/\/www.masmallorca.es\/wp-content\/uploads\/2021\/04\/logomallorca-1.png","contentUrl":"https:\/\/www.masmallorca.es\/wp-content\/uploads\/2021\/04\/logomallorca-1.png","width":326,"height":84,"caption":"+Mallorca Magazin"},"image":{"@id":"https:\/\/www.masmallorca.es\/de#\/schema\/logo\/image\/"},"sameAs":["https:\/\/www.facebook.com\/mallorcamagazine\/","https:\/\/x.com\/masmallorca"]},{"@type":"Person","@id":"https:\/\/www.masmallorca.es\/de#\/schema\/person\/554c84e7dfd9917fdba2cace51081633","name":"masmallorca"}]}},"_links":{"self":[{"href":"https:\/\/www.masmallorca.es\/de\/wp-json\/wp\/v2\/posts\/11409","targetHints":{"allow":["GET"]}}],"collection":[{"href":"https:\/\/www.masmallorca.es\/de\/wp-json\/wp\/v2\/posts"}],"about":[{"href":"https:\/\/www.masmallorca.es\/de\/wp-json\/wp\/v2\/types\/post"}],"author":[{"embeddable":true,"href":"https:\/\/www.masmallorca.es\/de\/wp-json\/wp\/v2\/users\/1"}],"replies":[{"embeddable":true,"href":"https:\/\/www.masmallorca.es\/de\/wp-json\/wp\/v2\/comments?post=11409"}],"version-history":[{"count":0,"href":"https:\/\/www.masmallorca.es\/de\/wp-json\/wp\/v2\/posts\/11409\/revisions"}],"wp:featuredmedia":[{"embeddable":true,"href":"https:\/\/www.masmallorca.es\/de\/wp-json\/wp\/v2\/media\/11399"}],"wp:attachment":[{"href":"https:\/\/www.masmallorca.es\/de\/wp-json\/wp\/v2\/media?parent=11409"}],"wp:term":[{"taxonomy":"category","embeddable":true,"href":"https:\/\/www.masmallorca.es\/de\/wp-json\/wp\/v2\/categories?post=11409"},{"taxonomy":"post_tag","embeddable":true,"href":"https:\/\/www.masmallorca.es\/de\/wp-json\/wp\/v2\/tags?post=11409"}],"curies":[{"name":"wp","href":"https:\/\/api.w.org\/{rel}","templated":true}]}}