{"id":11379,"date":"2013-09-27T08:53:16","date_gmt":"2013-09-27T06:53:16","guid":{"rendered":"<p style=\"text-align: justify;\"><img class=\" alignright size-full wp-image-11346\" alt=\"jardines-de-la-misericordia-botanico-palma-de-mallorca-1\" style=\"border: 0px none; margin: 0px 20px 40px; float: right;\" src=\"http:\/\/www.masmallorca.es\/wp-content\/uploa"},"modified":"2013-09-27T08:53:16","modified_gmt":"2013-09-27T06:53:16","slug":"der-ehemalige-botanische-garten-von-palma-de-mallorca","status":"publish","type":"post","link":"https:\/\/www.masmallorca.es\/de\/kultur\/der-ehemalige-botanische-garten-von-palma-de-mallorca.html","title":{"rendered":"Der ehemalige Botanische Garten von Palma de Mallorca"},"content":{"rendered":"<p style=\"text-align: justify;\"><img loading=\"lazy\" decoding=\"async\" class=\" alignright size-full wp-image-11346\" alt=\"jardines-de-la-misericordia-botanico-palma-de-mallorca-1\" style=\"border: 0px none; margin: 0px 20px 40px; float: right;\" src=\"https:\/\/www.masmallorca.es\/wp-content\/uploads\/2013\/09\/jardines-de-la-misericordia-botanico-palma-de-mallorca-1.jpg\" height=\"107\" width=\"150\" \/>Die <strong>Jardins de la Miseric\u00f2rdia<\/strong> sind eine kleine, bezaubernde Parkanlage. Die \u00fcppige Vegetation, Bereiche mit Schatten und Licht, sowie wundersch\u00f6ne Ecken laden dazu ein, sich mit einem guten Buch hier niederzulassen.<\/p>\n<p>  <!--more--> <\/p>\n<p><img loading=\"lazy\" decoding=\"async\" class=\" alignleft size-full wp-image-11351\" alt=\"jardines-de-la-misericordia-botanico-palma-de-mallorca-ficus-4\" style=\"border: 0px none; margin: 10px 20px 10px 0px; float: left;\" src=\"https:\/\/www.masmallorca.es\/wp-content\/uploads\/2013\/09\/jardines-de-la-misericordia-botanico-palma-de-mallorca-ficus-4.jpg\" height=\"376\" width=\"350\" srcset=\"https:\/\/www.masmallorca.es\/wp-content\/uploads\/2013\/09\/jardines-de-la-misericordia-botanico-palma-de-mallorca-ficus-4.jpg 350w, https:\/\/www.masmallorca.es\/wp-content\/uploads\/2013\/09\/jardines-de-la-misericordia-botanico-palma-de-mallorca-ficus-4-279x300.jpg 279w\" sizes=\"(max-width: 350px) 100vw, 350px\" \/><\/p>\n<p>&nbsp;<\/p>\n<p style=\"text-align: justify;\">&nbsp;<\/p>\n<p style=\"text-align: justify;\">Besonders auff\u00e4llig ist ein jahrhunderte alter Baum, der 1830 gepflanzt wurde. Urspr\u00fcnglich befand sich an diesem Ort der Botanische Garten von Palma, der dazu diente, botanische Studien voranzutreiben und der Apotheke des Krankenhauses von Mallorca Heilpflanzen zu liefern.<\/p>\n<p style=\"text-align: justify;\"><img loading=\"lazy\" decoding=\"async\" class=\" alignleft size-full wp-image-11356\" style=\"border: 0px none; margin: 10px 20px 10px 0px; float: left;\" alt=\"jardines-de-la-misericordia-botanico-palma-de-mallorca\" src=\"https:\/\/www.masmallorca.es\/wp-content\/uploads\/2013\/09\/jardines-de-la-misericordia-botanico-palma-de-mallorca.jpg\" height=\"237\" width=\"350\" srcset=\"https:\/\/www.masmallorca.es\/wp-content\/uploads\/2013\/09\/jardines-de-la-misericordia-botanico-palma-de-mallorca.jpg 350w, https:\/\/www.masmallorca.es\/wp-content\/uploads\/2013\/09\/jardines-de-la-misericordia-botanico-palma-de-mallorca-300x203.jpg 300w\" sizes=\"(max-width: 350px) 100vw, 350px\" \/><br \/>Das alte Geb\u00e4ude der Misericordia (Barmherzigkeit) war einst Sitz einer Wohlt\u00e4tigkeitseinrichtung und beherbergte au\u00dferdem eine Schule, eine Musik- und Kunstschule, eine Bibliothek und Werkst\u00e4tten. Gegenw\u00e4rtig befindet sich im Geb\u00e4ude neben anderen Institutionen auch die Bibliothek <strong>Llu\u00eds Alemany<\/strong>.<\/p>\n<p><img loading=\"lazy\" decoding=\"async\" class=\" alignleft size-full wp-image-11361\" style=\"border: 0px none; margin: 10px 20px 10px 0px; float: left;\" alt=\"jardines-de-la-misericordia-botanico-palma-de-mallorca-ficus-2\" src=\"https:\/\/www.masmallorca.es\/wp-content\/uploads\/2013\/09\/jardines-de-la-misericordia-botanico-palma-de-mallorca-ficus-2.jpg\" height=\"321\" width=\"540\" srcset=\"https:\/\/www.masmallorca.es\/wp-content\/uploads\/2013\/09\/jardines-de-la-misericordia-botanico-palma-de-mallorca-ficus-2.jpg 540w, https:\/\/www.masmallorca.es\/wp-content\/uploads\/2013\/09\/jardines-de-la-misericordia-botanico-palma-de-mallorca-ficus-2-300x178.jpg 300w\" sizes=\"(max-width: 540px) 100vw, 540px\" \/><br \/>Im Jahr 1989 begann man damit, in den R\u00e4umen Skulpturen von lokalen und internationalen K\u00fcnstlern auszustellen.<\/p>\n<p>Der Jard\u00edn de la Misericordia ist von einer Mauer umgeben und durch ein im regionalistischen Stil gestaltetes Tor zug\u00e4nglich.<\/p>\n<p><img loading=\"lazy\" decoding=\"async\" class=\" alignleft size-full wp-image-11366\" style=\"border: 0px none; margin: 10px 20px 10px 0px; float: left;\" alt=\"jardines-de-la-misericordia-botanico-palma-de-mallorca-ficus-3\" src=\"https:\/\/www.masmallorca.es\/wp-content\/uploads\/2013\/09\/jardines-de-la-misericordia-botanico-palma-de-mallorca-ficus-3.jpg\" height=\"306\" width=\"540\" srcset=\"https:\/\/www.masmallorca.es\/wp-content\/uploads\/2013\/09\/jardines-de-la-misericordia-botanico-palma-de-mallorca-ficus-3.jpg 540w, https:\/\/www.masmallorca.es\/wp-content\/uploads\/2013\/09\/jardines-de-la-misericordia-botanico-palma-de-mallorca-ficus-3-300x170.jpg 300w\" sizes=\"(max-width: 540px) 100vw, 540px\" \/><\/p>\n<p style=\"text-align: justify;\"><strong>Jardins de la Miseric\u00f2rdia: <\/strong>Calle del Jard\u00edn Bot\u00e1nico, am Beginn der V\u00eda Roma.<br \/><strong>\u00d6ffnungszeiten:<\/strong> Montag bis Freitag von 9:00 bis 20:30 Uhr. Samstag von 9:30 bis 13:45 Uhr. Eintritt frei.<strong><\/p>\n<p><\/strong>Am ersten und letzten Samstag des Monats findet hier eine Sammlermesse statt, auf der B\u00fccher, Comics und Schallplatten verkauft werden.<strong><br \/><\/strong><\/p>\n<p style=\"text-align: justify;\"><img loading=\"lazy\" decoding=\"async\" class=\" size-full wp-image-11371\" alt=\"jardines-de-la-misericordia-botanico-palma-de-mallorca-ficus\" src=\"https:\/\/www.masmallorca.es\/wp-content\/uploads\/2013\/09\/jardines-de-la-misericordia-botanico-palma-de-mallorca-ficus.jpg\" height=\"559\" width=\"540\" srcset=\"https:\/\/www.masmallorca.es\/wp-content\/uploads\/2013\/09\/jardines-de-la-misericordia-botanico-palma-de-mallorca-ficus.jpg 540w, https:\/\/www.masmallorca.es\/wp-content\/uploads\/2013\/09\/jardines-de-la-misericordia-botanico-palma-de-mallorca-ficus-290x300.jpg 290w\" sizes=\"(max-width: 540px) 100vw, 540px\" \/><\/p>\n","protected":false},"excerpt":{"rendered":"<p>Die Jardins de la Miseric\u00f2rdia sind eine kleine, bezaubernde Parkanlage. Die \u00fcppige Vegetation, Bereiche mit Schatten und Licht, sowie wundersch\u00f6ne Ecken laden dazu ein, sich mit einem guten Buch hier niederzulassen.<\/p>\n","protected":false},"author":1,"featured_media":11364,"comment_status":"closed","ping_status":"closed","sticky":false,"template":"","format":"standard","meta":{"_et_pb_use_builder":"","_et_pb_old_content":"","_et_gb_content_width":"","footnotes":""},"categories":[20],"tags":[],"class_list":["post-11379","post","type-post","status-publish","format-standard","has-post-thumbnail","hentry","category-kultur","et-has-post-format-content","et_post_format-et-post-format-standard"],"yoast_head":"<!-- This site is optimized with the Yoast SEO plugin v27.4 - https:\/\/yoast.com\/product\/yoast-seo-wordpress\/ -->\n<title>El antiguo Jard\u00edn Bot\u00e1nico de Palma | +Mallorca: das Magazin aus Mallorca<\/title>\n<meta name=\"description\" content=\"Jardines de la Miseric\u00f2rdia. Parque encantador, jard\u00edn p\u00fablico cl\u00e1sico: abundante vegetaci\u00f3n, zonas de claros y sombra y rincones donde sentarse a leer\" \/>\n<meta name=\"robots\" content=\"index, follow, max-snippet:-1, max-image-preview:large, max-video-preview:-1\" \/>\n<link rel=\"canonical\" href=\"https:\/\/www.masmallorca.es\/de\/kultur\/der-ehemalige-botanische-garten-von-palma-de-mallorca.html\" \/>\n<meta property=\"og:locale\" content=\"de_DE\" \/>\n<meta property=\"og:type\" content=\"article\" \/>\n<meta property=\"og:title\" content=\"El antiguo Jard\u00edn Bot\u00e1nico de Palma | +Mallorca: das Magazin aus Mallorca\" \/>\n<meta property=\"og:description\" content=\"Jardines de la Miseric\u00f2rdia. Parque encantador, jard\u00edn p\u00fablico cl\u00e1sico: abundante vegetaci\u00f3n, zonas de claros y sombra y rincones donde sentarse a leer\" \/>\n<meta property=\"og:url\" content=\"https:\/\/www.masmallorca.es\/de\/kultur\/der-ehemalige-botanische-garten-von-palma-de-mallorca.html\" \/>\n<meta property=\"og:site_name\" content=\"+Mallorca: das Magazin aus Mallorca\" \/>\n<meta property=\"article:publisher\" content=\"https:\/\/www.facebook.com\/mallorcamagazine\/\" \/>\n<meta property=\"article:published_time\" content=\"2013-09-27T06:53:16+00:00\" \/>\n<meta property=\"og:image\" content=\"https:\/\/www.masmallorca.es\/wp-content\/uploads\/2013\/09\/jardines-de-la-misericordia-botanico-palma-de-mallorca-ficus-2.jpg\" \/>\n\t<meta property=\"og:image:width\" content=\"540\" \/>\n\t<meta property=\"og:image:height\" content=\"321\" \/>\n\t<meta property=\"og:image:type\" content=\"image\/jpeg\" \/>\n<meta name=\"author\" content=\"masmallorca\" \/>\n<meta name=\"twitter:card\" content=\"summary_large_image\" \/>\n<meta name=\"twitter:creator\" content=\"@masmallorca\" \/>\n<meta name=\"twitter:site\" content=\"@masmallorca\" \/>\n<meta name=\"twitter:label1\" content=\"Verfasst von\" \/>\n\t<meta name=\"twitter:data1\" content=\"masmallorca\" \/>\n\t<meta name=\"twitter:label2\" content=\"Gesch\u00e4tzte Lesezeit\" \/>\n\t<meta name=\"twitter:data2\" content=\"1\u00a0Minute\" \/>\n<script type=\"application\/ld+json\" class=\"yoast-schema-graph\">{\"@context\":\"https:\\\/\\\/schema.org\",\"@graph\":[{\"@type\":\"Article\",\"@id\":\"https:\\\/\\\/www.masmallorca.es\\\/de\\\/kultur\\\/der-ehemalige-botanische-garten-von-palma-de-mallorca.html#article\",\"isPartOf\":{\"@id\":\"https:\\\/\\\/www.masmallorca.es\\\/de\\\/kultur\\\/der-ehemalige-botanische-garten-von-palma-de-mallorca.html\"},\"author\":{\"name\":\"masmallorca\",\"@id\":\"https:\\\/\\\/www.masmallorca.es\\\/de#\\\/schema\\\/person\\\/554c84e7dfd9917fdba2cace51081633\"},\"headline\":\"Der ehemalige Botanische Garten von Palma de Mallorca\",\"datePublished\":\"2013-09-27T06:53:16+00:00\",\"mainEntityOfPage\":{\"@id\":\"https:\\\/\\\/www.masmallorca.es\\\/de\\\/kultur\\\/der-ehemalige-botanische-garten-von-palma-de-mallorca.html\"},\"wordCount\":215,\"publisher\":{\"@id\":\"https:\\\/\\\/www.masmallorca.es\\\/de#organization\"},\"image\":{\"@id\":\"https:\\\/\\\/www.masmallorca.es\\\/de\\\/kultur\\\/der-ehemalige-botanische-garten-von-palma-de-mallorca.html#primaryimage\"},\"thumbnailUrl\":\"https:\\\/\\\/www.masmallorca.es\\\/wp-content\\\/uploads\\\/2013\\\/09\\\/jardines-de-la-misericordia-botanico-palma-de-mallorca-ficus-2.jpg\",\"articleSection\":[\"Kultur\"],\"inLanguage\":\"de\"},{\"@type\":\"WebPage\",\"@id\":\"https:\\\/\\\/www.masmallorca.es\\\/de\\\/kultur\\\/der-ehemalige-botanische-garten-von-palma-de-mallorca.html\",\"url\":\"https:\\\/\\\/www.masmallorca.es\\\/de\\\/kultur\\\/der-ehemalige-botanische-garten-von-palma-de-mallorca.html\",\"name\":\"El antiguo Jard\u00edn Bot\u00e1nico de Palma | +Mallorca: das Magazin aus Mallorca\",\"isPartOf\":{\"@id\":\"https:\\\/\\\/www.masmallorca.es\\\/de#website\"},\"primaryImageOfPage\":{\"@id\":\"https:\\\/\\\/www.masmallorca.es\\\/de\\\/kultur\\\/der-ehemalige-botanische-garten-von-palma-de-mallorca.html#primaryimage\"},\"image\":{\"@id\":\"https:\\\/\\\/www.masmallorca.es\\\/de\\\/kultur\\\/der-ehemalige-botanische-garten-von-palma-de-mallorca.html#primaryimage\"},\"thumbnailUrl\":\"https:\\\/\\\/www.masmallorca.es\\\/wp-content\\\/uploads\\\/2013\\\/09\\\/jardines-de-la-misericordia-botanico-palma-de-mallorca-ficus-2.jpg\",\"datePublished\":\"2013-09-27T06:53:16+00:00\",\"description\":\"Jardines de la Miseric\u00f2rdia. Parque encantador, jard\u00edn p\u00fablico cl\u00e1sico: abundante vegetaci\u00f3n, zonas de claros y sombra y rincones donde sentarse a leer\",\"breadcrumb\":{\"@id\":\"https:\\\/\\\/www.masmallorca.es\\\/de\\\/kultur\\\/der-ehemalige-botanische-garten-von-palma-de-mallorca.html#breadcrumb\"},\"inLanguage\":\"de\",\"potentialAction\":[{\"@type\":\"ReadAction\",\"target\":[\"https:\\\/\\\/www.masmallorca.es\\\/de\\\/kultur\\\/der-ehemalige-botanische-garten-von-palma-de-mallorca.html\"]}]},{\"@type\":\"ImageObject\",\"inLanguage\":\"de\",\"@id\":\"https:\\\/\\\/www.masmallorca.es\\\/de\\\/kultur\\\/der-ehemalige-botanische-garten-von-palma-de-mallorca.html#primaryimage\",\"url\":\"https:\\\/\\\/www.masmallorca.es\\\/wp-content\\\/uploads\\\/2013\\\/09\\\/jardines-de-la-misericordia-botanico-palma-de-mallorca-ficus-2.jpg\",\"contentUrl\":\"https:\\\/\\\/www.masmallorca.es\\\/wp-content\\\/uploads\\\/2013\\\/09\\\/jardines-de-la-misericordia-botanico-palma-de-mallorca-ficus-2.jpg\",\"width\":540,\"height\":321},{\"@type\":\"BreadcrumbList\",\"@id\":\"https:\\\/\\\/www.masmallorca.es\\\/de\\\/kultur\\\/der-ehemalige-botanische-garten-von-palma-de-mallorca.html#breadcrumb\",\"itemListElement\":[{\"@type\":\"ListItem\",\"position\":1,\"name\":\"Portada\",\"item\":\"https:\\\/\\\/www.masmallorca.es\\\/de\"},{\"@type\":\"ListItem\",\"position\":2,\"name\":\"Kultur\",\"item\":\"https:\\\/\\\/www.masmallorca.es\\\/de\\\/kultur\"},{\"@type\":\"ListItem\",\"position\":3,\"name\":\"Der ehemalige Botanische Garten von Palma de Mallorca\"}]},{\"@type\":\"WebSite\",\"@id\":\"https:\\\/\\\/www.masmallorca.es\\\/de#website\",\"url\":\"https:\\\/\\\/www.masmallorca.es\\\/de\",\"name\":\"+Mallorca: la revista de Mallorca\",\"description\":\"Mehr als Sonne und Strand..\",\"publisher\":{\"@id\":\"https:\\\/\\\/www.masmallorca.es\\\/de#organization\"},\"alternateName\":\"+Mallorca\",\"potentialAction\":[{\"@type\":\"SearchAction\",\"target\":{\"@type\":\"EntryPoint\",\"urlTemplate\":\"https:\\\/\\\/www.masmallorca.es\\\/de?s={search_term_string}\"},\"query-input\":{\"@type\":\"PropertyValueSpecification\",\"valueRequired\":true,\"valueName\":\"search_term_string\"}}],\"inLanguage\":\"de\"},{\"@type\":\"Organization\",\"@id\":\"https:\\\/\\\/www.masmallorca.es\\\/de#organization\",\"name\":\"+Mallorca Magazin\",\"alternateName\":\"M\u00e1s Mallorca\",\"url\":\"https:\\\/\\\/www.masmallorca.es\\\/de\",\"logo\":{\"@type\":\"ImageObject\",\"inLanguage\":\"de\",\"@id\":\"https:\\\/\\\/www.masmallorca.es\\\/de#\\\/schema\\\/logo\\\/image\\\/\",\"url\":\"https:\\\/\\\/www.masmallorca.es\\\/wp-content\\\/uploads\\\/2021\\\/04\\\/logomallorca-1.png\",\"contentUrl\":\"https:\\\/\\\/www.masmallorca.es\\\/wp-content\\\/uploads\\\/2021\\\/04\\\/logomallorca-1.png\",\"width\":326,\"height\":84,\"caption\":\"+Mallorca Magazin\"},\"image\":{\"@id\":\"https:\\\/\\\/www.masmallorca.es\\\/de#\\\/schema\\\/logo\\\/image\\\/\"},\"sameAs\":[\"https:\\\/\\\/www.facebook.com\\\/mallorcamagazine\\\/\",\"https:\\\/\\\/x.com\\\/masmallorca\"]},{\"@type\":\"Person\",\"@id\":\"https:\\\/\\\/www.masmallorca.es\\\/de#\\\/schema\\\/person\\\/554c84e7dfd9917fdba2cace51081633\",\"name\":\"masmallorca\"}]}<\/script>\n<!-- \/ Yoast SEO plugin. -->","yoast_head_json":{"title":"El antiguo Jard\u00edn Bot\u00e1nico de Palma | +Mallorca: das Magazin aus Mallorca","description":"Jardines de la Miseric\u00f2rdia. Parque encantador, jard\u00edn p\u00fablico cl\u00e1sico: abundante vegetaci\u00f3n, zonas de claros y sombra y rincones donde sentarse a leer","robots":{"index":"index","follow":"follow","max-snippet":"max-snippet:-1","max-image-preview":"max-image-preview:large","max-video-preview":"max-video-preview:-1"},"canonical":"https:\/\/www.masmallorca.es\/de\/kultur\/der-ehemalige-botanische-garten-von-palma-de-mallorca.html","og_locale":"de_DE","og_type":"article","og_title":"El antiguo Jard\u00edn Bot\u00e1nico de Palma | +Mallorca: das Magazin aus Mallorca","og_description":"Jardines de la Miseric\u00f2rdia. Parque encantador, jard\u00edn p\u00fablico cl\u00e1sico: abundante vegetaci\u00f3n, zonas de claros y sombra y rincones donde sentarse a leer","og_url":"https:\/\/www.masmallorca.es\/de\/kultur\/der-ehemalige-botanische-garten-von-palma-de-mallorca.html","og_site_name":"+Mallorca: das Magazin aus Mallorca","article_publisher":"https:\/\/www.facebook.com\/mallorcamagazine\/","article_published_time":"2013-09-27T06:53:16+00:00","og_image":[{"width":540,"height":321,"url":"https:\/\/www.masmallorca.es\/wp-content\/uploads\/2013\/09\/jardines-de-la-misericordia-botanico-palma-de-mallorca-ficus-2.jpg","type":"image\/jpeg"}],"author":"masmallorca","twitter_card":"summary_large_image","twitter_creator":"@masmallorca","twitter_site":"@masmallorca","twitter_misc":{"Verfasst von":"masmallorca","Gesch\u00e4tzte Lesezeit":"1\u00a0Minute"},"schema":{"@context":"https:\/\/schema.org","@graph":[{"@type":"Article","@id":"https:\/\/www.masmallorca.es\/de\/kultur\/der-ehemalige-botanische-garten-von-palma-de-mallorca.html#article","isPartOf":{"@id":"https:\/\/www.masmallorca.es\/de\/kultur\/der-ehemalige-botanische-garten-von-palma-de-mallorca.html"},"author":{"name":"masmallorca","@id":"https:\/\/www.masmallorca.es\/de#\/schema\/person\/554c84e7dfd9917fdba2cace51081633"},"headline":"Der ehemalige Botanische Garten von Palma de Mallorca","datePublished":"2013-09-27T06:53:16+00:00","mainEntityOfPage":{"@id":"https:\/\/www.masmallorca.es\/de\/kultur\/der-ehemalige-botanische-garten-von-palma-de-mallorca.html"},"wordCount":215,"publisher":{"@id":"https:\/\/www.masmallorca.es\/de#organization"},"image":{"@id":"https:\/\/www.masmallorca.es\/de\/kultur\/der-ehemalige-botanische-garten-von-palma-de-mallorca.html#primaryimage"},"thumbnailUrl":"https:\/\/www.masmallorca.es\/wp-content\/uploads\/2013\/09\/jardines-de-la-misericordia-botanico-palma-de-mallorca-ficus-2.jpg","articleSection":["Kultur"],"inLanguage":"de"},{"@type":"WebPage","@id":"https:\/\/www.masmallorca.es\/de\/kultur\/der-ehemalige-botanische-garten-von-palma-de-mallorca.html","url":"https:\/\/www.masmallorca.es\/de\/kultur\/der-ehemalige-botanische-garten-von-palma-de-mallorca.html","name":"El antiguo Jard\u00edn Bot\u00e1nico de Palma | +Mallorca: das Magazin aus Mallorca","isPartOf":{"@id":"https:\/\/www.masmallorca.es\/de#website"},"primaryImageOfPage":{"@id":"https:\/\/www.masmallorca.es\/de\/kultur\/der-ehemalige-botanische-garten-von-palma-de-mallorca.html#primaryimage"},"image":{"@id":"https:\/\/www.masmallorca.es\/de\/kultur\/der-ehemalige-botanische-garten-von-palma-de-mallorca.html#primaryimage"},"thumbnailUrl":"https:\/\/www.masmallorca.es\/wp-content\/uploads\/2013\/09\/jardines-de-la-misericordia-botanico-palma-de-mallorca-ficus-2.jpg","datePublished":"2013-09-27T06:53:16+00:00","description":"Jardines de la Miseric\u00f2rdia. Parque encantador, jard\u00edn p\u00fablico cl\u00e1sico: abundante vegetaci\u00f3n, zonas de claros y sombra y rincones donde sentarse a leer","breadcrumb":{"@id":"https:\/\/www.masmallorca.es\/de\/kultur\/der-ehemalige-botanische-garten-von-palma-de-mallorca.html#breadcrumb"},"inLanguage":"de","potentialAction":[{"@type":"ReadAction","target":["https:\/\/www.masmallorca.es\/de\/kultur\/der-ehemalige-botanische-garten-von-palma-de-mallorca.html"]}]},{"@type":"ImageObject","inLanguage":"de","@id":"https:\/\/www.masmallorca.es\/de\/kultur\/der-ehemalige-botanische-garten-von-palma-de-mallorca.html#primaryimage","url":"https:\/\/www.masmallorca.es\/wp-content\/uploads\/2013\/09\/jardines-de-la-misericordia-botanico-palma-de-mallorca-ficus-2.jpg","contentUrl":"https:\/\/www.masmallorca.es\/wp-content\/uploads\/2013\/09\/jardines-de-la-misericordia-botanico-palma-de-mallorca-ficus-2.jpg","width":540,"height":321},{"@type":"BreadcrumbList","@id":"https:\/\/www.masmallorca.es\/de\/kultur\/der-ehemalige-botanische-garten-von-palma-de-mallorca.html#breadcrumb","itemListElement":[{"@type":"ListItem","position":1,"name":"Portada","item":"https:\/\/www.masmallorca.es\/de"},{"@type":"ListItem","position":2,"name":"Kultur","item":"https:\/\/www.masmallorca.es\/de\/kultur"},{"@type":"ListItem","position":3,"name":"Der ehemalige Botanische Garten von Palma de Mallorca"}]},{"@type":"WebSite","@id":"https:\/\/www.masmallorca.es\/de#website","url":"https:\/\/www.masmallorca.es\/de","name":"+Mallorca: la revista de Mallorca","description":"Mehr als Sonne und Strand..","publisher":{"@id":"https:\/\/www.masmallorca.es\/de#organization"},"alternateName":"+Mallorca","potentialAction":[{"@type":"SearchAction","target":{"@type":"EntryPoint","urlTemplate":"https:\/\/www.masmallorca.es\/de?s={search_term_string}"},"query-input":{"@type":"PropertyValueSpecification","valueRequired":true,"valueName":"search_term_string"}}],"inLanguage":"de"},{"@type":"Organization","@id":"https:\/\/www.masmallorca.es\/de#organization","name":"+Mallorca Magazin","alternateName":"M\u00e1s Mallorca","url":"https:\/\/www.masmallorca.es\/de","logo":{"@type":"ImageObject","inLanguage":"de","@id":"https:\/\/www.masmallorca.es\/de#\/schema\/logo\/image\/","url":"https:\/\/www.masmallorca.es\/wp-content\/uploads\/2021\/04\/logomallorca-1.png","contentUrl":"https:\/\/www.masmallorca.es\/wp-content\/uploads\/2021\/04\/logomallorca-1.png","width":326,"height":84,"caption":"+Mallorca Magazin"},"image":{"@id":"https:\/\/www.masmallorca.es\/de#\/schema\/logo\/image\/"},"sameAs":["https:\/\/www.facebook.com\/mallorcamagazine\/","https:\/\/x.com\/masmallorca"]},{"@type":"Person","@id":"https:\/\/www.masmallorca.es\/de#\/schema\/person\/554c84e7dfd9917fdba2cace51081633","name":"masmallorca"}]}},"_links":{"self":[{"href":"https:\/\/www.masmallorca.es\/de\/wp-json\/wp\/v2\/posts\/11379","targetHints":{"allow":["GET"]}}],"collection":[{"href":"https:\/\/www.masmallorca.es\/de\/wp-json\/wp\/v2\/posts"}],"about":[{"href":"https:\/\/www.masmallorca.es\/de\/wp-json\/wp\/v2\/types\/post"}],"author":[{"embeddable":true,"href":"https:\/\/www.masmallorca.es\/de\/wp-json\/wp\/v2\/users\/1"}],"replies":[{"embeddable":true,"href":"https:\/\/www.masmallorca.es\/de\/wp-json\/wp\/v2\/comments?post=11379"}],"version-history":[{"count":0,"href":"https:\/\/www.masmallorca.es\/de\/wp-json\/wp\/v2\/posts\/11379\/revisions"}],"wp:featuredmedia":[{"embeddable":true,"href":"https:\/\/www.masmallorca.es\/de\/wp-json\/wp\/v2\/media\/11364"}],"wp:attachment":[{"href":"https:\/\/www.masmallorca.es\/de\/wp-json\/wp\/v2\/media?parent=11379"}],"wp:term":[{"taxonomy":"category","embeddable":true,"href":"https:\/\/www.masmallorca.es\/de\/wp-json\/wp\/v2\/categories?post=11379"},{"taxonomy":"post_tag","embeddable":true,"href":"https:\/\/www.masmallorca.es\/de\/wp-json\/wp\/v2\/tags?post=11379"}],"curies":[{"name":"wp","href":"https:\/\/api.w.org\/{rel}","templated":true}]}}