{"id":1091,"date":"2009-10-02T15:56:53","date_gmt":"2009-10-02T13:56:53","guid":{"rendered":""},"modified":"2018-09-17T12:59:46","modified_gmt":"2018-09-17T10:59:46","slug":"seeteufel-kasserolle-mit-kohl","status":"publish","type":"post","link":"https:\/\/www.masmallorca.es\/de\/gastronomie\/seeteufel-kasserolle-mit-kohl.html","title":{"rendered":"Seeteufel-Kasserolle mit Kohl"},"content":{"rendered":"<p style=\"text-align: justify;\"><strong>Zutaten:\u00a0<\/strong><img loading=\"lazy\" decoding=\"async\" class=\"alignright wp-image-1081 size-full\" style=\"border: 0px none; margin-left: 20px; margin-right: 20px; float: right;\" title=\"Seeteufel-Kasserolle mit Kohl\" src=\"https:\/\/www.masmallorca.es\/wp-content\/uploads\/2009\/10\/cazuela-de-rape-con-col_1.jpg\" alt=\"Seeteufel-Kasserolle mit Kohl\" width=\"150\" height=\"103\" \/>\u2022 100 g Sobrasada aus Mallorca, in W\u00fcrfel geschnitten \u2022 8 St\u00fccke Seeteufel ohne Gr\u00e4ten, jedes Fischfilet muss \u2022 60 g schwer sein \u2022 30 g Pinienkerne \u2022 30 g Rosinen \u2022 8 Kohlbl\u00e4tter ohne Strunk und in St\u00fccke geschnitten \u2022 0\u20195 Deziliter Weisswein \u2022 Eine fein gew\u00fcrfelte Zwiebel \u2022 2 fein geschnittene Knoblauchzehen \u2022 200 g Tomaten-Fruchtfleisch<\/p>\n<p><!--more--><\/p>\n<p style=\"text-align: justify;\">\u2022 200 g Edelreizker-Pilze, in St\u00fccke geschnitten \u2022 100 g Erbsen \u2022 Ein L\u00f6ffel Petersilie \u2022 2 Deziliter Oliven\u00f6l \u2022 Salz und gemahlener weisser Pfeffer<strong><br \/>\n<\/strong><\/p>\n<p style=\"text-align: justify;\"><img loading=\"lazy\" decoding=\"async\" class=\" alignleft size-full wp-image-1086\" style=\"border: 0px none; margin: 10px 20px 10px 0px; float: left;\" title=\"Seeteufel-Kasserolle mit Kohl\" src=\"https:\/\/www.masmallorca.es\/wp-content\/uploads\/2009\/10\/cazuela-de-rape-con-col_2.jpg\" alt=\"Seeteufel-Kasserolle mit Kohl\" width=\"296\" height=\"250\" \/><strong>Zubereitung<\/strong><\/p>\n<p style=\"text-align: justify;\">Salzen Sie die Seeteufel-St\u00fccke. Anschliessend braten Sie die zuvor in Mehl gew\u00e4lzten Fischst\u00fccke in einer Pfanne mit dem Oliven\u00f6l an, ohne dass sie Farbe annehmen. Nachdem sie gebraten wurden, verteilen Sie die Seeteufel-St\u00fccke auf einem Teller. Das restliche \u00d6l aus der Pfanne wird nun in eine Kasserolle gegeben und darin der Knoblauch und die Zwiebel ged\u00fcnstet. F\u00fcgen Sie jetzt die Tomaten, die <a title=\"Mallorquinische Sobrasada\" href=\"https:\/\/www.mallorcashop.net\/de\/11-sobrasada\" target=\"_blank\" rel=\"noopener\">Sobrasada<\/a> und den Kohl mit den Pinienkernen, die Rosinen und die Petersilie hinzu. <\/p>\n<p>Nach f\u00fcnf Minuten geben Sie den Weisswein dazu und reduzieren anschliessend die Fl\u00fcssigkeit auf die H\u00e4lfte. Dann kommen die Pilze (Edelreizker) und die Erbsen hinzu und drei Minuten sp\u00e4ter noch ein Glas Wasser sowie eine Prise Salz. Lassen Sie alles 10 Minuten k\u00f6cheln, bis der Kohl gar ist. Schliesslich kommen die Seeteufelst\u00fccke hinzu, die noch einmal drei Minuten mitgeschmort werden, bevor Sie die Kasserolle vom Herd nehmen. Angerichtet wird auf einem Bett aus Kohl, auf das die Seeteufelst\u00fccke gelegt werden.<\/p>\n<p style=\"text-align: justify;\">\u00a0<\/p>\n<p><strong>Anrichten<\/strong><\/p>\n<p>Als Beilage werden Kartoffeln gereicht, um die ein paar L\u00f6ffelchen Sauce gegeben werden.<\/p>\n<p style=\"text-align: center;\"><img loading=\"lazy\" decoding=\"async\" class=\"alignnone wp-image-1063 size-full\" style=\"border: 0; margin-top: 10px; margin-bottom: 10px;\" title=\"Seeteufel-Kasserolle mit Kohl\" src=\"https:\/\/www.masmallorca.es\/wp-content\/uploads\/2009\/10\/cazuela-de-rape-con-col_3.jpg\" alt=\"Seeteufel-Kasserolle mit Kohl\" width=\"540\" height=\"263\" srcset=\"https:\/\/www.masmallorca.es\/wp-content\/uploads\/2009\/10\/cazuela-de-rape-con-col_3.jpg 540w, https:\/\/www.masmallorca.es\/wp-content\/uploads\/2009\/10\/cazuela-de-rape-con-col_3-300x146.jpg 300w\" sizes=\"(max-width: 540px) 100vw, 540px\" \/><\/p>\n","protected":false},"excerpt":{"rendered":"<p>Zutaten:\u00a0\u2022 100 g Sobrasada aus Mallorca, in W\u00fcrfel geschnitten \u2022 8 St\u00fccke Seeteufel ohne Gr\u00e4ten, jedes Fischfilet muss \u2022 60 g schwer sein \u2022 30 g Pinienkerne \u2022 30 g Rosinen \u2022 8 Kohlbl\u00e4tter ohne Strunk und in St\u00fccke geschnitten \u2022 0\u20195 Deziliter Weisswein \u2022 Eine fein gew\u00fcrfelte Zwiebel \u2022 2 fein geschnittene Knoblauchzehen \u2022 [&hellip;]<\/p>\n","protected":false},"author":1,"featured_media":1066,"comment_status":"closed","ping_status":"closed","sticky":false,"template":"","format":"standard","meta":{"_et_pb_use_builder":"","_et_pb_old_content":"","_et_gb_content_width":"","footnotes":""},"categories":[30],"tags":[],"class_list":["post-1091","post","type-post","status-publish","format-standard","has-post-thumbnail","hentry","category-gastronomie","et-has-post-format-content","et_post_format-et-post-format-standard"],"yoast_head":"<!-- This site is optimized with the Yoast SEO plugin v27.4 - https:\/\/yoast.com\/product\/yoast-seo-wordpress\/ -->\n<title>Seeteufel-Kasserolle mit Kohl | +Mallorca Magazin<\/title>\n<meta name=\"description\" content=\"+Mallorca, Gastronomie: Seeteufel-Kasserolle mit Kohl. Zutaten und Zubereitung. Mallorca typischen K\u00fcche, Rezepte. Balearen.\" \/>\n<meta name=\"robots\" content=\"index, follow, max-snippet:-1, max-image-preview:large, max-video-preview:-1\" \/>\n<link rel=\"canonical\" href=\"https:\/\/www.masmallorca.es\/de\/gastronomie\/seeteufel-kasserolle-mit-kohl.html\" \/>\n<meta property=\"og:locale\" content=\"de_DE\" \/>\n<meta property=\"og:type\" content=\"article\" \/>\n<meta property=\"og:title\" content=\"Seeteufel-Kasserolle mit Kohl | +Mallorca Magazin\" \/>\n<meta property=\"og:description\" content=\"+Mallorca, Gastronomie: Seeteufel-Kasserolle mit Kohl. Zutaten und Zubereitung. Mallorca typischen K\u00fcche, Rezepte. Balearen.\" \/>\n<meta property=\"og:url\" content=\"https:\/\/www.masmallorca.es\/de\/gastronomie\/seeteufel-kasserolle-mit-kohl.html\" \/>\n<meta property=\"og:site_name\" content=\"+Mallorca: das Magazin aus Mallorca\" \/>\n<meta property=\"article:publisher\" content=\"https:\/\/www.facebook.com\/mallorcamagazine\/\" \/>\n<meta property=\"article:published_time\" content=\"2009-10-02T13:56:53+00:00\" \/>\n<meta property=\"article:modified_time\" content=\"2018-09-17T10:59:46+00:00\" \/>\n<meta property=\"og:image\" content=\"https:\/\/www.masmallorca.es\/wp-content\/uploads\/2009\/10\/cazuela-de-rape-con-col_3.jpg\" \/>\n\t<meta property=\"og:image:width\" content=\"540\" \/>\n\t<meta property=\"og:image:height\" content=\"263\" \/>\n\t<meta property=\"og:image:type\" content=\"image\/jpeg\" \/>\n<meta name=\"author\" content=\"masmallorca\" \/>\n<meta name=\"twitter:card\" content=\"summary_large_image\" \/>\n<meta name=\"twitter:creator\" content=\"@masmallorca\" \/>\n<meta name=\"twitter:site\" content=\"@masmallorca\" \/>\n<meta name=\"twitter:label1\" content=\"Verfasst von\" \/>\n\t<meta name=\"twitter:data1\" content=\"masmallorca\" \/>\n\t<meta name=\"twitter:label2\" content=\"Gesch\u00e4tzte Lesezeit\" \/>\n\t<meta name=\"twitter:data2\" content=\"1\u00a0Minute\" \/>\n<script type=\"application\/ld+json\" class=\"yoast-schema-graph\">{\"@context\":\"https:\\\/\\\/schema.org\",\"@graph\":[{\"@type\":\"Article\",\"@id\":\"https:\\\/\\\/www.masmallorca.es\\\/de\\\/gastronomie\\\/seeteufel-kasserolle-mit-kohl.html#article\",\"isPartOf\":{\"@id\":\"https:\\\/\\\/www.masmallorca.es\\\/de\\\/gastronomie\\\/seeteufel-kasserolle-mit-kohl.html\"},\"author\":{\"name\":\"masmallorca\",\"@id\":\"https:\\\/\\\/www.masmallorca.es\\\/de#\\\/schema\\\/person\\\/554c84e7dfd9917fdba2cace51081633\"},\"headline\":\"Seeteufel-Kasserolle mit Kohl\",\"datePublished\":\"2009-10-02T13:56:53+00:00\",\"dateModified\":\"2018-09-17T10:59:46+00:00\",\"mainEntityOfPage\":{\"@id\":\"https:\\\/\\\/www.masmallorca.es\\\/de\\\/gastronomie\\\/seeteufel-kasserolle-mit-kohl.html\"},\"wordCount\":253,\"publisher\":{\"@id\":\"https:\\\/\\\/www.masmallorca.es\\\/de#organization\"},\"image\":{\"@id\":\"https:\\\/\\\/www.masmallorca.es\\\/de\\\/gastronomie\\\/seeteufel-kasserolle-mit-kohl.html#primaryimage\"},\"thumbnailUrl\":\"https:\\\/\\\/www.masmallorca.es\\\/wp-content\\\/uploads\\\/2009\\\/10\\\/cazuela-de-rape-con-col_3.jpg\",\"articleSection\":[\"Gastronomie\"],\"inLanguage\":\"de\"},{\"@type\":\"WebPage\",\"@id\":\"https:\\\/\\\/www.masmallorca.es\\\/de\\\/gastronomie\\\/seeteufel-kasserolle-mit-kohl.html\",\"url\":\"https:\\\/\\\/www.masmallorca.es\\\/de\\\/gastronomie\\\/seeteufel-kasserolle-mit-kohl.html\",\"name\":\"Seeteufel-Kasserolle mit Kohl | +Mallorca Magazin\",\"isPartOf\":{\"@id\":\"https:\\\/\\\/www.masmallorca.es\\\/de#website\"},\"primaryImageOfPage\":{\"@id\":\"https:\\\/\\\/www.masmallorca.es\\\/de\\\/gastronomie\\\/seeteufel-kasserolle-mit-kohl.html#primaryimage\"},\"image\":{\"@id\":\"https:\\\/\\\/www.masmallorca.es\\\/de\\\/gastronomie\\\/seeteufel-kasserolle-mit-kohl.html#primaryimage\"},\"thumbnailUrl\":\"https:\\\/\\\/www.masmallorca.es\\\/wp-content\\\/uploads\\\/2009\\\/10\\\/cazuela-de-rape-con-col_3.jpg\",\"datePublished\":\"2009-10-02T13:56:53+00:00\",\"dateModified\":\"2018-09-17T10:59:46+00:00\",\"description\":\"+Mallorca, Gastronomie: Seeteufel-Kasserolle mit Kohl. Zutaten und Zubereitung. Mallorca typischen K\u00fcche, Rezepte. Balearen.\",\"breadcrumb\":{\"@id\":\"https:\\\/\\\/www.masmallorca.es\\\/de\\\/gastronomie\\\/seeteufel-kasserolle-mit-kohl.html#breadcrumb\"},\"inLanguage\":\"de\",\"potentialAction\":[{\"@type\":\"ReadAction\",\"target\":[\"https:\\\/\\\/www.masmallorca.es\\\/de\\\/gastronomie\\\/seeteufel-kasserolle-mit-kohl.html\"]}]},{\"@type\":\"ImageObject\",\"inLanguage\":\"de\",\"@id\":\"https:\\\/\\\/www.masmallorca.es\\\/de\\\/gastronomie\\\/seeteufel-kasserolle-mit-kohl.html#primaryimage\",\"url\":\"https:\\\/\\\/www.masmallorca.es\\\/wp-content\\\/uploads\\\/2009\\\/10\\\/cazuela-de-rape-con-col_3.jpg\",\"contentUrl\":\"https:\\\/\\\/www.masmallorca.es\\\/wp-content\\\/uploads\\\/2009\\\/10\\\/cazuela-de-rape-con-col_3.jpg\",\"width\":540,\"height\":263},{\"@type\":\"BreadcrumbList\",\"@id\":\"https:\\\/\\\/www.masmallorca.es\\\/de\\\/gastronomie\\\/seeteufel-kasserolle-mit-kohl.html#breadcrumb\",\"itemListElement\":[{\"@type\":\"ListItem\",\"position\":1,\"name\":\"Portada\",\"item\":\"https:\\\/\\\/www.masmallorca.es\\\/de\"},{\"@type\":\"ListItem\",\"position\":2,\"name\":\"Gastronomie\",\"item\":\"https:\\\/\\\/www.masmallorca.es\\\/de\\\/gastronomie\"},{\"@type\":\"ListItem\",\"position\":3,\"name\":\"Seeteufel-Kasserolle mit Kohl\"}]},{\"@type\":\"WebSite\",\"@id\":\"https:\\\/\\\/www.masmallorca.es\\\/de#website\",\"url\":\"https:\\\/\\\/www.masmallorca.es\\\/de\",\"name\":\"+Mallorca: la revista de Mallorca\",\"description\":\"Mehr als Sonne und Strand..\",\"publisher\":{\"@id\":\"https:\\\/\\\/www.masmallorca.es\\\/de#organization\"},\"alternateName\":\"+Mallorca\",\"potentialAction\":[{\"@type\":\"SearchAction\",\"target\":{\"@type\":\"EntryPoint\",\"urlTemplate\":\"https:\\\/\\\/www.masmallorca.es\\\/de?s={search_term_string}\"},\"query-input\":{\"@type\":\"PropertyValueSpecification\",\"valueRequired\":true,\"valueName\":\"search_term_string\"}}],\"inLanguage\":\"de\"},{\"@type\":\"Organization\",\"@id\":\"https:\\\/\\\/www.masmallorca.es\\\/de#organization\",\"name\":\"+Mallorca Magazin\",\"alternateName\":\"M\u00e1s Mallorca\",\"url\":\"https:\\\/\\\/www.masmallorca.es\\\/de\",\"logo\":{\"@type\":\"ImageObject\",\"inLanguage\":\"de\",\"@id\":\"https:\\\/\\\/www.masmallorca.es\\\/de#\\\/schema\\\/logo\\\/image\\\/\",\"url\":\"https:\\\/\\\/www.masmallorca.es\\\/wp-content\\\/uploads\\\/2021\\\/04\\\/logomallorca-1.png\",\"contentUrl\":\"https:\\\/\\\/www.masmallorca.es\\\/wp-content\\\/uploads\\\/2021\\\/04\\\/logomallorca-1.png\",\"width\":326,\"height\":84,\"caption\":\"+Mallorca Magazin\"},\"image\":{\"@id\":\"https:\\\/\\\/www.masmallorca.es\\\/de#\\\/schema\\\/logo\\\/image\\\/\"},\"sameAs\":[\"https:\\\/\\\/www.facebook.com\\\/mallorcamagazine\\\/\",\"https:\\\/\\\/x.com\\\/masmallorca\"]},{\"@type\":\"Person\",\"@id\":\"https:\\\/\\\/www.masmallorca.es\\\/de#\\\/schema\\\/person\\\/554c84e7dfd9917fdba2cace51081633\",\"name\":\"masmallorca\"}]}<\/script>\n<!-- \/ Yoast SEO plugin. -->","yoast_head_json":{"title":"Seeteufel-Kasserolle mit Kohl | +Mallorca Magazin","description":"+Mallorca, Gastronomie: Seeteufel-Kasserolle mit Kohl. Zutaten und Zubereitung. Mallorca typischen K\u00fcche, Rezepte. Balearen.","robots":{"index":"index","follow":"follow","max-snippet":"max-snippet:-1","max-image-preview":"max-image-preview:large","max-video-preview":"max-video-preview:-1"},"canonical":"https:\/\/www.masmallorca.es\/de\/gastronomie\/seeteufel-kasserolle-mit-kohl.html","og_locale":"de_DE","og_type":"article","og_title":"Seeteufel-Kasserolle mit Kohl | +Mallorca Magazin","og_description":"+Mallorca, Gastronomie: Seeteufel-Kasserolle mit Kohl. Zutaten und Zubereitung. Mallorca typischen K\u00fcche, Rezepte. Balearen.","og_url":"https:\/\/www.masmallorca.es\/de\/gastronomie\/seeteufel-kasserolle-mit-kohl.html","og_site_name":"+Mallorca: das Magazin aus Mallorca","article_publisher":"https:\/\/www.facebook.com\/mallorcamagazine\/","article_published_time":"2009-10-02T13:56:53+00:00","article_modified_time":"2018-09-17T10:59:46+00:00","og_image":[{"width":540,"height":263,"url":"https:\/\/www.masmallorca.es\/wp-content\/uploads\/2009\/10\/cazuela-de-rape-con-col_3.jpg","type":"image\/jpeg"}],"author":"masmallorca","twitter_card":"summary_large_image","twitter_creator":"@masmallorca","twitter_site":"@masmallorca","twitter_misc":{"Verfasst von":"masmallorca","Gesch\u00e4tzte Lesezeit":"1\u00a0Minute"},"schema":{"@context":"https:\/\/schema.org","@graph":[{"@type":"Article","@id":"https:\/\/www.masmallorca.es\/de\/gastronomie\/seeteufel-kasserolle-mit-kohl.html#article","isPartOf":{"@id":"https:\/\/www.masmallorca.es\/de\/gastronomie\/seeteufel-kasserolle-mit-kohl.html"},"author":{"name":"masmallorca","@id":"https:\/\/www.masmallorca.es\/de#\/schema\/person\/554c84e7dfd9917fdba2cace51081633"},"headline":"Seeteufel-Kasserolle mit Kohl","datePublished":"2009-10-02T13:56:53+00:00","dateModified":"2018-09-17T10:59:46+00:00","mainEntityOfPage":{"@id":"https:\/\/www.masmallorca.es\/de\/gastronomie\/seeteufel-kasserolle-mit-kohl.html"},"wordCount":253,"publisher":{"@id":"https:\/\/www.masmallorca.es\/de#organization"},"image":{"@id":"https:\/\/www.masmallorca.es\/de\/gastronomie\/seeteufel-kasserolle-mit-kohl.html#primaryimage"},"thumbnailUrl":"https:\/\/www.masmallorca.es\/wp-content\/uploads\/2009\/10\/cazuela-de-rape-con-col_3.jpg","articleSection":["Gastronomie"],"inLanguage":"de"},{"@type":"WebPage","@id":"https:\/\/www.masmallorca.es\/de\/gastronomie\/seeteufel-kasserolle-mit-kohl.html","url":"https:\/\/www.masmallorca.es\/de\/gastronomie\/seeteufel-kasserolle-mit-kohl.html","name":"Seeteufel-Kasserolle mit Kohl | +Mallorca Magazin","isPartOf":{"@id":"https:\/\/www.masmallorca.es\/de#website"},"primaryImageOfPage":{"@id":"https:\/\/www.masmallorca.es\/de\/gastronomie\/seeteufel-kasserolle-mit-kohl.html#primaryimage"},"image":{"@id":"https:\/\/www.masmallorca.es\/de\/gastronomie\/seeteufel-kasserolle-mit-kohl.html#primaryimage"},"thumbnailUrl":"https:\/\/www.masmallorca.es\/wp-content\/uploads\/2009\/10\/cazuela-de-rape-con-col_3.jpg","datePublished":"2009-10-02T13:56:53+00:00","dateModified":"2018-09-17T10:59:46+00:00","description":"+Mallorca, Gastronomie: Seeteufel-Kasserolle mit Kohl. Zutaten und Zubereitung. Mallorca typischen K\u00fcche, Rezepte. Balearen.","breadcrumb":{"@id":"https:\/\/www.masmallorca.es\/de\/gastronomie\/seeteufel-kasserolle-mit-kohl.html#breadcrumb"},"inLanguage":"de","potentialAction":[{"@type":"ReadAction","target":["https:\/\/www.masmallorca.es\/de\/gastronomie\/seeteufel-kasserolle-mit-kohl.html"]}]},{"@type":"ImageObject","inLanguage":"de","@id":"https:\/\/www.masmallorca.es\/de\/gastronomie\/seeteufel-kasserolle-mit-kohl.html#primaryimage","url":"https:\/\/www.masmallorca.es\/wp-content\/uploads\/2009\/10\/cazuela-de-rape-con-col_3.jpg","contentUrl":"https:\/\/www.masmallorca.es\/wp-content\/uploads\/2009\/10\/cazuela-de-rape-con-col_3.jpg","width":540,"height":263},{"@type":"BreadcrumbList","@id":"https:\/\/www.masmallorca.es\/de\/gastronomie\/seeteufel-kasserolle-mit-kohl.html#breadcrumb","itemListElement":[{"@type":"ListItem","position":1,"name":"Portada","item":"https:\/\/www.masmallorca.es\/de"},{"@type":"ListItem","position":2,"name":"Gastronomie","item":"https:\/\/www.masmallorca.es\/de\/gastronomie"},{"@type":"ListItem","position":3,"name":"Seeteufel-Kasserolle mit Kohl"}]},{"@type":"WebSite","@id":"https:\/\/www.masmallorca.es\/de#website","url":"https:\/\/www.masmallorca.es\/de","name":"+Mallorca: la revista de Mallorca","description":"Mehr als Sonne und Strand..","publisher":{"@id":"https:\/\/www.masmallorca.es\/de#organization"},"alternateName":"+Mallorca","potentialAction":[{"@type":"SearchAction","target":{"@type":"EntryPoint","urlTemplate":"https:\/\/www.masmallorca.es\/de?s={search_term_string}"},"query-input":{"@type":"PropertyValueSpecification","valueRequired":true,"valueName":"search_term_string"}}],"inLanguage":"de"},{"@type":"Organization","@id":"https:\/\/www.masmallorca.es\/de#organization","name":"+Mallorca Magazin","alternateName":"M\u00e1s Mallorca","url":"https:\/\/www.masmallorca.es\/de","logo":{"@type":"ImageObject","inLanguage":"de","@id":"https:\/\/www.masmallorca.es\/de#\/schema\/logo\/image\/","url":"https:\/\/www.masmallorca.es\/wp-content\/uploads\/2021\/04\/logomallorca-1.png","contentUrl":"https:\/\/www.masmallorca.es\/wp-content\/uploads\/2021\/04\/logomallorca-1.png","width":326,"height":84,"caption":"+Mallorca Magazin"},"image":{"@id":"https:\/\/www.masmallorca.es\/de#\/schema\/logo\/image\/"},"sameAs":["https:\/\/www.facebook.com\/mallorcamagazine\/","https:\/\/x.com\/masmallorca"]},{"@type":"Person","@id":"https:\/\/www.masmallorca.es\/de#\/schema\/person\/554c84e7dfd9917fdba2cace51081633","name":"masmallorca"}]}},"_links":{"self":[{"href":"https:\/\/www.masmallorca.es\/de\/wp-json\/wp\/v2\/posts\/1091","targetHints":{"allow":["GET"]}}],"collection":[{"href":"https:\/\/www.masmallorca.es\/de\/wp-json\/wp\/v2\/posts"}],"about":[{"href":"https:\/\/www.masmallorca.es\/de\/wp-json\/wp\/v2\/types\/post"}],"author":[{"embeddable":true,"href":"https:\/\/www.masmallorca.es\/de\/wp-json\/wp\/v2\/users\/1"}],"replies":[{"embeddable":true,"href":"https:\/\/www.masmallorca.es\/de\/wp-json\/wp\/v2\/comments?post=1091"}],"version-history":[{"count":0,"href":"https:\/\/www.masmallorca.es\/de\/wp-json\/wp\/v2\/posts\/1091\/revisions"}],"wp:featuredmedia":[{"embeddable":true,"href":"https:\/\/www.masmallorca.es\/de\/wp-json\/wp\/v2\/media\/1066"}],"wp:attachment":[{"href":"https:\/\/www.masmallorca.es\/de\/wp-json\/wp\/v2\/media?parent=1091"}],"wp:term":[{"taxonomy":"category","embeddable":true,"href":"https:\/\/www.masmallorca.es\/de\/wp-json\/wp\/v2\/categories?post=1091"},{"taxonomy":"post_tag","embeddable":true,"href":"https:\/\/www.masmallorca.es\/de\/wp-json\/wp\/v2\/tags?post=1091"}],"curies":[{"name":"wp","href":"https:\/\/api.w.org\/{rel}","templated":true}]}}