{"id":9946,"date":"2012-04-30T09:46:02","date_gmt":"2012-04-30T07:46:02","guid":{"rendered":""},"modified":"2025-12-09T18:28:50","modified_gmt":"2025-12-09T17:28:50","slug":"oli-predio-son-quint-lor-liquid-de-la-serra-de-tramuntana","status":"publish","type":"post","link":"https:\/\/www.masmallorca.es\/ca\/productes-tipics\/oli-predio-son-quint-lor-liquid-de-la-serra-de-tramuntana.html","title":{"rendered":"Oli Predio Son Quint, l&#8217;or l\u00edquid de la Serra de Tramuntana"},"content":{"rendered":"\n<p>L&#8217;oli d&#8217;oliva verge extra amb denominaci\u00f3 d&#8217;origen <strong>Predio Son Quint<\/strong> \u00e9s un producte exclusiu i amb personalitat pr\u00f2pia. S&#8217;elabora des de 1998 a la finca Son Quint (Esporles), on una plantaci\u00f3 de dos mil oliveres s&#8217;est\u00e9n sobre una <strong>superf\u00edcie total de cultiu de 5,6 hect\u00e0rees<\/strong>, al mig del privilegiat paisatge de la vall de la Serra de Tramuntana.<\/p>\n\n\n\n<!--more-->\n\n\n\n<h2 class=\"wp-block-heading\">L&#8217;oli procedeix de tres varietats d&#8217;oliva: picual, arbequina i empeltre i el seu cultiu ofereix d&#8217;any en any novetats quant a atributs i connotacions.<\/h2>\n\n\n\n<p>L&#8217;acidesa normal \u00e9s de 0,1 \u00ba, si b\u00e9 aquest any s&#8217;ha obtingut un resultat de 0,08. <\/p>\n\n\n\n<p>Les particulars condicions del s\u00f2l i de l&#8217;entorn aporten caracter\u00edstiques \u00faniques a l&#8217;oli Predio Son Quint, que han estat destacades en nombroses cates a cegues realitzades per experts i en els principals laboratoris del pa\u00eds.<\/p>\n\n\n\n<p>El sabor final de l&#8217;oli tamb\u00e9 ve determinat per les olives emprades en la seva elaboraci\u00f3, sent <strong>m\u00e9s picant en el cas de la varietat picual, m\u00e9s amarg a la empeltre i fruitat en el cas de l&#8217;arbequina<\/strong>. <\/p>\n\n\n\n<p>Destacar que tant el seu cultiu com la recollida es realitzen amb una esmerada atenci\u00f3 i selecci\u00f3 artesanal per a una obtenci\u00f3 selecta de nom\u00e9s les millors olives i en proporcions equivalents que donen com a resultat la f\u00f3rmula original de l&#8217;oli d&#8217;oliva verge extra Predio Son Quint.<\/p>\n\n\n\n<p>Predio Son Quint es comercialitza en ampolles de vidre fosc de mig litre i d&#8217;un quart de litre, com a particularitat ofereix un tap exclusiu que facilita la seva dispensaci\u00f3 i mant\u00e9 protegit el producte de l&#8217;oxidaci\u00f3 prematura, la qual cosa fa que es mantinguin totes les seves propietats organol\u00e8ptiques en perfecte estat des de la primera fins l&#8217;\u00faltima gota d&#8217;aquest magn\u00edfic oli.<\/p>\n\n\n\n<figure class=\"wp-block-gallery has-nested-images columns-default is-cropped wp-block-gallery-1 is-layout-flex wp-block-gallery-is-layout-flex\">\n<figure class=\"wp-block-image size-large\"><a href=\"https:\/\/www.mallorcashop.net\/ca\/oli-de-mallorca\/132-oli-d-oliva-verge-extra-predio-son-quint-250-ml-esporles.html\" target=\"_blank\" rel=\" noreferrer noopener\"><img loading=\"lazy\" decoding=\"async\" width=\"683\" height=\"1024\" data-id=\"35254\" src=\"https:\/\/www.masmallorca.es\/wp-content\/uploads\/2012\/04\/predio-son-quint-mallorcashop-683x1024.jpg\" alt=\"Oli d'oliva verge extra amb Denominaci\u00f3 d'Origen Predio Son Quint, 250ml.\" class=\"wp-image-35254\" srcset=\"https:\/\/www.masmallorca.es\/wp-content\/uploads\/2012\/04\/predio-son-quint-mallorcashop-683x1024.jpg 683w, https:\/\/www.masmallorca.es\/wp-content\/uploads\/2012\/04\/predio-son-quint-mallorcashop-200x300.jpg 200w, https:\/\/www.masmallorca.es\/wp-content\/uploads\/2012\/04\/predio-son-quint-mallorcashop-768x1152.jpg 768w, https:\/\/www.masmallorca.es\/wp-content\/uploads\/2012\/04\/predio-son-quint-mallorcashop.jpg 800w\" sizes=\"(max-width: 683px) 100vw, 683px\" \/><\/a><\/figure>\n\n\n\n<figure class=\"wp-block-image size-large\"><a href=\"https:\/\/www.mallorcashop.net\/ca\/oli-de-mallorca\/129-oli-d-oliva-verge-extra-predio-son-quint-500-ml-esporles.html\" target=\"_blank\" rel=\" noreferrer noopener\"><img loading=\"lazy\" decoding=\"async\" width=\"683\" height=\"1024\" data-id=\"35253\" src=\"https:\/\/www.masmallorca.es\/wp-content\/uploads\/2012\/04\/predio-son-quint-mallorcashop-net-683x1024.jpg\" alt=\"Oli d'oliva verge extra amb Denominaci\u00f3 d'Origen Predio Son Quint, 500ml.\" class=\"wp-image-35253\" srcset=\"https:\/\/www.masmallorca.es\/wp-content\/uploads\/2012\/04\/predio-son-quint-mallorcashop-net-683x1024.jpg 683w, https:\/\/www.masmallorca.es\/wp-content\/uploads\/2012\/04\/predio-son-quint-mallorcashop-net-200x300.jpg 200w, https:\/\/www.masmallorca.es\/wp-content\/uploads\/2012\/04\/predio-son-quint-mallorcashop-net-768x1152.jpg 768w, https:\/\/www.masmallorca.es\/wp-content\/uploads\/2012\/04\/predio-son-quint-mallorcashop-net.jpg 800w\" sizes=\"(max-width: 683px) 100vw, 683px\" \/><\/a><\/figure>\n<\/figure>\n\n\n\n<p>Luis Espa\u00f1ol, propietari de l&#8217;empresa, explica que com \u00e9s un producte exclusiu, la seva distribuci\u00f3 es dirigeix a <a href=\"https:\/\/www.masmallorca.es\/ca\/productes-tipics\/oli-predio-son-quint-lor-liquid-de-la-serra-de-tramuntana.html\" target=\"_blank\" rel=\"noreferrer noopener\">restaurants distingits de l&#8217;illa<\/a>, encara que tamb\u00e9 s&#8217;acosta al p\u00fablic oferint-se en botigues especialitzades, botigues gourmet i tamb\u00e9 a El Corte Ingl\u00e9s de Palma de Mallorca i recentment a l&#8217;aeroport de Son Sant Joan, un dels principals punts d&#8217;exposici\u00f3 a clients estrangers i que aporten noves vistes de distribuci\u00f3 a Europa.<\/p>\n\n\n\n<h3 class=\"wp-block-heading\">Una petita part de la producci\u00f3 ja s&#8217;exporta a Alemanya i Anglaterra, o R\u00fassia fins on ha arribat la fama d&#8217;aquesta distingida marca mallorquina.<\/h3>\n\n\n\n<p>En les tasques de recollida participa un equip format per deu persones especialitzades en recollida artesanal, un cop realitzat el treball de selecci\u00f3, les olives es traslladen immediatament a la tafona de Son Catiu per realitzar la seva extracci\u00f3 en fred i posterior envasat, \u00fanics punts del proc\u00e9s d&#8217;elaboraci\u00f3 que no t\u00e9 lloc a la finca d&#8217;Esporles.<\/p>\n\n\n\n<figure class=\"wp-block-gallery alignfull has-nested-images columns-default is-cropped wp-block-gallery-2 is-layout-flex wp-block-gallery-is-layout-flex\">\n<figure class=\"wp-block-image size-full\"><img loading=\"lazy\" decoding=\"async\" width=\"250\" height=\"356\" data-id=\"9952\" src=\"https:\/\/www.masmallorca.es\/wp-content\/uploads\/2012\/04\/aceite-predio-son-quint-Olivenol-olive-oil-2.png\" alt=\"Oli d'oliva verge extra amb Denominaci\u00f3 d'Origen Predio Son Quint, 500ml.\" class=\"wp-image-9952\" srcset=\"https:\/\/www.masmallorca.es\/wp-content\/uploads\/2012\/04\/aceite-predio-son-quint-Olivenol-olive-oil-2.png 250w, https:\/\/www.masmallorca.es\/wp-content\/uploads\/2012\/04\/aceite-predio-son-quint-Olivenol-olive-oil-2-211x300.png 211w\" sizes=\"(max-width: 250px) 100vw, 250px\" \/><figcaption class=\"wp-element-caption\">Predio Son Quint. Oli d&#8217;oliva verge extra amb Denominaci\u00f3 d&#8217;Origen<\/figcaption><\/figure>\n\n\n\n<figure class=\"wp-block-image size-full\"><img loading=\"lazy\" decoding=\"async\" width=\"940\" height=\"628\" data-id=\"35266\" src=\"https:\/\/www.masmallorca.es\/wp-content\/uploads\/2012\/04\/predio-son-quint-esporles-mallorca.jpg\" alt=\"Predio Son Quint, finca a Esporles.\" class=\"wp-image-35266\" srcset=\"https:\/\/www.masmallorca.es\/wp-content\/uploads\/2012\/04\/predio-son-quint-esporles-mallorca.jpg 940w, https:\/\/www.masmallorca.es\/wp-content\/uploads\/2012\/04\/predio-son-quint-esporles-mallorca-300x200.jpg 300w, https:\/\/www.masmallorca.es\/wp-content\/uploads\/2012\/04\/predio-son-quint-esporles-mallorca-768x513.jpg 768w\" sizes=\"(max-width: 940px) 100vw, 940px\" \/><\/figure>\n\n\n\n<figure class=\"wp-block-image size-full\"><img loading=\"lazy\" decoding=\"async\" width=\"940\" height=\"628\" data-id=\"35276\" src=\"https:\/\/www.masmallorca.es\/wp-content\/uploads\/2012\/04\/predio-son-quint-carro-esporles.jpg\" alt=\"Predio Son Quint, finca a Esporles.\" class=\"wp-image-35276\" srcset=\"https:\/\/www.masmallorca.es\/wp-content\/uploads\/2012\/04\/predio-son-quint-carro-esporles.jpg 940w, https:\/\/www.masmallorca.es\/wp-content\/uploads\/2012\/04\/predio-son-quint-carro-esporles-300x200.jpg 300w, https:\/\/www.masmallorca.es\/wp-content\/uploads\/2012\/04\/predio-son-quint-carro-esporles-768x513.jpg 768w\" sizes=\"(max-width: 940px) 100vw, 940px\" \/><\/figure>\n<\/figure>\n\n\n\n<p>Luis Espa\u00f1ol ens comenta que actualment Predio Son Quint est\u00e0 en projecte d&#8217;expansi\u00f3 de la producci\u00f3 amb la inserci\u00f3 de noves oliveres, en una altra finca propietat de la fam\u00edlia ubicada a la localitat de Binissalem, amb la qual espera poder cobrir les demandes d&#8217;oli que origina la marca.<\/p>\n\n\n\n<p>Per acabar, nom\u00e9s ens queda dir que la visita a la finca ha valgut la pena i que l&#8217;oli verge extra Predio Son Quint mereix tots els reconeixements.<\/p>\n\n\n\n<p><strong>+info:<\/strong> Esporles, Mallorca | +info: +34 629 677 420 | <a title=\"Oli d'oliva Predio Son Quint\" href=\"http:\/\/www.prediosonquint.es\" target=\"_blank\" rel=\"noopener\">www.prediosonquint.es<\/a><\/p>\n\n\n\n<figure class=\"wp-block-image size-full\"><img loading=\"lazy\" decoding=\"async\" width=\"940\" height=\"628\" src=\"https:\/\/www.masmallorca.es\/wp-content\/uploads\/2012\/04\/predio-son-quint-Luis-Espanyol.jpg\" alt=\"Luis Espa\u00f1ol, Esporles. Mallorca.\" class=\"wp-image-35271\" srcset=\"https:\/\/www.masmallorca.es\/wp-content\/uploads\/2012\/04\/predio-son-quint-Luis-Espanyol.jpg 940w, https:\/\/www.masmallorca.es\/wp-content\/uploads\/2012\/04\/predio-son-quint-Luis-Espanyol-300x200.jpg 300w, https:\/\/www.masmallorca.es\/wp-content\/uploads\/2012\/04\/predio-son-quint-Luis-Espanyol-768x513.jpg 768w\" sizes=\"(max-width: 940px) 100vw, 940px\" \/><figcaption class=\"wp-element-caption\">Luis Espa\u00f1ol, Esporles. Mallorca.<\/figcaption><\/figure>\n\n\n\n<p>&nbsp;<\/p>\n","protected":false},"excerpt":{"rendered":"<p>L&#8217;oli d&#8217;oliva verge extra amb denominaci\u00f3 d&#8217;origen Predio Son Quint \u00e9s un producte exclusiu i amb personalitat pr\u00f2pia. S&#8217;elabora des de 1998 a la finca Son Quint (Esporles), on una plantaci\u00f3 de dos mil oliveres s&#8217;est\u00e9n sobre una superf\u00edcie total de cultiu de 5,6 hect\u00e0rees, al mig del privilegiat paisatge de la vall de la [&hellip;]<\/p>\n","protected":false},"author":1,"featured_media":35261,"comment_status":"closed","ping_status":"closed","sticky":false,"template":"","format":"standard","meta":{"_et_pb_use_builder":"","_et_pb_old_content":"","_et_gb_content_width":"","footnotes":""},"categories":[24],"tags":[],"class_list":["post-9946","post","type-post","status-publish","format-standard","has-post-thumbnail","hentry","category-productes-tipics","et-has-post-format-content","et_post_format-et-post-format-standard"],"yoast_head":"<!-- This site is optimized with the Yoast SEO plugin v27.4 - https:\/\/yoast.com\/product\/yoast-seo-wordpress\/ -->\n<title>Oli Predio Son Quint, l&#039;or l\u00edquid de la Serra de Tramuntana | +Mallorca: la revista de Mallorca<\/title>\n<meta name=\"description\" content=\"L&#039;oli d&#039;oliva verge extra amb denominaci\u00f3 d&#039;origen Predio Son Quint \u00e9s un producte exclusiu i amb personalitat. Esporles, Serra de Tramuntana\" \/>\n<meta name=\"robots\" content=\"index, follow, max-snippet:-1, max-image-preview:large, max-video-preview:-1\" \/>\n<link rel=\"canonical\" href=\"https:\/\/www.masmallorca.es\/ca\/productes-tipics\/oli-predio-son-quint-lor-liquid-de-la-serra-de-tramuntana.html\" \/>\n<meta property=\"og:locale\" content=\"ca_ES\" \/>\n<meta property=\"og:type\" content=\"article\" \/>\n<meta property=\"og:title\" content=\"Oli Predio Son Quint, l&#039;or l\u00edquid de la Serra de Tramuntana | +Mallorca: la revista de Mallorca\" \/>\n<meta property=\"og:description\" content=\"L&#039;oli d&#039;oliva verge extra amb denominaci\u00f3 d&#039;origen Predio Son Quint \u00e9s un producte exclusiu i amb personalitat. Esporles, Serra de Tramuntana\" \/>\n<meta property=\"og:url\" content=\"https:\/\/www.masmallorca.es\/ca\/productes-tipics\/oli-predio-son-quint-lor-liquid-de-la-serra-de-tramuntana.html\" \/>\n<meta property=\"og:site_name\" content=\"+Mallorca: la revista de Mallorca\" \/>\n<meta property=\"article:publisher\" content=\"https:\/\/www.facebook.com\/mallorcamagazine\/\" \/>\n<meta property=\"article:published_time\" content=\"2012-04-30T07:46:02+00:00\" \/>\n<meta property=\"article:modified_time\" content=\"2025-12-09T17:28:50+00:00\" \/>\n<meta property=\"og:image\" content=\"https:\/\/www.masmallorca.es\/wp-content\/uploads\/2025\/12\/predio-son-quint-portada.jpg\" \/>\n\t<meta property=\"og:image:width\" content=\"800\" \/>\n\t<meta property=\"og:image:height\" content=\"940\" \/>\n\t<meta property=\"og:image:type\" content=\"image\/jpeg\" \/>\n<meta name=\"author\" content=\"masmallorca\" \/>\n<meta name=\"twitter:card\" content=\"summary_large_image\" \/>\n<meta name=\"twitter:creator\" content=\"@masmallorca\" \/>\n<meta name=\"twitter:site\" content=\"@masmallorca\" \/>\n<meta name=\"twitter:label1\" content=\"Written by\" \/>\n\t<meta name=\"twitter:data1\" content=\"masmallorca\" \/>\n\t<meta name=\"twitter:label2\" content=\"Est. reading time\" \/>\n\t<meta name=\"twitter:data2\" content=\"4 minutes\" \/>\n<script type=\"application\/ld+json\" class=\"yoast-schema-graph\">{\"@context\":\"https:\\\/\\\/schema.org\",\"@graph\":[{\"@type\":\"Article\",\"@id\":\"https:\\\/\\\/www.masmallorca.es\\\/ca\\\/productes-tipics\\\/oli-predio-son-quint-lor-liquid-de-la-serra-de-tramuntana.html#article\",\"isPartOf\":{\"@id\":\"https:\\\/\\\/www.masmallorca.es\\\/ca\\\/productes-tipics\\\/oli-predio-son-quint-lor-liquid-de-la-serra-de-tramuntana.html\"},\"author\":{\"name\":\"masmallorca\",\"@id\":\"https:\\\/\\\/www.masmallorca.es\\\/ca#\\\/schema\\\/person\\\/554c84e7dfd9917fdba2cace51081633\"},\"headline\":\"Oli Predio Son Quint, l&#8217;or l\u00edquid de la Serra de Tramuntana\",\"datePublished\":\"2012-04-30T07:46:02+00:00\",\"dateModified\":\"2025-12-09T17:28:50+00:00\",\"mainEntityOfPage\":{\"@id\":\"https:\\\/\\\/www.masmallorca.es\\\/ca\\\/productes-tipics\\\/oli-predio-son-quint-lor-liquid-de-la-serra-de-tramuntana.html\"},\"wordCount\":595,\"publisher\":{\"@id\":\"https:\\\/\\\/www.masmallorca.es\\\/ca#organization\"},\"image\":{\"@id\":\"https:\\\/\\\/www.masmallorca.es\\\/ca\\\/productes-tipics\\\/oli-predio-son-quint-lor-liquid-de-la-serra-de-tramuntana.html#primaryimage\"},\"thumbnailUrl\":\"https:\\\/\\\/www.masmallorca.es\\\/wp-content\\\/uploads\\\/2025\\\/12\\\/predio-son-quint-portada.jpg\",\"articleSection\":[\"Productes T\u00edpics\"],\"inLanguage\":\"ca-ES\"},{\"@type\":\"WebPage\",\"@id\":\"https:\\\/\\\/www.masmallorca.es\\\/ca\\\/productes-tipics\\\/oli-predio-son-quint-lor-liquid-de-la-serra-de-tramuntana.html\",\"url\":\"https:\\\/\\\/www.masmallorca.es\\\/ca\\\/productes-tipics\\\/oli-predio-son-quint-lor-liquid-de-la-serra-de-tramuntana.html\",\"name\":\"Oli Predio Son Quint, l'or l\u00edquid de la Serra de Tramuntana | +Mallorca: la revista de Mallorca\",\"isPartOf\":{\"@id\":\"https:\\\/\\\/www.masmallorca.es\\\/ca#website\"},\"primaryImageOfPage\":{\"@id\":\"https:\\\/\\\/www.masmallorca.es\\\/ca\\\/productes-tipics\\\/oli-predio-son-quint-lor-liquid-de-la-serra-de-tramuntana.html#primaryimage\"},\"image\":{\"@id\":\"https:\\\/\\\/www.masmallorca.es\\\/ca\\\/productes-tipics\\\/oli-predio-son-quint-lor-liquid-de-la-serra-de-tramuntana.html#primaryimage\"},\"thumbnailUrl\":\"https:\\\/\\\/www.masmallorca.es\\\/wp-content\\\/uploads\\\/2025\\\/12\\\/predio-son-quint-portada.jpg\",\"datePublished\":\"2012-04-30T07:46:02+00:00\",\"dateModified\":\"2025-12-09T17:28:50+00:00\",\"description\":\"L'oli d'oliva verge extra amb denominaci\u00f3 d'origen Predio Son Quint \u00e9s un producte exclusiu i amb personalitat. Esporles, Serra de Tramuntana\",\"breadcrumb\":{\"@id\":\"https:\\\/\\\/www.masmallorca.es\\\/ca\\\/productes-tipics\\\/oli-predio-son-quint-lor-liquid-de-la-serra-de-tramuntana.html#breadcrumb\"},\"inLanguage\":\"ca-ES\",\"potentialAction\":[{\"@type\":\"ReadAction\",\"target\":[\"https:\\\/\\\/www.masmallorca.es\\\/ca\\\/productes-tipics\\\/oli-predio-son-quint-lor-liquid-de-la-serra-de-tramuntana.html\"]}]},{\"@type\":\"ImageObject\",\"inLanguage\":\"ca-ES\",\"@id\":\"https:\\\/\\\/www.masmallorca.es\\\/ca\\\/productes-tipics\\\/oli-predio-son-quint-lor-liquid-de-la-serra-de-tramuntana.html#primaryimage\",\"url\":\"https:\\\/\\\/www.masmallorca.es\\\/wp-content\\\/uploads\\\/2025\\\/12\\\/predio-son-quint-portada.jpg\",\"contentUrl\":\"https:\\\/\\\/www.masmallorca.es\\\/wp-content\\\/uploads\\\/2025\\\/12\\\/predio-son-quint-portada.jpg\",\"width\":800,\"height\":940,\"caption\":\"Predio Son Quint. Aceite de Oliva Virgen Extra de Mallorca.\"},{\"@type\":\"BreadcrumbList\",\"@id\":\"https:\\\/\\\/www.masmallorca.es\\\/ca\\\/productes-tipics\\\/oli-predio-son-quint-lor-liquid-de-la-serra-de-tramuntana.html#breadcrumb\",\"itemListElement\":[{\"@type\":\"ListItem\",\"position\":1,\"name\":\"Portada\",\"item\":\"https:\\\/\\\/www.masmallorca.es\\\/ca\"},{\"@type\":\"ListItem\",\"position\":2,\"name\":\"Productes T\u00edpics\",\"item\":\"https:\\\/\\\/www.masmallorca.es\\\/ca\\\/productes-tipics\"},{\"@type\":\"ListItem\",\"position\":3,\"name\":\"Oli Predio Son Quint, l&#8217;or l\u00edquid de la Serra de Tramuntana\"}]},{\"@type\":\"WebSite\",\"@id\":\"https:\\\/\\\/www.masmallorca.es\\\/ca#website\",\"url\":\"https:\\\/\\\/www.masmallorca.es\\\/ca\",\"name\":\"+Mallorca: la revista de Mallorca\",\"description\":\"Molt m\u00e9s que sol i platja..\",\"publisher\":{\"@id\":\"https:\\\/\\\/www.masmallorca.es\\\/ca#organization\"},\"alternateName\":\"+Mallorca\",\"potentialAction\":[{\"@type\":\"SearchAction\",\"target\":{\"@type\":\"EntryPoint\",\"urlTemplate\":\"https:\\\/\\\/www.masmallorca.es\\\/ca?s={search_term_string}\"},\"query-input\":{\"@type\":\"PropertyValueSpecification\",\"valueRequired\":true,\"valueName\":\"search_term_string\"}}],\"inLanguage\":\"ca-ES\"},{\"@type\":\"Organization\",\"@id\":\"https:\\\/\\\/www.masmallorca.es\\\/ca#organization\",\"name\":\"Revista +Mallorca\",\"alternateName\":\"M\u00e1s Mallorca\",\"url\":\"https:\\\/\\\/www.masmallorca.es\\\/ca\",\"logo\":{\"@type\":\"ImageObject\",\"inLanguage\":\"ca-ES\",\"@id\":\"https:\\\/\\\/www.masmallorca.es\\\/ca#\\\/schema\\\/logo\\\/image\\\/\",\"url\":\"https:\\\/\\\/www.masmallorca.es\\\/wp-content\\\/uploads\\\/2021\\\/04\\\/logomallorca-1.png\",\"contentUrl\":\"https:\\\/\\\/www.masmallorca.es\\\/wp-content\\\/uploads\\\/2021\\\/04\\\/logomallorca-1.png\",\"width\":326,\"height\":84,\"caption\":\"Revista +Mallorca\"},\"image\":{\"@id\":\"https:\\\/\\\/www.masmallorca.es\\\/ca#\\\/schema\\\/logo\\\/image\\\/\"},\"sameAs\":[\"https:\\\/\\\/www.facebook.com\\\/mallorcamagazine\\\/\",\"https:\\\/\\\/x.com\\\/masmallorca\"]},{\"@type\":\"Person\",\"@id\":\"https:\\\/\\\/www.masmallorca.es\\\/ca#\\\/schema\\\/person\\\/554c84e7dfd9917fdba2cace51081633\",\"name\":\"masmallorca\"}]}<\/script>\n<!-- \/ Yoast SEO plugin. -->","yoast_head_json":{"title":"Oli Predio Son Quint, l'or l\u00edquid de la Serra de Tramuntana | +Mallorca: la revista de Mallorca","description":"L'oli d'oliva verge extra amb denominaci\u00f3 d'origen Predio Son Quint \u00e9s un producte exclusiu i amb personalitat. Esporles, Serra de Tramuntana","robots":{"index":"index","follow":"follow","max-snippet":"max-snippet:-1","max-image-preview":"max-image-preview:large","max-video-preview":"max-video-preview:-1"},"canonical":"https:\/\/www.masmallorca.es\/ca\/productes-tipics\/oli-predio-son-quint-lor-liquid-de-la-serra-de-tramuntana.html","og_locale":"ca_ES","og_type":"article","og_title":"Oli Predio Son Quint, l'or l\u00edquid de la Serra de Tramuntana | +Mallorca: la revista de Mallorca","og_description":"L'oli d'oliva verge extra amb denominaci\u00f3 d'origen Predio Son Quint \u00e9s un producte exclusiu i amb personalitat. Esporles, Serra de Tramuntana","og_url":"https:\/\/www.masmallorca.es\/ca\/productes-tipics\/oli-predio-son-quint-lor-liquid-de-la-serra-de-tramuntana.html","og_site_name":"+Mallorca: la revista de Mallorca","article_publisher":"https:\/\/www.facebook.com\/mallorcamagazine\/","article_published_time":"2012-04-30T07:46:02+00:00","article_modified_time":"2025-12-09T17:28:50+00:00","og_image":[{"width":800,"height":940,"url":"https:\/\/www.masmallorca.es\/wp-content\/uploads\/2025\/12\/predio-son-quint-portada.jpg","type":"image\/jpeg"}],"author":"masmallorca","twitter_card":"summary_large_image","twitter_creator":"@masmallorca","twitter_site":"@masmallorca","twitter_misc":{"Written by":"masmallorca","Est. reading time":"4 minutes"},"schema":{"@context":"https:\/\/schema.org","@graph":[{"@type":"Article","@id":"https:\/\/www.masmallorca.es\/ca\/productes-tipics\/oli-predio-son-quint-lor-liquid-de-la-serra-de-tramuntana.html#article","isPartOf":{"@id":"https:\/\/www.masmallorca.es\/ca\/productes-tipics\/oli-predio-son-quint-lor-liquid-de-la-serra-de-tramuntana.html"},"author":{"name":"masmallorca","@id":"https:\/\/www.masmallorca.es\/ca#\/schema\/person\/554c84e7dfd9917fdba2cace51081633"},"headline":"Oli Predio Son Quint, l&#8217;or l\u00edquid de la Serra de Tramuntana","datePublished":"2012-04-30T07:46:02+00:00","dateModified":"2025-12-09T17:28:50+00:00","mainEntityOfPage":{"@id":"https:\/\/www.masmallorca.es\/ca\/productes-tipics\/oli-predio-son-quint-lor-liquid-de-la-serra-de-tramuntana.html"},"wordCount":595,"publisher":{"@id":"https:\/\/www.masmallorca.es\/ca#organization"},"image":{"@id":"https:\/\/www.masmallorca.es\/ca\/productes-tipics\/oli-predio-son-quint-lor-liquid-de-la-serra-de-tramuntana.html#primaryimage"},"thumbnailUrl":"https:\/\/www.masmallorca.es\/wp-content\/uploads\/2025\/12\/predio-son-quint-portada.jpg","articleSection":["Productes T\u00edpics"],"inLanguage":"ca-ES"},{"@type":"WebPage","@id":"https:\/\/www.masmallorca.es\/ca\/productes-tipics\/oli-predio-son-quint-lor-liquid-de-la-serra-de-tramuntana.html","url":"https:\/\/www.masmallorca.es\/ca\/productes-tipics\/oli-predio-son-quint-lor-liquid-de-la-serra-de-tramuntana.html","name":"Oli Predio Son Quint, l'or l\u00edquid de la Serra de Tramuntana | +Mallorca: la revista de Mallorca","isPartOf":{"@id":"https:\/\/www.masmallorca.es\/ca#website"},"primaryImageOfPage":{"@id":"https:\/\/www.masmallorca.es\/ca\/productes-tipics\/oli-predio-son-quint-lor-liquid-de-la-serra-de-tramuntana.html#primaryimage"},"image":{"@id":"https:\/\/www.masmallorca.es\/ca\/productes-tipics\/oli-predio-son-quint-lor-liquid-de-la-serra-de-tramuntana.html#primaryimage"},"thumbnailUrl":"https:\/\/www.masmallorca.es\/wp-content\/uploads\/2025\/12\/predio-son-quint-portada.jpg","datePublished":"2012-04-30T07:46:02+00:00","dateModified":"2025-12-09T17:28:50+00:00","description":"L'oli d'oliva verge extra amb denominaci\u00f3 d'origen Predio Son Quint \u00e9s un producte exclusiu i amb personalitat. Esporles, Serra de Tramuntana","breadcrumb":{"@id":"https:\/\/www.masmallorca.es\/ca\/productes-tipics\/oli-predio-son-quint-lor-liquid-de-la-serra-de-tramuntana.html#breadcrumb"},"inLanguage":"ca-ES","potentialAction":[{"@type":"ReadAction","target":["https:\/\/www.masmallorca.es\/ca\/productes-tipics\/oli-predio-son-quint-lor-liquid-de-la-serra-de-tramuntana.html"]}]},{"@type":"ImageObject","inLanguage":"ca-ES","@id":"https:\/\/www.masmallorca.es\/ca\/productes-tipics\/oli-predio-son-quint-lor-liquid-de-la-serra-de-tramuntana.html#primaryimage","url":"https:\/\/www.masmallorca.es\/wp-content\/uploads\/2025\/12\/predio-son-quint-portada.jpg","contentUrl":"https:\/\/www.masmallorca.es\/wp-content\/uploads\/2025\/12\/predio-son-quint-portada.jpg","width":800,"height":940,"caption":"Predio Son Quint. Aceite de Oliva Virgen Extra de Mallorca."},{"@type":"BreadcrumbList","@id":"https:\/\/www.masmallorca.es\/ca\/productes-tipics\/oli-predio-son-quint-lor-liquid-de-la-serra-de-tramuntana.html#breadcrumb","itemListElement":[{"@type":"ListItem","position":1,"name":"Portada","item":"https:\/\/www.masmallorca.es\/ca"},{"@type":"ListItem","position":2,"name":"Productes T\u00edpics","item":"https:\/\/www.masmallorca.es\/ca\/productes-tipics"},{"@type":"ListItem","position":3,"name":"Oli Predio Son Quint, l&#8217;or l\u00edquid de la Serra de Tramuntana"}]},{"@type":"WebSite","@id":"https:\/\/www.masmallorca.es\/ca#website","url":"https:\/\/www.masmallorca.es\/ca","name":"+Mallorca: la revista de Mallorca","description":"Molt m\u00e9s que sol i platja..","publisher":{"@id":"https:\/\/www.masmallorca.es\/ca#organization"},"alternateName":"+Mallorca","potentialAction":[{"@type":"SearchAction","target":{"@type":"EntryPoint","urlTemplate":"https:\/\/www.masmallorca.es\/ca?s={search_term_string}"},"query-input":{"@type":"PropertyValueSpecification","valueRequired":true,"valueName":"search_term_string"}}],"inLanguage":"ca-ES"},{"@type":"Organization","@id":"https:\/\/www.masmallorca.es\/ca#organization","name":"Revista +Mallorca","alternateName":"M\u00e1s Mallorca","url":"https:\/\/www.masmallorca.es\/ca","logo":{"@type":"ImageObject","inLanguage":"ca-ES","@id":"https:\/\/www.masmallorca.es\/ca#\/schema\/logo\/image\/","url":"https:\/\/www.masmallorca.es\/wp-content\/uploads\/2021\/04\/logomallorca-1.png","contentUrl":"https:\/\/www.masmallorca.es\/wp-content\/uploads\/2021\/04\/logomallorca-1.png","width":326,"height":84,"caption":"Revista +Mallorca"},"image":{"@id":"https:\/\/www.masmallorca.es\/ca#\/schema\/logo\/image\/"},"sameAs":["https:\/\/www.facebook.com\/mallorcamagazine\/","https:\/\/x.com\/masmallorca"]},{"@type":"Person","@id":"https:\/\/www.masmallorca.es\/ca#\/schema\/person\/554c84e7dfd9917fdba2cace51081633","name":"masmallorca"}]}},"_links":{"self":[{"href":"https:\/\/www.masmallorca.es\/ca\/wp-json\/wp\/v2\/posts\/9946","targetHints":{"allow":["GET"]}}],"collection":[{"href":"https:\/\/www.masmallorca.es\/ca\/wp-json\/wp\/v2\/posts"}],"about":[{"href":"https:\/\/www.masmallorca.es\/ca\/wp-json\/wp\/v2\/types\/post"}],"author":[{"embeddable":true,"href":"https:\/\/www.masmallorca.es\/ca\/wp-json\/wp\/v2\/users\/1"}],"replies":[{"embeddable":true,"href":"https:\/\/www.masmallorca.es\/ca\/wp-json\/wp\/v2\/comments?post=9946"}],"version-history":[{"count":1,"href":"https:\/\/www.masmallorca.es\/ca\/wp-json\/wp\/v2\/posts\/9946\/revisions"}],"predecessor-version":[{"id":35285,"href":"https:\/\/www.masmallorca.es\/ca\/wp-json\/wp\/v2\/posts\/9946\/revisions\/35285"}],"wp:featuredmedia":[{"embeddable":true,"href":"https:\/\/www.masmallorca.es\/ca\/wp-json\/wp\/v2\/media\/35261"}],"wp:attachment":[{"href":"https:\/\/www.masmallorca.es\/ca\/wp-json\/wp\/v2\/media?parent=9946"}],"wp:term":[{"taxonomy":"category","embeddable":true,"href":"https:\/\/www.masmallorca.es\/ca\/wp-json\/wp\/v2\/categories?post=9946"},{"taxonomy":"post_tag","embeddable":true,"href":"https:\/\/www.masmallorca.es\/ca\/wp-json\/wp\/v2\/tags?post=9946"}],"curies":[{"name":"wp","href":"https:\/\/api.w.org\/{rel}","templated":true}]}}