{"id":79,"date":"2009-03-25T15:37:15","date_gmt":"2009-03-25T14:37:15","guid":{"rendered":""},"modified":"2021-03-18T13:21:12","modified_gmt":"2021-03-18T12:21:12","slug":"mallorca-medieval-2","status":"publish","type":"post","link":"https:\/\/www.masmallorca.es\/ca\/cultura\/mallorca-medieval-2.html","title":{"rendered":"Mallorca medieval II &#8211; Esgl\u00e8sies de repoblament"},"content":{"rendered":"<p align=\"justify\"><img loading=\"lazy\" decoding=\"async\" class=\" alignright size-full wp-image-62\" src=\"https:\/\/www.masmallorca.es\/wp-content\/uploads\/2009\/03\/santa-ana_mallorca_medieval.jpg\" width=\"150\" height=\"83\" align=\"right\" border=\"0\" hspace=\"20\" \/>Castellitx, Santa Ll\u00facia, Sant Pere d\u00b4Escorca, Sant Miquel de Campanet, La Sang de Muro, Santa Fe de Palma. La immensa major part de les esgl\u00e8sies de Mallorca citades al segle XIII s\u00f3n avui dia edificis posteriors (g\u00f2tics del segle XIV o completament reedificats durant les cent\u00faries seg\u00fcents).<\/p>\n<p><!--more--><\/p>\n<p align=\"justify\">La immensa major part de les esgl\u00e9sies de Mallorca citades al segle XIII s\u00f3n avui dia edificis posteriors (g\u00f2tics del segle XIV o completament reedificats durant les cent\u00faries seg\u00fcents). Per aix\u00f2, una ruta interessant \u00e9s la que fa refer\u00e8ncia als edificis religiosos que segueixen un model que es remunta als primers temps de la conquesta catalana.<\/p>\n<p align=\"justify\">Es tracta d\u00b4esglesioles caracteritzades per les redu\u00efdes dimensions i la simplicitat constructiva. I sempre es repeteix un mateix esquema constructiu: nau \u00fanica de planta rectangular, presbiteri pla i coberta constitu\u00efda per un embigat de fusta de doble vessant, sostingut per una s\u00e8rie d\u00b4arcs diafragma apuntats, obertures escasses i gran sobrietat.<\/p>\n<p align=\"justify\">Es tractava d\u00b4una tipologia constructiva senzilla, econ\u00f2mica i pr\u00e0ctica, que t\u00e9 la seva arrel en els esquemes constructius de l\u00b4orde del Cister catal\u00e0, que l\u00b4havia utilitzat en els seus monestirs per a depend\u00e8ncies dom\u00e8stiques, sobretot els dormitoris i refectoris, i que m\u00e9s tard tamb\u00e9 fou adoptada pels ordes mendicants.<\/p>\n<p align=\"justify\">Aquestes esgl\u00e9sies les hem descrit al poble corresponent, excepte la de Sant Miquel de Campanet, <img loading=\"lazy\" decoding=\"async\" class=\" alignleft size-full wp-image-67\" style=\"margin: 15px 20px 15px 0px; float: left;\" src=\"https:\/\/www.masmallorca.es\/wp-content\/uploads\/2009\/03\/mallorca_medieval_sant_miquel_campanet.jpg\" width=\"350\" height=\"175\" srcset=\"https:\/\/www.masmallorca.es\/wp-content\/uploads\/2009\/03\/mallorca_medieval_sant_miquel_campanet.jpg 350w, https:\/\/www.masmallorca.es\/wp-content\/uploads\/2009\/03\/mallorca_medieval_sant_miquel_campanet-300x150.jpg 300w\" sizes=\"(max-width: 350px) 100vw, 350px\" \/>a la qual es pot accedir des del mateix poble o a trav\u00e9s de la desviaci\u00f3 a les coves de Campanet. El primitiu edifici fou bastit al segle XIII, per\u00f2 entre 1480 i 1482 fou objecte d\u00b4una profunda reforma i ampliat. Les dates apareixen escrites en els arcs de l\u00b4interior, el segon amb la signatura de Melcion Comes. T\u00e9 coberta exterior de dos aiguavessos, rematada per una espadanya del segle XV, que presenta un arquet ogival. El portal del recinte \u00e9s d\u00b4arc rebaixat, mentre que el portal major \u00e9s d\u00b4arc rod\u00f3 adovellat, protegit per una porxadeta amb bigues de fusta i teules. La coberta interior \u00e9s de fusta, amb dos arcs diafragmes apuntats. La cap\u00e7alera, al parament de llevant, mostra les restes d\u00b4un gran arc diafragma, possiblement una antiga entrada; el parament \u00e9s coronat per una espadanya rematada per una creu, situada en l\u00b4angle dels dos aiguavessos de la coberta, que possiblement \u00e9s l\u00b4espadanya primitiva del segle XIII. La sagristia data de 1408. El retaule major \u00e9s presidit per una taula g\u00f2tica que representa l\u00b4arc\u00e0ngel Sant Miquel. A la part baixa, emmarcat dins un n\u00ednxol, hi ha la imatge g\u00f2tica del Sant Crist, que gaudeix de molta devoci\u00f3 a la vila. Segons la llegenda els habitants del poble ve\u00ed de Sa Pobla, intentaren robar-la per\u00f2 aquesta no pogu\u00e9 esser treta del terme municipal.<\/p>\n<p align=\"justify\">A aquesta llista encara hi podem afegir altres edificacions semblants, citades o b\u00e9 possibles, com l\u00b4esglesieta de Santa Maria de Bellver, identificada amb la capella de la possessi\u00f3 de Son Vives de Sant Lloren\u00e7 des Cardessar.<\/p>\n<p align=\"justify\">\n<p style=\"text-align: center;\"><img loading=\"lazy\" decoding=\"async\" class=\" size-full wp-image-72\" src=\"https:\/\/www.masmallorca.es\/wp-content\/uploads\/2009\/03\/mallorca_medieval_catellitx.jpg\" width=\"540\" height=\"106\" border=\"0\" srcset=\"https:\/\/www.masmallorca.es\/wp-content\/uploads\/2009\/03\/mallorca_medieval_catellitx.jpg 540w, https:\/\/www.masmallorca.es\/wp-content\/uploads\/2009\/03\/mallorca_medieval_catellitx-300x59.jpg 300w\" sizes=\"(max-width: 540px) 100vw, 540px\" \/><\/p>\n","protected":false},"excerpt":{"rendered":"<p>Castellitx, Santa Ll\u00facia, Sant Pere d\u00b4Escorca, Sant Miquel de Campanet, La Sang de Muro, Santa Fe de Palma. La immensa major part de les esgl\u00e8sies de Mallorca citades al segle XIII s\u00f3n avui dia edificis posteriors (g\u00f2tics del segle XIV o completament reedificats durant les cent\u00faries seg\u00fcents).<\/p>\n","protected":false},"author":1,"featured_media":73,"comment_status":"closed","ping_status":"closed","sticky":false,"template":"","format":"standard","meta":{"_et_pb_use_builder":"","_et_pb_old_content":"","_et_gb_content_width":"","footnotes":""},"categories":[19],"tags":[],"class_list":["post-79","post","type-post","status-publish","format-standard","has-post-thumbnail","hentry","category-cultura","et-has-post-format-content","et_post_format-et-post-format-standard"],"yoast_head":"<!-- This site is optimized with the Yoast SEO plugin v27.4 - https:\/\/yoast.com\/product\/yoast-seo-wordpress\/ -->\n<title>Mallorca medieval II - Esgl\u00e8sies de repoblament | +Mallorca<\/title>\n<meta name=\"description\" content=\"Mallorca medieval II, Esgl\u00e8sies de repoblament. Castellitx, Santa Ll\u00facia, Sant Pere d\u00b4Escorca, Sant Miquel de Campanet, La Sang de Muro, Santa Fe de Palma\" \/>\n<meta name=\"robots\" content=\"index, follow, max-snippet:-1, max-image-preview:large, max-video-preview:-1\" \/>\n<link rel=\"canonical\" href=\"https:\/\/www.masmallorca.es\/ca\/cultura\/mallorca-medieval-2.html\" \/>\n<meta property=\"og:locale\" content=\"ca_ES\" \/>\n<meta property=\"og:type\" content=\"article\" \/>\n<meta property=\"og:title\" content=\"Mallorca medieval II - Esgl\u00e8sies de repoblament | +Mallorca\" \/>\n<meta property=\"og:description\" content=\"Mallorca medieval II, Esgl\u00e8sies de repoblament. Castellitx, Santa Ll\u00facia, Sant Pere d\u00b4Escorca, Sant Miquel de Campanet, La Sang de Muro, Santa Fe de Palma\" \/>\n<meta property=\"og:url\" content=\"https:\/\/www.masmallorca.es\/ca\/cultura\/mallorca-medieval-2.html\" \/>\n<meta property=\"og:site_name\" content=\"+Mallorca: la revista de Mallorca\" \/>\n<meta property=\"article:publisher\" content=\"https:\/\/www.facebook.com\/mallorcamagazine\/\" \/>\n<meta property=\"article:published_time\" content=\"2009-03-25T14:37:15+00:00\" \/>\n<meta property=\"article:modified_time\" content=\"2021-03-18T12:21:12+00:00\" \/>\n<meta property=\"og:image\" content=\"https:\/\/www.masmallorca.es\/wp-content\/uploads\/2009\/03\/mallorca_medieval_catellitx.jpg\" \/>\n\t<meta property=\"og:image:width\" content=\"540\" \/>\n\t<meta property=\"og:image:height\" content=\"106\" \/>\n\t<meta property=\"og:image:type\" content=\"image\/jpeg\" \/>\n<meta name=\"author\" content=\"masmallorca\" \/>\n<meta name=\"twitter:card\" content=\"summary_large_image\" \/>\n<meta name=\"twitter:creator\" content=\"@masmallorca\" \/>\n<meta name=\"twitter:site\" content=\"@masmallorca\" \/>\n<meta name=\"twitter:label1\" content=\"Written by\" \/>\n\t<meta name=\"twitter:data1\" content=\"masmallorca\" \/>\n\t<meta name=\"twitter:label2\" content=\"Est. reading time\" \/>\n\t<meta name=\"twitter:data2\" content=\"3 minutes\" \/>\n<script type=\"application\/ld+json\" class=\"yoast-schema-graph\">{\"@context\":\"https:\\\/\\\/schema.org\",\"@graph\":[{\"@type\":\"Article\",\"@id\":\"https:\\\/\\\/www.masmallorca.es\\\/ca\\\/cultura\\\/mallorca-medieval-2.html#article\",\"isPartOf\":{\"@id\":\"https:\\\/\\\/www.masmallorca.es\\\/ca\\\/cultura\\\/mallorca-medieval-2.html\"},\"author\":{\"name\":\"masmallorca\",\"@id\":\"https:\\\/\\\/www.masmallorca.es\\\/ca#\\\/schema\\\/person\\\/554c84e7dfd9917fdba2cace51081633\"},\"headline\":\"Mallorca medieval II &#8211; Esgl\u00e8sies de repoblament\",\"datePublished\":\"2009-03-25T14:37:15+00:00\",\"dateModified\":\"2021-03-18T12:21:12+00:00\",\"mainEntityOfPage\":{\"@id\":\"https:\\\/\\\/www.masmallorca.es\\\/ca\\\/cultura\\\/mallorca-medieval-2.html\"},\"wordCount\":523,\"publisher\":{\"@id\":\"https:\\\/\\\/www.masmallorca.es\\\/ca#organization\"},\"image\":{\"@id\":\"https:\\\/\\\/www.masmallorca.es\\\/ca\\\/cultura\\\/mallorca-medieval-2.html#primaryimage\"},\"thumbnailUrl\":\"https:\\\/\\\/www.masmallorca.es\\\/wp-content\\\/uploads\\\/2009\\\/03\\\/mallorca_medieval_catellitx.jpg\",\"articleSection\":[\"Cultura de Mallorca\"],\"inLanguage\":\"ca-ES\"},{\"@type\":\"WebPage\",\"@id\":\"https:\\\/\\\/www.masmallorca.es\\\/ca\\\/cultura\\\/mallorca-medieval-2.html\",\"url\":\"https:\\\/\\\/www.masmallorca.es\\\/ca\\\/cultura\\\/mallorca-medieval-2.html\",\"name\":\"Mallorca medieval II - Esgl\u00e8sies de repoblament | +Mallorca\",\"isPartOf\":{\"@id\":\"https:\\\/\\\/www.masmallorca.es\\\/ca#website\"},\"primaryImageOfPage\":{\"@id\":\"https:\\\/\\\/www.masmallorca.es\\\/ca\\\/cultura\\\/mallorca-medieval-2.html#primaryimage\"},\"image\":{\"@id\":\"https:\\\/\\\/www.masmallorca.es\\\/ca\\\/cultura\\\/mallorca-medieval-2.html#primaryimage\"},\"thumbnailUrl\":\"https:\\\/\\\/www.masmallorca.es\\\/wp-content\\\/uploads\\\/2009\\\/03\\\/mallorca_medieval_catellitx.jpg\",\"datePublished\":\"2009-03-25T14:37:15+00:00\",\"dateModified\":\"2021-03-18T12:21:12+00:00\",\"description\":\"Mallorca medieval II, Esgl\u00e8sies de repoblament. Castellitx, Santa Ll\u00facia, Sant Pere d\u00b4Escorca, Sant Miquel de Campanet, La Sang de Muro, Santa Fe de Palma\",\"breadcrumb\":{\"@id\":\"https:\\\/\\\/www.masmallorca.es\\\/ca\\\/cultura\\\/mallorca-medieval-2.html#breadcrumb\"},\"inLanguage\":\"ca-ES\",\"potentialAction\":[{\"@type\":\"ReadAction\",\"target\":[\"https:\\\/\\\/www.masmallorca.es\\\/ca\\\/cultura\\\/mallorca-medieval-2.html\"]}]},{\"@type\":\"ImageObject\",\"inLanguage\":\"ca-ES\",\"@id\":\"https:\\\/\\\/www.masmallorca.es\\\/ca\\\/cultura\\\/mallorca-medieval-2.html#primaryimage\",\"url\":\"https:\\\/\\\/www.masmallorca.es\\\/wp-content\\\/uploads\\\/2009\\\/03\\\/mallorca_medieval_catellitx.jpg\",\"contentUrl\":\"https:\\\/\\\/www.masmallorca.es\\\/wp-content\\\/uploads\\\/2009\\\/03\\\/mallorca_medieval_catellitx.jpg\",\"width\":540,\"height\":106,\"caption\":\"Mallorca medieval II - Iglesias de repoblaci\u00f3n\"},{\"@type\":\"BreadcrumbList\",\"@id\":\"https:\\\/\\\/www.masmallorca.es\\\/ca\\\/cultura\\\/mallorca-medieval-2.html#breadcrumb\",\"itemListElement\":[{\"@type\":\"ListItem\",\"position\":1,\"name\":\"Portada\",\"item\":\"https:\\\/\\\/www.masmallorca.es\\\/ca\"},{\"@type\":\"ListItem\",\"position\":2,\"name\":\"Cultura de Mallorca\",\"item\":\"https:\\\/\\\/www.masmallorca.es\\\/ca\\\/cultura\"},{\"@type\":\"ListItem\",\"position\":3,\"name\":\"Mallorca medieval II &#8211; Esgl\u00e8sies de repoblament\"}]},{\"@type\":\"WebSite\",\"@id\":\"https:\\\/\\\/www.masmallorca.es\\\/ca#website\",\"url\":\"https:\\\/\\\/www.masmallorca.es\\\/ca\",\"name\":\"+Mallorca: la revista de Mallorca\",\"description\":\"Molt m\u00e9s que sol i platja..\",\"publisher\":{\"@id\":\"https:\\\/\\\/www.masmallorca.es\\\/ca#organization\"},\"alternateName\":\"+Mallorca\",\"potentialAction\":[{\"@type\":\"SearchAction\",\"target\":{\"@type\":\"EntryPoint\",\"urlTemplate\":\"https:\\\/\\\/www.masmallorca.es\\\/ca?s={search_term_string}\"},\"query-input\":{\"@type\":\"PropertyValueSpecification\",\"valueRequired\":true,\"valueName\":\"search_term_string\"}}],\"inLanguage\":\"ca-ES\"},{\"@type\":\"Organization\",\"@id\":\"https:\\\/\\\/www.masmallorca.es\\\/ca#organization\",\"name\":\"Revista +Mallorca\",\"alternateName\":\"M\u00e1s Mallorca\",\"url\":\"https:\\\/\\\/www.masmallorca.es\\\/ca\",\"logo\":{\"@type\":\"ImageObject\",\"inLanguage\":\"ca-ES\",\"@id\":\"https:\\\/\\\/www.masmallorca.es\\\/ca#\\\/schema\\\/logo\\\/image\\\/\",\"url\":\"https:\\\/\\\/www.masmallorca.es\\\/wp-content\\\/uploads\\\/2021\\\/04\\\/logomallorca-1.png\",\"contentUrl\":\"https:\\\/\\\/www.masmallorca.es\\\/wp-content\\\/uploads\\\/2021\\\/04\\\/logomallorca-1.png\",\"width\":326,\"height\":84,\"caption\":\"Revista +Mallorca\"},\"image\":{\"@id\":\"https:\\\/\\\/www.masmallorca.es\\\/ca#\\\/schema\\\/logo\\\/image\\\/\"},\"sameAs\":[\"https:\\\/\\\/www.facebook.com\\\/mallorcamagazine\\\/\",\"https:\\\/\\\/x.com\\\/masmallorca\"]},{\"@type\":\"Person\",\"@id\":\"https:\\\/\\\/www.masmallorca.es\\\/ca#\\\/schema\\\/person\\\/554c84e7dfd9917fdba2cace51081633\",\"name\":\"masmallorca\"}]}<\/script>\n<!-- \/ Yoast SEO plugin. -->","yoast_head_json":{"title":"Mallorca medieval II - Esgl\u00e8sies de repoblament | +Mallorca","description":"Mallorca medieval II, Esgl\u00e8sies de repoblament. Castellitx, Santa Ll\u00facia, Sant Pere d\u00b4Escorca, Sant Miquel de Campanet, La Sang de Muro, Santa Fe de Palma","robots":{"index":"index","follow":"follow","max-snippet":"max-snippet:-1","max-image-preview":"max-image-preview:large","max-video-preview":"max-video-preview:-1"},"canonical":"https:\/\/www.masmallorca.es\/ca\/cultura\/mallorca-medieval-2.html","og_locale":"ca_ES","og_type":"article","og_title":"Mallorca medieval II - Esgl\u00e8sies de repoblament | +Mallorca","og_description":"Mallorca medieval II, Esgl\u00e8sies de repoblament. Castellitx, Santa Ll\u00facia, Sant Pere d\u00b4Escorca, Sant Miquel de Campanet, La Sang de Muro, Santa Fe de Palma","og_url":"https:\/\/www.masmallorca.es\/ca\/cultura\/mallorca-medieval-2.html","og_site_name":"+Mallorca: la revista de Mallorca","article_publisher":"https:\/\/www.facebook.com\/mallorcamagazine\/","article_published_time":"2009-03-25T14:37:15+00:00","article_modified_time":"2021-03-18T12:21:12+00:00","og_image":[{"width":540,"height":106,"url":"https:\/\/www.masmallorca.es\/wp-content\/uploads\/2009\/03\/mallorca_medieval_catellitx.jpg","type":"image\/jpeg"}],"author":"masmallorca","twitter_card":"summary_large_image","twitter_creator":"@masmallorca","twitter_site":"@masmallorca","twitter_misc":{"Written by":"masmallorca","Est. reading time":"3 minutes"},"schema":{"@context":"https:\/\/schema.org","@graph":[{"@type":"Article","@id":"https:\/\/www.masmallorca.es\/ca\/cultura\/mallorca-medieval-2.html#article","isPartOf":{"@id":"https:\/\/www.masmallorca.es\/ca\/cultura\/mallorca-medieval-2.html"},"author":{"name":"masmallorca","@id":"https:\/\/www.masmallorca.es\/ca#\/schema\/person\/554c84e7dfd9917fdba2cace51081633"},"headline":"Mallorca medieval II &#8211; Esgl\u00e8sies de repoblament","datePublished":"2009-03-25T14:37:15+00:00","dateModified":"2021-03-18T12:21:12+00:00","mainEntityOfPage":{"@id":"https:\/\/www.masmallorca.es\/ca\/cultura\/mallorca-medieval-2.html"},"wordCount":523,"publisher":{"@id":"https:\/\/www.masmallorca.es\/ca#organization"},"image":{"@id":"https:\/\/www.masmallorca.es\/ca\/cultura\/mallorca-medieval-2.html#primaryimage"},"thumbnailUrl":"https:\/\/www.masmallorca.es\/wp-content\/uploads\/2009\/03\/mallorca_medieval_catellitx.jpg","articleSection":["Cultura de Mallorca"],"inLanguage":"ca-ES"},{"@type":"WebPage","@id":"https:\/\/www.masmallorca.es\/ca\/cultura\/mallorca-medieval-2.html","url":"https:\/\/www.masmallorca.es\/ca\/cultura\/mallorca-medieval-2.html","name":"Mallorca medieval II - Esgl\u00e8sies de repoblament | +Mallorca","isPartOf":{"@id":"https:\/\/www.masmallorca.es\/ca#website"},"primaryImageOfPage":{"@id":"https:\/\/www.masmallorca.es\/ca\/cultura\/mallorca-medieval-2.html#primaryimage"},"image":{"@id":"https:\/\/www.masmallorca.es\/ca\/cultura\/mallorca-medieval-2.html#primaryimage"},"thumbnailUrl":"https:\/\/www.masmallorca.es\/wp-content\/uploads\/2009\/03\/mallorca_medieval_catellitx.jpg","datePublished":"2009-03-25T14:37:15+00:00","dateModified":"2021-03-18T12:21:12+00:00","description":"Mallorca medieval II, Esgl\u00e8sies de repoblament. Castellitx, Santa Ll\u00facia, Sant Pere d\u00b4Escorca, Sant Miquel de Campanet, La Sang de Muro, Santa Fe de Palma","breadcrumb":{"@id":"https:\/\/www.masmallorca.es\/ca\/cultura\/mallorca-medieval-2.html#breadcrumb"},"inLanguage":"ca-ES","potentialAction":[{"@type":"ReadAction","target":["https:\/\/www.masmallorca.es\/ca\/cultura\/mallorca-medieval-2.html"]}]},{"@type":"ImageObject","inLanguage":"ca-ES","@id":"https:\/\/www.masmallorca.es\/ca\/cultura\/mallorca-medieval-2.html#primaryimage","url":"https:\/\/www.masmallorca.es\/wp-content\/uploads\/2009\/03\/mallorca_medieval_catellitx.jpg","contentUrl":"https:\/\/www.masmallorca.es\/wp-content\/uploads\/2009\/03\/mallorca_medieval_catellitx.jpg","width":540,"height":106,"caption":"Mallorca medieval II - Iglesias de repoblaci\u00f3n"},{"@type":"BreadcrumbList","@id":"https:\/\/www.masmallorca.es\/ca\/cultura\/mallorca-medieval-2.html#breadcrumb","itemListElement":[{"@type":"ListItem","position":1,"name":"Portada","item":"https:\/\/www.masmallorca.es\/ca"},{"@type":"ListItem","position":2,"name":"Cultura de Mallorca","item":"https:\/\/www.masmallorca.es\/ca\/cultura"},{"@type":"ListItem","position":3,"name":"Mallorca medieval II &#8211; Esgl\u00e8sies de repoblament"}]},{"@type":"WebSite","@id":"https:\/\/www.masmallorca.es\/ca#website","url":"https:\/\/www.masmallorca.es\/ca","name":"+Mallorca: la revista de Mallorca","description":"Molt m\u00e9s que sol i platja..","publisher":{"@id":"https:\/\/www.masmallorca.es\/ca#organization"},"alternateName":"+Mallorca","potentialAction":[{"@type":"SearchAction","target":{"@type":"EntryPoint","urlTemplate":"https:\/\/www.masmallorca.es\/ca?s={search_term_string}"},"query-input":{"@type":"PropertyValueSpecification","valueRequired":true,"valueName":"search_term_string"}}],"inLanguage":"ca-ES"},{"@type":"Organization","@id":"https:\/\/www.masmallorca.es\/ca#organization","name":"Revista +Mallorca","alternateName":"M\u00e1s Mallorca","url":"https:\/\/www.masmallorca.es\/ca","logo":{"@type":"ImageObject","inLanguage":"ca-ES","@id":"https:\/\/www.masmallorca.es\/ca#\/schema\/logo\/image\/","url":"https:\/\/www.masmallorca.es\/wp-content\/uploads\/2021\/04\/logomallorca-1.png","contentUrl":"https:\/\/www.masmallorca.es\/wp-content\/uploads\/2021\/04\/logomallorca-1.png","width":326,"height":84,"caption":"Revista +Mallorca"},"image":{"@id":"https:\/\/www.masmallorca.es\/ca#\/schema\/logo\/image\/"},"sameAs":["https:\/\/www.facebook.com\/mallorcamagazine\/","https:\/\/x.com\/masmallorca"]},{"@type":"Person","@id":"https:\/\/www.masmallorca.es\/ca#\/schema\/person\/554c84e7dfd9917fdba2cace51081633","name":"masmallorca"}]}},"_links":{"self":[{"href":"https:\/\/www.masmallorca.es\/ca\/wp-json\/wp\/v2\/posts\/79","targetHints":{"allow":["GET"]}}],"collection":[{"href":"https:\/\/www.masmallorca.es\/ca\/wp-json\/wp\/v2\/posts"}],"about":[{"href":"https:\/\/www.masmallorca.es\/ca\/wp-json\/wp\/v2\/types\/post"}],"author":[{"embeddable":true,"href":"https:\/\/www.masmallorca.es\/ca\/wp-json\/wp\/v2\/users\/1"}],"replies":[{"embeddable":true,"href":"https:\/\/www.masmallorca.es\/ca\/wp-json\/wp\/v2\/comments?post=79"}],"version-history":[{"count":0,"href":"https:\/\/www.masmallorca.es\/ca\/wp-json\/wp\/v2\/posts\/79\/revisions"}],"wp:featuredmedia":[{"embeddable":true,"href":"https:\/\/www.masmallorca.es\/ca\/wp-json\/wp\/v2\/media\/73"}],"wp:attachment":[{"href":"https:\/\/www.masmallorca.es\/ca\/wp-json\/wp\/v2\/media?parent=79"}],"wp:term":[{"taxonomy":"category","embeddable":true,"href":"https:\/\/www.masmallorca.es\/ca\/wp-json\/wp\/v2\/categories?post=79"},{"taxonomy":"post_tag","embeddable":true,"href":"https:\/\/www.masmallorca.es\/ca\/wp-json\/wp\/v2\/tags?post=79"}],"curies":[{"name":"wp","href":"https:\/\/api.w.org\/{rel}","templated":true}]}}