{"id":7822,"date":"2011-02-21T00:00:00","date_gmt":"2011-02-20T23:00:00","guid":{"rendered":""},"modified":"2021-06-22T12:01:20","modified_gmt":"2021-06-22T10:01:20","slug":"reserva-natural-de-les-malgrats","status":"publish","type":"post","link":"https:\/\/www.masmallorca.es\/ca\/excursions\/reserva-natural-de-les-malgrats.html","title":{"rendered":"Reserva natural de Les Malgrats"},"content":{"rendered":"<p style=\"text-align: justify;\"><img loading=\"lazy\" decoding=\"async\" class=\" alignright size-full wp-image-7796\" style=\"border: 0px none; margin: 0px 20px 40px; float: right;\" src=\"https:\/\/www.masmallorca.es\/wp-content\/uploads\/2011\/02\/mallorca-islas-malgrats-calvia.jpg\" alt=\"mallorca-islas-malgrats-calvia\" width=\"150\" height=\"110\" \/>Les illes Malgrats, estan compostes de dos illots, el m\u00e9s gran rep el nom d\u2019Es Malgrat, amb una longitud aproximada de 2 quil\u00f2metres i uns penya-segats de m\u00e9s de 60 metres d\u2019al\u00e7\u00e0ria; i un altre considerablement m\u00e9s petit per\u00f2 no de menor import\u00e0ncia, anomenat de diverses maneres pels habitants: Ses Rates, des Conills o d\u2019Enmig, amb menys de mig quil\u00f2metre de llarg i 30 metres d\u2019alt.<\/p>\n<p><!--more--><\/p>\n<p style=\"text-align: justify;\"><img loading=\"lazy\" decoding=\"async\" class=\" alignleft size-full wp-image-7801\" style=\"border: 0px none; margin: 0px 15px 0px 0px; float: left;\" src=\"https:\/\/www.masmallorca.es\/wp-content\/uploads\/2011\/02\/mallorca-islas-malgrats-calvia-atardecer.jpg\" alt=\"mallorca-islas-malgrats-calvia-atardecer\" width=\"350\" height=\"214\" srcset=\"https:\/\/www.masmallorca.es\/wp-content\/uploads\/2011\/02\/mallorca-islas-malgrats-calvia-atardecer.jpg 350w, https:\/\/www.masmallorca.es\/wp-content\/uploads\/2011\/02\/mallorca-islas-malgrats-calvia-atardecer-300x183.jpg 300w\" sizes=\"(max-width: 350px) 100vw, 350px\" \/><strong><br \/>\n<\/strong><\/p>\n<p style=\"text-align: justify;\">Les illes es troben en el municipi de Calvi\u00e0, davant de la badia de Santa Pon\u00e7a. El 1984, l\u2019ajuntament de Calvi\u00e0 va iniciar el proc\u00e9s de declaraci\u00f3 de reserva marina de les illes Malgrats, que no va ser concedit fins a maig del 2004. Reconeixent d\u2019aquesta manera l\u2019alt valor ecol\u00f2gic i pesquer de la zona com la diversitat d\u2019h\u00e0bitats i comunitats animals.<\/p>\n<p style=\"text-align: justify;\">\n<p style=\"text-align: justify;\"><img loading=\"lazy\" decoding=\"async\" class=\" alignleft size-full wp-image-7806\" style=\"border: 0px none; margin: 0px 15px 15px 0px; float: left;\" src=\"https:\/\/www.masmallorca.es\/wp-content\/uploads\/2011\/02\/mallorca-islas-malgrats-calvia-satelite.jpg\" alt=\"mallorca-islas-malgrats-calvia-satelite\" width=\"300\" height=\"283\" \/>Les m\u00e9s de 100 hect\u00e0rees d\u2019expansi\u00f3 de les Malgrats s\u00f3n explotades tradicionalment i de forma sostenible per embarcacions professionals d\u2019arts menors i per vaixells tur\u00edstics, complint sempre la legislatura de limitacions de la direcci\u00f3 general de pesca i protecci\u00f3 de reserves naturals. A la <strong>reserva natural de les illes Malgrats<\/strong> coexisteixen diverses esp\u00e8cies diverses: meduses, aus, peixos i algues, que fan de les costes de Calvi\u00e0, un lloc \u00fanic gr\u00e0cies a la cura de la seva\u00a0 fauna i de la seva flora. \u00c9s important parlar dels camps de <strong>Posidonia oce\u00e0nica<\/strong>, que formen grans i \u00e0mplies prades al llit mar\u00ed de la reserva, o la part emergida dels illots que s\u2019ha declarat com a <strong>ZEPA<\/strong> (Zona d\u2019Especial Protecci\u00f3 per a les Aus) per la massificaci\u00f3 de diverses aus, a les quals els agrada nidificar a les Malgrats on troben refugi i aliment.<\/p>\n<div style=\"text-align: justify;\"><\/div>\n<p style=\"text-align: justify;\"><img loading=\"lazy\" decoding=\"async\" class=\" alignleft size-full wp-image-7811\" style=\"border: 0px none; margin: 0px 15px 15px 0px; float: left;\" src=\"https:\/\/www.masmallorca.es\/wp-content\/uploads\/2011\/02\/mallorca-islas-malgrats-calvia-ocio.jpg\" alt=\"mallorca-islas-malgrats-calvia-ocio\" width=\"250\" height=\"158\" \/><\/p>\n<div style=\"text-align: justify;\">El 2007, es va aprovar l\u2019enfonsament de la fragata balear, un vaixell de m\u00e9s de 133 metres d\u2019eslora que descansa avui en dia a 400 metres de les Malgrats. Aquesta embarcaci\u00f3 \u00e9s un parad\u00eds per als amants del busseig, ja que recrea un escull artificial que potencia l\u2019augment de la vida marina a la zona. D\u2019aquesta forma, el vaixell protegeix, d\u00f3na refugi i alimenta les diferents esp\u00e8cies de peixos, igual com a les prades de <a href=\"https:\/\/www.masmallorca.es\/flora\/posidonia.html\" target=\"_blank\" rel=\"noopener\">Posidonia oce\u00e0nica<\/a>. Aquesta iniciativa d\u2019escull artificial potenciar\u00e0 i permetr\u00e0 ampliar reserves adjacents, com la reserva d\u2019El Toro, i disminuir\u00e0 la pressi\u00f3 als esculls naturals propers.<\/div>\n<div><\/div>\n<div style=\"text-align: justify;\">La <strong>reserva natural de Les Malgrats<\/strong> \u00e9s, sens dubte, un lloc \u00fanic on el visitant i el resident poden gaudir de la naturalesa en estat salvatge, amb una pesca responsable i activitats esportives com el <a href=\"https:\/\/www.masmallorca.es\/deporte-y-ocio\/bucear-en-mallorca.html\" target=\"_blank\" rel=\"noopener\">busseig<\/a>, el caiac o la vela. Per al visitant que no pugui accedir per via mar\u00edtima, sempre li quedar\u00e0, l\u2019antic mirador de la torre, que encara acull un vell can\u00f3 de ferro.<\/div>\n<p style=\"text-align: center;\"><img loading=\"lazy\" decoding=\"async\" class=\" size-full wp-image-7816\" style=\"border: 0px none; margin: 10px 0px;\" src=\"https:\/\/www.masmallorca.es\/wp-content\/uploads\/2011\/02\/mallorca-islas-malgrats-calvia-panoramica.jpg\" alt=\"mallorca-islas-malgrats-calvia-panoramica\" width=\"540\" height=\"175\" srcset=\"https:\/\/www.masmallorca.es\/wp-content\/uploads\/2011\/02\/mallorca-islas-malgrats-calvia-panoramica.jpg 540w, https:\/\/www.masmallorca.es\/wp-content\/uploads\/2011\/02\/mallorca-islas-malgrats-calvia-panoramica-300x97.jpg 300w\" sizes=\"(max-width: 540px) 100vw, 540px\" \/><\/p>\n","protected":false},"excerpt":{"rendered":"<p>Les illes Malgrats, estan compostes de dos illots, el m\u00e9s gran rep el nom d\u2019Es Malgrat, amb una longitud aproximada de 2 quil\u00f2metres i uns penya-segats de m\u00e9s de 60 metres d\u2019al\u00e7\u00e0ria; i un altre considerablement m\u00e9s petit per\u00f2 no de menor import\u00e0ncia, anomenat de diverses maneres pels habitants: Ses Rates, des Conills o d\u2019Enmig, [&hellip;]<\/p>\n","protected":false},"author":1,"featured_media":7816,"comment_status":"closed","ping_status":"closed","sticky":false,"template":"","format":"standard","meta":{"_et_pb_use_builder":"","_et_pb_old_content":"","_et_gb_content_width":"","footnotes":""},"categories":[49],"tags":[],"class_list":["post-7822","post","type-post","status-publish","format-standard","has-post-thumbnail","hentry","category-excursions","et-has-post-format-content","et_post_format-et-post-format-standard"],"yoast_head":"<!-- This site is optimized with the Yoast SEO plugin v27.4 - https:\/\/yoast.com\/product\/yoast-seo-wordpress\/ -->\n<title>Reserva natural de Les Malgrats | +Mallorca: la revista de Mallorca<\/title>\n<meta name=\"description\" content=\"Les illes Malgrats, estan compostes de dos illots. A Calvi\u00e0, al davant de la badia de Santa Pon\u00e7a. ZEPA i Reserva Marina. Illes Malgrats.\" \/>\n<meta name=\"robots\" content=\"index, follow, max-snippet:-1, max-image-preview:large, max-video-preview:-1\" \/>\n<link rel=\"canonical\" href=\"https:\/\/www.masmallorca.es\/ca\/excursions\/reserva-natural-de-les-malgrats.html\" \/>\n<meta property=\"og:locale\" content=\"ca_ES\" \/>\n<meta property=\"og:type\" content=\"article\" \/>\n<meta property=\"og:title\" content=\"Reserva natural de Les Malgrats | +Mallorca: la revista de Mallorca\" \/>\n<meta property=\"og:description\" content=\"Les illes Malgrats, estan compostes de dos illots. A Calvi\u00e0, al davant de la badia de Santa Pon\u00e7a. ZEPA i Reserva Marina. Illes Malgrats.\" \/>\n<meta property=\"og:url\" content=\"https:\/\/www.masmallorca.es\/ca\/excursions\/reserva-natural-de-les-malgrats.html\" \/>\n<meta property=\"og:site_name\" content=\"+Mallorca: la revista de Mallorca\" \/>\n<meta property=\"article:publisher\" content=\"https:\/\/www.facebook.com\/mallorcamagazine\/\" \/>\n<meta property=\"article:published_time\" content=\"2011-02-20T23:00:00+00:00\" \/>\n<meta property=\"article:modified_time\" content=\"2021-06-22T10:01:20+00:00\" \/>\n<meta property=\"og:image\" content=\"https:\/\/www.masmallorca.es\/wp-content\/uploads\/2011\/02\/mallorca-islas-malgrats-calvia-panoramica.jpg\" \/>\n\t<meta property=\"og:image:width\" content=\"540\" \/>\n\t<meta property=\"og:image:height\" content=\"175\" \/>\n\t<meta property=\"og:image:type\" content=\"image\/jpeg\" \/>\n<meta name=\"author\" content=\"masmallorca\" \/>\n<meta name=\"twitter:card\" content=\"summary_large_image\" \/>\n<meta name=\"twitter:creator\" content=\"@masmallorca\" \/>\n<meta name=\"twitter:site\" content=\"@masmallorca\" \/>\n<meta name=\"twitter:label1\" content=\"Written by\" \/>\n\t<meta name=\"twitter:data1\" content=\"masmallorca\" \/>\n\t<meta name=\"twitter:label2\" content=\"Est. reading time\" \/>\n\t<meta name=\"twitter:data2\" content=\"3 minutes\" \/>\n<script type=\"application\/ld+json\" class=\"yoast-schema-graph\">{\"@context\":\"https:\\\/\\\/schema.org\",\"@graph\":[{\"@type\":\"Article\",\"@id\":\"https:\\\/\\\/www.masmallorca.es\\\/ca\\\/excursions\\\/reserva-natural-de-les-malgrats.html#article\",\"isPartOf\":{\"@id\":\"https:\\\/\\\/www.masmallorca.es\\\/ca\\\/excursions\\\/reserva-natural-de-les-malgrats.html\"},\"author\":{\"name\":\"masmallorca\",\"@id\":\"https:\\\/\\\/www.masmallorca.es\\\/ca#\\\/schema\\\/person\\\/554c84e7dfd9917fdba2cace51081633\"},\"headline\":\"Reserva natural de Les Malgrats\",\"datePublished\":\"2011-02-20T23:00:00+00:00\",\"dateModified\":\"2021-06-22T10:01:20+00:00\",\"mainEntityOfPage\":{\"@id\":\"https:\\\/\\\/www.masmallorca.es\\\/ca\\\/excursions\\\/reserva-natural-de-les-malgrats.html\"},\"wordCount\":475,\"publisher\":{\"@id\":\"https:\\\/\\\/www.masmallorca.es\\\/ca#organization\"},\"image\":{\"@id\":\"https:\\\/\\\/www.masmallorca.es\\\/ca\\\/excursions\\\/reserva-natural-de-les-malgrats.html#primaryimage\"},\"thumbnailUrl\":\"https:\\\/\\\/www.masmallorca.es\\\/wp-content\\\/uploads\\\/2011\\\/02\\\/mallorca-islas-malgrats-calvia-panoramica.jpg\",\"articleSection\":[\"Excursions\"],\"inLanguage\":\"ca-ES\"},{\"@type\":\"WebPage\",\"@id\":\"https:\\\/\\\/www.masmallorca.es\\\/ca\\\/excursions\\\/reserva-natural-de-les-malgrats.html\",\"url\":\"https:\\\/\\\/www.masmallorca.es\\\/ca\\\/excursions\\\/reserva-natural-de-les-malgrats.html\",\"name\":\"Reserva natural de Les Malgrats | +Mallorca: la revista de Mallorca\",\"isPartOf\":{\"@id\":\"https:\\\/\\\/www.masmallorca.es\\\/ca#website\"},\"primaryImageOfPage\":{\"@id\":\"https:\\\/\\\/www.masmallorca.es\\\/ca\\\/excursions\\\/reserva-natural-de-les-malgrats.html#primaryimage\"},\"image\":{\"@id\":\"https:\\\/\\\/www.masmallorca.es\\\/ca\\\/excursions\\\/reserva-natural-de-les-malgrats.html#primaryimage\"},\"thumbnailUrl\":\"https:\\\/\\\/www.masmallorca.es\\\/wp-content\\\/uploads\\\/2011\\\/02\\\/mallorca-islas-malgrats-calvia-panoramica.jpg\",\"datePublished\":\"2011-02-20T23:00:00+00:00\",\"dateModified\":\"2021-06-22T10:01:20+00:00\",\"description\":\"Les illes Malgrats, estan compostes de dos illots. A Calvi\u00e0, al davant de la badia de Santa Pon\u00e7a. ZEPA i Reserva Marina. Illes Malgrats.\",\"breadcrumb\":{\"@id\":\"https:\\\/\\\/www.masmallorca.es\\\/ca\\\/excursions\\\/reserva-natural-de-les-malgrats.html#breadcrumb\"},\"inLanguage\":\"ca-ES\",\"potentialAction\":[{\"@type\":\"ReadAction\",\"target\":[\"https:\\\/\\\/www.masmallorca.es\\\/ca\\\/excursions\\\/reserva-natural-de-les-malgrats.html\"]}]},{\"@type\":\"ImageObject\",\"inLanguage\":\"ca-ES\",\"@id\":\"https:\\\/\\\/www.masmallorca.es\\\/ca\\\/excursions\\\/reserva-natural-de-les-malgrats.html#primaryimage\",\"url\":\"https:\\\/\\\/www.masmallorca.es\\\/wp-content\\\/uploads\\\/2011\\\/02\\\/mallorca-islas-malgrats-calvia-panoramica.jpg\",\"contentUrl\":\"https:\\\/\\\/www.masmallorca.es\\\/wp-content\\\/uploads\\\/2011\\\/02\\\/mallorca-islas-malgrats-calvia-panoramica.jpg\",\"width\":540,\"height\":175},{\"@type\":\"BreadcrumbList\",\"@id\":\"https:\\\/\\\/www.masmallorca.es\\\/ca\\\/excursions\\\/reserva-natural-de-les-malgrats.html#breadcrumb\",\"itemListElement\":[{\"@type\":\"ListItem\",\"position\":1,\"name\":\"Portada\",\"item\":\"https:\\\/\\\/www.masmallorca.es\\\/ca\"},{\"@type\":\"ListItem\",\"position\":2,\"name\":\"Excursions\",\"item\":\"https:\\\/\\\/www.masmallorca.es\\\/ca\\\/excursions\"},{\"@type\":\"ListItem\",\"position\":3,\"name\":\"Reserva natural de Les Malgrats\"}]},{\"@type\":\"WebSite\",\"@id\":\"https:\\\/\\\/www.masmallorca.es\\\/ca#website\",\"url\":\"https:\\\/\\\/www.masmallorca.es\\\/ca\",\"name\":\"+Mallorca: la revista de Mallorca\",\"description\":\"Molt m\u00e9s que sol i platja..\",\"publisher\":{\"@id\":\"https:\\\/\\\/www.masmallorca.es\\\/ca#organization\"},\"alternateName\":\"+Mallorca\",\"potentialAction\":[{\"@type\":\"SearchAction\",\"target\":{\"@type\":\"EntryPoint\",\"urlTemplate\":\"https:\\\/\\\/www.masmallorca.es\\\/ca?s={search_term_string}\"},\"query-input\":{\"@type\":\"PropertyValueSpecification\",\"valueRequired\":true,\"valueName\":\"search_term_string\"}}],\"inLanguage\":\"ca-ES\"},{\"@type\":\"Organization\",\"@id\":\"https:\\\/\\\/www.masmallorca.es\\\/ca#organization\",\"name\":\"Revista +Mallorca\",\"alternateName\":\"M\u00e1s Mallorca\",\"url\":\"https:\\\/\\\/www.masmallorca.es\\\/ca\",\"logo\":{\"@type\":\"ImageObject\",\"inLanguage\":\"ca-ES\",\"@id\":\"https:\\\/\\\/www.masmallorca.es\\\/ca#\\\/schema\\\/logo\\\/image\\\/\",\"url\":\"https:\\\/\\\/www.masmallorca.es\\\/wp-content\\\/uploads\\\/2021\\\/04\\\/logomallorca-1.png\",\"contentUrl\":\"https:\\\/\\\/www.masmallorca.es\\\/wp-content\\\/uploads\\\/2021\\\/04\\\/logomallorca-1.png\",\"width\":326,\"height\":84,\"caption\":\"Revista +Mallorca\"},\"image\":{\"@id\":\"https:\\\/\\\/www.masmallorca.es\\\/ca#\\\/schema\\\/logo\\\/image\\\/\"},\"sameAs\":[\"https:\\\/\\\/www.facebook.com\\\/mallorcamagazine\\\/\",\"https:\\\/\\\/x.com\\\/masmallorca\"]},{\"@type\":\"Person\",\"@id\":\"https:\\\/\\\/www.masmallorca.es\\\/ca#\\\/schema\\\/person\\\/554c84e7dfd9917fdba2cace51081633\",\"name\":\"masmallorca\"}]}<\/script>\n<!-- \/ Yoast SEO plugin. -->","yoast_head_json":{"title":"Reserva natural de Les Malgrats | +Mallorca: la revista de Mallorca","description":"Les illes Malgrats, estan compostes de dos illots. A Calvi\u00e0, al davant de la badia de Santa Pon\u00e7a. ZEPA i Reserva Marina. Illes Malgrats.","robots":{"index":"index","follow":"follow","max-snippet":"max-snippet:-1","max-image-preview":"max-image-preview:large","max-video-preview":"max-video-preview:-1"},"canonical":"https:\/\/www.masmallorca.es\/ca\/excursions\/reserva-natural-de-les-malgrats.html","og_locale":"ca_ES","og_type":"article","og_title":"Reserva natural de Les Malgrats | +Mallorca: la revista de Mallorca","og_description":"Les illes Malgrats, estan compostes de dos illots. A Calvi\u00e0, al davant de la badia de Santa Pon\u00e7a. ZEPA i Reserva Marina. Illes Malgrats.","og_url":"https:\/\/www.masmallorca.es\/ca\/excursions\/reserva-natural-de-les-malgrats.html","og_site_name":"+Mallorca: la revista de Mallorca","article_publisher":"https:\/\/www.facebook.com\/mallorcamagazine\/","article_published_time":"2011-02-20T23:00:00+00:00","article_modified_time":"2021-06-22T10:01:20+00:00","og_image":[{"width":540,"height":175,"url":"https:\/\/www.masmallorca.es\/wp-content\/uploads\/2011\/02\/mallorca-islas-malgrats-calvia-panoramica.jpg","type":"image\/jpeg"}],"author":"masmallorca","twitter_card":"summary_large_image","twitter_creator":"@masmallorca","twitter_site":"@masmallorca","twitter_misc":{"Written by":"masmallorca","Est. reading time":"3 minutes"},"schema":{"@context":"https:\/\/schema.org","@graph":[{"@type":"Article","@id":"https:\/\/www.masmallorca.es\/ca\/excursions\/reserva-natural-de-les-malgrats.html#article","isPartOf":{"@id":"https:\/\/www.masmallorca.es\/ca\/excursions\/reserva-natural-de-les-malgrats.html"},"author":{"name":"masmallorca","@id":"https:\/\/www.masmallorca.es\/ca#\/schema\/person\/554c84e7dfd9917fdba2cace51081633"},"headline":"Reserva natural de Les Malgrats","datePublished":"2011-02-20T23:00:00+00:00","dateModified":"2021-06-22T10:01:20+00:00","mainEntityOfPage":{"@id":"https:\/\/www.masmallorca.es\/ca\/excursions\/reserva-natural-de-les-malgrats.html"},"wordCount":475,"publisher":{"@id":"https:\/\/www.masmallorca.es\/ca#organization"},"image":{"@id":"https:\/\/www.masmallorca.es\/ca\/excursions\/reserva-natural-de-les-malgrats.html#primaryimage"},"thumbnailUrl":"https:\/\/www.masmallorca.es\/wp-content\/uploads\/2011\/02\/mallorca-islas-malgrats-calvia-panoramica.jpg","articleSection":["Excursions"],"inLanguage":"ca-ES"},{"@type":"WebPage","@id":"https:\/\/www.masmallorca.es\/ca\/excursions\/reserva-natural-de-les-malgrats.html","url":"https:\/\/www.masmallorca.es\/ca\/excursions\/reserva-natural-de-les-malgrats.html","name":"Reserva natural de Les Malgrats | +Mallorca: la revista de Mallorca","isPartOf":{"@id":"https:\/\/www.masmallorca.es\/ca#website"},"primaryImageOfPage":{"@id":"https:\/\/www.masmallorca.es\/ca\/excursions\/reserva-natural-de-les-malgrats.html#primaryimage"},"image":{"@id":"https:\/\/www.masmallorca.es\/ca\/excursions\/reserva-natural-de-les-malgrats.html#primaryimage"},"thumbnailUrl":"https:\/\/www.masmallorca.es\/wp-content\/uploads\/2011\/02\/mallorca-islas-malgrats-calvia-panoramica.jpg","datePublished":"2011-02-20T23:00:00+00:00","dateModified":"2021-06-22T10:01:20+00:00","description":"Les illes Malgrats, estan compostes de dos illots. A Calvi\u00e0, al davant de la badia de Santa Pon\u00e7a. ZEPA i Reserva Marina. Illes Malgrats.","breadcrumb":{"@id":"https:\/\/www.masmallorca.es\/ca\/excursions\/reserva-natural-de-les-malgrats.html#breadcrumb"},"inLanguage":"ca-ES","potentialAction":[{"@type":"ReadAction","target":["https:\/\/www.masmallorca.es\/ca\/excursions\/reserva-natural-de-les-malgrats.html"]}]},{"@type":"ImageObject","inLanguage":"ca-ES","@id":"https:\/\/www.masmallorca.es\/ca\/excursions\/reserva-natural-de-les-malgrats.html#primaryimage","url":"https:\/\/www.masmallorca.es\/wp-content\/uploads\/2011\/02\/mallorca-islas-malgrats-calvia-panoramica.jpg","contentUrl":"https:\/\/www.masmallorca.es\/wp-content\/uploads\/2011\/02\/mallorca-islas-malgrats-calvia-panoramica.jpg","width":540,"height":175},{"@type":"BreadcrumbList","@id":"https:\/\/www.masmallorca.es\/ca\/excursions\/reserva-natural-de-les-malgrats.html#breadcrumb","itemListElement":[{"@type":"ListItem","position":1,"name":"Portada","item":"https:\/\/www.masmallorca.es\/ca"},{"@type":"ListItem","position":2,"name":"Excursions","item":"https:\/\/www.masmallorca.es\/ca\/excursions"},{"@type":"ListItem","position":3,"name":"Reserva natural de Les Malgrats"}]},{"@type":"WebSite","@id":"https:\/\/www.masmallorca.es\/ca#website","url":"https:\/\/www.masmallorca.es\/ca","name":"+Mallorca: la revista de Mallorca","description":"Molt m\u00e9s que sol i platja..","publisher":{"@id":"https:\/\/www.masmallorca.es\/ca#organization"},"alternateName":"+Mallorca","potentialAction":[{"@type":"SearchAction","target":{"@type":"EntryPoint","urlTemplate":"https:\/\/www.masmallorca.es\/ca?s={search_term_string}"},"query-input":{"@type":"PropertyValueSpecification","valueRequired":true,"valueName":"search_term_string"}}],"inLanguage":"ca-ES"},{"@type":"Organization","@id":"https:\/\/www.masmallorca.es\/ca#organization","name":"Revista +Mallorca","alternateName":"M\u00e1s Mallorca","url":"https:\/\/www.masmallorca.es\/ca","logo":{"@type":"ImageObject","inLanguage":"ca-ES","@id":"https:\/\/www.masmallorca.es\/ca#\/schema\/logo\/image\/","url":"https:\/\/www.masmallorca.es\/wp-content\/uploads\/2021\/04\/logomallorca-1.png","contentUrl":"https:\/\/www.masmallorca.es\/wp-content\/uploads\/2021\/04\/logomallorca-1.png","width":326,"height":84,"caption":"Revista +Mallorca"},"image":{"@id":"https:\/\/www.masmallorca.es\/ca#\/schema\/logo\/image\/"},"sameAs":["https:\/\/www.facebook.com\/mallorcamagazine\/","https:\/\/x.com\/masmallorca"]},{"@type":"Person","@id":"https:\/\/www.masmallorca.es\/ca#\/schema\/person\/554c84e7dfd9917fdba2cace51081633","name":"masmallorca"}]}},"_links":{"self":[{"href":"https:\/\/www.masmallorca.es\/ca\/wp-json\/wp\/v2\/posts\/7822","targetHints":{"allow":["GET"]}}],"collection":[{"href":"https:\/\/www.masmallorca.es\/ca\/wp-json\/wp\/v2\/posts"}],"about":[{"href":"https:\/\/www.masmallorca.es\/ca\/wp-json\/wp\/v2\/types\/post"}],"author":[{"embeddable":true,"href":"https:\/\/www.masmallorca.es\/ca\/wp-json\/wp\/v2\/users\/1"}],"replies":[{"embeddable":true,"href":"https:\/\/www.masmallorca.es\/ca\/wp-json\/wp\/v2\/comments?post=7822"}],"version-history":[{"count":0,"href":"https:\/\/www.masmallorca.es\/ca\/wp-json\/wp\/v2\/posts\/7822\/revisions"}],"wp:featuredmedia":[{"embeddable":true,"href":"https:\/\/www.masmallorca.es\/ca\/wp-json\/wp\/v2\/media\/7816"}],"wp:attachment":[{"href":"https:\/\/www.masmallorca.es\/ca\/wp-json\/wp\/v2\/media?parent=7822"}],"wp:term":[{"taxonomy":"category","embeddable":true,"href":"https:\/\/www.masmallorca.es\/ca\/wp-json\/wp\/v2\/categories?post=7822"},{"taxonomy":"post_tag","embeddable":true,"href":"https:\/\/www.masmallorca.es\/ca\/wp-json\/wp\/v2\/tags?post=7822"}],"curies":[{"name":"wp","href":"https:\/\/api.w.org\/{rel}","templated":true}]}}