{"id":7114,"date":"2010-08-27T09:35:01","date_gmt":"2010-08-27T07:35:01","guid":{"rendered":""},"modified":"2019-04-18T10:00:37","modified_gmt":"2019-04-18T08:00:37","slug":"panades-mallorquines","status":"publish","type":"post","link":"https:\/\/www.masmallorca.es\/ca\/gastronomia\/panades-mallorquines.html","title":{"rendered":"Panades mallorquines"},"content":{"rendered":"<p><img loading=\"lazy\" decoding=\"async\" class=\"alignright wp-image-7092 size-full\" style=\"border: 0px none; margin: 0px 20px 30px; float: right;\" title=\"Panades mallorquines\" src=\"https:\/\/www.masmallorca.es\/wp-content\/uploads\/2010\/08\/panades-mallorquines-1.jpg\" alt=\"Panades mallorquines\" width=\"150\" height=\"108\" \/><\/p>\n<p style=\"text-align: justify;\">Aquestes panades s\u00f3n t\u00edpiques de Setmana Santa, aqu\u00ed a Mallorca i Balears. Les nostres \u00e0vies les feien abans dels dies de festa i aix\u00ed tenien el sopar fet per a unes quantes nits. Si es fan de grand\u00e0ria m\u00e9s petita serveixen per a un buffet.<\/p>\n<p><!--more--><\/p>\n<p style=\"text-align: justify;\"><img loading=\"lazy\" decoding=\"async\" class=\"alignleft wp-image-7097 size-full\" style=\"border: 0px none; margin: 10px 20px 10px 0px; float: left;\" title=\"Panades mallorquines\" src=\"https:\/\/www.masmallorca.es\/wp-content\/uploads\/2010\/08\/panades-mallorquines-2.jpg\" alt=\"Panades mallorquines\" width=\"300\" height=\"369\" srcset=\"https:\/\/www.masmallorca.es\/wp-content\/uploads\/2010\/08\/panades-mallorquines-2.jpg 300w, https:\/\/www.masmallorca.es\/wp-content\/uploads\/2010\/08\/panades-mallorquines-2-244x300.jpg 244w\" sizes=\"(max-width: 300px) 100vw, 300px\" \/><\/p>\n<p style=\"text-align: justify;\">\n<p style=\"text-align: justify;\"><strong>Dificultat:<\/strong> Mitja<\/p>\n<p style=\"text-align: justify;\"><strong>Temps de preparaci\u00f3:<\/strong> 1 hora<\/p>\n<p style=\"text-align: justify;\"><strong>Temps de cocci\u00f3:<\/strong> 1 hora<\/p>\n<p><strong>Ingredients per a 20 panades mitjanes:<\/strong><br \/>\n\u2022 1 kg de farina<br \/>\n\u2022 120 grs de mantega de porc (o margarina)<br \/>\n\u2022 2 tassetes d&#8217;oli d&#8217;oliva<br \/>\n\u2022 1 tassa d&#8217;aigua<\/p>\n<p><strong>Per al farciment:<\/strong><br \/>\n\u2022 8 contracuixes de pollastre<br \/>\n\u2022 500 grs de p\u00e8sols<br \/>\n\u2022 1 manat de grells<br \/>\n\u2022 4 culleradetes de pebre vermell<br \/>\n\u2022 4 culleradetes de pebre negre<br \/>\n\u2022 Sal al gust<br \/>\n\u2022 Oli d&#8217;oliva<\/p>\n<p style=\"text-align: justify;\"><img loading=\"lazy\" decoding=\"async\" class=\" alignleft size-full wp-image-7102\" style=\"border: 0px none; margin: 10px 20px 10px 0px; float: left;\" src=\"https:\/\/www.masmallorca.es\/wp-content\/uploads\/2010\/08\/panades-mallorquines-3.jpg\" alt=\"panades-mallorquines-3\" width=\"200\" height=\"200\" srcset=\"https:\/\/www.masmallorca.es\/wp-content\/uploads\/2010\/08\/panades-mallorquines-3.jpg 200w, https:\/\/www.masmallorca.es\/wp-content\/uploads\/2010\/08\/panades-mallorquines-3-150x150.jpg 150w\" sizes=\"(max-width: 200px) 100vw, 200px\" \/><\/p>\n<p><strong>\u00a0<\/strong><\/p>\n<p style=\"text-align: justify;\"><strong>Elaboraci\u00f3<\/strong><\/p>\n<div style=\"text-align: justify;\"><\/div>\n<p style=\"text-align: justify;\">Posar els trossos de pollastre en un bol. Tirar sal, 2 culleradetes de pebre vermell, 2 culleradetes de pebre negre i un poc d\u2019oli per damunt i barrejar. Reservar.<\/p>\n<p style=\"text-align: justify;\">Posar els p\u00e8sols en un altre bol, els grells, 2 culleradetes de pebre vermell, 2 culleradetes de pebre negre i un poc d\u2019oli. Barrejar. Reservar.<\/p>\n<p style=\"text-align: justify;\">\n<p style=\"text-align: justify;\"><strong>Per a la massa:<\/strong><\/p>\n<p style=\"text-align: justify;\">Posar la farina en un bol, fer un forat i tirar dintre, la margarina o sa\u00efm, l\u2019oli i l\u2019aigua. Amassar b\u00e9 la massa. Reservar.<\/p>\n<p style=\"text-align: justify;\">Encendre el forn, a 170\u00ba C.<\/p>\n<p style=\"text-align: justify;\">Engrasar una safata per a forn.<\/p>\n<p style=\"text-align: justify;\">Fer un quadrat de paper blanc de 12 x 12 cent\u00edmetres.<\/p>\n<p style=\"text-align: justify;\">Damunt d\u2019una taula o encimera de cuina posar una mica de farina (perqu\u00e8 la massa no s\u2019aferri) i agafar un grapat de massa com la grand\u00e0ria d\u2019un ou i amassar, formar un rod\u00f3, col\u00b7locar-ho damunt del quadrat de paper i amb el dit pulgar fer pressi\u00f3 enmig d\u2019aquest rod\u00f3 de massa, seguir amb els altres dits fins a aconseguir com una cistelleta. Emplenar amb un tros o dos de pollastre, omplir amb els p\u00e8sols i posar-hi un poc d\u2019oli.<\/p>\n<p style=\"text-align: justify;\">Agafar una mica m\u00e9s de massa de la grand\u00e0ria d\u2019una nou i amb ajuda del corr\u00f3, aixafar, fer un cercle i col\u00b7locar-ho damunt de la panada amb el farciment. Ajuntar les vores de la massa amb els dits i fer un zigzag amb la punta d\u2019un ganivet o un volteig amb els dits. Col\u00b7locar en la safata.<\/p>\n<p style=\"text-align: justify;\">Repetir fins a acabar amb la massa i el farciment. Fornetjar una hora m\u00e9s o menys.<\/p>\n<\/p>\n<div style=\"text-align: justify;\">\n<p><strong>Nota:<\/strong> Si es prefereix es pot usar carn de be o peix.<\/p>\n<\/div>\n<div style=\"text-align: justify;\"><\/div>\n<p style=\"text-align: justify;\"><img loading=\"lazy\" decoding=\"async\" class=\"aligncenter wp-image-7107 size-full\" title=\"Panades mallorquines\" src=\"https:\/\/www.masmallorca.es\/wp-content\/uploads\/2010\/08\/panades-mallorquines-4.jpg\" alt=\"Panades mallorquines\" width=\"540\" height=\"370\" srcset=\"https:\/\/www.masmallorca.es\/wp-content\/uploads\/2010\/08\/panades-mallorquines-4.jpg 540w, https:\/\/www.masmallorca.es\/wp-content\/uploads\/2010\/08\/panades-mallorquines-4-300x206.jpg 300w\" sizes=\"(max-width: 540px) 100vw, 540px\" \/><\/p>\n","protected":false},"excerpt":{"rendered":"<p>Aquestes panades s\u00f3n t\u00edpiques de Setmana Santa, aqu\u00ed a Mallorca i Balears. Les nostres \u00e0vies les feien abans dels dies de festa i aix\u00ed tenien el sopar fet per a unes quantes nits. Si es fan de grand\u00e0ria m\u00e9s petita serveixen per a un buffet.<\/p>\n","protected":false},"author":1,"featured_media":7108,"comment_status":"closed","ping_status":"closed","sticky":false,"template":"","format":"standard","meta":{"_et_pb_use_builder":"","_et_pb_old_content":"","_et_gb_content_width":"","footnotes":""},"categories":[29],"tags":[],"class_list":["post-7114","post","type-post","status-publish","format-standard","has-post-thumbnail","hentry","category-gastronomia","et-has-post-format-content","et_post_format-et-post-format-standard"],"yoast_head":"<!-- This site is optimized with the Yoast SEO plugin v27.4 - https:\/\/yoast.com\/product\/yoast-seo-wordpress\/ -->\n<title>Panades mallorquines | +Mallorca: la revista de Mallorca<\/title>\n<meta name=\"description\" content=\"Les panades mallorquines s\u00f3n t\u00edpiques de Setmana Santa a Mallorca i Balears. Les nostres \u00e0vies les feien abans de les festes i aix\u00ed conservaven els aliments\" \/>\n<meta name=\"robots\" content=\"index, follow, max-snippet:-1, max-image-preview:large, max-video-preview:-1\" \/>\n<link rel=\"canonical\" href=\"https:\/\/www.masmallorca.es\/ca\/gastronomia\/panades-mallorquines.html\" \/>\n<meta property=\"og:locale\" content=\"ca_ES\" \/>\n<meta property=\"og:type\" content=\"article\" \/>\n<meta property=\"og:title\" content=\"Panades mallorquines | +Mallorca: la revista de Mallorca\" \/>\n<meta property=\"og:description\" content=\"Les panades mallorquines s\u00f3n t\u00edpiques de Setmana Santa a Mallorca i Balears. Les nostres \u00e0vies les feien abans de les festes i aix\u00ed conservaven els aliments\" \/>\n<meta property=\"og:url\" content=\"https:\/\/www.masmallorca.es\/ca\/gastronomia\/panades-mallorquines.html\" \/>\n<meta property=\"og:site_name\" content=\"+Mallorca: la revista de Mallorca\" \/>\n<meta property=\"article:publisher\" content=\"https:\/\/www.facebook.com\/mallorcamagazine\/\" \/>\n<meta property=\"article:published_time\" content=\"2010-08-27T07:35:01+00:00\" \/>\n<meta property=\"article:modified_time\" content=\"2019-04-18T08:00:37+00:00\" \/>\n<meta property=\"og:image\" content=\"https:\/\/www.masmallorca.es\/wp-content\/uploads\/2010\/08\/panades-mallorquines-4.jpg\" \/>\n\t<meta property=\"og:image:width\" content=\"540\" \/>\n\t<meta property=\"og:image:height\" content=\"370\" \/>\n\t<meta property=\"og:image:type\" content=\"image\/jpeg\" \/>\n<meta name=\"author\" content=\"masmallorca\" \/>\n<meta name=\"twitter:card\" content=\"summary_large_image\" \/>\n<meta name=\"twitter:creator\" content=\"@masmallorca\" \/>\n<meta name=\"twitter:site\" content=\"@masmallorca\" \/>\n<meta name=\"twitter:label1\" content=\"Written by\" \/>\n\t<meta name=\"twitter:data1\" content=\"masmallorca\" \/>\n\t<meta name=\"twitter:label2\" content=\"Est. reading time\" \/>\n\t<meta name=\"twitter:data2\" content=\"2 minutes\" \/>\n<script type=\"application\/ld+json\" class=\"yoast-schema-graph\">{\"@context\":\"https:\\\/\\\/schema.org\",\"@graph\":[{\"@type\":\"Article\",\"@id\":\"https:\\\/\\\/www.masmallorca.es\\\/ca\\\/gastronomia\\\/panades-mallorquines.html#article\",\"isPartOf\":{\"@id\":\"https:\\\/\\\/www.masmallorca.es\\\/ca\\\/gastronomia\\\/panades-mallorquines.html\"},\"author\":{\"name\":\"masmallorca\",\"@id\":\"https:\\\/\\\/www.masmallorca.es\\\/ca#\\\/schema\\\/person\\\/554c84e7dfd9917fdba2cace51081633\"},\"headline\":\"Panades mallorquines\",\"datePublished\":\"2010-08-27T07:35:01+00:00\",\"dateModified\":\"2019-04-18T08:00:37+00:00\",\"mainEntityOfPage\":{\"@id\":\"https:\\\/\\\/www.masmallorca.es\\\/ca\\\/gastronomia\\\/panades-mallorquines.html\"},\"wordCount\":396,\"publisher\":{\"@id\":\"https:\\\/\\\/www.masmallorca.es\\\/ca#organization\"},\"image\":{\"@id\":\"https:\\\/\\\/www.masmallorca.es\\\/ca\\\/gastronomia\\\/panades-mallorquines.html#primaryimage\"},\"thumbnailUrl\":\"https:\\\/\\\/www.masmallorca.es\\\/wp-content\\\/uploads\\\/2010\\\/08\\\/panades-mallorquines-4.jpg\",\"articleSection\":[\"Gastronomia\"],\"inLanguage\":\"ca-ES\"},{\"@type\":\"WebPage\",\"@id\":\"https:\\\/\\\/www.masmallorca.es\\\/ca\\\/gastronomia\\\/panades-mallorquines.html\",\"url\":\"https:\\\/\\\/www.masmallorca.es\\\/ca\\\/gastronomia\\\/panades-mallorquines.html\",\"name\":\"Panades mallorquines | +Mallorca: la revista de Mallorca\",\"isPartOf\":{\"@id\":\"https:\\\/\\\/www.masmallorca.es\\\/ca#website\"},\"primaryImageOfPage\":{\"@id\":\"https:\\\/\\\/www.masmallorca.es\\\/ca\\\/gastronomia\\\/panades-mallorquines.html#primaryimage\"},\"image\":{\"@id\":\"https:\\\/\\\/www.masmallorca.es\\\/ca\\\/gastronomia\\\/panades-mallorquines.html#primaryimage\"},\"thumbnailUrl\":\"https:\\\/\\\/www.masmallorca.es\\\/wp-content\\\/uploads\\\/2010\\\/08\\\/panades-mallorquines-4.jpg\",\"datePublished\":\"2010-08-27T07:35:01+00:00\",\"dateModified\":\"2019-04-18T08:00:37+00:00\",\"description\":\"Les panades mallorquines s\u00f3n t\u00edpiques de Setmana Santa a Mallorca i Balears. Les nostres \u00e0vies les feien abans de les festes i aix\u00ed conservaven els aliments\",\"breadcrumb\":{\"@id\":\"https:\\\/\\\/www.masmallorca.es\\\/ca\\\/gastronomia\\\/panades-mallorquines.html#breadcrumb\"},\"inLanguage\":\"ca-ES\",\"potentialAction\":[{\"@type\":\"ReadAction\",\"target\":[\"https:\\\/\\\/www.masmallorca.es\\\/ca\\\/gastronomia\\\/panades-mallorquines.html\"]}]},{\"@type\":\"ImageObject\",\"inLanguage\":\"ca-ES\",\"@id\":\"https:\\\/\\\/www.masmallorca.es\\\/ca\\\/gastronomia\\\/panades-mallorquines.html#primaryimage\",\"url\":\"https:\\\/\\\/www.masmallorca.es\\\/wp-content\\\/uploads\\\/2010\\\/08\\\/panades-mallorquines-4.jpg\",\"contentUrl\":\"https:\\\/\\\/www.masmallorca.es\\\/wp-content\\\/uploads\\\/2010\\\/08\\\/panades-mallorquines-4.jpg\",\"width\":540,\"height\":370},{\"@type\":\"BreadcrumbList\",\"@id\":\"https:\\\/\\\/www.masmallorca.es\\\/ca\\\/gastronomia\\\/panades-mallorquines.html#breadcrumb\",\"itemListElement\":[{\"@type\":\"ListItem\",\"position\":1,\"name\":\"Portada\",\"item\":\"https:\\\/\\\/www.masmallorca.es\\\/ca\"},{\"@type\":\"ListItem\",\"position\":2,\"name\":\"Gastronomia\",\"item\":\"https:\\\/\\\/www.masmallorca.es\\\/ca\\\/gastronomia\"},{\"@type\":\"ListItem\",\"position\":3,\"name\":\"Panades mallorquines\"}]},{\"@type\":\"WebSite\",\"@id\":\"https:\\\/\\\/www.masmallorca.es\\\/ca#website\",\"url\":\"https:\\\/\\\/www.masmallorca.es\\\/ca\",\"name\":\"+Mallorca: la revista de Mallorca\",\"description\":\"Molt m\u00e9s que sol i platja..\",\"publisher\":{\"@id\":\"https:\\\/\\\/www.masmallorca.es\\\/ca#organization\"},\"alternateName\":\"+Mallorca\",\"potentialAction\":[{\"@type\":\"SearchAction\",\"target\":{\"@type\":\"EntryPoint\",\"urlTemplate\":\"https:\\\/\\\/www.masmallorca.es\\\/ca?s={search_term_string}\"},\"query-input\":{\"@type\":\"PropertyValueSpecification\",\"valueRequired\":true,\"valueName\":\"search_term_string\"}}],\"inLanguage\":\"ca-ES\"},{\"@type\":\"Organization\",\"@id\":\"https:\\\/\\\/www.masmallorca.es\\\/ca#organization\",\"name\":\"Revista +Mallorca\",\"alternateName\":\"M\u00e1s Mallorca\",\"url\":\"https:\\\/\\\/www.masmallorca.es\\\/ca\",\"logo\":{\"@type\":\"ImageObject\",\"inLanguage\":\"ca-ES\",\"@id\":\"https:\\\/\\\/www.masmallorca.es\\\/ca#\\\/schema\\\/logo\\\/image\\\/\",\"url\":\"https:\\\/\\\/www.masmallorca.es\\\/wp-content\\\/uploads\\\/2021\\\/04\\\/logomallorca-1.png\",\"contentUrl\":\"https:\\\/\\\/www.masmallorca.es\\\/wp-content\\\/uploads\\\/2021\\\/04\\\/logomallorca-1.png\",\"width\":326,\"height\":84,\"caption\":\"Revista +Mallorca\"},\"image\":{\"@id\":\"https:\\\/\\\/www.masmallorca.es\\\/ca#\\\/schema\\\/logo\\\/image\\\/\"},\"sameAs\":[\"https:\\\/\\\/www.facebook.com\\\/mallorcamagazine\\\/\",\"https:\\\/\\\/x.com\\\/masmallorca\"]},{\"@type\":\"Person\",\"@id\":\"https:\\\/\\\/www.masmallorca.es\\\/ca#\\\/schema\\\/person\\\/554c84e7dfd9917fdba2cace51081633\",\"name\":\"masmallorca\"}]}<\/script>\n<!-- \/ Yoast SEO plugin. -->","yoast_head_json":{"title":"Panades mallorquines | +Mallorca: la revista de Mallorca","description":"Les panades mallorquines s\u00f3n t\u00edpiques de Setmana Santa a Mallorca i Balears. Les nostres \u00e0vies les feien abans de les festes i aix\u00ed conservaven els aliments","robots":{"index":"index","follow":"follow","max-snippet":"max-snippet:-1","max-image-preview":"max-image-preview:large","max-video-preview":"max-video-preview:-1"},"canonical":"https:\/\/www.masmallorca.es\/ca\/gastronomia\/panades-mallorquines.html","og_locale":"ca_ES","og_type":"article","og_title":"Panades mallorquines | +Mallorca: la revista de Mallorca","og_description":"Les panades mallorquines s\u00f3n t\u00edpiques de Setmana Santa a Mallorca i Balears. Les nostres \u00e0vies les feien abans de les festes i aix\u00ed conservaven els aliments","og_url":"https:\/\/www.masmallorca.es\/ca\/gastronomia\/panades-mallorquines.html","og_site_name":"+Mallorca: la revista de Mallorca","article_publisher":"https:\/\/www.facebook.com\/mallorcamagazine\/","article_published_time":"2010-08-27T07:35:01+00:00","article_modified_time":"2019-04-18T08:00:37+00:00","og_image":[{"width":540,"height":370,"url":"https:\/\/www.masmallorca.es\/wp-content\/uploads\/2010\/08\/panades-mallorquines-4.jpg","type":"image\/jpeg"}],"author":"masmallorca","twitter_card":"summary_large_image","twitter_creator":"@masmallorca","twitter_site":"@masmallorca","twitter_misc":{"Written by":"masmallorca","Est. reading time":"2 minutes"},"schema":{"@context":"https:\/\/schema.org","@graph":[{"@type":"Article","@id":"https:\/\/www.masmallorca.es\/ca\/gastronomia\/panades-mallorquines.html#article","isPartOf":{"@id":"https:\/\/www.masmallorca.es\/ca\/gastronomia\/panades-mallorquines.html"},"author":{"name":"masmallorca","@id":"https:\/\/www.masmallorca.es\/ca#\/schema\/person\/554c84e7dfd9917fdba2cace51081633"},"headline":"Panades mallorquines","datePublished":"2010-08-27T07:35:01+00:00","dateModified":"2019-04-18T08:00:37+00:00","mainEntityOfPage":{"@id":"https:\/\/www.masmallorca.es\/ca\/gastronomia\/panades-mallorquines.html"},"wordCount":396,"publisher":{"@id":"https:\/\/www.masmallorca.es\/ca#organization"},"image":{"@id":"https:\/\/www.masmallorca.es\/ca\/gastronomia\/panades-mallorquines.html#primaryimage"},"thumbnailUrl":"https:\/\/www.masmallorca.es\/wp-content\/uploads\/2010\/08\/panades-mallorquines-4.jpg","articleSection":["Gastronomia"],"inLanguage":"ca-ES"},{"@type":"WebPage","@id":"https:\/\/www.masmallorca.es\/ca\/gastronomia\/panades-mallorquines.html","url":"https:\/\/www.masmallorca.es\/ca\/gastronomia\/panades-mallorquines.html","name":"Panades mallorquines | +Mallorca: la revista de Mallorca","isPartOf":{"@id":"https:\/\/www.masmallorca.es\/ca#website"},"primaryImageOfPage":{"@id":"https:\/\/www.masmallorca.es\/ca\/gastronomia\/panades-mallorquines.html#primaryimage"},"image":{"@id":"https:\/\/www.masmallorca.es\/ca\/gastronomia\/panades-mallorquines.html#primaryimage"},"thumbnailUrl":"https:\/\/www.masmallorca.es\/wp-content\/uploads\/2010\/08\/panades-mallorquines-4.jpg","datePublished":"2010-08-27T07:35:01+00:00","dateModified":"2019-04-18T08:00:37+00:00","description":"Les panades mallorquines s\u00f3n t\u00edpiques de Setmana Santa a Mallorca i Balears. Les nostres \u00e0vies les feien abans de les festes i aix\u00ed conservaven els aliments","breadcrumb":{"@id":"https:\/\/www.masmallorca.es\/ca\/gastronomia\/panades-mallorquines.html#breadcrumb"},"inLanguage":"ca-ES","potentialAction":[{"@type":"ReadAction","target":["https:\/\/www.masmallorca.es\/ca\/gastronomia\/panades-mallorquines.html"]}]},{"@type":"ImageObject","inLanguage":"ca-ES","@id":"https:\/\/www.masmallorca.es\/ca\/gastronomia\/panades-mallorquines.html#primaryimage","url":"https:\/\/www.masmallorca.es\/wp-content\/uploads\/2010\/08\/panades-mallorquines-4.jpg","contentUrl":"https:\/\/www.masmallorca.es\/wp-content\/uploads\/2010\/08\/panades-mallorquines-4.jpg","width":540,"height":370},{"@type":"BreadcrumbList","@id":"https:\/\/www.masmallorca.es\/ca\/gastronomia\/panades-mallorquines.html#breadcrumb","itemListElement":[{"@type":"ListItem","position":1,"name":"Portada","item":"https:\/\/www.masmallorca.es\/ca"},{"@type":"ListItem","position":2,"name":"Gastronomia","item":"https:\/\/www.masmallorca.es\/ca\/gastronomia"},{"@type":"ListItem","position":3,"name":"Panades mallorquines"}]},{"@type":"WebSite","@id":"https:\/\/www.masmallorca.es\/ca#website","url":"https:\/\/www.masmallorca.es\/ca","name":"+Mallorca: la revista de Mallorca","description":"Molt m\u00e9s que sol i platja..","publisher":{"@id":"https:\/\/www.masmallorca.es\/ca#organization"},"alternateName":"+Mallorca","potentialAction":[{"@type":"SearchAction","target":{"@type":"EntryPoint","urlTemplate":"https:\/\/www.masmallorca.es\/ca?s={search_term_string}"},"query-input":{"@type":"PropertyValueSpecification","valueRequired":true,"valueName":"search_term_string"}}],"inLanguage":"ca-ES"},{"@type":"Organization","@id":"https:\/\/www.masmallorca.es\/ca#organization","name":"Revista +Mallorca","alternateName":"M\u00e1s Mallorca","url":"https:\/\/www.masmallorca.es\/ca","logo":{"@type":"ImageObject","inLanguage":"ca-ES","@id":"https:\/\/www.masmallorca.es\/ca#\/schema\/logo\/image\/","url":"https:\/\/www.masmallorca.es\/wp-content\/uploads\/2021\/04\/logomallorca-1.png","contentUrl":"https:\/\/www.masmallorca.es\/wp-content\/uploads\/2021\/04\/logomallorca-1.png","width":326,"height":84,"caption":"Revista +Mallorca"},"image":{"@id":"https:\/\/www.masmallorca.es\/ca#\/schema\/logo\/image\/"},"sameAs":["https:\/\/www.facebook.com\/mallorcamagazine\/","https:\/\/x.com\/masmallorca"]},{"@type":"Person","@id":"https:\/\/www.masmallorca.es\/ca#\/schema\/person\/554c84e7dfd9917fdba2cace51081633","name":"masmallorca"}]}},"_links":{"self":[{"href":"https:\/\/www.masmallorca.es\/ca\/wp-json\/wp\/v2\/posts\/7114","targetHints":{"allow":["GET"]}}],"collection":[{"href":"https:\/\/www.masmallorca.es\/ca\/wp-json\/wp\/v2\/posts"}],"about":[{"href":"https:\/\/www.masmallorca.es\/ca\/wp-json\/wp\/v2\/types\/post"}],"author":[{"embeddable":true,"href":"https:\/\/www.masmallorca.es\/ca\/wp-json\/wp\/v2\/users\/1"}],"replies":[{"embeddable":true,"href":"https:\/\/www.masmallorca.es\/ca\/wp-json\/wp\/v2\/comments?post=7114"}],"version-history":[{"count":0,"href":"https:\/\/www.masmallorca.es\/ca\/wp-json\/wp\/v2\/posts\/7114\/revisions"}],"wp:featuredmedia":[{"embeddable":true,"href":"https:\/\/www.masmallorca.es\/ca\/wp-json\/wp\/v2\/media\/7108"}],"wp:attachment":[{"href":"https:\/\/www.masmallorca.es\/ca\/wp-json\/wp\/v2\/media?parent=7114"}],"wp:term":[{"taxonomy":"category","embeddable":true,"href":"https:\/\/www.masmallorca.es\/ca\/wp-json\/wp\/v2\/categories?post=7114"},{"taxonomy":"post_tag","embeddable":true,"href":"https:\/\/www.masmallorca.es\/ca\/wp-json\/wp\/v2\/tags?post=7114"}],"curies":[{"name":"wp","href":"https:\/\/api.w.org\/{rel}","templated":true}]}}