{"id":7042,"date":"2010-08-20T18:22:22","date_gmt":"2010-08-20T16:22:22","guid":{"rendered":""},"modified":"2017-09-19T18:15:44","modified_gmt":"2017-09-19T16:15:44","slug":"els-patis-mallorquins","status":"publish","type":"post","link":"https:\/\/www.masmallorca.es\/ca\/cultura\/els-patis-mallorquins.html","title":{"rendered":"Els patis mallorquins"},"content":{"rendered":"<p style=\"text-align: justify;\"><img loading=\"lazy\" decoding=\"async\" class=\"alignright wp-image-7032 size-full\" style=\"border: 0px none; margin: 0px 20px 20px; float: right;\" title=\"Els patis mallorquins de Palma\" src=\"https:\/\/www.masmallorca.es\/wp-content\/uploads\/2010\/08\/Patis-Mallorquins-1.jpg\" alt=\"Els patis mallorquins de Palma\" width=\"150\" height=\"102\" \/>Els patis de les cases senyorials de Palma constitueixen un dels elements urbans caracter\u00edstics de la ciutat. Si avui en dia la seva conservaci\u00f3 suposa una refer\u00e8ncia hist\u00f2rica que fa de la capital mallorquina un <strong>exemple \u00fanic a Espanya<\/strong>, en la seva \u00e8poca d\u2019esplendor eren tot un s\u00edmbol de poder i estatus social.<\/p>\n<p><!--more--><\/p>\n<p>&nbsp;<\/p>\n<p><img loading=\"lazy\" decoding=\"async\" class=\"alignleft wp-image-7037 size-full\" style=\"border: 0px none; margin: 10px 20px 5px 0px; float: left;\" title=\"Els patis mallorquins de Palma\" src=\"https:\/\/www.masmallorca.es\/wp-content\/uploads\/2010\/08\/Patis-Mallorquins-2.jpg\" alt=\"Els patis mallorquins de Palma\" width=\"320\" height=\"218\" srcset=\"https:\/\/www.masmallorca.es\/wp-content\/uploads\/2010\/08\/Patis-Mallorquins-2.jpg 320w, https:\/\/www.masmallorca.es\/wp-content\/uploads\/2010\/08\/Patis-Mallorquins-2-300x204.jpg 300w\" sizes=\"(max-width: 320px) 100vw, 320px\" \/><\/p>\n<p>&nbsp;<\/p>\n<p style=\"text-align: justify;\">\n Per a alguns el seu origen es remunta a la casa romana, per\u00f2 sembla clara la influ\u00e8ncia arquitect\u00f2nica de la casa medieval catalana, arribada l\u2019any 1229 amb la Conquesta de Mallorca.<\/p>\n<p style=\"text-align: justify;\">\n Els patis m\u00e9s antics dels que es tenen const\u00e0ncia daten dels segles XIV i XV. Un document de principis del XIX extret de l\u2019Arxiu Municipal de Palma recull m\u00e9s de 500. Es tracta de cases de l\u2019alta noblesa i de poderosos mercaders, per\u00f2 tamb\u00e9 de la petita aristocr\u00e0cia, classes mitjanes professionals, clericat i funcionaris.<\/p>\n<p><img loading=\"lazy\" decoding=\"async\" class=\"alignleft wp-image-7005 size-full\" style=\"border: 0px none; margin: 10px 20px 5px 0px; float: left;\" title=\"patis mallorquins de Palma\" src=\"https:\/\/www.masmallorca.es\/wp-content\/uploads\/2010\/08\/Patis-Mallorquins-3.jpg\" alt=\"patis mallorquins de Palma\" width=\"320\" height=\"481\" srcset=\"https:\/\/www.masmallorca.es\/wp-content\/uploads\/2010\/08\/Patis-Mallorquins-3.jpg 320w, https:\/\/www.masmallorca.es\/wp-content\/uploads\/2010\/08\/Patis-Mallorquins-3-200x300.jpg 200w\" sizes=\"(max-width: 320px) 100vw, 320px\" \/><\/p>\n<p style=\"text-align: justify;\">\n Totes mantenen una mateixa estructura: l\u2019habitatge, d\u2019austera fa\u00e7ana, orientat entorn d\u2019un pati interior on es realitzava la vida quotidiana i els elements de la qual, distribuci\u00f3 i activitats han transcendit fins i tot la import\u00e0ncia de la pr\u00f2pia casa pairal.<\/p>\n<p style=\"text-align: justify;\">Siguin d\u2019una fam\u00edlia de primera o segona fila, tots mantenen una estructura similar: un portal d\u2019acc\u00e9s; un pas d\u2019entrada cobert entre el portal i el pati, estret i empedrat; el pati pr\u00f2piament dit, un espai descobert amb arcs, columnes i capitells; escales i al final d\u2019aquestes les galeries, a forma de pre\u00e0mbul abans de penetrar en la intimitat de la casa.<\/p>\n<p style=\"text-align: justify;\">Val la pena detenir-se en aquests elements. L\u2019escut d\u2019armes de la fam\u00edlia propiet\u00e0ria, per exemple, no sol estar sobre el portal d\u2019acc\u00e9s, sin\u00f3 en l\u2019interior del pati, al balc\u00f3 de la galeria o als capitells de les columnes. A un i un altre costat del pas d\u2019entrada hi ha petites portes que condueixen a depend\u00e8ncies auxiliars, com a estables i magatzems. El pati en si mateix marca la categoria familiar: \u00e9s un espai empedrat, amb una lleugera inclinaci\u00f3 per recollir l\u2019aigua de pluja i guardar-la en una cisterna, i que sol comunicar amb un jard\u00ed. Cap a ell miren finestres i balcons, adornats amb ferros forjats, \u201campits\u201d i balustrades.<\/p>\n<p style=\"text-align: justify;\">A partir del 1800 els patis s\u2019adornen amb tests de plantes de fulles verdes.\u00a0 Allotja tamb\u00e9 estables i cotxeres i \u00e9s, per damunt de tot, on vaig bullir l\u2019activitat dom\u00e8stica, el comer\u00e7 i els negocis lligats a la professi\u00f3 del propietari. En la seva \u00e8poca d\u2019esplendor, els patis mallorquins s\u2019al\u00e7aven per tota la ciutat.<\/p>\n<p><img loading=\"lazy\" decoding=\"async\" class=\"alignleft wp-image-7010\" style=\"border: 0px none; margin: 10px 0px; float: left;\" title=\"patis mallorquins de Palma\" src=\"https:\/\/www.masmallorca.es\/wp-content\/uploads\/2010\/08\/Patis-Mallorquins-4.jpg\" alt=\"patis mallorquins de Palma\" width=\"940\" height=\"355\" srcset=\"https:\/\/www.masmallorca.es\/wp-content\/uploads\/2010\/08\/Patis-Mallorquins-4.jpg 540w, https:\/\/www.masmallorca.es\/wp-content\/uploads\/2010\/08\/Patis-Mallorquins-4-300x113.jpg 300w\" sizes=\"(max-width: 940px) 100vw, 940px\" \/><\/p>\n","protected":false},"excerpt":{"rendered":"<p>Els patis de les cases senyorials de Palma constitueixen un dels elements urbans caracter\u00edstics de la ciutat. Si avui en dia la seva conservaci\u00f3 suposa una refer\u00e8ncia hist\u00f2rica que fa de la capital mallorquina un exemple \u00fanic a Espanya, en la seva \u00e8poca d\u2019esplendor eren tot un s\u00edmbol de poder i estatus social.<\/p>\n","protected":false},"author":1,"featured_media":17794,"comment_status":"closed","ping_status":"closed","sticky":false,"template":"","format":"standard","meta":{"_et_pb_use_builder":"","_et_pb_old_content":"","_et_gb_content_width":"","footnotes":""},"categories":[19],"tags":[],"class_list":["post-7042","post","type-post","status-publish","format-standard","has-post-thumbnail","hentry","category-cultura","et-has-post-format-content","et_post_format-et-post-format-standard"],"yoast_head":"<!-- This site is optimized with the Yoast SEO plugin v27.4 - https:\/\/yoast.com\/product\/yoast-seo-wordpress\/ -->\n<title>Els patis mallorquins de Palma | +Mallorca, la revista de Mallorca<\/title>\n<meta name=\"description\" content=\"+Mallorca, Cultura: Els patis de les cases senyorials de Palma constitueixen un dels elements urbans caracter\u00edstics de la ciutat, exemple \u00fanic a Espanya.\" \/>\n<meta name=\"robots\" content=\"index, follow, max-snippet:-1, max-image-preview:large, max-video-preview:-1\" \/>\n<link rel=\"canonical\" href=\"https:\/\/www.masmallorca.es\/ca\/cultura\/els-patis-mallorquins.html\" \/>\n<meta property=\"og:locale\" content=\"ca_ES\" \/>\n<meta property=\"og:type\" content=\"article\" \/>\n<meta property=\"og:title\" content=\"Els patis mallorquins de Palma | +Mallorca, la revista de Mallorca\" \/>\n<meta property=\"og:description\" content=\"+Mallorca, Cultura: Els patis de les cases senyorials de Palma constitueixen un dels elements urbans caracter\u00edstics de la ciutat, exemple \u00fanic a Espanya.\" \/>\n<meta property=\"og:url\" content=\"https:\/\/www.masmallorca.es\/ca\/cultura\/els-patis-mallorquins.html\" \/>\n<meta property=\"og:site_name\" content=\"+Mallorca: la revista de Mallorca\" \/>\n<meta property=\"article:publisher\" content=\"https:\/\/www.facebook.com\/mallorcamagazine\/\" \/>\n<meta property=\"article:published_time\" content=\"2010-08-20T16:22:22+00:00\" \/>\n<meta property=\"article:modified_time\" content=\"2017-09-19T16:15:44+00:00\" \/>\n<meta property=\"og:image\" content=\"https:\/\/www.masmallorca.es\/wp-content\/uploads\/2017\/05\/Patios-mallorquines-Palma-Son-Vivot-calle-Can-Savella.jpg\" \/>\n\t<meta property=\"og:image:width\" content=\"940\" \/>\n\t<meta property=\"og:image:height\" content=\"341\" \/>\n\t<meta property=\"og:image:type\" content=\"image\/jpeg\" \/>\n<meta name=\"author\" content=\"masmallorca\" \/>\n<meta name=\"twitter:card\" content=\"summary_large_image\" \/>\n<meta name=\"twitter:creator\" content=\"@masmallorca\" \/>\n<meta name=\"twitter:site\" content=\"@masmallorca\" \/>\n<meta name=\"twitter:label1\" content=\"Written by\" \/>\n\t<meta name=\"twitter:data1\" content=\"masmallorca\" \/>\n\t<meta name=\"twitter:label2\" content=\"Est. reading time\" \/>\n\t<meta name=\"twitter:data2\" content=\"2 minutes\" \/>\n<script type=\"application\/ld+json\" class=\"yoast-schema-graph\">{\"@context\":\"https:\\\/\\\/schema.org\",\"@graph\":[{\"@type\":\"Article\",\"@id\":\"https:\\\/\\\/www.masmallorca.es\\\/ca\\\/cultura\\\/els-patis-mallorquins.html#article\",\"isPartOf\":{\"@id\":\"https:\\\/\\\/www.masmallorca.es\\\/ca\\\/cultura\\\/els-patis-mallorquins.html\"},\"author\":{\"name\":\"masmallorca\",\"@id\":\"https:\\\/\\\/www.masmallorca.es\\\/ca#\\\/schema\\\/person\\\/554c84e7dfd9917fdba2cace51081633\"},\"headline\":\"Els patis mallorquins\",\"datePublished\":\"2010-08-20T16:22:22+00:00\",\"dateModified\":\"2017-09-19T16:15:44+00:00\",\"mainEntityOfPage\":{\"@id\":\"https:\\\/\\\/www.masmallorca.es\\\/ca\\\/cultura\\\/els-patis-mallorquins.html\"},\"wordCount\":448,\"publisher\":{\"@id\":\"https:\\\/\\\/www.masmallorca.es\\\/ca#organization\"},\"image\":{\"@id\":\"https:\\\/\\\/www.masmallorca.es\\\/ca\\\/cultura\\\/els-patis-mallorquins.html#primaryimage\"},\"thumbnailUrl\":\"https:\\\/\\\/www.masmallorca.es\\\/wp-content\\\/uploads\\\/2017\\\/05\\\/Patios-mallorquines-Palma-Son-Vivot-calle-Can-Savella.jpg\",\"articleSection\":[\"Cultura de Mallorca\"],\"inLanguage\":\"ca-ES\"},{\"@type\":\"WebPage\",\"@id\":\"https:\\\/\\\/www.masmallorca.es\\\/ca\\\/cultura\\\/els-patis-mallorquins.html\",\"url\":\"https:\\\/\\\/www.masmallorca.es\\\/ca\\\/cultura\\\/els-patis-mallorquins.html\",\"name\":\"Els patis mallorquins de Palma | +Mallorca, la revista de Mallorca\",\"isPartOf\":{\"@id\":\"https:\\\/\\\/www.masmallorca.es\\\/ca#website\"},\"primaryImageOfPage\":{\"@id\":\"https:\\\/\\\/www.masmallorca.es\\\/ca\\\/cultura\\\/els-patis-mallorquins.html#primaryimage\"},\"image\":{\"@id\":\"https:\\\/\\\/www.masmallorca.es\\\/ca\\\/cultura\\\/els-patis-mallorquins.html#primaryimage\"},\"thumbnailUrl\":\"https:\\\/\\\/www.masmallorca.es\\\/wp-content\\\/uploads\\\/2017\\\/05\\\/Patios-mallorquines-Palma-Son-Vivot-calle-Can-Savella.jpg\",\"datePublished\":\"2010-08-20T16:22:22+00:00\",\"dateModified\":\"2017-09-19T16:15:44+00:00\",\"description\":\"+Mallorca, Cultura: Els patis de les cases senyorials de Palma constitueixen un dels elements urbans caracter\u00edstics de la ciutat, exemple \u00fanic a Espanya.\",\"breadcrumb\":{\"@id\":\"https:\\\/\\\/www.masmallorca.es\\\/ca\\\/cultura\\\/els-patis-mallorquins.html#breadcrumb\"},\"inLanguage\":\"ca-ES\",\"potentialAction\":[{\"@type\":\"ReadAction\",\"target\":[\"https:\\\/\\\/www.masmallorca.es\\\/ca\\\/cultura\\\/els-patis-mallorquins.html\"]}]},{\"@type\":\"ImageObject\",\"inLanguage\":\"ca-ES\",\"@id\":\"https:\\\/\\\/www.masmallorca.es\\\/ca\\\/cultura\\\/els-patis-mallorquins.html#primaryimage\",\"url\":\"https:\\\/\\\/www.masmallorca.es\\\/wp-content\\\/uploads\\\/2017\\\/05\\\/Patios-mallorquines-Palma-Son-Vivot-calle-Can-Savella.jpg\",\"contentUrl\":\"https:\\\/\\\/www.masmallorca.es\\\/wp-content\\\/uploads\\\/2017\\\/05\\\/Patios-mallorquines-Palma-Son-Vivot-calle-Can-Savella.jpg\",\"width\":940,\"height\":341},{\"@type\":\"BreadcrumbList\",\"@id\":\"https:\\\/\\\/www.masmallorca.es\\\/ca\\\/cultura\\\/els-patis-mallorquins.html#breadcrumb\",\"itemListElement\":[{\"@type\":\"ListItem\",\"position\":1,\"name\":\"Portada\",\"item\":\"https:\\\/\\\/www.masmallorca.es\\\/ca\"},{\"@type\":\"ListItem\",\"position\":2,\"name\":\"Cultura de Mallorca\",\"item\":\"https:\\\/\\\/www.masmallorca.es\\\/ca\\\/cultura\"},{\"@type\":\"ListItem\",\"position\":3,\"name\":\"Els patis mallorquins\"}]},{\"@type\":\"WebSite\",\"@id\":\"https:\\\/\\\/www.masmallorca.es\\\/ca#website\",\"url\":\"https:\\\/\\\/www.masmallorca.es\\\/ca\",\"name\":\"+Mallorca: la revista de Mallorca\",\"description\":\"Molt m\u00e9s que sol i platja..\",\"publisher\":{\"@id\":\"https:\\\/\\\/www.masmallorca.es\\\/ca#organization\"},\"alternateName\":\"+Mallorca\",\"potentialAction\":[{\"@type\":\"SearchAction\",\"target\":{\"@type\":\"EntryPoint\",\"urlTemplate\":\"https:\\\/\\\/www.masmallorca.es\\\/ca?s={search_term_string}\"},\"query-input\":{\"@type\":\"PropertyValueSpecification\",\"valueRequired\":true,\"valueName\":\"search_term_string\"}}],\"inLanguage\":\"ca-ES\"},{\"@type\":\"Organization\",\"@id\":\"https:\\\/\\\/www.masmallorca.es\\\/ca#organization\",\"name\":\"Revista +Mallorca\",\"alternateName\":\"M\u00e1s Mallorca\",\"url\":\"https:\\\/\\\/www.masmallorca.es\\\/ca\",\"logo\":{\"@type\":\"ImageObject\",\"inLanguage\":\"ca-ES\",\"@id\":\"https:\\\/\\\/www.masmallorca.es\\\/ca#\\\/schema\\\/logo\\\/image\\\/\",\"url\":\"https:\\\/\\\/www.masmallorca.es\\\/wp-content\\\/uploads\\\/2021\\\/04\\\/logomallorca-1.png\",\"contentUrl\":\"https:\\\/\\\/www.masmallorca.es\\\/wp-content\\\/uploads\\\/2021\\\/04\\\/logomallorca-1.png\",\"width\":326,\"height\":84,\"caption\":\"Revista +Mallorca\"},\"image\":{\"@id\":\"https:\\\/\\\/www.masmallorca.es\\\/ca#\\\/schema\\\/logo\\\/image\\\/\"},\"sameAs\":[\"https:\\\/\\\/www.facebook.com\\\/mallorcamagazine\\\/\",\"https:\\\/\\\/x.com\\\/masmallorca\"]},{\"@type\":\"Person\",\"@id\":\"https:\\\/\\\/www.masmallorca.es\\\/ca#\\\/schema\\\/person\\\/554c84e7dfd9917fdba2cace51081633\",\"name\":\"masmallorca\"}]}<\/script>\n<!-- \/ Yoast SEO plugin. -->","yoast_head_json":{"title":"Els patis mallorquins de Palma | +Mallorca, la revista de Mallorca","description":"+Mallorca, Cultura: Els patis de les cases senyorials de Palma constitueixen un dels elements urbans caracter\u00edstics de la ciutat, exemple \u00fanic a Espanya.","robots":{"index":"index","follow":"follow","max-snippet":"max-snippet:-1","max-image-preview":"max-image-preview:large","max-video-preview":"max-video-preview:-1"},"canonical":"https:\/\/www.masmallorca.es\/ca\/cultura\/els-patis-mallorquins.html","og_locale":"ca_ES","og_type":"article","og_title":"Els patis mallorquins de Palma | +Mallorca, la revista de Mallorca","og_description":"+Mallorca, Cultura: Els patis de les cases senyorials de Palma constitueixen un dels elements urbans caracter\u00edstics de la ciutat, exemple \u00fanic a Espanya.","og_url":"https:\/\/www.masmallorca.es\/ca\/cultura\/els-patis-mallorquins.html","og_site_name":"+Mallorca: la revista de Mallorca","article_publisher":"https:\/\/www.facebook.com\/mallorcamagazine\/","article_published_time":"2010-08-20T16:22:22+00:00","article_modified_time":"2017-09-19T16:15:44+00:00","og_image":[{"width":940,"height":341,"url":"https:\/\/www.masmallorca.es\/wp-content\/uploads\/2017\/05\/Patios-mallorquines-Palma-Son-Vivot-calle-Can-Savella.jpg","type":"image\/jpeg"}],"author":"masmallorca","twitter_card":"summary_large_image","twitter_creator":"@masmallorca","twitter_site":"@masmallorca","twitter_misc":{"Written by":"masmallorca","Est. reading time":"2 minutes"},"schema":{"@context":"https:\/\/schema.org","@graph":[{"@type":"Article","@id":"https:\/\/www.masmallorca.es\/ca\/cultura\/els-patis-mallorquins.html#article","isPartOf":{"@id":"https:\/\/www.masmallorca.es\/ca\/cultura\/els-patis-mallorquins.html"},"author":{"name":"masmallorca","@id":"https:\/\/www.masmallorca.es\/ca#\/schema\/person\/554c84e7dfd9917fdba2cace51081633"},"headline":"Els patis mallorquins","datePublished":"2010-08-20T16:22:22+00:00","dateModified":"2017-09-19T16:15:44+00:00","mainEntityOfPage":{"@id":"https:\/\/www.masmallorca.es\/ca\/cultura\/els-patis-mallorquins.html"},"wordCount":448,"publisher":{"@id":"https:\/\/www.masmallorca.es\/ca#organization"},"image":{"@id":"https:\/\/www.masmallorca.es\/ca\/cultura\/els-patis-mallorquins.html#primaryimage"},"thumbnailUrl":"https:\/\/www.masmallorca.es\/wp-content\/uploads\/2017\/05\/Patios-mallorquines-Palma-Son-Vivot-calle-Can-Savella.jpg","articleSection":["Cultura de Mallorca"],"inLanguage":"ca-ES"},{"@type":"WebPage","@id":"https:\/\/www.masmallorca.es\/ca\/cultura\/els-patis-mallorquins.html","url":"https:\/\/www.masmallorca.es\/ca\/cultura\/els-patis-mallorquins.html","name":"Els patis mallorquins de Palma | +Mallorca, la revista de Mallorca","isPartOf":{"@id":"https:\/\/www.masmallorca.es\/ca#website"},"primaryImageOfPage":{"@id":"https:\/\/www.masmallorca.es\/ca\/cultura\/els-patis-mallorquins.html#primaryimage"},"image":{"@id":"https:\/\/www.masmallorca.es\/ca\/cultura\/els-patis-mallorquins.html#primaryimage"},"thumbnailUrl":"https:\/\/www.masmallorca.es\/wp-content\/uploads\/2017\/05\/Patios-mallorquines-Palma-Son-Vivot-calle-Can-Savella.jpg","datePublished":"2010-08-20T16:22:22+00:00","dateModified":"2017-09-19T16:15:44+00:00","description":"+Mallorca, Cultura: Els patis de les cases senyorials de Palma constitueixen un dels elements urbans caracter\u00edstics de la ciutat, exemple \u00fanic a Espanya.","breadcrumb":{"@id":"https:\/\/www.masmallorca.es\/ca\/cultura\/els-patis-mallorquins.html#breadcrumb"},"inLanguage":"ca-ES","potentialAction":[{"@type":"ReadAction","target":["https:\/\/www.masmallorca.es\/ca\/cultura\/els-patis-mallorquins.html"]}]},{"@type":"ImageObject","inLanguage":"ca-ES","@id":"https:\/\/www.masmallorca.es\/ca\/cultura\/els-patis-mallorquins.html#primaryimage","url":"https:\/\/www.masmallorca.es\/wp-content\/uploads\/2017\/05\/Patios-mallorquines-Palma-Son-Vivot-calle-Can-Savella.jpg","contentUrl":"https:\/\/www.masmallorca.es\/wp-content\/uploads\/2017\/05\/Patios-mallorquines-Palma-Son-Vivot-calle-Can-Savella.jpg","width":940,"height":341},{"@type":"BreadcrumbList","@id":"https:\/\/www.masmallorca.es\/ca\/cultura\/els-patis-mallorquins.html#breadcrumb","itemListElement":[{"@type":"ListItem","position":1,"name":"Portada","item":"https:\/\/www.masmallorca.es\/ca"},{"@type":"ListItem","position":2,"name":"Cultura de Mallorca","item":"https:\/\/www.masmallorca.es\/ca\/cultura"},{"@type":"ListItem","position":3,"name":"Els patis mallorquins"}]},{"@type":"WebSite","@id":"https:\/\/www.masmallorca.es\/ca#website","url":"https:\/\/www.masmallorca.es\/ca","name":"+Mallorca: la revista de Mallorca","description":"Molt m\u00e9s que sol i platja..","publisher":{"@id":"https:\/\/www.masmallorca.es\/ca#organization"},"alternateName":"+Mallorca","potentialAction":[{"@type":"SearchAction","target":{"@type":"EntryPoint","urlTemplate":"https:\/\/www.masmallorca.es\/ca?s={search_term_string}"},"query-input":{"@type":"PropertyValueSpecification","valueRequired":true,"valueName":"search_term_string"}}],"inLanguage":"ca-ES"},{"@type":"Organization","@id":"https:\/\/www.masmallorca.es\/ca#organization","name":"Revista +Mallorca","alternateName":"M\u00e1s Mallorca","url":"https:\/\/www.masmallorca.es\/ca","logo":{"@type":"ImageObject","inLanguage":"ca-ES","@id":"https:\/\/www.masmallorca.es\/ca#\/schema\/logo\/image\/","url":"https:\/\/www.masmallorca.es\/wp-content\/uploads\/2021\/04\/logomallorca-1.png","contentUrl":"https:\/\/www.masmallorca.es\/wp-content\/uploads\/2021\/04\/logomallorca-1.png","width":326,"height":84,"caption":"Revista +Mallorca"},"image":{"@id":"https:\/\/www.masmallorca.es\/ca#\/schema\/logo\/image\/"},"sameAs":["https:\/\/www.facebook.com\/mallorcamagazine\/","https:\/\/x.com\/masmallorca"]},{"@type":"Person","@id":"https:\/\/www.masmallorca.es\/ca#\/schema\/person\/554c84e7dfd9917fdba2cace51081633","name":"masmallorca"}]}},"_links":{"self":[{"href":"https:\/\/www.masmallorca.es\/ca\/wp-json\/wp\/v2\/posts\/7042","targetHints":{"allow":["GET"]}}],"collection":[{"href":"https:\/\/www.masmallorca.es\/ca\/wp-json\/wp\/v2\/posts"}],"about":[{"href":"https:\/\/www.masmallorca.es\/ca\/wp-json\/wp\/v2\/types\/post"}],"author":[{"embeddable":true,"href":"https:\/\/www.masmallorca.es\/ca\/wp-json\/wp\/v2\/users\/1"}],"replies":[{"embeddable":true,"href":"https:\/\/www.masmallorca.es\/ca\/wp-json\/wp\/v2\/comments?post=7042"}],"version-history":[{"count":0,"href":"https:\/\/www.masmallorca.es\/ca\/wp-json\/wp\/v2\/posts\/7042\/revisions"}],"wp:featuredmedia":[{"embeddable":true,"href":"https:\/\/www.masmallorca.es\/ca\/wp-json\/wp\/v2\/media\/17794"}],"wp:attachment":[{"href":"https:\/\/www.masmallorca.es\/ca\/wp-json\/wp\/v2\/media?parent=7042"}],"wp:term":[{"taxonomy":"category","embeddable":true,"href":"https:\/\/www.masmallorca.es\/ca\/wp-json\/wp\/v2\/categories?post=7042"},{"taxonomy":"post_tag","embeddable":true,"href":"https:\/\/www.masmallorca.es\/ca\/wp-json\/wp\/v2\/tags?post=7042"}],"curies":[{"name":"wp","href":"https:\/\/api.w.org\/{rel}","templated":true}]}}