{"id":5679,"date":"2010-05-10T10:37:39","date_gmt":"2010-05-10T08:37:39","guid":{"rendered":""},"modified":"2018-09-20T10:44:27","modified_gmt":"2018-09-20T08:44:27","slug":"siurells","status":"publish","type":"post","link":"https:\/\/www.masmallorca.es\/ca\/cultura\/siurells.html","title":{"rendered":"Siurells"},"content":{"rendered":"<p style=\"text-align: justify;\"><img decoding=\"async\" class=\" alignright size-full wp-image-5659\" style=\"border: 0px none; margin: 0px 20px 20px; float: right;\" title=\"Siurells de Mallorca, siurell mallorqu\u00ed\" src=\"https:\/\/www.masmallorca.es\/wp-content\/uploads\/2010\/05\/SIURELL-1.jpg\" alt=\"Siurells de Mallorca, siurell mallorqu\u00ed\" width=\"150\" \/>Quan fos que va sorgir la figureta del Siurell, s\u2019han atribu\u00eft a aquesta petita flauta forces m\u00e0giques. Els vents de Mallorca, Gregal, Llevant, Xaloc, Migjorn, Llebeig, Ponent, Mestral i Tramuntana, inspiraven algunes vegades gran temor. Per als seus habitants eren forces incontrolables de la naturalesa a les quals estaven exposats sense remei, i empraven les xiulades del Siurell com un tipus de t\u00f3tem davant els vents tempestuosos.<\/p>\n<p><!--more--><\/p>\n<p><img loading=\"lazy\" decoding=\"async\" class=\" alignleft size-full wp-image-5664\" style=\"border: 0px none; margin: 10px 20px 5px 0px; float: left;\" title=\"Siurells de Mallorca, siurell mallorqu\u00ed\" src=\"https:\/\/www.masmallorca.es\/wp-content\/uploads\/2010\/05\/SIURELL-2.jpg\" alt=\"Siurells de Mallorca, siurell mallorqu\u00ed\" width=\"300\" height=\"484\" srcset=\"https:\/\/www.masmallorca.es\/wp-content\/uploads\/2010\/05\/SIURELL-2.jpg 300w, https:\/\/www.masmallorca.es\/wp-content\/uploads\/2010\/05\/SIURELL-2-186x300.jpg 186w\" sizes=\"(max-width: 300px) 100vw, 300px\" \/><\/p>\n<p>&nbsp;<\/p>\n<p><strong><br \/>\nHist\u00f2ria<\/strong><\/p>\n<div style=\"text-align: justify;\">\n<p>El seu origen es remunta a \u00e8poques ancestrals. Hi ha qui pensa que ve d\u2019una antiga joguina \u00e0rab.<\/p>\n<p>A Mallorca l\u2019opini\u00f3 popular \u00e9s que els fenicis els varen importar, tamb\u00e9 hi ha formes similars a Cerdenya, Eivissa i Creta.<\/p>\n<p>Les formes similars de Creta es troben al museu d\u2019Hiraclion procedents d\u2019unes excavacions del Palau de Knossos.<\/p>\n<p>Tamb\u00e9 es pensa que poren venir dels grecs molts de segles abans de Jesucrist.<\/p>\n<p>Els siurells s\u00f3n un misteri. No es sap quina \u00e9s la seva antig\u00fcetat, ni el seu significat ni el seu origen. Hi ha qui pensa que nom\u00e9s \u00e9s una joguina per\u00f2 tamb\u00e9 es demanen si t\u00e9 un valor religi\u00f3s.<\/p>\n<p>Algunes coincid\u00e8ncies i similituts ho tenen enlla\u00e7at amb l\u2019arqueologia de Creta, chipriota, grega, sarda.<\/p>\n<\/div>\n<p><img loading=\"lazy\" decoding=\"async\" class=\" alignleft size-full wp-image-5669\" style=\"border: 0px none; margin: 10px 20px 5px 0px; float: left;\" title=\"Siurells de Mallorca, siurell mallorqu\u00ed\" src=\"https:\/\/www.masmallorca.es\/wp-content\/uploads\/2010\/05\/SIURELL-3.jpg\" alt=\"Siurells de Mallorca, siurell mallorqu\u00ed\" width=\"300\" height=\"315\" srcset=\"https:\/\/www.masmallorca.es\/wp-content\/uploads\/2010\/05\/SIURELL-3.jpg 300w, https:\/\/www.masmallorca.es\/wp-content\/uploads\/2010\/05\/SIURELL-3-286x300.jpg 286w\" sizes=\"(max-width: 300px) 100vw, 300px\" \/><\/p>\n<div style=\"text-align: justify;\">\n<p>&nbsp;<\/p>\n<p>A Segovia hi ha figures similars tamb\u00e9 amb xiulet per\u00f2 el Siurell manifiesta caracteristiques amb danses folcl\u00f2riques mallorquines.<\/p>\n<p>Descobriments moderns posen els antecedents del Siurell cap el segle dotze.<\/p>\n<p>El cas \u00e9s que molts d\u2019investigadors est\u00e0n cercant el vertader origen del Siurell per\u00f2 nom\u00e8s tenen hip\u00f2tesis sense arribar a cap conclusi\u00f3 definitiva.<\/p>\n<p><strong>Fabricaci\u00f3<\/strong><\/p>\n<p>El Siurell \u00e9s una pe\u00e7a de fang posada damunt una peanya, amb un xiulet, est\u00e0 emblanquinada i pintada amb pinzellades verdes i vermelles. Es comen\u00e7a per modelar les diferents parts de la pe\u00e7a que s\u2019afegeixen una l\u2019altra amb un fang m\u00e9s clar que \u00e9s diu llamuga. Despr\u00e9s es confecciona el xiulet, \u00e9s la pe\u00e7a fonamental del siurell ja que li d\u00f3na el nom.<\/p>\n<p>Quan est\u00e0 cuita es d\u00f3na un bany de cal\u00e7.\u00a0 A continuaci\u00f3 es pinta amb pinzellades de color verd i vermell.<\/p>\n<h2 style=\"text-align: center;\"><strong><span style=\"font-size: 10pt;\"><a title=\"Comprar Siurells\" href=\"https:\/\/www.mallorcashop.net\/ca\/6-siurells\" target=\"_blank\" rel=\"noopener noreferrer\">Comprar Siurells<\/a><\/span><\/strong><\/h2>\n<\/div>\n<p><img loading=\"lazy\" decoding=\"async\" class=\"alignnone wp-image-5674\" style=\"border: 0px none; margin: 10px 0px; float: center;\" title=\"Siurells de Mallorca, siurell mallorqu\u00ed\" src=\"https:\/\/www.masmallorca.es\/wp-content\/uploads\/2010\/05\/SIURELL-4.jpg\" alt=\"Siurells de Mallorca, siurell mallorqu\u00ed\" width=\"940\" height=\"458\" srcset=\"https:\/\/www.masmallorca.es\/wp-content\/uploads\/2010\/05\/SIURELL-4.jpg 540w, https:\/\/www.masmallorca.es\/wp-content\/uploads\/2010\/05\/SIURELL-4-300x146.jpg 300w\" sizes=\"(max-width: 940px) 100vw, 940px\" \/><\/p>\n","protected":false},"excerpt":{"rendered":"<p>Quan fos que va sorgir la figureta del Siurell, s\u2019han atribu\u00eft a aquesta petita flauta forces m\u00e0giques. Els vents de Mallorca, Gregal, Llevant, Xaloc, Migjorn, Llebeig, Ponent, Mestral i Tramuntana, inspiraven algunes vegades gran temor. Per als seus habitants eren forces incontrolables de la naturalesa a les quals estaven exposats sense remei, i empraven les [&hellip;]<\/p>\n","protected":false},"author":1,"featured_media":5675,"comment_status":"closed","ping_status":"closed","sticky":false,"template":"","format":"standard","meta":{"_et_pb_use_builder":"off","_et_pb_old_content":"<p style=\"text-align: justify;\"><img class=\" alignright size-full wp-image-5627\" style=\"border: 0px none; margin: 0px 20px 20px; float: right;\" src=\"https:\/\/www.masmallorca.es\/wp-content\/uploads\/2010\/05\/SIURELL-1.jpg\" alt=\"Siurell\" width=\"150\" \/>Cuando fuera que surgi\u00f3 la figurilla del Siurell, se han atribuido a esta peque\u00f1a flauta fuerzas m\u00e1gicas. Los vientos de Mallorca, Gregal, Llevant, Xaloc, Migjorn, Llebeig, Ponent, Mestral y Tramuntana, infund\u00edan algunas veces gran temor. Para sus habitantes eran fuerzas incontrolables de la naturaleza a las que estaban expuestos sin remedio, y empleaban los silbidos del Siurell como un tipo de t\u00f3tem ante los vientos tempestuosos.<\/p>\r\n<!--more-->\r\n\r\n<img class=\" alignleft size-full wp-image-5632\" style=\"border: 0px none; margin: 10px 20px 5px 0px; float: left;\" src=\"https:\/\/www.masmallorca.es\/wp-content\/uploads\/2010\/05\/SIURELL-2.jpg\" alt=\"Siurell\" width=\"300\" height=\"484\" \/>\r\n\r\n\u00a0\r\n<p style=\"text-align: justify;\"><strong>Historia<\/strong><\/p>\r\n<p style=\"text-align: justify;\">Su origen se remonta a \u00e9pocas ancestrales. Hay qui\u00e9n piensa que viene de un antiguo juguete \u00e1rabe. En Mallorca la opini\u00f3n popular es que los fenicios los importaron, tambi\u00e9n hay formas similares en Cerde\u00f1a, Eivissa y Creta. Las formas similares de Creta se encuentran en el museo de Hiraclion procedentes de unas excavaciones del Palacio de Knossos.\r\nTambi\u00e9n se piensa que pueden venir de los griegos muchos siglos antes de Jesucristo.<\/p>\r\n<p style=\"text-align: justify;\">\r\nLos Siurells son un misterio. No se sabe cual es su antig\u00fcedad, ni su significado ni su origen. Hay qui\u00e9n piensa que s\u00f3lo es un juguete pero tambi\u00e9n se piensa que puede tener un valor religioso. Algunas coincidencias y similitudes lo enlazan con la arqueolog\u00eda de Creta, chipriota, griega, sarda.<\/p>\r\n<img class=\" alignleft size-full wp-image-5637\" style=\"border: 0px none; margin: 10px 20px 5px 0px; float: left;\" src=\"https:\/\/www.masmallorca.es\/wp-content\/uploads\/2010\/05\/SIURELL-3.jpg\" alt=\"Siurell\" width=\"300\" \/>\r\n<p style=\"text-align: justify;\"><\/p>\r\n<p style=\"text-align: justify;\">En Segovia hay figuras similares tambi\u00e9n con silbato pero el Siurell manifiesta caracter\u00edsticas con danzas folcl\u00f3ricas mallorquinas.<\/p>\r\n<p style=\"text-align: justify;\"><\/p>\r\n<p style=\"text-align: justify;\">Descubrimientos modernos ponen los antecedentes del Siurell sobre el siglo doce. El caso es que muchos investigadores est\u00e1n buscando el verdadero origen del Siurell pero s\u00f3lo tienen hip\u00f3tesis sin llegar a ninguna conclusi\u00f3n definitiva.<\/p>\r\n<p style=\"text-align: justify;\">\r\n<strong>Fabricaci\u00f3n<\/strong><\/p>\r\n<p style=\"text-align: justify;\">El Siurell es una pieza de barro puesta encima una peana, con un silbato, de color blanco y pintada con pinceladas verdes y rojas. Se empieza por modelar las diferentes partes de la pieza que se a\u00f1aden una a otra con un barro m\u00e1s claro que se dice llamuga. Despu\u00e9s se confecciona el silbato, la pieza fundamental del siurell puesto que le da el nombre.\r\nCuando est\u00e1 cocida se da un ba\u00f1o de cal. A continuaci\u00f3n se pinta con pinceladas de color verde y rojo.<\/p>\r\n<p style=\"text-align: center;\"><a title=\"Siurell de Mallorca\" href=\"http:\/\/www.mallorcashop.net\/es\/6-siurell-de-mallorca\" target=\"_blank\" rel=\"noopener noreferrer\">Comprar Siurells<\/a><\/p>\r\n<img class=\" alignleft size-full wp-image-5642\" style=\"border: 0px none; margin: 10px 0px; float: left;\" src=\"https:\/\/www.masmallorca.es\/wp-content\/uploads\/2010\/05\/SIURELL-4.jpg\" alt=\"Siurell\" width=\"540\" height=\"263\" \/>","_et_gb_content_width":"","footnotes":""},"categories":[19],"tags":[],"class_list":["post-5679","post","type-post","status-publish","format-standard","has-post-thumbnail","hentry","category-cultura","et-has-post-format-content","et_post_format-et-post-format-standard"],"yoast_head":"<!-- This site is optimized with the Yoast SEO plugin v27.4 - https:\/\/yoast.com\/product\/yoast-seo-wordpress\/ -->\n<title>Siurells mallorquins | +Mallorca: la revista de Mallorca<\/title>\n<meta name=\"description\" content=\"El Siurell \u00e9s una pe\u00e7a de fang posada damunt una peanya, amb un xiulet, emblanquinada i amb pinzellades verdes i vermelles. Siurells mallorquins. Mallorca.\" \/>\n<meta name=\"robots\" content=\"index, follow, max-snippet:-1, max-image-preview:large, max-video-preview:-1\" \/>\n<link rel=\"canonical\" href=\"https:\/\/www.masmallorca.es\/ca\/cultura\/siurells.html\" \/>\n<meta property=\"og:locale\" content=\"ca_ES\" \/>\n<meta property=\"og:type\" content=\"article\" \/>\n<meta property=\"og:title\" content=\"Siurells mallorquins | +Mallorca: la revista de Mallorca\" \/>\n<meta property=\"og:description\" content=\"El Siurell \u00e9s una pe\u00e7a de fang posada damunt una peanya, amb un xiulet, emblanquinada i amb pinzellades verdes i vermelles. Siurells mallorquins. Mallorca.\" \/>\n<meta property=\"og:url\" content=\"https:\/\/www.masmallorca.es\/ca\/cultura\/siurells.html\" \/>\n<meta property=\"og:site_name\" content=\"+Mallorca: la revista de Mallorca\" \/>\n<meta property=\"article:publisher\" content=\"https:\/\/www.facebook.com\/mallorcamagazine\/\" \/>\n<meta property=\"article:published_time\" content=\"2010-05-10T08:37:39+00:00\" \/>\n<meta property=\"article:modified_time\" content=\"2018-09-20T08:44:27+00:00\" \/>\n<meta property=\"og:image\" content=\"https:\/\/www.masmallorca.es\/wp-content\/uploads\/2010\/05\/SIURELL-4.jpg\" \/>\n\t<meta property=\"og:image:width\" content=\"540\" \/>\n\t<meta property=\"og:image:height\" content=\"263\" \/>\n\t<meta property=\"og:image:type\" content=\"image\/jpeg\" \/>\n<meta name=\"author\" content=\"masmallorca\" \/>\n<meta name=\"twitter:card\" content=\"summary_large_image\" \/>\n<meta name=\"twitter:creator\" content=\"@masmallorca\" \/>\n<meta name=\"twitter:site\" content=\"@masmallorca\" \/>\n<meta name=\"twitter:label1\" content=\"Written by\" \/>\n\t<meta name=\"twitter:data1\" content=\"masmallorca\" \/>\n\t<meta name=\"twitter:label2\" content=\"Est. reading time\" \/>\n\t<meta name=\"twitter:data2\" content=\"2 minutes\" \/>\n<script type=\"application\/ld+json\" class=\"yoast-schema-graph\">{\"@context\":\"https:\\\/\\\/schema.org\",\"@graph\":[{\"@type\":\"Article\",\"@id\":\"https:\\\/\\\/www.masmallorca.es\\\/ca\\\/cultura\\\/siurells.html#article\",\"isPartOf\":{\"@id\":\"https:\\\/\\\/www.masmallorca.es\\\/ca\\\/cultura\\\/siurells.html\"},\"author\":{\"name\":\"masmallorca\",\"@id\":\"https:\\\/\\\/www.masmallorca.es\\\/ca#\\\/schema\\\/person\\\/554c84e7dfd9917fdba2cace51081633\"},\"headline\":\"Siurells\",\"datePublished\":\"2010-05-10T08:37:39+00:00\",\"dateModified\":\"2018-09-20T08:44:27+00:00\",\"mainEntityOfPage\":{\"@id\":\"https:\\\/\\\/www.masmallorca.es\\\/ca\\\/cultura\\\/siurells.html\"},\"wordCount\":363,\"publisher\":{\"@id\":\"https:\\\/\\\/www.masmallorca.es\\\/ca#organization\"},\"image\":{\"@id\":\"https:\\\/\\\/www.masmallorca.es\\\/ca\\\/cultura\\\/siurells.html#primaryimage\"},\"thumbnailUrl\":\"https:\\\/\\\/www.masmallorca.es\\\/wp-content\\\/uploads\\\/2010\\\/05\\\/SIURELL-4.jpg\",\"articleSection\":[\"Cultura de Mallorca\"],\"inLanguage\":\"ca-ES\"},{\"@type\":\"WebPage\",\"@id\":\"https:\\\/\\\/www.masmallorca.es\\\/ca\\\/cultura\\\/siurells.html\",\"url\":\"https:\\\/\\\/www.masmallorca.es\\\/ca\\\/cultura\\\/siurells.html\",\"name\":\"Siurells mallorquins | +Mallorca: la revista de Mallorca\",\"isPartOf\":{\"@id\":\"https:\\\/\\\/www.masmallorca.es\\\/ca#website\"},\"primaryImageOfPage\":{\"@id\":\"https:\\\/\\\/www.masmallorca.es\\\/ca\\\/cultura\\\/siurells.html#primaryimage\"},\"image\":{\"@id\":\"https:\\\/\\\/www.masmallorca.es\\\/ca\\\/cultura\\\/siurells.html#primaryimage\"},\"thumbnailUrl\":\"https:\\\/\\\/www.masmallorca.es\\\/wp-content\\\/uploads\\\/2010\\\/05\\\/SIURELL-4.jpg\",\"datePublished\":\"2010-05-10T08:37:39+00:00\",\"dateModified\":\"2018-09-20T08:44:27+00:00\",\"description\":\"El Siurell \u00e9s una pe\u00e7a de fang posada damunt una peanya, amb un xiulet, emblanquinada i amb pinzellades verdes i vermelles. Siurells mallorquins. Mallorca.\",\"breadcrumb\":{\"@id\":\"https:\\\/\\\/www.masmallorca.es\\\/ca\\\/cultura\\\/siurells.html#breadcrumb\"},\"inLanguage\":\"ca-ES\",\"potentialAction\":[{\"@type\":\"ReadAction\",\"target\":[\"https:\\\/\\\/www.masmallorca.es\\\/ca\\\/cultura\\\/siurells.html\"]}]},{\"@type\":\"ImageObject\",\"inLanguage\":\"ca-ES\",\"@id\":\"https:\\\/\\\/www.masmallorca.es\\\/ca\\\/cultura\\\/siurells.html#primaryimage\",\"url\":\"https:\\\/\\\/www.masmallorca.es\\\/wp-content\\\/uploads\\\/2010\\\/05\\\/SIURELL-4.jpg\",\"contentUrl\":\"https:\\\/\\\/www.masmallorca.es\\\/wp-content\\\/uploads\\\/2010\\\/05\\\/SIURELL-4.jpg\",\"width\":540,\"height\":263,\"caption\":\"Siurell mallorqu\u00edn, Mallorca\"},{\"@type\":\"BreadcrumbList\",\"@id\":\"https:\\\/\\\/www.masmallorca.es\\\/ca\\\/cultura\\\/siurells.html#breadcrumb\",\"itemListElement\":[{\"@type\":\"ListItem\",\"position\":1,\"name\":\"Portada\",\"item\":\"https:\\\/\\\/www.masmallorca.es\\\/ca\"},{\"@type\":\"ListItem\",\"position\":2,\"name\":\"Cultura de Mallorca\",\"item\":\"https:\\\/\\\/www.masmallorca.es\\\/ca\\\/cultura\"},{\"@type\":\"ListItem\",\"position\":3,\"name\":\"Siurells\"}]},{\"@type\":\"WebSite\",\"@id\":\"https:\\\/\\\/www.masmallorca.es\\\/ca#website\",\"url\":\"https:\\\/\\\/www.masmallorca.es\\\/ca\",\"name\":\"+Mallorca: la revista de Mallorca\",\"description\":\"Molt m\u00e9s que sol i platja..\",\"publisher\":{\"@id\":\"https:\\\/\\\/www.masmallorca.es\\\/ca#organization\"},\"alternateName\":\"+Mallorca\",\"potentialAction\":[{\"@type\":\"SearchAction\",\"target\":{\"@type\":\"EntryPoint\",\"urlTemplate\":\"https:\\\/\\\/www.masmallorca.es\\\/ca?s={search_term_string}\"},\"query-input\":{\"@type\":\"PropertyValueSpecification\",\"valueRequired\":true,\"valueName\":\"search_term_string\"}}],\"inLanguage\":\"ca-ES\"},{\"@type\":\"Organization\",\"@id\":\"https:\\\/\\\/www.masmallorca.es\\\/ca#organization\",\"name\":\"Revista +Mallorca\",\"alternateName\":\"M\u00e1s Mallorca\",\"url\":\"https:\\\/\\\/www.masmallorca.es\\\/ca\",\"logo\":{\"@type\":\"ImageObject\",\"inLanguage\":\"ca-ES\",\"@id\":\"https:\\\/\\\/www.masmallorca.es\\\/ca#\\\/schema\\\/logo\\\/image\\\/\",\"url\":\"https:\\\/\\\/www.masmallorca.es\\\/wp-content\\\/uploads\\\/2021\\\/04\\\/logomallorca-1.png\",\"contentUrl\":\"https:\\\/\\\/www.masmallorca.es\\\/wp-content\\\/uploads\\\/2021\\\/04\\\/logomallorca-1.png\",\"width\":326,\"height\":84,\"caption\":\"Revista +Mallorca\"},\"image\":{\"@id\":\"https:\\\/\\\/www.masmallorca.es\\\/ca#\\\/schema\\\/logo\\\/image\\\/\"},\"sameAs\":[\"https:\\\/\\\/www.facebook.com\\\/mallorcamagazine\\\/\",\"https:\\\/\\\/x.com\\\/masmallorca\"]},{\"@type\":\"Person\",\"@id\":\"https:\\\/\\\/www.masmallorca.es\\\/ca#\\\/schema\\\/person\\\/554c84e7dfd9917fdba2cace51081633\",\"name\":\"masmallorca\"}]}<\/script>\n<!-- \/ Yoast SEO plugin. -->","yoast_head_json":{"title":"Siurells mallorquins | +Mallorca: la revista de Mallorca","description":"El Siurell \u00e9s una pe\u00e7a de fang posada damunt una peanya, amb un xiulet, emblanquinada i amb pinzellades verdes i vermelles. Siurells mallorquins. Mallorca.","robots":{"index":"index","follow":"follow","max-snippet":"max-snippet:-1","max-image-preview":"max-image-preview:large","max-video-preview":"max-video-preview:-1"},"canonical":"https:\/\/www.masmallorca.es\/ca\/cultura\/siurells.html","og_locale":"ca_ES","og_type":"article","og_title":"Siurells mallorquins | +Mallorca: la revista de Mallorca","og_description":"El Siurell \u00e9s una pe\u00e7a de fang posada damunt una peanya, amb un xiulet, emblanquinada i amb pinzellades verdes i vermelles. Siurells mallorquins. Mallorca.","og_url":"https:\/\/www.masmallorca.es\/ca\/cultura\/siurells.html","og_site_name":"+Mallorca: la revista de Mallorca","article_publisher":"https:\/\/www.facebook.com\/mallorcamagazine\/","article_published_time":"2010-05-10T08:37:39+00:00","article_modified_time":"2018-09-20T08:44:27+00:00","og_image":[{"width":540,"height":263,"url":"https:\/\/www.masmallorca.es\/wp-content\/uploads\/2010\/05\/SIURELL-4.jpg","type":"image\/jpeg"}],"author":"masmallorca","twitter_card":"summary_large_image","twitter_creator":"@masmallorca","twitter_site":"@masmallorca","twitter_misc":{"Written by":"masmallorca","Est. reading time":"2 minutes"},"schema":{"@context":"https:\/\/schema.org","@graph":[{"@type":"Article","@id":"https:\/\/www.masmallorca.es\/ca\/cultura\/siurells.html#article","isPartOf":{"@id":"https:\/\/www.masmallorca.es\/ca\/cultura\/siurells.html"},"author":{"name":"masmallorca","@id":"https:\/\/www.masmallorca.es\/ca#\/schema\/person\/554c84e7dfd9917fdba2cace51081633"},"headline":"Siurells","datePublished":"2010-05-10T08:37:39+00:00","dateModified":"2018-09-20T08:44:27+00:00","mainEntityOfPage":{"@id":"https:\/\/www.masmallorca.es\/ca\/cultura\/siurells.html"},"wordCount":363,"publisher":{"@id":"https:\/\/www.masmallorca.es\/ca#organization"},"image":{"@id":"https:\/\/www.masmallorca.es\/ca\/cultura\/siurells.html#primaryimage"},"thumbnailUrl":"https:\/\/www.masmallorca.es\/wp-content\/uploads\/2010\/05\/SIURELL-4.jpg","articleSection":["Cultura de Mallorca"],"inLanguage":"ca-ES"},{"@type":"WebPage","@id":"https:\/\/www.masmallorca.es\/ca\/cultura\/siurells.html","url":"https:\/\/www.masmallorca.es\/ca\/cultura\/siurells.html","name":"Siurells mallorquins | +Mallorca: la revista de Mallorca","isPartOf":{"@id":"https:\/\/www.masmallorca.es\/ca#website"},"primaryImageOfPage":{"@id":"https:\/\/www.masmallorca.es\/ca\/cultura\/siurells.html#primaryimage"},"image":{"@id":"https:\/\/www.masmallorca.es\/ca\/cultura\/siurells.html#primaryimage"},"thumbnailUrl":"https:\/\/www.masmallorca.es\/wp-content\/uploads\/2010\/05\/SIURELL-4.jpg","datePublished":"2010-05-10T08:37:39+00:00","dateModified":"2018-09-20T08:44:27+00:00","description":"El Siurell \u00e9s una pe\u00e7a de fang posada damunt una peanya, amb un xiulet, emblanquinada i amb pinzellades verdes i vermelles. Siurells mallorquins. Mallorca.","breadcrumb":{"@id":"https:\/\/www.masmallorca.es\/ca\/cultura\/siurells.html#breadcrumb"},"inLanguage":"ca-ES","potentialAction":[{"@type":"ReadAction","target":["https:\/\/www.masmallorca.es\/ca\/cultura\/siurells.html"]}]},{"@type":"ImageObject","inLanguage":"ca-ES","@id":"https:\/\/www.masmallorca.es\/ca\/cultura\/siurells.html#primaryimage","url":"https:\/\/www.masmallorca.es\/wp-content\/uploads\/2010\/05\/SIURELL-4.jpg","contentUrl":"https:\/\/www.masmallorca.es\/wp-content\/uploads\/2010\/05\/SIURELL-4.jpg","width":540,"height":263,"caption":"Siurell mallorqu\u00edn, Mallorca"},{"@type":"BreadcrumbList","@id":"https:\/\/www.masmallorca.es\/ca\/cultura\/siurells.html#breadcrumb","itemListElement":[{"@type":"ListItem","position":1,"name":"Portada","item":"https:\/\/www.masmallorca.es\/ca"},{"@type":"ListItem","position":2,"name":"Cultura de Mallorca","item":"https:\/\/www.masmallorca.es\/ca\/cultura"},{"@type":"ListItem","position":3,"name":"Siurells"}]},{"@type":"WebSite","@id":"https:\/\/www.masmallorca.es\/ca#website","url":"https:\/\/www.masmallorca.es\/ca","name":"+Mallorca: la revista de Mallorca","description":"Molt m\u00e9s que sol i platja..","publisher":{"@id":"https:\/\/www.masmallorca.es\/ca#organization"},"alternateName":"+Mallorca","potentialAction":[{"@type":"SearchAction","target":{"@type":"EntryPoint","urlTemplate":"https:\/\/www.masmallorca.es\/ca?s={search_term_string}"},"query-input":{"@type":"PropertyValueSpecification","valueRequired":true,"valueName":"search_term_string"}}],"inLanguage":"ca-ES"},{"@type":"Organization","@id":"https:\/\/www.masmallorca.es\/ca#organization","name":"Revista +Mallorca","alternateName":"M\u00e1s Mallorca","url":"https:\/\/www.masmallorca.es\/ca","logo":{"@type":"ImageObject","inLanguage":"ca-ES","@id":"https:\/\/www.masmallorca.es\/ca#\/schema\/logo\/image\/","url":"https:\/\/www.masmallorca.es\/wp-content\/uploads\/2021\/04\/logomallorca-1.png","contentUrl":"https:\/\/www.masmallorca.es\/wp-content\/uploads\/2021\/04\/logomallorca-1.png","width":326,"height":84,"caption":"Revista +Mallorca"},"image":{"@id":"https:\/\/www.masmallorca.es\/ca#\/schema\/logo\/image\/"},"sameAs":["https:\/\/www.facebook.com\/mallorcamagazine\/","https:\/\/x.com\/masmallorca"]},{"@type":"Person","@id":"https:\/\/www.masmallorca.es\/ca#\/schema\/person\/554c84e7dfd9917fdba2cace51081633","name":"masmallorca"}]}},"_links":{"self":[{"href":"https:\/\/www.masmallorca.es\/ca\/wp-json\/wp\/v2\/posts\/5679","targetHints":{"allow":["GET"]}}],"collection":[{"href":"https:\/\/www.masmallorca.es\/ca\/wp-json\/wp\/v2\/posts"}],"about":[{"href":"https:\/\/www.masmallorca.es\/ca\/wp-json\/wp\/v2\/types\/post"}],"author":[{"embeddable":true,"href":"https:\/\/www.masmallorca.es\/ca\/wp-json\/wp\/v2\/users\/1"}],"replies":[{"embeddable":true,"href":"https:\/\/www.masmallorca.es\/ca\/wp-json\/wp\/v2\/comments?post=5679"}],"version-history":[{"count":0,"href":"https:\/\/www.masmallorca.es\/ca\/wp-json\/wp\/v2\/posts\/5679\/revisions"}],"wp:featuredmedia":[{"embeddable":true,"href":"https:\/\/www.masmallorca.es\/ca\/wp-json\/wp\/v2\/media\/5675"}],"wp:attachment":[{"href":"https:\/\/www.masmallorca.es\/ca\/wp-json\/wp\/v2\/media?parent=5679"}],"wp:term":[{"taxonomy":"category","embeddable":true,"href":"https:\/\/www.masmallorca.es\/ca\/wp-json\/wp\/v2\/categories?post=5679"},{"taxonomy":"post_tag","embeddable":true,"href":"https:\/\/www.masmallorca.es\/ca\/wp-json\/wp\/v2\/tags?post=5679"}],"curies":[{"name":"wp","href":"https:\/\/api.w.org\/{rel}","templated":true}]}}