{"id":5586,"date":"2010-04-14T14:28:38","date_gmt":"2010-04-14T12:28:38","guid":{"rendered":""},"modified":"2017-10-06T19:24:47","modified_gmt":"2017-10-06T17:24:47","slug":"calapet-verd","status":"publish","type":"post","link":"https:\/\/www.masmallorca.es\/ca\/fauna-a-mallorca\/calapet-verd.html","title":{"rendered":"Cal\u00e0pet Verd"},"content":{"rendered":"<p style=\"text-align: justify;\"><img loading=\"lazy\" decoding=\"async\" class=\" alignright size-full wp-image-5564\" style=\"margin-left: 20px; margin-right: 20px; float: right;\" src=\"https:\/\/www.masmallorca.es\/wp-content\/uploads\/2010\/04\/Calapet-Verd_1.jpg\" width=\"150\" height=\"103\" \/><\/p>\n<div style=\"text-align: justify;\"><strong>\u00c0rea de distribuci\u00f3<\/strong><\/div>\n<div style=\"text-align: justify;\">La poblaci\u00f3 balear va ser descrita com a subesp\u00e8cie end\u00e8mica per Boettger el 1881. A Espanya <strong>es troba \u00fanicament a les Balears<\/strong>, sent probablement una esp\u00e8cie antigament introdu\u00efda, procedent de C\u00f2rsega i Sardenya.<\/div>\n<div style=\"text-align: justify;\">\u00a0<\/div>\n<p><!--more--><\/p>\n<p style=\"text-align: justify;\">\u00a0<\/p>\n<p style=\"text-align: justify;\">Partint d\u2019estudis detallats bioqu\u00edmics i la similitud de les poblacions balears i cors-sardes fa molt versemblant la hip\u00f2tesi de la seva introducci\u00f3 a partir d\u2019aquestes illes. No es troba a cap dels illots costaners adjacents a Mallorca, Menorca i Eivissa. A Formentera es va considerar extingit, per\u00f2 es va tornar a citar en aquesta illa el 1997.<br \/>\n <strong><img loading=\"lazy\" decoding=\"async\" class=\"alignleft wp-image-5569 size-full\" style=\"margin: 20px 20px 10px 0px; float: left;\" title=\"Cal\u00e0pet Verd, Bufo viridis balearica\" src=\"https:\/\/www.masmallorca.es\/wp-content\/uploads\/2010\/04\/Calapet-Verd_2.jpg\" alt=\"Cal\u00e0pet Verd\" width=\"300\" height=\"211\" \/><\/strong><\/p>\n<p style=\"text-align: justify;\">L\u2019abund\u00e0ncia d\u2019aquesta esp\u00e8cie no ha pogut ser quantificada. Pot considerar-se com\u00fa a Mallorca i Menorca, si b\u00e9 s\u2019ha produ\u00eft una regressi\u00f3 important sobretot a Mallorca a causa de la p\u00e8rdua de llocs de reproducci\u00f3. La regressi\u00f3 ha estat especialment intensa a Eivissa, on sol es van trobar tres punts de reproducci\u00f3 segura el 1992 i en un mostreig realitzat en \u00e8poca estival el 1997 per Palerm a l\u2019esmentada illa, la seva situaci\u00f3 va passar a molt cr\u00edtica.<\/p>\n<div style=\"text-align: justify;\">\u00a0<\/div>\n<p><strong><img loading=\"lazy\" decoding=\"async\" class=\"alignleft wp-image-5574 size-full\" title=\"Cal\u00e0pet Verd, Bufo viridis balearica\" src=\"https:\/\/www.masmallorca.es\/wp-content\/uploads\/2010\/04\/Calapet-Verd_3.jpg\" alt=\"Cal\u00e0pet Verd, Bufo viridis balearica\" width=\"300\" height=\"199\" \/><\/strong><br \/>\n <strong>H\u00e0bitat<\/strong><\/p>\n<p style=\"text-align: justify;\">Proximitat de masses d\u2019aigua dol\u00e7a, rierols, torrents, abeuradors i safareigs a prop d\u2019habitatges i tamb\u00e9 zones c\u00e0rstiques de muntanya, barrancs calcaris a Menorca, dunes, alzinars i rarament en camps de cultiu. Ha colonitzat nous medis per a la cria, com alguns llacs de camps de golf. Les poblacions m\u00e9s importants es troben en zones calc\u00e0ries i d\u2019argiles el sud de Mallorca, on la fenologia permet la creaci\u00f3 de tolles temporals a la primavera. La seva distribuci\u00f3 altitudinal va des del nivell de la mar fins als 1000 m d\u2019altitud a la Serra de Tramuntana.<\/p>\n<p>\n <strong>Factors d\u2019amena\u00e7a<\/strong><\/p>\n<p>&#8211; Destrucci\u00f3 de punts de reproducci\u00f3 per urbanitzaci\u00f3 del terreny.<\/p>\n<p>&#8211; Fragmentaci\u00f3 de l\u2019h\u00e0bitat a causa de les carreteres.<\/p>\n<p>&#8211; Mort accidental per atropellament.<\/p>\n<p>&#8211; Disminuci\u00f3 del nivell fre\u00e0tic a causa de l\u2019increment de les perforacions per a l\u2019extracci\u00f3 d\u2019aigua subterr\u00e0nia, provocant la p\u00e8rdua de llocs de reproducci\u00f3 naturals.<\/p>\n<p>&#8211; Desaparici\u00f3 d\u2019aljubs, basses o abeuradors, per la regressi\u00f3 de l\u2019agricultura i la modernitzaci\u00f3 dels treballs agr\u00edcoles.<\/p>\n<p>&#8211; Contaminaci\u00f3 per \u00fas de pesticides i adobs qu\u00edmics.<\/p>\n<p>\n <strong>Mesures de conservaci\u00f3<\/strong><\/p>\n<p>&#8211; Inventari de localitats naturals de cria a Mallorca.<\/p>\n<p>&#8211; Inventari de les localitats de cria a Eivissa i reintroducci\u00f3 de larves procedents de Mallorca.<\/p>\n<p>&#8211; Repoblaci\u00f3 amb larves procedents d\u2019un camp de golf, en una llacuna de l\u2019aeroport de Son Sant Juan.<\/p>\n<p>&#8211; Restauraci\u00f3 a Eivissa d\u2019un safareig i el seu sistema de captaci\u00f3 d\u2019aig\u00fces.<\/p>\n<p>&#8211; Campanyes d\u2019educaci\u00f3 ambiental.<\/p>\n<p>&#8211; Estudis sobre la seva biologia.<\/p>\n<p>&nbsp;<\/p>\n<p><strong>&#8211; Nom cient\u00edfic:<\/strong> <em>Bufo viridis balearica<\/em>.<br \/>\n <strong>&#8211; Present al:<\/strong> Cat\u00e1logo Nacional de Especies Amenazadas.<\/p>\n<p><strong>&#8211; Categoria d\u2019amena\u00e7a:<\/strong><\/p>\n<p style=\"padding-left: 30px;\">\u00b7 D\u2019Inter\u00e8s Especial.<\/p>\n<p style=\"padding-left: 30px;\">\u00b7 Vulnerable.<\/p>\n<p><strong>&#8211; Car\u00e0cter:<\/strong> Subesp\u00e8cie end\u00e8mica balear.<\/p>\n<p style=\"text-align: center;\"><strong><img loading=\"lazy\" decoding=\"async\" class=\"alignnone wp-image-5579 size-full\" style=\"margin: 10px 0px 30px;\" title=\"Cal\u00e0pet Verd, Bufo viridis balearica\" src=\"https:\/\/www.masmallorca.es\/wp-content\/uploads\/2010\/04\/Calapet-Verd_4.jpg\" alt=\"Cal\u00e0pet Verd, Bufo viridis balearica\" width=\"540\" height=\"272\" srcset=\"https:\/\/www.masmallorca.es\/wp-content\/uploads\/2010\/04\/Calapet-Verd_4.jpg 540w, https:\/\/www.masmallorca.es\/wp-content\/uploads\/2010\/04\/Calapet-Verd_4-300x151.jpg 300w\" sizes=\"(max-width: 540px) 100vw, 540px\" \/><\/strong><\/p>\n<p style=\"text-align: center;\">\n<strong><img loading=\"lazy\" decoding=\"async\" class=\"aligncenter wp-image-19770 size-full\" title=\"Cal\u00e0pet Verd, Bufo viridis balearica\" src=\"https:\/\/www.masmallorca.es\/wp-content\/uploads\/2010\/04\/calapet-verd-Bufo-viridis-balearica.jpg\" alt=\"Cal\u00e0pet Verd, Bufo viridis balearica\" width=\"940\" height=\"529\" srcset=\"https:\/\/www.masmallorca.es\/wp-content\/uploads\/2010\/04\/calapet-verd-Bufo-viridis-balearica.jpg 940w, https:\/\/www.masmallorca.es\/wp-content\/uploads\/2010\/04\/calapet-verd-Bufo-viridis-balearica-300x169.jpg 300w, https:\/\/www.masmallorca.es\/wp-content\/uploads\/2010\/04\/calapet-verd-Bufo-viridis-balearica-768x432.jpg 768w\" sizes=\"(max-width: 940px) 100vw, 940px\" \/><\/strong><\/p>\n<p>&nbsp;<\/p>\n","protected":false},"excerpt":{"rendered":"<p>\u00c0rea de distribuci\u00f3 La poblaci\u00f3 balear va ser descrita com a subesp\u00e8cie end\u00e8mica per Boettger el 1881. A Espanya es troba \u00fanicament a les Balears, sent probablement una esp\u00e8cie antigament introdu\u00efda, procedent de C\u00f2rsega i Sardenya. \u00a0<\/p>\n","protected":false},"author":1,"featured_media":19771,"comment_status":"closed","ping_status":"closed","sticky":false,"template":"","format":"standard","meta":{"_et_pb_use_builder":"","_et_pb_old_content":"","_et_gb_content_width":"","footnotes":""},"categories":[39],"tags":[],"class_list":["post-5586","post","type-post","status-publish","format-standard","has-post-thumbnail","hentry","category-fauna-a-mallorca","et-has-post-format-content","et_post_format-et-post-format-standard"],"yoast_head":"<!-- This site is optimized with the Yoast SEO plugin v27.4 - https:\/\/yoast.com\/product\/yoast-seo-wordpress\/ -->\n<title>Cal\u00e0pet Verd de Balears | +Mallorca, la revista de Mallorca<\/title>\n<meta name=\"description\" content=\"+Mallorca, Fauna: Cal\u00e0pet Verd, Bufo viridis balearica, a Espanya es troba \u00fanicament a Balears.Present al Cat\u00e0leg Nacional d&#039;Esp\u00e8cies Amena\u00e7ades. Vulnerable\" \/>\n<meta name=\"robots\" content=\"index, follow, max-snippet:-1, max-image-preview:large, max-video-preview:-1\" \/>\n<link rel=\"canonical\" href=\"https:\/\/www.masmallorca.es\/ca\/fauna-a-mallorca\/calapet-verd.html\" \/>\n<meta property=\"og:locale\" content=\"ca_ES\" \/>\n<meta property=\"og:type\" content=\"article\" \/>\n<meta property=\"og:title\" content=\"Cal\u00e0pet Verd de Balears | +Mallorca, la revista de Mallorca\" \/>\n<meta property=\"og:description\" content=\"+Mallorca, Fauna: Cal\u00e0pet Verd, Bufo viridis balearica, a Espanya es troba \u00fanicament a Balears.Present al Cat\u00e0leg Nacional d&#039;Esp\u00e8cies Amena\u00e7ades. Vulnerable\" \/>\n<meta property=\"og:url\" content=\"https:\/\/www.masmallorca.es\/ca\/fauna-a-mallorca\/calapet-verd.html\" \/>\n<meta property=\"og:site_name\" content=\"+Mallorca: la revista de Mallorca\" \/>\n<meta property=\"article:publisher\" content=\"https:\/\/www.facebook.com\/mallorcamagazine\/\" \/>\n<meta property=\"article:published_time\" content=\"2010-04-14T12:28:38+00:00\" \/>\n<meta property=\"article:modified_time\" content=\"2017-10-06T17:24:47+00:00\" \/>\n<meta property=\"og:image\" content=\"https:\/\/www.masmallorca.es\/wp-content\/uploads\/2010\/04\/calapet-verd-Bufo-viridis-balearica.jpg\" \/>\n\t<meta property=\"og:image:width\" content=\"940\" \/>\n\t<meta property=\"og:image:height\" content=\"529\" \/>\n\t<meta property=\"og:image:type\" content=\"image\/jpeg\" \/>\n<meta name=\"author\" content=\"masmallorca\" \/>\n<meta name=\"twitter:card\" content=\"summary_large_image\" \/>\n<meta name=\"twitter:creator\" content=\"@masmallorca\" \/>\n<meta name=\"twitter:site\" content=\"@masmallorca\" \/>\n<meta name=\"twitter:label1\" content=\"Written by\" \/>\n\t<meta name=\"twitter:data1\" content=\"masmallorca\" \/>\n\t<meta name=\"twitter:label2\" content=\"Est. reading time\" \/>\n\t<meta name=\"twitter:data2\" content=\"2 minutes\" \/>\n<script type=\"application\/ld+json\" class=\"yoast-schema-graph\">{\"@context\":\"https:\\\/\\\/schema.org\",\"@graph\":[{\"@type\":\"Article\",\"@id\":\"https:\\\/\\\/www.masmallorca.es\\\/ca\\\/fauna-a-mallorca\\\/calapet-verd.html#article\",\"isPartOf\":{\"@id\":\"https:\\\/\\\/www.masmallorca.es\\\/ca\\\/fauna-a-mallorca\\\/calapet-verd.html\"},\"author\":{\"name\":\"masmallorca\",\"@id\":\"https:\\\/\\\/www.masmallorca.es\\\/ca#\\\/schema\\\/person\\\/554c84e7dfd9917fdba2cace51081633\"},\"headline\":\"Cal\u00e0pet Verd\",\"datePublished\":\"2010-04-14T12:28:38+00:00\",\"dateModified\":\"2017-10-06T17:24:47+00:00\",\"mainEntityOfPage\":{\"@id\":\"https:\\\/\\\/www.masmallorca.es\\\/ca\\\/fauna-a-mallorca\\\/calapet-verd.html\"},\"wordCount\":492,\"publisher\":{\"@id\":\"https:\\\/\\\/www.masmallorca.es\\\/ca#organization\"},\"image\":{\"@id\":\"https:\\\/\\\/www.masmallorca.es\\\/ca\\\/fauna-a-mallorca\\\/calapet-verd.html#primaryimage\"},\"thumbnailUrl\":\"https:\\\/\\\/www.masmallorca.es\\\/wp-content\\\/uploads\\\/2010\\\/04\\\/calapet-verd-Bufo-viridis-balearica.jpg\",\"articleSection\":[\"Fauna a Mallorca\"],\"inLanguage\":\"ca-ES\"},{\"@type\":\"WebPage\",\"@id\":\"https:\\\/\\\/www.masmallorca.es\\\/ca\\\/fauna-a-mallorca\\\/calapet-verd.html\",\"url\":\"https:\\\/\\\/www.masmallorca.es\\\/ca\\\/fauna-a-mallorca\\\/calapet-verd.html\",\"name\":\"Cal\u00e0pet Verd de Balears | +Mallorca, la revista de Mallorca\",\"isPartOf\":{\"@id\":\"https:\\\/\\\/www.masmallorca.es\\\/ca#website\"},\"primaryImageOfPage\":{\"@id\":\"https:\\\/\\\/www.masmallorca.es\\\/ca\\\/fauna-a-mallorca\\\/calapet-verd.html#primaryimage\"},\"image\":{\"@id\":\"https:\\\/\\\/www.masmallorca.es\\\/ca\\\/fauna-a-mallorca\\\/calapet-verd.html#primaryimage\"},\"thumbnailUrl\":\"https:\\\/\\\/www.masmallorca.es\\\/wp-content\\\/uploads\\\/2010\\\/04\\\/calapet-verd-Bufo-viridis-balearica.jpg\",\"datePublished\":\"2010-04-14T12:28:38+00:00\",\"dateModified\":\"2017-10-06T17:24:47+00:00\",\"description\":\"+Mallorca, Fauna: Cal\u00e0pet Verd, Bufo viridis balearica, a Espanya es troba \u00fanicament a Balears.Present al Cat\u00e0leg Nacional d'Esp\u00e8cies Amena\u00e7ades. Vulnerable\",\"breadcrumb\":{\"@id\":\"https:\\\/\\\/www.masmallorca.es\\\/ca\\\/fauna-a-mallorca\\\/calapet-verd.html#breadcrumb\"},\"inLanguage\":\"ca-ES\",\"potentialAction\":[{\"@type\":\"ReadAction\",\"target\":[\"https:\\\/\\\/www.masmallorca.es\\\/ca\\\/fauna-a-mallorca\\\/calapet-verd.html\"]}]},{\"@type\":\"ImageObject\",\"inLanguage\":\"ca-ES\",\"@id\":\"https:\\\/\\\/www.masmallorca.es\\\/ca\\\/fauna-a-mallorca\\\/calapet-verd.html#primaryimage\",\"url\":\"https:\\\/\\\/www.masmallorca.es\\\/wp-content\\\/uploads\\\/2010\\\/04\\\/calapet-verd-Bufo-viridis-balearica.jpg\",\"contentUrl\":\"https:\\\/\\\/www.masmallorca.es\\\/wp-content\\\/uploads\\\/2010\\\/04\\\/calapet-verd-Bufo-viridis-balearica.jpg\",\"width\":940,\"height\":529},{\"@type\":\"BreadcrumbList\",\"@id\":\"https:\\\/\\\/www.masmallorca.es\\\/ca\\\/fauna-a-mallorca\\\/calapet-verd.html#breadcrumb\",\"itemListElement\":[{\"@type\":\"ListItem\",\"position\":1,\"name\":\"Portada\",\"item\":\"https:\\\/\\\/www.masmallorca.es\\\/ca\"},{\"@type\":\"ListItem\",\"position\":2,\"name\":\"Fauna a Mallorca\",\"item\":\"https:\\\/\\\/www.masmallorca.es\\\/ca\\\/fauna-a-mallorca\"},{\"@type\":\"ListItem\",\"position\":3,\"name\":\"Cal\u00e0pet Verd\"}]},{\"@type\":\"WebSite\",\"@id\":\"https:\\\/\\\/www.masmallorca.es\\\/ca#website\",\"url\":\"https:\\\/\\\/www.masmallorca.es\\\/ca\",\"name\":\"+Mallorca: la revista de Mallorca\",\"description\":\"Molt m\u00e9s que sol i platja..\",\"publisher\":{\"@id\":\"https:\\\/\\\/www.masmallorca.es\\\/ca#organization\"},\"alternateName\":\"+Mallorca\",\"potentialAction\":[{\"@type\":\"SearchAction\",\"target\":{\"@type\":\"EntryPoint\",\"urlTemplate\":\"https:\\\/\\\/www.masmallorca.es\\\/ca?s={search_term_string}\"},\"query-input\":{\"@type\":\"PropertyValueSpecification\",\"valueRequired\":true,\"valueName\":\"search_term_string\"}}],\"inLanguage\":\"ca-ES\"},{\"@type\":\"Organization\",\"@id\":\"https:\\\/\\\/www.masmallorca.es\\\/ca#organization\",\"name\":\"Revista +Mallorca\",\"alternateName\":\"M\u00e1s Mallorca\",\"url\":\"https:\\\/\\\/www.masmallorca.es\\\/ca\",\"logo\":{\"@type\":\"ImageObject\",\"inLanguage\":\"ca-ES\",\"@id\":\"https:\\\/\\\/www.masmallorca.es\\\/ca#\\\/schema\\\/logo\\\/image\\\/\",\"url\":\"https:\\\/\\\/www.masmallorca.es\\\/wp-content\\\/uploads\\\/2021\\\/04\\\/logomallorca-1.png\",\"contentUrl\":\"https:\\\/\\\/www.masmallorca.es\\\/wp-content\\\/uploads\\\/2021\\\/04\\\/logomallorca-1.png\",\"width\":326,\"height\":84,\"caption\":\"Revista +Mallorca\"},\"image\":{\"@id\":\"https:\\\/\\\/www.masmallorca.es\\\/ca#\\\/schema\\\/logo\\\/image\\\/\"},\"sameAs\":[\"https:\\\/\\\/www.facebook.com\\\/mallorcamagazine\\\/\",\"https:\\\/\\\/x.com\\\/masmallorca\"]},{\"@type\":\"Person\",\"@id\":\"https:\\\/\\\/www.masmallorca.es\\\/ca#\\\/schema\\\/person\\\/554c84e7dfd9917fdba2cace51081633\",\"name\":\"masmallorca\"}]}<\/script>\n<!-- \/ Yoast SEO plugin. -->","yoast_head_json":{"title":"Cal\u00e0pet Verd de Balears | +Mallorca, la revista de Mallorca","description":"+Mallorca, Fauna: Cal\u00e0pet Verd, Bufo viridis balearica, a Espanya es troba \u00fanicament a Balears.Present al Cat\u00e0leg Nacional d'Esp\u00e8cies Amena\u00e7ades. Vulnerable","robots":{"index":"index","follow":"follow","max-snippet":"max-snippet:-1","max-image-preview":"max-image-preview:large","max-video-preview":"max-video-preview:-1"},"canonical":"https:\/\/www.masmallorca.es\/ca\/fauna-a-mallorca\/calapet-verd.html","og_locale":"ca_ES","og_type":"article","og_title":"Cal\u00e0pet Verd de Balears | +Mallorca, la revista de Mallorca","og_description":"+Mallorca, Fauna: Cal\u00e0pet Verd, Bufo viridis balearica, a Espanya es troba \u00fanicament a Balears.Present al Cat\u00e0leg Nacional d'Esp\u00e8cies Amena\u00e7ades. Vulnerable","og_url":"https:\/\/www.masmallorca.es\/ca\/fauna-a-mallorca\/calapet-verd.html","og_site_name":"+Mallorca: la revista de Mallorca","article_publisher":"https:\/\/www.facebook.com\/mallorcamagazine\/","article_published_time":"2010-04-14T12:28:38+00:00","article_modified_time":"2017-10-06T17:24:47+00:00","og_image":[{"width":940,"height":529,"url":"https:\/\/www.masmallorca.es\/wp-content\/uploads\/2010\/04\/calapet-verd-Bufo-viridis-balearica.jpg","type":"image\/jpeg"}],"author":"masmallorca","twitter_card":"summary_large_image","twitter_creator":"@masmallorca","twitter_site":"@masmallorca","twitter_misc":{"Written by":"masmallorca","Est. reading time":"2 minutes"},"schema":{"@context":"https:\/\/schema.org","@graph":[{"@type":"Article","@id":"https:\/\/www.masmallorca.es\/ca\/fauna-a-mallorca\/calapet-verd.html#article","isPartOf":{"@id":"https:\/\/www.masmallorca.es\/ca\/fauna-a-mallorca\/calapet-verd.html"},"author":{"name":"masmallorca","@id":"https:\/\/www.masmallorca.es\/ca#\/schema\/person\/554c84e7dfd9917fdba2cace51081633"},"headline":"Cal\u00e0pet Verd","datePublished":"2010-04-14T12:28:38+00:00","dateModified":"2017-10-06T17:24:47+00:00","mainEntityOfPage":{"@id":"https:\/\/www.masmallorca.es\/ca\/fauna-a-mallorca\/calapet-verd.html"},"wordCount":492,"publisher":{"@id":"https:\/\/www.masmallorca.es\/ca#organization"},"image":{"@id":"https:\/\/www.masmallorca.es\/ca\/fauna-a-mallorca\/calapet-verd.html#primaryimage"},"thumbnailUrl":"https:\/\/www.masmallorca.es\/wp-content\/uploads\/2010\/04\/calapet-verd-Bufo-viridis-balearica.jpg","articleSection":["Fauna a Mallorca"],"inLanguage":"ca-ES"},{"@type":"WebPage","@id":"https:\/\/www.masmallorca.es\/ca\/fauna-a-mallorca\/calapet-verd.html","url":"https:\/\/www.masmallorca.es\/ca\/fauna-a-mallorca\/calapet-verd.html","name":"Cal\u00e0pet Verd de Balears | +Mallorca, la revista de Mallorca","isPartOf":{"@id":"https:\/\/www.masmallorca.es\/ca#website"},"primaryImageOfPage":{"@id":"https:\/\/www.masmallorca.es\/ca\/fauna-a-mallorca\/calapet-verd.html#primaryimage"},"image":{"@id":"https:\/\/www.masmallorca.es\/ca\/fauna-a-mallorca\/calapet-verd.html#primaryimage"},"thumbnailUrl":"https:\/\/www.masmallorca.es\/wp-content\/uploads\/2010\/04\/calapet-verd-Bufo-viridis-balearica.jpg","datePublished":"2010-04-14T12:28:38+00:00","dateModified":"2017-10-06T17:24:47+00:00","description":"+Mallorca, Fauna: Cal\u00e0pet Verd, Bufo viridis balearica, a Espanya es troba \u00fanicament a Balears.Present al Cat\u00e0leg Nacional d'Esp\u00e8cies Amena\u00e7ades. Vulnerable","breadcrumb":{"@id":"https:\/\/www.masmallorca.es\/ca\/fauna-a-mallorca\/calapet-verd.html#breadcrumb"},"inLanguage":"ca-ES","potentialAction":[{"@type":"ReadAction","target":["https:\/\/www.masmallorca.es\/ca\/fauna-a-mallorca\/calapet-verd.html"]}]},{"@type":"ImageObject","inLanguage":"ca-ES","@id":"https:\/\/www.masmallorca.es\/ca\/fauna-a-mallorca\/calapet-verd.html#primaryimage","url":"https:\/\/www.masmallorca.es\/wp-content\/uploads\/2010\/04\/calapet-verd-Bufo-viridis-balearica.jpg","contentUrl":"https:\/\/www.masmallorca.es\/wp-content\/uploads\/2010\/04\/calapet-verd-Bufo-viridis-balearica.jpg","width":940,"height":529},{"@type":"BreadcrumbList","@id":"https:\/\/www.masmallorca.es\/ca\/fauna-a-mallorca\/calapet-verd.html#breadcrumb","itemListElement":[{"@type":"ListItem","position":1,"name":"Portada","item":"https:\/\/www.masmallorca.es\/ca"},{"@type":"ListItem","position":2,"name":"Fauna a Mallorca","item":"https:\/\/www.masmallorca.es\/ca\/fauna-a-mallorca"},{"@type":"ListItem","position":3,"name":"Cal\u00e0pet Verd"}]},{"@type":"WebSite","@id":"https:\/\/www.masmallorca.es\/ca#website","url":"https:\/\/www.masmallorca.es\/ca","name":"+Mallorca: la revista de Mallorca","description":"Molt m\u00e9s que sol i platja..","publisher":{"@id":"https:\/\/www.masmallorca.es\/ca#organization"},"alternateName":"+Mallorca","potentialAction":[{"@type":"SearchAction","target":{"@type":"EntryPoint","urlTemplate":"https:\/\/www.masmallorca.es\/ca?s={search_term_string}"},"query-input":{"@type":"PropertyValueSpecification","valueRequired":true,"valueName":"search_term_string"}}],"inLanguage":"ca-ES"},{"@type":"Organization","@id":"https:\/\/www.masmallorca.es\/ca#organization","name":"Revista +Mallorca","alternateName":"M\u00e1s Mallorca","url":"https:\/\/www.masmallorca.es\/ca","logo":{"@type":"ImageObject","inLanguage":"ca-ES","@id":"https:\/\/www.masmallorca.es\/ca#\/schema\/logo\/image\/","url":"https:\/\/www.masmallorca.es\/wp-content\/uploads\/2021\/04\/logomallorca-1.png","contentUrl":"https:\/\/www.masmallorca.es\/wp-content\/uploads\/2021\/04\/logomallorca-1.png","width":326,"height":84,"caption":"Revista +Mallorca"},"image":{"@id":"https:\/\/www.masmallorca.es\/ca#\/schema\/logo\/image\/"},"sameAs":["https:\/\/www.facebook.com\/mallorcamagazine\/","https:\/\/x.com\/masmallorca"]},{"@type":"Person","@id":"https:\/\/www.masmallorca.es\/ca#\/schema\/person\/554c84e7dfd9917fdba2cace51081633","name":"masmallorca"}]}},"_links":{"self":[{"href":"https:\/\/www.masmallorca.es\/ca\/wp-json\/wp\/v2\/posts\/5586","targetHints":{"allow":["GET"]}}],"collection":[{"href":"https:\/\/www.masmallorca.es\/ca\/wp-json\/wp\/v2\/posts"}],"about":[{"href":"https:\/\/www.masmallorca.es\/ca\/wp-json\/wp\/v2\/types\/post"}],"author":[{"embeddable":true,"href":"https:\/\/www.masmallorca.es\/ca\/wp-json\/wp\/v2\/users\/1"}],"replies":[{"embeddable":true,"href":"https:\/\/www.masmallorca.es\/ca\/wp-json\/wp\/v2\/comments?post=5586"}],"version-history":[{"count":0,"href":"https:\/\/www.masmallorca.es\/ca\/wp-json\/wp\/v2\/posts\/5586\/revisions"}],"wp:featuredmedia":[{"embeddable":true,"href":"https:\/\/www.masmallorca.es\/ca\/wp-json\/wp\/v2\/media\/19771"}],"wp:attachment":[{"href":"https:\/\/www.masmallorca.es\/ca\/wp-json\/wp\/v2\/media?parent=5586"}],"wp:term":[{"taxonomy":"category","embeddable":true,"href":"https:\/\/www.masmallorca.es\/ca\/wp-json\/wp\/v2\/categories?post=5586"},{"taxonomy":"post_tag","embeddable":true,"href":"https:\/\/www.masmallorca.es\/ca\/wp-json\/wp\/v2\/tags?post=5586"}],"curies":[{"name":"wp","href":"https:\/\/api.w.org\/{rel}","templated":true}]}}