{"id":4031,"date":"2009-10-21T19:18:02","date_gmt":"2009-10-21T17:18:02","guid":{"rendered":""},"modified":"2026-02-04T10:17:58","modified_gmt":"2026-02-04T09:17:58","slug":"molins","status":"publish","type":"post","link":"https:\/\/www.masmallorca.es\/ca\/productes-tipics\/molins.html","title":{"rendered":"Molins de Mallorca"},"content":{"rendered":"<p style=\"text-align: justify;\"><img loading=\"lazy\" decoding=\"async\" class=\"alignright wp-image-4009 size-full\" style=\"border: 0px none; margin: 0px 20px; float: right;\" title=\"Molins de Mallorca\" src=\"https:\/\/www.masmallorca.es\/wp-content\/uploads\/2009\/10\/molins-de-mallorca_1.jpg\" alt=\"Molins de Mallorca\" width=\"150\" height=\"89\" \/>A Mallorca, des d\u2019abans de la conquesta cristiana (1229) ja s\u00f3n coneguts els enginys moguts per les forces tradicionals. Els molins de vent, de sang o hidr\u00e0ulics es localitzen arreu del territori insular.<\/p>\n<p><!--more--><\/p>\n<p style=\"text-align: justify;\"><strong><img loading=\"lazy\" decoding=\"async\" class=\"alignleft wp-image-4014 size-full\" style=\"margin: 10px 20px 10px 0px; float: left;\" title=\"Molins de Mallorca\" src=\"https:\/\/www.masmallorca.es\/wp-content\/uploads\/2009\/10\/molins-de-mallorca_2.jpg\" alt=\"Molins de Mallorca\" width=\"250\" height=\"267\" \/><\/strong><\/p>\n<p style=\"text-align: justify;\">Avui per avui, els molins han perdut la seva funci\u00f3 original, no obstant aix\u00f2, gaudeixen d\u2019un important valor patrimonial com a testimonis del passat econ\u00f2mic, social i cultural de Mallorca.<\/p>\n<h2 style=\"text-align: justify;\"><strong>Hist\u00f2ria dels molins<\/strong><\/h2>\n<p style=\"text-align: justify;\">M\u00e9s de dos mil\u00b7lennis de la humanitat est\u00e0n sustentats, des d\u2019un punt de vista energ\u00e8tic, sobre l\u2019energia animal que utilitzava com convertidor energ\u00e8tic a l\u2019home i certes esp\u00e8cies d\u2019animals de c\u00e0rrega i tir a partir de l\u2019energia qu\u00edmica continguda en els aliments amb un rendiment pr\u00f2xim al 33%. L\u2019energia prim\u00e0ria que va agafar el relleu va ser la hidr\u00e0ulica (Molins d\u2019aigua) i en algunes zones d\u2019Europa l\u2019e\u00f2lica (Molins de Vent). El 1180 a Normandia ja existien els Molins de Vent que al llarg del segle XII es van difondre per tota Europa, com nova tecnologia energ\u00e8tica portada pels croats des d\u2019Orient.<\/p>\n<p style=\"text-align: justify;\"><strong><img loading=\"lazy\" decoding=\"async\" class=\"alignleft wp-image-4019 size-full\" style=\"margin: 10px 20px 10px 0px; float: left;\" title=\"Molins de Mallorca\" src=\"https:\/\/www.masmallorca.es\/wp-content\/uploads\/2009\/10\/molins-de-mallorca_3.jpg\" alt=\"Molins de Mallorca\" width=\"248\" height=\"168\" \/><\/strong><\/p>\n<p style=\"text-align: justify;\">Probablement el Moli de Vent fou inventat a P\u00e8rsia en el segle VII i va tenir una gran difusi\u00f3 a la regi\u00f3 oriental del Mediterrani, i el propagaren, durant l\u2019Edat mitjana els Bizantins pel Nord i el \u00c0rabs pel Sud.<\/p>\n<p style=\"text-align: justify;\">A Mallorca, eren emprats per a moldre farina (molins de vent fariners) i per a extreure l\u2019aigua del subs\u00f2l (molins d\u2019extracci\u00f3 d\u2019aigua o molins aiguaders). El primers est\u00e0n documentats despr\u00e9s de la conquesta (1229), mentre que els segons s\u00f3n introdu\u00efts m\u00e9s recentment. El primer mol\u00ed aiguader constru\u00eft a Mallorca data de l\u2019any 1845, i fou utilitzat per l\u2019enginyer holand\u00e8s Bouvij en les tasques de dessecament del Prat de Sant Jordi (actualment Pla de Sant Jordi).<\/p>\n<p style=\"text-align: justify;\"><strong><img loading=\"lazy\" decoding=\"async\" class=\"alignleft wp-image-4024\" style=\"margin: 10px 0px; float: left;\" title=\"Molins de Mallorca\" src=\"https:\/\/www.masmallorca.es\/wp-content\/uploads\/2009\/10\/molins-de-mallorca_4.jpg\" alt=\"Molins de Mallorca\" width=\"940\" height=\"313\" srcset=\"https:\/\/www.masmallorca.es\/wp-content\/uploads\/2009\/10\/molins-de-mallorca_4.jpg 540w, https:\/\/www.masmallorca.es\/wp-content\/uploads\/2009\/10\/molins-de-mallorca_4-300x100.jpg 300w\" sizes=\"(max-width: 940px) 100vw, 940px\" \/><\/strong><\/p>\n<p style=\"text-align: justify;\"><strong>\u00a0<\/strong><\/p>\n","protected":false},"excerpt":{"rendered":"<p>A Mallorca, des d\u2019abans de la conquesta cristiana (1229) ja s\u00f3n coneguts els enginys moguts per les forces tradicionals. Els molins de vent, de sang o hidr\u00e0ulics es localitzen arreu del territori insular.<\/p>\n","protected":false},"author":1,"featured_media":4025,"comment_status":"closed","ping_status":"closed","sticky":false,"template":"","format":"standard","meta":{"_et_pb_use_builder":"","_et_pb_old_content":"","_et_gb_content_width":"","footnotes":""},"categories":[24],"tags":[],"class_list":["post-4031","post","type-post","status-publish","format-standard","has-post-thumbnail","hentry","category-productes-tipics","et-has-post-format-content","et_post_format-et-post-format-standard"],"yoast_head":"<!-- This site is optimized with the Yoast SEO plugin v27.4 - https:\/\/yoast.com\/product\/yoast-seo-wordpress\/ -->\n<title>Molins de Mallorca | +Mallorca: la revista de Mallorca<\/title>\n<meta name=\"description\" content=\"+Mallorca, Productes t\u00edpics: Molins de Mallorca. Els molins mallorquins de vent, de sang o hidr\u00e0ulics es localitzen arreu del territori insular.\" \/>\n<meta name=\"robots\" content=\"index, follow, max-snippet:-1, max-image-preview:large, max-video-preview:-1\" \/>\n<link rel=\"canonical\" href=\"https:\/\/www.masmallorca.es\/ca\/productes-tipics\/molins.html\" \/>\n<meta property=\"og:locale\" content=\"ca_ES\" \/>\n<meta property=\"og:type\" content=\"article\" \/>\n<meta property=\"og:title\" content=\"Molins de Mallorca | +Mallorca: la revista de Mallorca\" \/>\n<meta property=\"og:description\" content=\"+Mallorca, Productes t\u00edpics: Molins de Mallorca. Els molins mallorquins de vent, de sang o hidr\u00e0ulics es localitzen arreu del territori insular.\" \/>\n<meta property=\"og:url\" content=\"https:\/\/www.masmallorca.es\/ca\/productes-tipics\/molins.html\" \/>\n<meta property=\"og:site_name\" content=\"+Mallorca: la revista de Mallorca\" \/>\n<meta property=\"article:publisher\" content=\"https:\/\/www.facebook.com\/mallorcamagazine\/\" \/>\n<meta property=\"article:published_time\" content=\"2009-10-21T17:18:02+00:00\" \/>\n<meta property=\"article:modified_time\" content=\"2026-02-04T09:17:58+00:00\" \/>\n<meta property=\"og:image\" content=\"https:\/\/www.masmallorca.es\/wp-content\/uploads\/2009\/10\/molins-de-mallorca_4.jpg\" \/>\n\t<meta property=\"og:image:width\" content=\"540\" \/>\n\t<meta property=\"og:image:height\" content=\"180\" \/>\n\t<meta property=\"og:image:type\" content=\"image\/jpeg\" \/>\n<meta name=\"author\" content=\"masmallorca\" \/>\n<meta name=\"twitter:card\" content=\"summary_large_image\" \/>\n<meta name=\"twitter:creator\" content=\"@masmallorca\" \/>\n<meta name=\"twitter:site\" content=\"@masmallorca\" \/>\n<meta name=\"twitter:label1\" content=\"Written by\" \/>\n\t<meta name=\"twitter:data1\" content=\"masmallorca\" \/>\n\t<meta name=\"twitter:label2\" content=\"Est. reading time\" \/>\n\t<meta name=\"twitter:data2\" content=\"3 minutes\" \/>\n<script type=\"application\/ld+json\" class=\"yoast-schema-graph\">{\"@context\":\"https:\\\/\\\/schema.org\",\"@graph\":[{\"@type\":\"Article\",\"@id\":\"https:\\\/\\\/www.masmallorca.es\\\/ca\\\/productes-tipics\\\/molins.html#article\",\"isPartOf\":{\"@id\":\"https:\\\/\\\/www.masmallorca.es\\\/ca\\\/productes-tipics\\\/molins.html\"},\"author\":{\"name\":\"masmallorca\",\"@id\":\"https:\\\/\\\/www.masmallorca.es\\\/ca#\\\/schema\\\/person\\\/554c84e7dfd9917fdba2cace51081633\"},\"headline\":\"Molins de Mallorca\",\"datePublished\":\"2009-10-21T17:18:02+00:00\",\"dateModified\":\"2026-02-04T09:17:58+00:00\",\"mainEntityOfPage\":{\"@id\":\"https:\\\/\\\/www.masmallorca.es\\\/ca\\\/productes-tipics\\\/molins.html\"},\"wordCount\":324,\"publisher\":{\"@id\":\"https:\\\/\\\/www.masmallorca.es\\\/ca#organization\"},\"image\":{\"@id\":\"https:\\\/\\\/www.masmallorca.es\\\/ca\\\/productes-tipics\\\/molins.html#primaryimage\"},\"thumbnailUrl\":\"https:\\\/\\\/www.masmallorca.es\\\/wp-content\\\/uploads\\\/2009\\\/10\\\/molins-de-mallorca_4.jpg\",\"articleSection\":[\"Productes T\u00edpics\"],\"inLanguage\":\"ca-ES\"},{\"@type\":\"WebPage\",\"@id\":\"https:\\\/\\\/www.masmallorca.es\\\/ca\\\/productes-tipics\\\/molins.html\",\"url\":\"https:\\\/\\\/www.masmallorca.es\\\/ca\\\/productes-tipics\\\/molins.html\",\"name\":\"Molins de Mallorca | +Mallorca: la revista de Mallorca\",\"isPartOf\":{\"@id\":\"https:\\\/\\\/www.masmallorca.es\\\/ca#website\"},\"primaryImageOfPage\":{\"@id\":\"https:\\\/\\\/www.masmallorca.es\\\/ca\\\/productes-tipics\\\/molins.html#primaryimage\"},\"image\":{\"@id\":\"https:\\\/\\\/www.masmallorca.es\\\/ca\\\/productes-tipics\\\/molins.html#primaryimage\"},\"thumbnailUrl\":\"https:\\\/\\\/www.masmallorca.es\\\/wp-content\\\/uploads\\\/2009\\\/10\\\/molins-de-mallorca_4.jpg\",\"datePublished\":\"2009-10-21T17:18:02+00:00\",\"dateModified\":\"2026-02-04T09:17:58+00:00\",\"description\":\"+Mallorca, Productes t\u00edpics: Molins de Mallorca. Els molins mallorquins de vent, de sang o hidr\u00e0ulics es localitzen arreu del territori insular.\",\"breadcrumb\":{\"@id\":\"https:\\\/\\\/www.masmallorca.es\\\/ca\\\/productes-tipics\\\/molins.html#breadcrumb\"},\"inLanguage\":\"ca-ES\",\"potentialAction\":[{\"@type\":\"ReadAction\",\"target\":[\"https:\\\/\\\/www.masmallorca.es\\\/ca\\\/productes-tipics\\\/molins.html\"]}]},{\"@type\":\"ImageObject\",\"inLanguage\":\"ca-ES\",\"@id\":\"https:\\\/\\\/www.masmallorca.es\\\/ca\\\/productes-tipics\\\/molins.html#primaryimage\",\"url\":\"https:\\\/\\\/www.masmallorca.es\\\/wp-content\\\/uploads\\\/2009\\\/10\\\/molins-de-mallorca_4.jpg\",\"contentUrl\":\"https:\\\/\\\/www.masmallorca.es\\\/wp-content\\\/uploads\\\/2009\\\/10\\\/molins-de-mallorca_4.jpg\",\"width\":540,\"height\":180,\"caption\":\"Molinos Mallorca\"},{\"@type\":\"BreadcrumbList\",\"@id\":\"https:\\\/\\\/www.masmallorca.es\\\/ca\\\/productes-tipics\\\/molins.html#breadcrumb\",\"itemListElement\":[{\"@type\":\"ListItem\",\"position\":1,\"name\":\"Portada\",\"item\":\"https:\\\/\\\/www.masmallorca.es\\\/ca\"},{\"@type\":\"ListItem\",\"position\":2,\"name\":\"Productes T\u00edpics\",\"item\":\"https:\\\/\\\/www.masmallorca.es\\\/ca\\\/productes-tipics\"},{\"@type\":\"ListItem\",\"position\":3,\"name\":\"Molins de Mallorca\"}]},{\"@type\":\"WebSite\",\"@id\":\"https:\\\/\\\/www.masmallorca.es\\\/ca#website\",\"url\":\"https:\\\/\\\/www.masmallorca.es\\\/ca\",\"name\":\"+Mallorca: la revista de Mallorca\",\"description\":\"Molt m\u00e9s que sol i platja..\",\"publisher\":{\"@id\":\"https:\\\/\\\/www.masmallorca.es\\\/ca#organization\"},\"alternateName\":\"+Mallorca\",\"potentialAction\":[{\"@type\":\"SearchAction\",\"target\":{\"@type\":\"EntryPoint\",\"urlTemplate\":\"https:\\\/\\\/www.masmallorca.es\\\/ca?s={search_term_string}\"},\"query-input\":{\"@type\":\"PropertyValueSpecification\",\"valueRequired\":true,\"valueName\":\"search_term_string\"}}],\"inLanguage\":\"ca-ES\"},{\"@type\":\"Organization\",\"@id\":\"https:\\\/\\\/www.masmallorca.es\\\/ca#organization\",\"name\":\"Revista +Mallorca\",\"alternateName\":\"M\u00e1s Mallorca\",\"url\":\"https:\\\/\\\/www.masmallorca.es\\\/ca\",\"logo\":{\"@type\":\"ImageObject\",\"inLanguage\":\"ca-ES\",\"@id\":\"https:\\\/\\\/www.masmallorca.es\\\/ca#\\\/schema\\\/logo\\\/image\\\/\",\"url\":\"https:\\\/\\\/www.masmallorca.es\\\/wp-content\\\/uploads\\\/2021\\\/04\\\/logomallorca-1.png\",\"contentUrl\":\"https:\\\/\\\/www.masmallorca.es\\\/wp-content\\\/uploads\\\/2021\\\/04\\\/logomallorca-1.png\",\"width\":326,\"height\":84,\"caption\":\"Revista +Mallorca\"},\"image\":{\"@id\":\"https:\\\/\\\/www.masmallorca.es\\\/ca#\\\/schema\\\/logo\\\/image\\\/\"},\"sameAs\":[\"https:\\\/\\\/www.facebook.com\\\/mallorcamagazine\\\/\",\"https:\\\/\\\/x.com\\\/masmallorca\"]},{\"@type\":\"Person\",\"@id\":\"https:\\\/\\\/www.masmallorca.es\\\/ca#\\\/schema\\\/person\\\/554c84e7dfd9917fdba2cace51081633\",\"name\":\"masmallorca\"}]}<\/script>\n<!-- \/ Yoast SEO plugin. -->","yoast_head_json":{"title":"Molins de Mallorca | +Mallorca: la revista de Mallorca","description":"+Mallorca, Productes t\u00edpics: Molins de Mallorca. Els molins mallorquins de vent, de sang o hidr\u00e0ulics es localitzen arreu del territori insular.","robots":{"index":"index","follow":"follow","max-snippet":"max-snippet:-1","max-image-preview":"max-image-preview:large","max-video-preview":"max-video-preview:-1"},"canonical":"https:\/\/www.masmallorca.es\/ca\/productes-tipics\/molins.html","og_locale":"ca_ES","og_type":"article","og_title":"Molins de Mallorca | +Mallorca: la revista de Mallorca","og_description":"+Mallorca, Productes t\u00edpics: Molins de Mallorca. Els molins mallorquins de vent, de sang o hidr\u00e0ulics es localitzen arreu del territori insular.","og_url":"https:\/\/www.masmallorca.es\/ca\/productes-tipics\/molins.html","og_site_name":"+Mallorca: la revista de Mallorca","article_publisher":"https:\/\/www.facebook.com\/mallorcamagazine\/","article_published_time":"2009-10-21T17:18:02+00:00","article_modified_time":"2026-02-04T09:17:58+00:00","og_image":[{"width":540,"height":180,"url":"https:\/\/www.masmallorca.es\/wp-content\/uploads\/2009\/10\/molins-de-mallorca_4.jpg","type":"image\/jpeg"}],"author":"masmallorca","twitter_card":"summary_large_image","twitter_creator":"@masmallorca","twitter_site":"@masmallorca","twitter_misc":{"Written by":"masmallorca","Est. reading time":"3 minutes"},"schema":{"@context":"https:\/\/schema.org","@graph":[{"@type":"Article","@id":"https:\/\/www.masmallorca.es\/ca\/productes-tipics\/molins.html#article","isPartOf":{"@id":"https:\/\/www.masmallorca.es\/ca\/productes-tipics\/molins.html"},"author":{"name":"masmallorca","@id":"https:\/\/www.masmallorca.es\/ca#\/schema\/person\/554c84e7dfd9917fdba2cace51081633"},"headline":"Molins de Mallorca","datePublished":"2009-10-21T17:18:02+00:00","dateModified":"2026-02-04T09:17:58+00:00","mainEntityOfPage":{"@id":"https:\/\/www.masmallorca.es\/ca\/productes-tipics\/molins.html"},"wordCount":324,"publisher":{"@id":"https:\/\/www.masmallorca.es\/ca#organization"},"image":{"@id":"https:\/\/www.masmallorca.es\/ca\/productes-tipics\/molins.html#primaryimage"},"thumbnailUrl":"https:\/\/www.masmallorca.es\/wp-content\/uploads\/2009\/10\/molins-de-mallorca_4.jpg","articleSection":["Productes T\u00edpics"],"inLanguage":"ca-ES"},{"@type":"WebPage","@id":"https:\/\/www.masmallorca.es\/ca\/productes-tipics\/molins.html","url":"https:\/\/www.masmallorca.es\/ca\/productes-tipics\/molins.html","name":"Molins de Mallorca | +Mallorca: la revista de Mallorca","isPartOf":{"@id":"https:\/\/www.masmallorca.es\/ca#website"},"primaryImageOfPage":{"@id":"https:\/\/www.masmallorca.es\/ca\/productes-tipics\/molins.html#primaryimage"},"image":{"@id":"https:\/\/www.masmallorca.es\/ca\/productes-tipics\/molins.html#primaryimage"},"thumbnailUrl":"https:\/\/www.masmallorca.es\/wp-content\/uploads\/2009\/10\/molins-de-mallorca_4.jpg","datePublished":"2009-10-21T17:18:02+00:00","dateModified":"2026-02-04T09:17:58+00:00","description":"+Mallorca, Productes t\u00edpics: Molins de Mallorca. Els molins mallorquins de vent, de sang o hidr\u00e0ulics es localitzen arreu del territori insular.","breadcrumb":{"@id":"https:\/\/www.masmallorca.es\/ca\/productes-tipics\/molins.html#breadcrumb"},"inLanguage":"ca-ES","potentialAction":[{"@type":"ReadAction","target":["https:\/\/www.masmallorca.es\/ca\/productes-tipics\/molins.html"]}]},{"@type":"ImageObject","inLanguage":"ca-ES","@id":"https:\/\/www.masmallorca.es\/ca\/productes-tipics\/molins.html#primaryimage","url":"https:\/\/www.masmallorca.es\/wp-content\/uploads\/2009\/10\/molins-de-mallorca_4.jpg","contentUrl":"https:\/\/www.masmallorca.es\/wp-content\/uploads\/2009\/10\/molins-de-mallorca_4.jpg","width":540,"height":180,"caption":"Molinos Mallorca"},{"@type":"BreadcrumbList","@id":"https:\/\/www.masmallorca.es\/ca\/productes-tipics\/molins.html#breadcrumb","itemListElement":[{"@type":"ListItem","position":1,"name":"Portada","item":"https:\/\/www.masmallorca.es\/ca"},{"@type":"ListItem","position":2,"name":"Productes T\u00edpics","item":"https:\/\/www.masmallorca.es\/ca\/productes-tipics"},{"@type":"ListItem","position":3,"name":"Molins de Mallorca"}]},{"@type":"WebSite","@id":"https:\/\/www.masmallorca.es\/ca#website","url":"https:\/\/www.masmallorca.es\/ca","name":"+Mallorca: la revista de Mallorca","description":"Molt m\u00e9s que sol i platja..","publisher":{"@id":"https:\/\/www.masmallorca.es\/ca#organization"},"alternateName":"+Mallorca","potentialAction":[{"@type":"SearchAction","target":{"@type":"EntryPoint","urlTemplate":"https:\/\/www.masmallorca.es\/ca?s={search_term_string}"},"query-input":{"@type":"PropertyValueSpecification","valueRequired":true,"valueName":"search_term_string"}}],"inLanguage":"ca-ES"},{"@type":"Organization","@id":"https:\/\/www.masmallorca.es\/ca#organization","name":"Revista +Mallorca","alternateName":"M\u00e1s Mallorca","url":"https:\/\/www.masmallorca.es\/ca","logo":{"@type":"ImageObject","inLanguage":"ca-ES","@id":"https:\/\/www.masmallorca.es\/ca#\/schema\/logo\/image\/","url":"https:\/\/www.masmallorca.es\/wp-content\/uploads\/2021\/04\/logomallorca-1.png","contentUrl":"https:\/\/www.masmallorca.es\/wp-content\/uploads\/2021\/04\/logomallorca-1.png","width":326,"height":84,"caption":"Revista +Mallorca"},"image":{"@id":"https:\/\/www.masmallorca.es\/ca#\/schema\/logo\/image\/"},"sameAs":["https:\/\/www.facebook.com\/mallorcamagazine\/","https:\/\/x.com\/masmallorca"]},{"@type":"Person","@id":"https:\/\/www.masmallorca.es\/ca#\/schema\/person\/554c84e7dfd9917fdba2cace51081633","name":"masmallorca"}]}},"_links":{"self":[{"href":"https:\/\/www.masmallorca.es\/ca\/wp-json\/wp\/v2\/posts\/4031","targetHints":{"allow":["GET"]}}],"collection":[{"href":"https:\/\/www.masmallorca.es\/ca\/wp-json\/wp\/v2\/posts"}],"about":[{"href":"https:\/\/www.masmallorca.es\/ca\/wp-json\/wp\/v2\/types\/post"}],"author":[{"embeddable":true,"href":"https:\/\/www.masmallorca.es\/ca\/wp-json\/wp\/v2\/users\/1"}],"replies":[{"embeddable":true,"href":"https:\/\/www.masmallorca.es\/ca\/wp-json\/wp\/v2\/comments?post=4031"}],"version-history":[{"count":1,"href":"https:\/\/www.masmallorca.es\/ca\/wp-json\/wp\/v2\/posts\/4031\/revisions"}],"predecessor-version":[{"id":35442,"href":"https:\/\/www.masmallorca.es\/ca\/wp-json\/wp\/v2\/posts\/4031\/revisions\/35442"}],"wp:featuredmedia":[{"embeddable":true,"href":"https:\/\/www.masmallorca.es\/ca\/wp-json\/wp\/v2\/media\/4025"}],"wp:attachment":[{"href":"https:\/\/www.masmallorca.es\/ca\/wp-json\/wp\/v2\/media?parent=4031"}],"wp:term":[{"taxonomy":"category","embeddable":true,"href":"https:\/\/www.masmallorca.es\/ca\/wp-json\/wp\/v2\/categories?post=4031"},{"taxonomy":"post_tag","embeddable":true,"href":"https:\/\/www.masmallorca.es\/ca\/wp-json\/wp\/v2\/tags?post=4031"}],"curies":[{"name":"wp","href":"https:\/\/api.w.org\/{rel}","templated":true}]}}