{"id":3931,"date":"2009-10-16T15:49:53","date_gmt":"2009-10-16T13:49:53","guid":{"rendered":"<p style=\"text-align: justify;\"><img class=\" alignright size-full wp-image-3904\" alt=\"estepa-blanca_1\" style=\"border: 0px none; margin: 0px 20px; float: right;\" src=\"http:\/\/www.masmallorca.es\/wp-content\/uploads\/2009\/10\/estepa-blanca_1.jpg\" height=\"105\" wi"},"modified":"2009-10-16T15:49:53","modified_gmt":"2009-10-16T13:49:53","slug":"estepa-d-escurar","status":"publish","type":"post","link":"https:\/\/www.masmallorca.es\/ca\/flora-a-mallorca\/estepa-d-escurar.html","title":{"rendered":"Estepa d\u00b4escurar"},"content":{"rendered":"<p style=\"text-align: justify;\"><img loading=\"lazy\" decoding=\"async\" class=\" alignright size-full wp-image-3904\" alt=\"estepa-blanca_1\" style=\"border: 0px none; margin: 0px 20px; float: right;\" src=\"https:\/\/www.masmallorca.es\/wp-content\/uploads\/2009\/10\/estepa-blanca_1.jpg\" height=\"105\" width=\"150\" \/><strong>Caracter\u00edstiques:<\/strong><br \/> Contr\u00e0riament al que indica el seu nom, l\u2019estepa blanca t\u00e9 les flors roses, per\u00f2 les fulles s\u00f3n d\u2019un verd molt clar. La seva altura \u00e9s de 50 a 160 cm. Creix en llocs secs i assolellats, a matolls calcaris i zones degradades.<\/p>\n<p>  <!--more-->  <\/p>\n<p style=\"text-align: justify;\">Pot viure perfectament sobre s\u00f2ls sil\u00edcis.<\/p>\n<p><strong><span style=\"text-decoration: underline;\">Cistus albidus L.<\/span><\/strong><\/p>\n<p><strong>Familia:<\/strong> Cistaceae.<br \/><strong>G\u00e9nere:<\/strong> Cistus.<br \/><strong>Nom com\u00fan en Catal\u00e0:<\/strong> Estepa d\u00b4escurar. Est\u00e8pera blanca. <br \/><strong>Nom com\u00fa en Castell\u00e0:<\/strong> Estepa blanca. Estepa fina. Jaguarzo blanco. <br \/><strong>\u00c8poca de floraci\u00f3:<\/strong> Abril, maig i juny.<br \/><strong>H\u00e0bitat:<\/strong> Pinars i matolls sobre substrats carbonatats.<\/p>\n<p> <\/p>\n<p><strong><img loading=\"lazy\" decoding=\"async\" class=\" alignleft size-full wp-image-3920\" alt=\"estepa-blanca_2\" style=\"border: 0px none; margin: 10px 20px 10px 0px; float: left;\" src=\"https:\/\/www.masmallorca.es\/wp-content\/uploads\/2009\/10\/estepa-blanca_2.jpg\" height=\"333\" width=\"250\" srcset=\"https:\/\/www.masmallorca.es\/wp-content\/uploads\/2009\/10\/estepa-blanca_2.jpg 250w, https:\/\/www.masmallorca.es\/wp-content\/uploads\/2009\/10\/estepa-blanca_2-225x300.jpg 225w\" sizes=\"(max-width: 250px) 100vw, 250px\" \/><\/strong><\/p>\n<p> <strong>Origen nom cient\u00edfic: <\/strong>&nbsp; <\/p>\n<div style=\"text-align: justify;\">Cistus del llat\u00ed cisthos que al\u00b7ludeix a les esp\u00e8cies del g\u00e8nere cistus\/albidus del llat\u00ed albus que significa blanc. Es refereix a la tomentositat blanca que recobreix les fulles.<\/div>\n<p><strong>Descripci\u00f3: <\/strong> <\/p>\n<div style=\"text-align: justify;\">Port i tija: Arbust erecte amb tija lenyosa grisenca. Les branques s\u00f3n nombroses i est\u00e0n recobertes per pelets. \u00c9s lleument arom\u00e0tic.<\/p>\n<p><strong>Fulla: <\/strong><br \/>Fulles assegudes i oposades en creu. Tant el feix com el rev\u00e9s est\u00e0n densament poblats de p\u00e8ls que li donen el car\u00e0cter albidus a la planta. En el rev\u00e9s es formen tres nervis prominents. <\/p>\n<p><strong>Flor: <\/strong><br \/>Pot trobar-se en flor des del final de l\u2019hivern fins a principis de l\u2019estiu. Flor hermafrodita i zigomorfa d\u2019uns 5 cm, en infloresc\u00e8ncies terminals. Tenen pedicels. 5 s\u00e8pals externs ovalats, tomentosos de p\u00e8ls. 5 p\u00e8tals rosa-purpuris una mica arrugats que cauen f\u00e0cilment al tocar-los. Els nombrosos estamenis grocs s\u00f3n irregulars en grand\u00e0ria i envolten l\u2019ovari, arribant a els estamenis la mateixa altura que l\u2019estil. L\u2019ovari \u00e9s pentalobulat amb 5 carpels i amb estigma semiesf\u00e8ric. <\/p>\n<p><strong>Fruit: <\/strong><br \/>\u00c9s una c\u00e0psula de 1,5 cm amb forma ovalada que s\u2019obre en 5 valves, alliberant nombroses llavors d\u2019aproximadament 1 mm. <\/p>\n<p><strong>Comentaris: <\/strong><br \/>Els pelets de les fulles t\u00e9nen la doble finalitat de reflectir els llamps solars per a reduir la transpiraci\u00f3 de la planta per a resistir en ambients d\u2019altes temperatures, i per a rebutjar aquells insectes que intentin destruir les seves fulles.<\/div>\n<p> <strong><span style=\"text-decoration: underline;\"><\/span><\/strong> <\/p>\n<p style=\"text-align: center;\"><strong><img loading=\"lazy\" decoding=\"async\" class=\" size-full wp-image-3925\" alt=\"estepa-blanca_3\" style=\"border: 0px none; margin: 10px 0px;\" src=\"https:\/\/www.masmallorca.es\/wp-content\/uploads\/2009\/10\/estepa-blanca_3.jpg\" height=\"225\" width=\"540\" srcset=\"https:\/\/www.masmallorca.es\/wp-content\/uploads\/2009\/10\/estepa-blanca_3.jpg 540w, https:\/\/www.masmallorca.es\/wp-content\/uploads\/2009\/10\/estepa-blanca_3-300x125.jpg 300w\" sizes=\"(max-width: 540px) 100vw, 540px\" \/><\/strong><\/p>\n","protected":false},"excerpt":{"rendered":"<p>Caracter\u00edstiques: Contr\u00e0riament al que indica el seu nom, l\u2019estepa blanca t\u00e9 les flors roses, per\u00f2 les fulles s\u00f3n d\u2019un verd molt clar. La seva altura \u00e9s de 50 a 160 cm. Creix en llocs secs i assolellats, a matolls calcaris i zones degradades.<\/p>\n","protected":false},"author":1,"featured_media":3926,"comment_status":"closed","ping_status":"closed","sticky":false,"template":"","format":"standard","meta":{"_et_pb_use_builder":"","_et_pb_old_content":"","_et_gb_content_width":"","footnotes":""},"categories":[44],"tags":[],"class_list":["post-3931","post","type-post","status-publish","format-standard","has-post-thumbnail","hentry","category-flora-a-mallorca","et-has-post-format-content","et_post_format-et-post-format-standard"],"yoast_head":"<!-- This site is optimized with the Yoast SEO plugin v27.4 - https:\/\/yoast.com\/product\/yoast-seo-wordpress\/ -->\n<title>Estepa d\u00b4escurar | +Mallorca: la revista de Mallorca<\/title>\n<meta name=\"robots\" content=\"index, follow, max-snippet:-1, max-image-preview:large, max-video-preview:-1\" \/>\n<link rel=\"canonical\" href=\"https:\/\/www.masmallorca.es\/ca\/flora-a-mallorca\/estepa-d-escurar.html\" \/>\n<meta property=\"og:locale\" content=\"ca_ES\" \/>\n<meta property=\"og:type\" content=\"article\" \/>\n<meta property=\"og:title\" content=\"Estepa d\u00b4escurar | +Mallorca: la revista de Mallorca\" \/>\n<meta property=\"og:description\" content=\"Caracter\u00edstiques: Contr\u00e0riament al que indica el seu nom, l\u2019estepa blanca t\u00e9 les flors roses, per\u00f2 les fulles s\u00f3n d\u2019un verd molt clar. La seva altura \u00e9s de 50 a 160 cm. Creix en llocs secs i assolellats, a matolls calcaris i zones degradades.\" \/>\n<meta property=\"og:url\" content=\"https:\/\/www.masmallorca.es\/ca\/flora-a-mallorca\/estepa-d-escurar.html\" \/>\n<meta property=\"og:site_name\" content=\"+Mallorca: la revista de Mallorca\" \/>\n<meta property=\"article:publisher\" content=\"https:\/\/www.facebook.com\/mallorcamagazine\/\" \/>\n<meta property=\"article:published_time\" content=\"2009-10-16T13:49:53+00:00\" \/>\n<meta property=\"og:image\" content=\"https:\/\/www.masmallorca.es\/wp-content\/uploads\/2009\/10\/estepa-blanca_3.jpg\" \/>\n\t<meta property=\"og:image:width\" content=\"540\" \/>\n\t<meta property=\"og:image:height\" content=\"225\" \/>\n\t<meta property=\"og:image:type\" content=\"image\/jpeg\" \/>\n<meta name=\"author\" content=\"masmallorca\" \/>\n<meta name=\"twitter:card\" content=\"summary_large_image\" \/>\n<meta name=\"twitter:creator\" content=\"@masmallorca\" \/>\n<meta name=\"twitter:site\" content=\"@masmallorca\" \/>\n<meta name=\"twitter:label1\" content=\"Written by\" \/>\n\t<meta name=\"twitter:data1\" content=\"masmallorca\" \/>\n\t<meta name=\"twitter:label2\" content=\"Est. reading time\" \/>\n\t<meta name=\"twitter:data2\" content=\"2 minutes\" \/>\n<script type=\"application\/ld+json\" class=\"yoast-schema-graph\">{\"@context\":\"https:\\\/\\\/schema.org\",\"@graph\":[{\"@type\":\"Article\",\"@id\":\"https:\\\/\\\/www.masmallorca.es\\\/ca\\\/flora-a-mallorca\\\/estepa-d-escurar.html#article\",\"isPartOf\":{\"@id\":\"https:\\\/\\\/www.masmallorca.es\\\/ca\\\/flora-a-mallorca\\\/estepa-d-escurar.html\"},\"author\":{\"name\":\"masmallorca\",\"@id\":\"https:\\\/\\\/www.masmallorca.es\\\/ca#\\\/schema\\\/person\\\/554c84e7dfd9917fdba2cace51081633\"},\"headline\":\"Estepa d\u00b4escurar\",\"datePublished\":\"2009-10-16T13:49:53+00:00\",\"mainEntityOfPage\":{\"@id\":\"https:\\\/\\\/www.masmallorca.es\\\/ca\\\/flora-a-mallorca\\\/estepa-d-escurar.html\"},\"wordCount\":353,\"publisher\":{\"@id\":\"https:\\\/\\\/www.masmallorca.es\\\/ca#organization\"},\"image\":{\"@id\":\"https:\\\/\\\/www.masmallorca.es\\\/ca\\\/flora-a-mallorca\\\/estepa-d-escurar.html#primaryimage\"},\"thumbnailUrl\":\"https:\\\/\\\/www.masmallorca.es\\\/wp-content\\\/uploads\\\/2009\\\/10\\\/estepa-blanca_3.jpg\",\"articleSection\":[\"Flora a Mallorca\"],\"inLanguage\":\"ca-ES\"},{\"@type\":\"WebPage\",\"@id\":\"https:\\\/\\\/www.masmallorca.es\\\/ca\\\/flora-a-mallorca\\\/estepa-d-escurar.html\",\"url\":\"https:\\\/\\\/www.masmallorca.es\\\/ca\\\/flora-a-mallorca\\\/estepa-d-escurar.html\",\"name\":\"Estepa d\u00b4escurar | +Mallorca: la revista de Mallorca\",\"isPartOf\":{\"@id\":\"https:\\\/\\\/www.masmallorca.es\\\/ca#website\"},\"primaryImageOfPage\":{\"@id\":\"https:\\\/\\\/www.masmallorca.es\\\/ca\\\/flora-a-mallorca\\\/estepa-d-escurar.html#primaryimage\"},\"image\":{\"@id\":\"https:\\\/\\\/www.masmallorca.es\\\/ca\\\/flora-a-mallorca\\\/estepa-d-escurar.html#primaryimage\"},\"thumbnailUrl\":\"https:\\\/\\\/www.masmallorca.es\\\/wp-content\\\/uploads\\\/2009\\\/10\\\/estepa-blanca_3.jpg\",\"datePublished\":\"2009-10-16T13:49:53+00:00\",\"breadcrumb\":{\"@id\":\"https:\\\/\\\/www.masmallorca.es\\\/ca\\\/flora-a-mallorca\\\/estepa-d-escurar.html#breadcrumb\"},\"inLanguage\":\"ca-ES\",\"potentialAction\":[{\"@type\":\"ReadAction\",\"target\":[\"https:\\\/\\\/www.masmallorca.es\\\/ca\\\/flora-a-mallorca\\\/estepa-d-escurar.html\"]}]},{\"@type\":\"ImageObject\",\"inLanguage\":\"ca-ES\",\"@id\":\"https:\\\/\\\/www.masmallorca.es\\\/ca\\\/flora-a-mallorca\\\/estepa-d-escurar.html#primaryimage\",\"url\":\"https:\\\/\\\/www.masmallorca.es\\\/wp-content\\\/uploads\\\/2009\\\/10\\\/estepa-blanca_3.jpg\",\"contentUrl\":\"https:\\\/\\\/www.masmallorca.es\\\/wp-content\\\/uploads\\\/2009\\\/10\\\/estepa-blanca_3.jpg\",\"width\":540,\"height\":225},{\"@type\":\"BreadcrumbList\",\"@id\":\"https:\\\/\\\/www.masmallorca.es\\\/ca\\\/flora-a-mallorca\\\/estepa-d-escurar.html#breadcrumb\",\"itemListElement\":[{\"@type\":\"ListItem\",\"position\":1,\"name\":\"Portada\",\"item\":\"https:\\\/\\\/www.masmallorca.es\\\/ca\"},{\"@type\":\"ListItem\",\"position\":2,\"name\":\"Flora a Mallorca\",\"item\":\"https:\\\/\\\/www.masmallorca.es\\\/ca\\\/flora-a-mallorca\"},{\"@type\":\"ListItem\",\"position\":3,\"name\":\"Estepa d\u00b4escurar\"}]},{\"@type\":\"WebSite\",\"@id\":\"https:\\\/\\\/www.masmallorca.es\\\/ca#website\",\"url\":\"https:\\\/\\\/www.masmallorca.es\\\/ca\",\"name\":\"+Mallorca: la revista de Mallorca\",\"description\":\"Molt m\u00e9s que sol i platja..\",\"publisher\":{\"@id\":\"https:\\\/\\\/www.masmallorca.es\\\/ca#organization\"},\"alternateName\":\"+Mallorca\",\"potentialAction\":[{\"@type\":\"SearchAction\",\"target\":{\"@type\":\"EntryPoint\",\"urlTemplate\":\"https:\\\/\\\/www.masmallorca.es\\\/ca?s={search_term_string}\"},\"query-input\":{\"@type\":\"PropertyValueSpecification\",\"valueRequired\":true,\"valueName\":\"search_term_string\"}}],\"inLanguage\":\"ca-ES\"},{\"@type\":\"Organization\",\"@id\":\"https:\\\/\\\/www.masmallorca.es\\\/ca#organization\",\"name\":\"Revista +Mallorca\",\"alternateName\":\"M\u00e1s Mallorca\",\"url\":\"https:\\\/\\\/www.masmallorca.es\\\/ca\",\"logo\":{\"@type\":\"ImageObject\",\"inLanguage\":\"ca-ES\",\"@id\":\"https:\\\/\\\/www.masmallorca.es\\\/ca#\\\/schema\\\/logo\\\/image\\\/\",\"url\":\"https:\\\/\\\/www.masmallorca.es\\\/wp-content\\\/uploads\\\/2021\\\/04\\\/logomallorca-1.png\",\"contentUrl\":\"https:\\\/\\\/www.masmallorca.es\\\/wp-content\\\/uploads\\\/2021\\\/04\\\/logomallorca-1.png\",\"width\":326,\"height\":84,\"caption\":\"Revista +Mallorca\"},\"image\":{\"@id\":\"https:\\\/\\\/www.masmallorca.es\\\/ca#\\\/schema\\\/logo\\\/image\\\/\"},\"sameAs\":[\"https:\\\/\\\/www.facebook.com\\\/mallorcamagazine\\\/\",\"https:\\\/\\\/x.com\\\/masmallorca\"]},{\"@type\":\"Person\",\"@id\":\"https:\\\/\\\/www.masmallorca.es\\\/ca#\\\/schema\\\/person\\\/554c84e7dfd9917fdba2cace51081633\",\"name\":\"masmallorca\"}]}<\/script>\n<!-- \/ Yoast SEO plugin. -->","yoast_head_json":{"title":"Estepa d\u00b4escurar | +Mallorca: la revista de Mallorca","robots":{"index":"index","follow":"follow","max-snippet":"max-snippet:-1","max-image-preview":"max-image-preview:large","max-video-preview":"max-video-preview:-1"},"canonical":"https:\/\/www.masmallorca.es\/ca\/flora-a-mallorca\/estepa-d-escurar.html","og_locale":"ca_ES","og_type":"article","og_title":"Estepa d\u00b4escurar | +Mallorca: la revista de Mallorca","og_description":"Caracter\u00edstiques: Contr\u00e0riament al que indica el seu nom, l\u2019estepa blanca t\u00e9 les flors roses, per\u00f2 les fulles s\u00f3n d\u2019un verd molt clar. La seva altura \u00e9s de 50 a 160 cm. Creix en llocs secs i assolellats, a matolls calcaris i zones degradades.","og_url":"https:\/\/www.masmallorca.es\/ca\/flora-a-mallorca\/estepa-d-escurar.html","og_site_name":"+Mallorca: la revista de Mallorca","article_publisher":"https:\/\/www.facebook.com\/mallorcamagazine\/","article_published_time":"2009-10-16T13:49:53+00:00","og_image":[{"width":540,"height":225,"url":"https:\/\/www.masmallorca.es\/wp-content\/uploads\/2009\/10\/estepa-blanca_3.jpg","type":"image\/jpeg"}],"author":"masmallorca","twitter_card":"summary_large_image","twitter_creator":"@masmallorca","twitter_site":"@masmallorca","twitter_misc":{"Written by":"masmallorca","Est. reading time":"2 minutes"},"schema":{"@context":"https:\/\/schema.org","@graph":[{"@type":"Article","@id":"https:\/\/www.masmallorca.es\/ca\/flora-a-mallorca\/estepa-d-escurar.html#article","isPartOf":{"@id":"https:\/\/www.masmallorca.es\/ca\/flora-a-mallorca\/estepa-d-escurar.html"},"author":{"name":"masmallorca","@id":"https:\/\/www.masmallorca.es\/ca#\/schema\/person\/554c84e7dfd9917fdba2cace51081633"},"headline":"Estepa d\u00b4escurar","datePublished":"2009-10-16T13:49:53+00:00","mainEntityOfPage":{"@id":"https:\/\/www.masmallorca.es\/ca\/flora-a-mallorca\/estepa-d-escurar.html"},"wordCount":353,"publisher":{"@id":"https:\/\/www.masmallorca.es\/ca#organization"},"image":{"@id":"https:\/\/www.masmallorca.es\/ca\/flora-a-mallorca\/estepa-d-escurar.html#primaryimage"},"thumbnailUrl":"https:\/\/www.masmallorca.es\/wp-content\/uploads\/2009\/10\/estepa-blanca_3.jpg","articleSection":["Flora a Mallorca"],"inLanguage":"ca-ES"},{"@type":"WebPage","@id":"https:\/\/www.masmallorca.es\/ca\/flora-a-mallorca\/estepa-d-escurar.html","url":"https:\/\/www.masmallorca.es\/ca\/flora-a-mallorca\/estepa-d-escurar.html","name":"Estepa d\u00b4escurar | +Mallorca: la revista de Mallorca","isPartOf":{"@id":"https:\/\/www.masmallorca.es\/ca#website"},"primaryImageOfPage":{"@id":"https:\/\/www.masmallorca.es\/ca\/flora-a-mallorca\/estepa-d-escurar.html#primaryimage"},"image":{"@id":"https:\/\/www.masmallorca.es\/ca\/flora-a-mallorca\/estepa-d-escurar.html#primaryimage"},"thumbnailUrl":"https:\/\/www.masmallorca.es\/wp-content\/uploads\/2009\/10\/estepa-blanca_3.jpg","datePublished":"2009-10-16T13:49:53+00:00","breadcrumb":{"@id":"https:\/\/www.masmallorca.es\/ca\/flora-a-mallorca\/estepa-d-escurar.html#breadcrumb"},"inLanguage":"ca-ES","potentialAction":[{"@type":"ReadAction","target":["https:\/\/www.masmallorca.es\/ca\/flora-a-mallorca\/estepa-d-escurar.html"]}]},{"@type":"ImageObject","inLanguage":"ca-ES","@id":"https:\/\/www.masmallorca.es\/ca\/flora-a-mallorca\/estepa-d-escurar.html#primaryimage","url":"https:\/\/www.masmallorca.es\/wp-content\/uploads\/2009\/10\/estepa-blanca_3.jpg","contentUrl":"https:\/\/www.masmallorca.es\/wp-content\/uploads\/2009\/10\/estepa-blanca_3.jpg","width":540,"height":225},{"@type":"BreadcrumbList","@id":"https:\/\/www.masmallorca.es\/ca\/flora-a-mallorca\/estepa-d-escurar.html#breadcrumb","itemListElement":[{"@type":"ListItem","position":1,"name":"Portada","item":"https:\/\/www.masmallorca.es\/ca"},{"@type":"ListItem","position":2,"name":"Flora a Mallorca","item":"https:\/\/www.masmallorca.es\/ca\/flora-a-mallorca"},{"@type":"ListItem","position":3,"name":"Estepa d\u00b4escurar"}]},{"@type":"WebSite","@id":"https:\/\/www.masmallorca.es\/ca#website","url":"https:\/\/www.masmallorca.es\/ca","name":"+Mallorca: la revista de Mallorca","description":"Molt m\u00e9s que sol i platja..","publisher":{"@id":"https:\/\/www.masmallorca.es\/ca#organization"},"alternateName":"+Mallorca","potentialAction":[{"@type":"SearchAction","target":{"@type":"EntryPoint","urlTemplate":"https:\/\/www.masmallorca.es\/ca?s={search_term_string}"},"query-input":{"@type":"PropertyValueSpecification","valueRequired":true,"valueName":"search_term_string"}}],"inLanguage":"ca-ES"},{"@type":"Organization","@id":"https:\/\/www.masmallorca.es\/ca#organization","name":"Revista +Mallorca","alternateName":"M\u00e1s Mallorca","url":"https:\/\/www.masmallorca.es\/ca","logo":{"@type":"ImageObject","inLanguage":"ca-ES","@id":"https:\/\/www.masmallorca.es\/ca#\/schema\/logo\/image\/","url":"https:\/\/www.masmallorca.es\/wp-content\/uploads\/2021\/04\/logomallorca-1.png","contentUrl":"https:\/\/www.masmallorca.es\/wp-content\/uploads\/2021\/04\/logomallorca-1.png","width":326,"height":84,"caption":"Revista +Mallorca"},"image":{"@id":"https:\/\/www.masmallorca.es\/ca#\/schema\/logo\/image\/"},"sameAs":["https:\/\/www.facebook.com\/mallorcamagazine\/","https:\/\/x.com\/masmallorca"]},{"@type":"Person","@id":"https:\/\/www.masmallorca.es\/ca#\/schema\/person\/554c84e7dfd9917fdba2cace51081633","name":"masmallorca"}]}},"_links":{"self":[{"href":"https:\/\/www.masmallorca.es\/ca\/wp-json\/wp\/v2\/posts\/3931","targetHints":{"allow":["GET"]}}],"collection":[{"href":"https:\/\/www.masmallorca.es\/ca\/wp-json\/wp\/v2\/posts"}],"about":[{"href":"https:\/\/www.masmallorca.es\/ca\/wp-json\/wp\/v2\/types\/post"}],"author":[{"embeddable":true,"href":"https:\/\/www.masmallorca.es\/ca\/wp-json\/wp\/v2\/users\/1"}],"replies":[{"embeddable":true,"href":"https:\/\/www.masmallorca.es\/ca\/wp-json\/wp\/v2\/comments?post=3931"}],"version-history":[{"count":0,"href":"https:\/\/www.masmallorca.es\/ca\/wp-json\/wp\/v2\/posts\/3931\/revisions"}],"wp:featuredmedia":[{"embeddable":true,"href":"https:\/\/www.masmallorca.es\/ca\/wp-json\/wp\/v2\/media\/3926"}],"wp:attachment":[{"href":"https:\/\/www.masmallorca.es\/ca\/wp-json\/wp\/v2\/media?parent=3931"}],"wp:term":[{"taxonomy":"category","embeddable":true,"href":"https:\/\/www.masmallorca.es\/ca\/wp-json\/wp\/v2\/categories?post=3931"},{"taxonomy":"post_tag","embeddable":true,"href":"https:\/\/www.masmallorca.es\/ca\/wp-json\/wp\/v2\/tags?post=3931"}],"curies":[{"name":"wp","href":"https:\/\/api.w.org\/{rel}","templated":true}]}}