{"id":35873,"date":"2026-04-22T12:48:44","date_gmt":"2026-04-22T10:48:44","guid":{"rendered":"https:\/\/www.masmallorca.es\/noticies-i-actualitat-de-mallorca\/mallorca-se-escribe-en-tela-de-lenguas.html"},"modified":"2026-04-30T12:03:09","modified_gmt":"2026-04-30T10:03:09","slug":"mallorca-sescriu-en-teles-de-llengues","status":"publish","type":"post","link":"https:\/\/www.masmallorca.es\/ca\/productes-tipics\/mallorca-sescriu-en-teles-de-llengues.html","title":{"rendered":"Mallorca s&#8217;escriu en teles de lleng\u00fces"},"content":{"rendered":"\n<p>Hi ha teixits que vesteixen, i altres que expliquen hist\u00f2ries. La tela de lleng\u00fces pertany, sens dubte, a aquesta segona categoria: un s\u00edmbol viu de Mallorca que ara fa un pas ferm cap a la seva preservaci\u00f3 com a patrimoni cultural immaterial.<\/p>\n\n\n\n<!--more-->\n\n\n\n<p>El Consell de Mallorca ha declarat la t\u00e8cnica tradicional de producci\u00f3 de la tela de lleng\u00fces com a <strong>b\u00e9 d&#8217;inter\u00e8s cultural immaterial <\/strong>(BICIM), i ha protegit un saber artesanal \u00fanic, una manera d&#8217;entendre el temps, l&#8217;ofici i la bellesa.<\/p>\n\n\n\n<p>El secret de la <a href=\"https:\/\/www.masmallorca.es\/ca\/productes-tipics\/teles-de-llengues-ikat-mediterrani.html\">tela de lleng\u00fces<\/a> resideix en una t\u00e8cnica ancestral coneguda com a <strong>ikat<\/strong><sup data-fn=\"e6d29557-f40a-4945-8250-3d58066f3f09\" class=\"fn\"><a href=\"#e6d29557-f40a-4945-8250-3d58066f3f09\" id=\"e6d29557-f40a-4945-8250-3d58066f3f09-link\">1<\/a><\/sup>,  en qu\u00e8 els fils es tenyeixen abans de ser teixits. Aquest proc\u00e9s, minuci\u00f3s i gaireb\u00e9 hipn\u00f2tic, d\u00f3na lloc als dibuixos ondulats caracter\u00edstics que evoquen lleng\u00fces de foc o formes org\u00e0niques en moviment.<\/p>\n\n\n\n<figure class=\"wp-block-image size-full\"><img loading=\"lazy\" decoding=\"async\" width=\"940\" height=\"468\" src=\"https:\/\/www.masmallorca.es\/wp-content\/uploads\/2026\/04\/telas-de-lenguas-mallorca-teixitsvicens.jpg\" alt=\"Teles mallorquines Teixits Vicens\" class=\"wp-image-35824\" srcset=\"https:\/\/www.masmallorca.es\/wp-content\/uploads\/2026\/04\/telas-de-lenguas-mallorca-teixitsvicens.jpg 940w, https:\/\/www.masmallorca.es\/wp-content\/uploads\/2026\/04\/telas-de-lenguas-mallorca-teixitsvicens-300x149.jpg 300w, https:\/\/www.masmallorca.es\/wp-content\/uploads\/2026\/04\/telas-de-lenguas-mallorca-teixitsvicens-768x382.jpg 768w\" sizes=\"(max-width: 940px) 100vw, 940px\" \/><figcaption class=\"wp-element-caption\"><a href=\"https:\/\/www.mallorcashop.net\/ca\/24-teles-tipiques-mallorquines\" target=\"_blank\" rel=\"noreferrer noopener\">Teles mallorquines<\/a> de Teixits Vicens<\/figcaption><\/figure>\n\n\n\n<p>Cada pe\u00e7a \u00e9s irrepetible: petites variacions en el tenyit i el teixit converteixen cada tela en una obra singular. Documentada a l&#8217;illa des del segle XVIII, <strong>la tela de lleng\u00fces ha format part de la vida quotidiana mallorquina<\/strong> durant generacions. Ha vestit llars, ha decorat estades senyorials i ha evolucionat fins a integrar-se en propostes contempor\u00e0nies de disseny i interiorisme.<\/p>\n\n\n\n<h2 class=\"wp-block-heading\">Avui, lluny de quedar ancorada al passat, la tela de lleng\u00fces es reinventa sense perdre la seva ess\u00e8ncia.<\/h2>\n\n\n\n<p>Darrere de cada metre de roba hi ha mans expertes i una her\u00e8ncia transmesa de pares a fills. Tallers com <strong>Teixits Vicens<\/strong>, <strong>Teixits Riera<\/strong> i <strong>Artesania T\u00e8xtil Bujosa<\/strong> mantenen viva aquesta tradici\u00f3, combinant t\u00e8cniques centen\u00e0ries amb una mirada contempor\u00e0nia que connecta amb les noves generacions.<\/p>\n\n\n\n<p>En un context global on la producci\u00f3 industrial tendeix a uniformar els objectes, la tela de lleng\u00fces reivindica all\u00f2 aut\u00e8ntic. El seu reconeixement com a b\u00e9 protegit no nom\u00e9s en garanteix la continu\u00eftat, sin\u00f3 que tamb\u00e9 en refor\u00e7a el valor davant les imitacions, subratllant la import\u00e0ncia de preservar all\u00f2 que no es pot replicar: el coneixement, el temps i la identitat.<\/p>\n\n\n\n<p><\/p>\n\n\n<ol class=\"wp-block-footnotes\"><li id=\"e6d29557-f40a-4945-8250-3d58066f3f09\"><strong>Ikat<\/strong>: una t\u00e8cnica tradicional de tenyit per reserva utilitzada en la producci\u00f3 de teixits amb patrons. En aquest m\u00e8tode, els fils es tenyeixen abans de ser teixits, creant dissenys caracter\u00edstics amb vores difuminades. \u00c9s practicada a \u00c0sia, Am\u00e8rica Llatina i parts d&#8217;\u00c0frica, i \u00e9s apreciada tant per la seva complexitat t\u00e8cnica com pel seu valor art\u00edstic i cultural. <a href=\"#e6d29557-f40a-4945-8250-3d58066f3f09-link\" aria-label=\"Jump to footnote reference 1\">\u21a9\ufe0e<\/a><\/li><\/ol>","protected":false},"excerpt":{"rendered":"<p>Hi ha teixits que vesteixen, i altres que expliquen hist\u00f2ries. La tela de lleng\u00fces pertany, sens dubte, a aquesta segona categoria: un s\u00edmbol viu de Mallorca que ara fa un pas ferm cap a la seva preservaci\u00f3 com a patrimoni cultural immaterial.<\/p>\n","protected":false},"author":1,"featured_media":35819,"comment_status":"closed","ping_status":"closed","sticky":false,"template":"","format":"standard","meta":{"_et_pb_use_builder":"","_et_pb_old_content":"","_et_gb_content_width":"","footnotes":"[{\"content\":\"<strong>Ikat<\/strong>: una t\u00e8cnica tradicional de tenyit per reserva utilitzada en la producci\u00f3 de teixits amb patrons. En aquest m\u00e8tode, els fils es tenyeixen abans de ser teixits, creant dissenys caracter\u00edstics amb vores difuminades. \u00c9s practicada a \u00c0sia, Am\u00e8rica Llatina i parts d'\u00c0frica, i \u00e9s apreciada tant per la seva complexitat t\u00e8cnica com pel seu valor art\u00edstic i cultural.\",\"id\":\"e6d29557-f40a-4945-8250-3d58066f3f09\"}]"},"categories":[24],"tags":[],"class_list":["post-35873","post","type-post","status-publish","format-standard","has-post-thumbnail","hentry","category-productes-tipics","et-has-post-format-content","et_post_format-et-post-format-standard"],"yoast_head":"<!-- This site is optimized with the Yoast SEO plugin v27.4 - https:\/\/yoast.com\/product\/yoast-seo-wordpress\/ -->\n<title>Mallorca s&#039;escriu en teles de lleng\u00fces | +Mallorca<\/title>\n<meta name=\"description\" content=\"Declarada la t\u00e8cnica tradicional de producci\u00f3 de la tela de lleng\u00fces, teles mallorquines, com a b\u00e9 d&#039;inter\u00e8s cultural immaterial (BICIM).\" \/>\n<meta name=\"robots\" content=\"index, follow, max-snippet:-1, max-image-preview:large, max-video-preview:-1\" \/>\n<link rel=\"canonical\" href=\"https:\/\/www.masmallorca.es\/ca\/productes-tipics\/mallorca-sescriu-en-teles-de-llengues.html\" \/>\n<meta property=\"og:locale\" content=\"ca_ES\" \/>\n<meta property=\"og:type\" content=\"article\" \/>\n<meta property=\"og:title\" content=\"Mallorca s&#039;escriu en teles de lleng\u00fces | +Mallorca\" \/>\n<meta property=\"og:description\" content=\"Declarada la t\u00e8cnica tradicional de producci\u00f3 de la tela de lleng\u00fces, teles mallorquines, com a b\u00e9 d&#039;inter\u00e8s cultural immaterial (BICIM).\" \/>\n<meta property=\"og:url\" content=\"https:\/\/www.masmallorca.es\/ca\/productes-tipics\/mallorca-sescriu-en-teles-de-llengues.html\" \/>\n<meta property=\"og:site_name\" content=\"+Mallorca: la revista de Mallorca\" \/>\n<meta property=\"article:publisher\" content=\"https:\/\/www.facebook.com\/mallorcamagazine\/\" \/>\n<meta property=\"article:published_time\" content=\"2026-04-22T10:48:44+00:00\" \/>\n<meta property=\"article:modified_time\" content=\"2026-04-30T10:03:09+00:00\" \/>\n<meta property=\"og:image\" content=\"https:\/\/www.masmallorca.es\/wp-content\/uploads\/2026\/04\/telas-de-lenguas-mallorquinas-masmallorca.jpg\" \/>\n\t<meta property=\"og:image:width\" content=\"950\" \/>\n\t<meta property=\"og:image:height\" content=\"593\" \/>\n\t<meta property=\"og:image:type\" content=\"image\/jpeg\" \/>\n<meta name=\"author\" content=\"masmallorca\" \/>\n<meta name=\"twitter:card\" content=\"summary_large_image\" \/>\n<meta name=\"twitter:creator\" content=\"@masmallorca\" \/>\n<meta name=\"twitter:site\" content=\"@masmallorca\" \/>\n<meta name=\"twitter:label1\" content=\"Written by\" \/>\n\t<meta name=\"twitter:data1\" content=\"masmallorca\" \/>\n\t<meta name=\"twitter:label2\" content=\"Est. reading time\" \/>\n\t<meta name=\"twitter:data2\" content=\"2 minutes\" \/>\n<script type=\"application\/ld+json\" class=\"yoast-schema-graph\">{\"@context\":\"https:\\\/\\\/schema.org\",\"@graph\":[{\"@type\":\"Article\",\"@id\":\"https:\\\/\\\/www.masmallorca.es\\\/ca\\\/productes-tipics\\\/mallorca-sescriu-en-teles-de-llengues.html#article\",\"isPartOf\":{\"@id\":\"https:\\\/\\\/www.masmallorca.es\\\/ca\\\/productes-tipics\\\/mallorca-sescriu-en-teles-de-llengues.html\"},\"author\":{\"name\":\"masmallorca\",\"@id\":\"https:\\\/\\\/www.masmallorca.es\\\/ca#\\\/schema\\\/person\\\/554c84e7dfd9917fdba2cace51081633\"},\"headline\":\"Mallorca s&#8217;escriu en teles de lleng\u00fces\",\"datePublished\":\"2026-04-22T10:48:44+00:00\",\"dateModified\":\"2026-04-30T10:03:09+00:00\",\"mainEntityOfPage\":{\"@id\":\"https:\\\/\\\/www.masmallorca.es\\\/ca\\\/productes-tipics\\\/mallorca-sescriu-en-teles-de-llengues.html\"},\"wordCount\":361,\"publisher\":{\"@id\":\"https:\\\/\\\/www.masmallorca.es\\\/ca#organization\"},\"image\":{\"@id\":\"https:\\\/\\\/www.masmallorca.es\\\/ca\\\/productes-tipics\\\/mallorca-sescriu-en-teles-de-llengues.html#primaryimage\"},\"thumbnailUrl\":\"https:\\\/\\\/www.masmallorca.es\\\/wp-content\\\/uploads\\\/2026\\\/04\\\/telas-de-lenguas-mallorquinas-masmallorca.jpg\",\"articleSection\":[\"Productes T\u00edpics\"],\"inLanguage\":\"ca-ES\"},{\"@type\":\"WebPage\",\"@id\":\"https:\\\/\\\/www.masmallorca.es\\\/ca\\\/productes-tipics\\\/mallorca-sescriu-en-teles-de-llengues.html\",\"url\":\"https:\\\/\\\/www.masmallorca.es\\\/ca\\\/productes-tipics\\\/mallorca-sescriu-en-teles-de-llengues.html\",\"name\":\"Mallorca s'escriu en teles de lleng\u00fces | +Mallorca\",\"isPartOf\":{\"@id\":\"https:\\\/\\\/www.masmallorca.es\\\/ca#website\"},\"primaryImageOfPage\":{\"@id\":\"https:\\\/\\\/www.masmallorca.es\\\/ca\\\/productes-tipics\\\/mallorca-sescriu-en-teles-de-llengues.html#primaryimage\"},\"image\":{\"@id\":\"https:\\\/\\\/www.masmallorca.es\\\/ca\\\/productes-tipics\\\/mallorca-sescriu-en-teles-de-llengues.html#primaryimage\"},\"thumbnailUrl\":\"https:\\\/\\\/www.masmallorca.es\\\/wp-content\\\/uploads\\\/2026\\\/04\\\/telas-de-lenguas-mallorquinas-masmallorca.jpg\",\"datePublished\":\"2026-04-22T10:48:44+00:00\",\"dateModified\":\"2026-04-30T10:03:09+00:00\",\"description\":\"Declarada la t\u00e8cnica tradicional de producci\u00f3 de la tela de lleng\u00fces, teles mallorquines, com a b\u00e9 d'inter\u00e8s cultural immaterial (BICIM).\",\"breadcrumb\":{\"@id\":\"https:\\\/\\\/www.masmallorca.es\\\/ca\\\/productes-tipics\\\/mallorca-sescriu-en-teles-de-llengues.html#breadcrumb\"},\"inLanguage\":\"ca-ES\",\"potentialAction\":[{\"@type\":\"ReadAction\",\"target\":[\"https:\\\/\\\/www.masmallorca.es\\\/ca\\\/productes-tipics\\\/mallorca-sescriu-en-teles-de-llengues.html\"]}]},{\"@type\":\"ImageObject\",\"inLanguage\":\"ca-ES\",\"@id\":\"https:\\\/\\\/www.masmallorca.es\\\/ca\\\/productes-tipics\\\/mallorca-sescriu-en-teles-de-llengues.html#primaryimage\",\"url\":\"https:\\\/\\\/www.masmallorca.es\\\/wp-content\\\/uploads\\\/2026\\\/04\\\/telas-de-lenguas-mallorquinas-masmallorca.jpg\",\"contentUrl\":\"https:\\\/\\\/www.masmallorca.es\\\/wp-content\\\/uploads\\\/2026\\\/04\\\/telas-de-lenguas-mallorquinas-masmallorca.jpg\",\"width\":950,\"height\":593,\"caption\":\"Tela de lenguas de Mallorca\"},{\"@type\":\"BreadcrumbList\",\"@id\":\"https:\\\/\\\/www.masmallorca.es\\\/ca\\\/productes-tipics\\\/mallorca-sescriu-en-teles-de-llengues.html#breadcrumb\",\"itemListElement\":[{\"@type\":\"ListItem\",\"position\":1,\"name\":\"Portada\",\"item\":\"https:\\\/\\\/www.masmallorca.es\\\/ca\"},{\"@type\":\"ListItem\",\"position\":2,\"name\":\"Productes T\u00edpics\",\"item\":\"https:\\\/\\\/www.masmallorca.es\\\/ca\\\/productes-tipics\"},{\"@type\":\"ListItem\",\"position\":3,\"name\":\"Mallorca s&#8217;escriu en teles de lleng\u00fces\"}]},{\"@type\":\"WebSite\",\"@id\":\"https:\\\/\\\/www.masmallorca.es\\\/ca#website\",\"url\":\"https:\\\/\\\/www.masmallorca.es\\\/ca\",\"name\":\"+Mallorca: la revista de Mallorca\",\"description\":\"Molt m\u00e9s que sol i platja..\",\"publisher\":{\"@id\":\"https:\\\/\\\/www.masmallorca.es\\\/ca#organization\"},\"alternateName\":\"+Mallorca\",\"potentialAction\":[{\"@type\":\"SearchAction\",\"target\":{\"@type\":\"EntryPoint\",\"urlTemplate\":\"https:\\\/\\\/www.masmallorca.es\\\/ca?s={search_term_string}\"},\"query-input\":{\"@type\":\"PropertyValueSpecification\",\"valueRequired\":true,\"valueName\":\"search_term_string\"}}],\"inLanguage\":\"ca-ES\"},{\"@type\":\"Organization\",\"@id\":\"https:\\\/\\\/www.masmallorca.es\\\/ca#organization\",\"name\":\"Revista +Mallorca\",\"alternateName\":\"M\u00e1s Mallorca\",\"url\":\"https:\\\/\\\/www.masmallorca.es\\\/ca\",\"logo\":{\"@type\":\"ImageObject\",\"inLanguage\":\"ca-ES\",\"@id\":\"https:\\\/\\\/www.masmallorca.es\\\/ca#\\\/schema\\\/logo\\\/image\\\/\",\"url\":\"https:\\\/\\\/www.masmallorca.es\\\/wp-content\\\/uploads\\\/2021\\\/04\\\/logomallorca-1.png\",\"contentUrl\":\"https:\\\/\\\/www.masmallorca.es\\\/wp-content\\\/uploads\\\/2021\\\/04\\\/logomallorca-1.png\",\"width\":326,\"height\":84,\"caption\":\"Revista +Mallorca\"},\"image\":{\"@id\":\"https:\\\/\\\/www.masmallorca.es\\\/ca#\\\/schema\\\/logo\\\/image\\\/\"},\"sameAs\":[\"https:\\\/\\\/www.facebook.com\\\/mallorcamagazine\\\/\",\"https:\\\/\\\/x.com\\\/masmallorca\"]},{\"@type\":\"Person\",\"@id\":\"https:\\\/\\\/www.masmallorca.es\\\/ca#\\\/schema\\\/person\\\/554c84e7dfd9917fdba2cace51081633\",\"name\":\"masmallorca\"}]}<\/script>\n<!-- \/ Yoast SEO plugin. -->","yoast_head_json":{"title":"Mallorca s'escriu en teles de lleng\u00fces | +Mallorca","description":"Declarada la t\u00e8cnica tradicional de producci\u00f3 de la tela de lleng\u00fces, teles mallorquines, com a b\u00e9 d'inter\u00e8s cultural immaterial (BICIM).","robots":{"index":"index","follow":"follow","max-snippet":"max-snippet:-1","max-image-preview":"max-image-preview:large","max-video-preview":"max-video-preview:-1"},"canonical":"https:\/\/www.masmallorca.es\/ca\/productes-tipics\/mallorca-sescriu-en-teles-de-llengues.html","og_locale":"ca_ES","og_type":"article","og_title":"Mallorca s'escriu en teles de lleng\u00fces | +Mallorca","og_description":"Declarada la t\u00e8cnica tradicional de producci\u00f3 de la tela de lleng\u00fces, teles mallorquines, com a b\u00e9 d'inter\u00e8s cultural immaterial (BICIM).","og_url":"https:\/\/www.masmallorca.es\/ca\/productes-tipics\/mallorca-sescriu-en-teles-de-llengues.html","og_site_name":"+Mallorca: la revista de Mallorca","article_publisher":"https:\/\/www.facebook.com\/mallorcamagazine\/","article_published_time":"2026-04-22T10:48:44+00:00","article_modified_time":"2026-04-30T10:03:09+00:00","og_image":[{"width":950,"height":593,"url":"https:\/\/www.masmallorca.es\/wp-content\/uploads\/2026\/04\/telas-de-lenguas-mallorquinas-masmallorca.jpg","type":"image\/jpeg"}],"author":"masmallorca","twitter_card":"summary_large_image","twitter_creator":"@masmallorca","twitter_site":"@masmallorca","twitter_misc":{"Written by":"masmallorca","Est. reading time":"2 minutes"},"schema":{"@context":"https:\/\/schema.org","@graph":[{"@type":"Article","@id":"https:\/\/www.masmallorca.es\/ca\/productes-tipics\/mallorca-sescriu-en-teles-de-llengues.html#article","isPartOf":{"@id":"https:\/\/www.masmallorca.es\/ca\/productes-tipics\/mallorca-sescriu-en-teles-de-llengues.html"},"author":{"name":"masmallorca","@id":"https:\/\/www.masmallorca.es\/ca#\/schema\/person\/554c84e7dfd9917fdba2cace51081633"},"headline":"Mallorca s&#8217;escriu en teles de lleng\u00fces","datePublished":"2026-04-22T10:48:44+00:00","dateModified":"2026-04-30T10:03:09+00:00","mainEntityOfPage":{"@id":"https:\/\/www.masmallorca.es\/ca\/productes-tipics\/mallorca-sescriu-en-teles-de-llengues.html"},"wordCount":361,"publisher":{"@id":"https:\/\/www.masmallorca.es\/ca#organization"},"image":{"@id":"https:\/\/www.masmallorca.es\/ca\/productes-tipics\/mallorca-sescriu-en-teles-de-llengues.html#primaryimage"},"thumbnailUrl":"https:\/\/www.masmallorca.es\/wp-content\/uploads\/2026\/04\/telas-de-lenguas-mallorquinas-masmallorca.jpg","articleSection":["Productes T\u00edpics"],"inLanguage":"ca-ES"},{"@type":"WebPage","@id":"https:\/\/www.masmallorca.es\/ca\/productes-tipics\/mallorca-sescriu-en-teles-de-llengues.html","url":"https:\/\/www.masmallorca.es\/ca\/productes-tipics\/mallorca-sescriu-en-teles-de-llengues.html","name":"Mallorca s'escriu en teles de lleng\u00fces | +Mallorca","isPartOf":{"@id":"https:\/\/www.masmallorca.es\/ca#website"},"primaryImageOfPage":{"@id":"https:\/\/www.masmallorca.es\/ca\/productes-tipics\/mallorca-sescriu-en-teles-de-llengues.html#primaryimage"},"image":{"@id":"https:\/\/www.masmallorca.es\/ca\/productes-tipics\/mallorca-sescriu-en-teles-de-llengues.html#primaryimage"},"thumbnailUrl":"https:\/\/www.masmallorca.es\/wp-content\/uploads\/2026\/04\/telas-de-lenguas-mallorquinas-masmallorca.jpg","datePublished":"2026-04-22T10:48:44+00:00","dateModified":"2026-04-30T10:03:09+00:00","description":"Declarada la t\u00e8cnica tradicional de producci\u00f3 de la tela de lleng\u00fces, teles mallorquines, com a b\u00e9 d'inter\u00e8s cultural immaterial (BICIM).","breadcrumb":{"@id":"https:\/\/www.masmallorca.es\/ca\/productes-tipics\/mallorca-sescriu-en-teles-de-llengues.html#breadcrumb"},"inLanguage":"ca-ES","potentialAction":[{"@type":"ReadAction","target":["https:\/\/www.masmallorca.es\/ca\/productes-tipics\/mallorca-sescriu-en-teles-de-llengues.html"]}]},{"@type":"ImageObject","inLanguage":"ca-ES","@id":"https:\/\/www.masmallorca.es\/ca\/productes-tipics\/mallorca-sescriu-en-teles-de-llengues.html#primaryimage","url":"https:\/\/www.masmallorca.es\/wp-content\/uploads\/2026\/04\/telas-de-lenguas-mallorquinas-masmallorca.jpg","contentUrl":"https:\/\/www.masmallorca.es\/wp-content\/uploads\/2026\/04\/telas-de-lenguas-mallorquinas-masmallorca.jpg","width":950,"height":593,"caption":"Tela de lenguas de Mallorca"},{"@type":"BreadcrumbList","@id":"https:\/\/www.masmallorca.es\/ca\/productes-tipics\/mallorca-sescriu-en-teles-de-llengues.html#breadcrumb","itemListElement":[{"@type":"ListItem","position":1,"name":"Portada","item":"https:\/\/www.masmallorca.es\/ca"},{"@type":"ListItem","position":2,"name":"Productes T\u00edpics","item":"https:\/\/www.masmallorca.es\/ca\/productes-tipics"},{"@type":"ListItem","position":3,"name":"Mallorca s&#8217;escriu en teles de lleng\u00fces"}]},{"@type":"WebSite","@id":"https:\/\/www.masmallorca.es\/ca#website","url":"https:\/\/www.masmallorca.es\/ca","name":"+Mallorca: la revista de Mallorca","description":"Molt m\u00e9s que sol i platja..","publisher":{"@id":"https:\/\/www.masmallorca.es\/ca#organization"},"alternateName":"+Mallorca","potentialAction":[{"@type":"SearchAction","target":{"@type":"EntryPoint","urlTemplate":"https:\/\/www.masmallorca.es\/ca?s={search_term_string}"},"query-input":{"@type":"PropertyValueSpecification","valueRequired":true,"valueName":"search_term_string"}}],"inLanguage":"ca-ES"},{"@type":"Organization","@id":"https:\/\/www.masmallorca.es\/ca#organization","name":"Revista +Mallorca","alternateName":"M\u00e1s Mallorca","url":"https:\/\/www.masmallorca.es\/ca","logo":{"@type":"ImageObject","inLanguage":"ca-ES","@id":"https:\/\/www.masmallorca.es\/ca#\/schema\/logo\/image\/","url":"https:\/\/www.masmallorca.es\/wp-content\/uploads\/2021\/04\/logomallorca-1.png","contentUrl":"https:\/\/www.masmallorca.es\/wp-content\/uploads\/2021\/04\/logomallorca-1.png","width":326,"height":84,"caption":"Revista +Mallorca"},"image":{"@id":"https:\/\/www.masmallorca.es\/ca#\/schema\/logo\/image\/"},"sameAs":["https:\/\/www.facebook.com\/mallorcamagazine\/","https:\/\/x.com\/masmallorca"]},{"@type":"Person","@id":"https:\/\/www.masmallorca.es\/ca#\/schema\/person\/554c84e7dfd9917fdba2cace51081633","name":"masmallorca"}]}},"_links":{"self":[{"href":"https:\/\/www.masmallorca.es\/ca\/wp-json\/wp\/v2\/posts\/35873","targetHints":{"allow":["GET"]}}],"collection":[{"href":"https:\/\/www.masmallorca.es\/ca\/wp-json\/wp\/v2\/posts"}],"about":[{"href":"https:\/\/www.masmallorca.es\/ca\/wp-json\/wp\/v2\/types\/post"}],"author":[{"embeddable":true,"href":"https:\/\/www.masmallorca.es\/ca\/wp-json\/wp\/v2\/users\/1"}],"replies":[{"embeddable":true,"href":"https:\/\/www.masmallorca.es\/ca\/wp-json\/wp\/v2\/comments?post=35873"}],"version-history":[{"count":2,"href":"https:\/\/www.masmallorca.es\/ca\/wp-json\/wp\/v2\/posts\/35873\/revisions"}],"predecessor-version":[{"id":35881,"href":"https:\/\/www.masmallorca.es\/ca\/wp-json\/wp\/v2\/posts\/35873\/revisions\/35881"}],"wp:featuredmedia":[{"embeddable":true,"href":"https:\/\/www.masmallorca.es\/ca\/wp-json\/wp\/v2\/media\/35819"}],"wp:attachment":[{"href":"https:\/\/www.masmallorca.es\/ca\/wp-json\/wp\/v2\/media?parent=35873"}],"wp:term":[{"taxonomy":"category","embeddable":true,"href":"https:\/\/www.masmallorca.es\/ca\/wp-json\/wp\/v2\/categories?post=35873"},{"taxonomy":"post_tag","embeddable":true,"href":"https:\/\/www.masmallorca.es\/ca\/wp-json\/wp\/v2\/tags?post=35873"}],"curies":[{"name":"wp","href":"https:\/\/api.w.org\/{rel}","templated":true}]}}