{"id":3487,"date":"2009-10-20T19:20:14","date_gmt":"2009-10-20T17:20:14","guid":{"rendered":""},"modified":"2020-02-18T10:49:40","modified_gmt":"2020-02-18T09:49:40","slug":"myotragus-balearicus","status":"publish","type":"post","link":"https:\/\/www.masmallorca.es\/ca\/cultura\/myotragus-balearicus.html","title":{"rendered":"Myotragus Balearicus"},"content":{"rendered":"<p style=\"text-align: justify;\"><img loading=\"lazy\" decoding=\"async\" class=\"alignright wp-image-3445 size-full\" style=\"float: right; border: 0; margin: 0px 20px 0px 20px;\" title=\"Myotragus Balearicus\" src=\"https:\/\/www.masmallorca.es\/wp-content\/uploads\/2009\/10\/Myotragus-Balearicus_1.jpg\" alt=\"Myotragus Balearicus\" width=\"150\" height=\"89\" \/>El Myotragus Balearicus era un mam\u00edfer, <strong>end\u00e8mic de Mallorca<\/strong>. Va ser descobert el 1909 per la paleont\u00f2loga <strong>Dorothea Bate<\/strong>. Es tracta del mam\u00edfer de major grand\u00e0ria de les illes, semblant a la gacela, que pertany\u00eda al grup dels ant\u00edlops.<\/p>\n<p><!--more--><\/p>\n<p><img loading=\"lazy\" decoding=\"async\" class=\"alignleft wp-image-3472 size-full\" style=\"border: 0px none; margin: 10px 20px 10px 0px; float: left;\" title=\"Myotragus Balearicus\" src=\"https:\/\/www.masmallorca.es\/wp-content\/uploads\/2009\/10\/Myotragus-Balearicus_2.jpg\" alt=\"Myotragus Balearicus\" width=\"300\" height=\"189\" \/><\/p>\n<p style=\"text-align: justify;\">\n<p style=\"text-align: justify;\">\n<p style=\"text-align: justify;\">El nom de Myotragus prov\u00e9 del grec i significa \u201ccabra-rata\u201d. Es creu que aquest mam\u00edfer va arribar a Mallorca quan encara les illes estaven unides a la plataforma continental, fa m\u00e9s de <strong>cinc milions d\u2019anys<\/strong>.<\/p>\n<p style=\"text-align: justify;\">Una vegada que les nostres illes van quedar separades del continent, els seus ancestres van quedar a\u00efllats, es van trobar sense depredadors importants que els amenacessin i van evolucionar de manera diferent dels que havia fora de les illes, adaptant-se perfectament a l\u2019h\u00e0bitat insular.<\/p>\n<p style=\"text-align: justify;\"><img loading=\"lazy\" decoding=\"async\" class=\"alignright wp-image-3477 size-full\" style=\"border: 0px none; margin: 8px 0px 8px 20px; float: right;\" title=\"Myotragus Balearicus\" src=\"https:\/\/www.masmallorca.es\/wp-content\/uploads\/2009\/10\/Myotragus-Balearicus_3.jpg\" alt=\"Myotragus Balearicus\" width=\"250\" height=\"375\" srcset=\"https:\/\/www.masmallorca.es\/wp-content\/uploads\/2009\/10\/Myotragus-Balearicus_3.jpg 250w, https:\/\/www.masmallorca.es\/wp-content\/uploads\/2009\/10\/Myotragus-Balearicus_3-200x300.jpg 200w\" sizes=\"(max-width: 250px) 100vw, 250px\" \/><\/p>\n<p style=\"text-align: justify;\">\n<p style=\"text-align: justify;\">Tant mascles com femelles tenien dues petites banyes, fines i afilades, que partint del front s\u2019allargaven cap a la part posterior. El Myotragus Balearicus era <strong>de talla m\u00e9s aviat petita<\/strong>, uns 50 cent\u00edmetres d\u2019altura i uns 10-12 quilos de pes.<\/p>\n<p style=\"text-align: justify;\">\n<p style=\"text-align: justify;\">Mancant altres depredadors en el seu entorn, el seu sistema locomotor es va adaptar a c\u00f3rrer molt poc, es va fer lent de moviments i va perdre la capacitat de botar.<\/p>\n<p style=\"text-align: justify;\">El seu sistema ocular va sofrir variacions, la posici\u00f3 dels seus ulls era frontal, sempre mirava al capdavant, ja que mancant altres competidors, no necessitava tenir precaucions de possibles perills que poguessin venir dels costats.<\/p>\n<p style=\"text-align: justify;\">Tots aquests canvis morfol\u00f2gics van ser negatius per a la seva evoluci\u00f3, ja que van facilitar la seva captura per part de l\u2019home quan va colonitzar les Balears.<\/p>\n<p style=\"text-align: justify;\"><img loading=\"lazy\" decoding=\"async\" class=\"alignleft wp-image-3482 size-full\" style=\"border: 0px none; margin: 20px 20px 20px 0px; float: left;\" title=\"Myotragus Balearicus\" src=\"https:\/\/www.masmallorca.es\/wp-content\/uploads\/2009\/10\/Myotragus-Balearicus_4.jpg\" alt=\"Myotragus Balearicus\" width=\"300\" height=\"215\" \/><\/p>\n<p style=\"text-align: justify;\">\n<p style=\"text-align: justify;\">Les restes d\u2019aquest animal han estat trobats al costat d\u2019objectes o ossos humans, el que evidencia que l\u2019home va conviure amb aquest animal i ho va domesticar, segurament, ho va extingir de les illes per a alimentar-se.<\/p>\n<p style=\"text-align: justify;\">El Myotragus Balearicus \u00e9s l\u2019\u00fanica esp\u00e8cie dom\u00e8stica i extingida que es coneix en el m\u00f3n. Els testimonis m\u00e9s recents de la seva pres\u00e8ncia a Mallorca daten del 2030-170 aC.<\/p>\n<p style=\"text-align: justify;\">Al maig del 2010 un grup de paleont\u00f2legs realitzen una nova i fructuosa expedici\u00f3 a la <a title=\"Cova des Pas de Vallgornera\" href=\"https:\/\/www.masmallorca.es\/ca\/excursions\/cova-des-pas-de-vallgornera-mallorca-2.html\">Cova des Pas de Vallgornera<\/a> (Llucmajor), en la qual ja s&#8217;ha arribat als 65 quil\u00f2metres topografiats, descobrint en una a\u00efllada galeria anomenada &#8220;Tragus&#8221; l&#8217;<strong>esquelet complet de Myotragus m\u00e9s antic conservat<\/strong>, d&#8217;uns dos milions d&#8217;anys, pertanyent a una baula perduda en la cadena evolutiva de la &#8220;cabra-rata&#8221;entre el <em>Myotragus antiquus<\/em> i <em>Myotragus kopperi<\/em>.<\/p>\n<p style=\"text-align: justify;\">\n","protected":false},"excerpt":{"rendered":"<p>El Myotragus Balearicus era un mam\u00edfer, end\u00e8mic de Mallorca. Va ser descobert el 1909 per la paleont\u00f2loga Dorothea Bate. Es tracta del mam\u00edfer de major grand\u00e0ria de les illes, semblant a la gacela, que pertany\u00eda al grup dels ant\u00edlops.<\/p>\n","protected":false},"author":1,"featured_media":21446,"comment_status":"closed","ping_status":"closed","sticky":false,"template":"","format":"standard","meta":{"_et_pb_use_builder":"","_et_pb_old_content":"","_et_gb_content_width":"","footnotes":""},"categories":[19],"tags":[],"class_list":["post-3487","post","type-post","status-publish","format-standard","has-post-thumbnail","hentry","category-cultura","et-has-post-format-content","et_post_format-et-post-format-standard"],"yoast_head":"<!-- This site is optimized with the Yoast SEO plugin v27.4 - https:\/\/yoast.com\/product\/yoast-seo-wordpress\/ -->\n<title>Myotragus Balearicus | +Mallorca: la revista de Mallorca<\/title>\n<meta name=\"description\" content=\"El Myotragus Balearicus era un mam\u00edfer, end\u00e8mic de Mallorca. Descobert el 1909 per Dorothea Bate. El mam\u00edfer m\u00e9s gran de les illes, pertanyia als ant\u00edlops.\" \/>\n<meta name=\"robots\" content=\"index, follow, max-snippet:-1, max-image-preview:large, max-video-preview:-1\" \/>\n<link rel=\"canonical\" href=\"https:\/\/www.masmallorca.es\/ca\/cultura\/myotragus-balearicus.html\" \/>\n<meta property=\"og:locale\" content=\"ca_ES\" \/>\n<meta property=\"og:type\" content=\"article\" \/>\n<meta property=\"og:title\" content=\"Myotragus Balearicus | +Mallorca: la revista de Mallorca\" \/>\n<meta property=\"og:description\" content=\"El Myotragus Balearicus era un mam\u00edfer, end\u00e8mic de Mallorca. Descobert el 1909 per Dorothea Bate. El mam\u00edfer m\u00e9s gran de les illes, pertanyia als ant\u00edlops.\" \/>\n<meta property=\"og:url\" content=\"https:\/\/www.masmallorca.es\/ca\/cultura\/myotragus-balearicus.html\" \/>\n<meta property=\"og:site_name\" content=\"+Mallorca: la revista de Mallorca\" \/>\n<meta property=\"article:publisher\" content=\"https:\/\/www.facebook.com\/mallorcamagazine\/\" \/>\n<meta property=\"article:published_time\" content=\"2009-10-20T17:20:14+00:00\" \/>\n<meta property=\"article:modified_time\" content=\"2020-02-18T09:49:40+00:00\" \/>\n<meta property=\"og:image\" content=\"https:\/\/www.masmallorca.es\/wp-content\/uploads\/2009\/10\/Myotragus-balearicus-mallorca.jpg\" \/>\n\t<meta property=\"og:image:width\" content=\"940\" \/>\n\t<meta property=\"og:image:height\" content=\"593\" \/>\n\t<meta property=\"og:image:type\" content=\"image\/jpeg\" \/>\n<meta name=\"author\" content=\"masmallorca\" \/>\n<meta name=\"twitter:card\" content=\"summary_large_image\" \/>\n<meta name=\"twitter:creator\" content=\"@masmallorca\" \/>\n<meta name=\"twitter:site\" content=\"@masmallorca\" \/>\n<meta name=\"twitter:label1\" content=\"Written by\" \/>\n\t<meta name=\"twitter:data1\" content=\"masmallorca\" \/>\n\t<meta name=\"twitter:label2\" content=\"Est. reading time\" \/>\n\t<meta name=\"twitter:data2\" content=\"2 minutes\" \/>\n<script type=\"application\/ld+json\" class=\"yoast-schema-graph\">{\"@context\":\"https:\\\/\\\/schema.org\",\"@graph\":[{\"@type\":\"Article\",\"@id\":\"https:\\\/\\\/www.masmallorca.es\\\/ca\\\/cultura\\\/myotragus-balearicus.html#article\",\"isPartOf\":{\"@id\":\"https:\\\/\\\/www.masmallorca.es\\\/ca\\\/cultura\\\/myotragus-balearicus.html\"},\"author\":{\"name\":\"masmallorca\",\"@id\":\"https:\\\/\\\/www.masmallorca.es\\\/ca#\\\/schema\\\/person\\\/554c84e7dfd9917fdba2cace51081633\"},\"headline\":\"Myotragus Balearicus\",\"datePublished\":\"2009-10-20T17:20:14+00:00\",\"dateModified\":\"2020-02-18T09:49:40+00:00\",\"mainEntityOfPage\":{\"@id\":\"https:\\\/\\\/www.masmallorca.es\\\/ca\\\/cultura\\\/myotragus-balearicus.html\"},\"wordCount\":422,\"publisher\":{\"@id\":\"https:\\\/\\\/www.masmallorca.es\\\/ca#organization\"},\"image\":{\"@id\":\"https:\\\/\\\/www.masmallorca.es\\\/ca\\\/cultura\\\/myotragus-balearicus.html#primaryimage\"},\"thumbnailUrl\":\"https:\\\/\\\/www.masmallorca.es\\\/wp-content\\\/uploads\\\/2009\\\/10\\\/Myotragus-balearicus-mallorca.jpg\",\"articleSection\":[\"Cultura de Mallorca\"],\"inLanguage\":\"ca-ES\"},{\"@type\":\"WebPage\",\"@id\":\"https:\\\/\\\/www.masmallorca.es\\\/ca\\\/cultura\\\/myotragus-balearicus.html\",\"url\":\"https:\\\/\\\/www.masmallorca.es\\\/ca\\\/cultura\\\/myotragus-balearicus.html\",\"name\":\"Myotragus Balearicus | +Mallorca: la revista de Mallorca\",\"isPartOf\":{\"@id\":\"https:\\\/\\\/www.masmallorca.es\\\/ca#website\"},\"primaryImageOfPage\":{\"@id\":\"https:\\\/\\\/www.masmallorca.es\\\/ca\\\/cultura\\\/myotragus-balearicus.html#primaryimage\"},\"image\":{\"@id\":\"https:\\\/\\\/www.masmallorca.es\\\/ca\\\/cultura\\\/myotragus-balearicus.html#primaryimage\"},\"thumbnailUrl\":\"https:\\\/\\\/www.masmallorca.es\\\/wp-content\\\/uploads\\\/2009\\\/10\\\/Myotragus-balearicus-mallorca.jpg\",\"datePublished\":\"2009-10-20T17:20:14+00:00\",\"dateModified\":\"2020-02-18T09:49:40+00:00\",\"description\":\"El Myotragus Balearicus era un mam\u00edfer, end\u00e8mic de Mallorca. Descobert el 1909 per Dorothea Bate. El mam\u00edfer m\u00e9s gran de les illes, pertanyia als ant\u00edlops.\",\"breadcrumb\":{\"@id\":\"https:\\\/\\\/www.masmallorca.es\\\/ca\\\/cultura\\\/myotragus-balearicus.html#breadcrumb\"},\"inLanguage\":\"ca-ES\",\"potentialAction\":[{\"@type\":\"ReadAction\",\"target\":[\"https:\\\/\\\/www.masmallorca.es\\\/ca\\\/cultura\\\/myotragus-balearicus.html\"]}]},{\"@type\":\"ImageObject\",\"inLanguage\":\"ca-ES\",\"@id\":\"https:\\\/\\\/www.masmallorca.es\\\/ca\\\/cultura\\\/myotragus-balearicus.html#primaryimage\",\"url\":\"https:\\\/\\\/www.masmallorca.es\\\/wp-content\\\/uploads\\\/2009\\\/10\\\/Myotragus-balearicus-mallorca.jpg\",\"contentUrl\":\"https:\\\/\\\/www.masmallorca.es\\\/wp-content\\\/uploads\\\/2009\\\/10\\\/Myotragus-balearicus-mallorca.jpg\",\"width\":940,\"height\":593,\"caption\":\"Myotragus balearicus, Mallorca\"},{\"@type\":\"BreadcrumbList\",\"@id\":\"https:\\\/\\\/www.masmallorca.es\\\/ca\\\/cultura\\\/myotragus-balearicus.html#breadcrumb\",\"itemListElement\":[{\"@type\":\"ListItem\",\"position\":1,\"name\":\"Portada\",\"item\":\"https:\\\/\\\/www.masmallorca.es\\\/ca\"},{\"@type\":\"ListItem\",\"position\":2,\"name\":\"Cultura de Mallorca\",\"item\":\"https:\\\/\\\/www.masmallorca.es\\\/ca\\\/cultura\"},{\"@type\":\"ListItem\",\"position\":3,\"name\":\"Myotragus Balearicus\"}]},{\"@type\":\"WebSite\",\"@id\":\"https:\\\/\\\/www.masmallorca.es\\\/ca#website\",\"url\":\"https:\\\/\\\/www.masmallorca.es\\\/ca\",\"name\":\"+Mallorca: la revista de Mallorca\",\"description\":\"Molt m\u00e9s que sol i platja..\",\"publisher\":{\"@id\":\"https:\\\/\\\/www.masmallorca.es\\\/ca#organization\"},\"alternateName\":\"+Mallorca\",\"potentialAction\":[{\"@type\":\"SearchAction\",\"target\":{\"@type\":\"EntryPoint\",\"urlTemplate\":\"https:\\\/\\\/www.masmallorca.es\\\/ca?s={search_term_string}\"},\"query-input\":{\"@type\":\"PropertyValueSpecification\",\"valueRequired\":true,\"valueName\":\"search_term_string\"}}],\"inLanguage\":\"ca-ES\"},{\"@type\":\"Organization\",\"@id\":\"https:\\\/\\\/www.masmallorca.es\\\/ca#organization\",\"name\":\"Revista +Mallorca\",\"alternateName\":\"M\u00e1s Mallorca\",\"url\":\"https:\\\/\\\/www.masmallorca.es\\\/ca\",\"logo\":{\"@type\":\"ImageObject\",\"inLanguage\":\"ca-ES\",\"@id\":\"https:\\\/\\\/www.masmallorca.es\\\/ca#\\\/schema\\\/logo\\\/image\\\/\",\"url\":\"https:\\\/\\\/www.masmallorca.es\\\/wp-content\\\/uploads\\\/2021\\\/04\\\/logomallorca-1.png\",\"contentUrl\":\"https:\\\/\\\/www.masmallorca.es\\\/wp-content\\\/uploads\\\/2021\\\/04\\\/logomallorca-1.png\",\"width\":326,\"height\":84,\"caption\":\"Revista +Mallorca\"},\"image\":{\"@id\":\"https:\\\/\\\/www.masmallorca.es\\\/ca#\\\/schema\\\/logo\\\/image\\\/\"},\"sameAs\":[\"https:\\\/\\\/www.facebook.com\\\/mallorcamagazine\\\/\",\"https:\\\/\\\/x.com\\\/masmallorca\"]},{\"@type\":\"Person\",\"@id\":\"https:\\\/\\\/www.masmallorca.es\\\/ca#\\\/schema\\\/person\\\/554c84e7dfd9917fdba2cace51081633\",\"name\":\"masmallorca\"}]}<\/script>\n<!-- \/ Yoast SEO plugin. -->","yoast_head_json":{"title":"Myotragus Balearicus | +Mallorca: la revista de Mallorca","description":"El Myotragus Balearicus era un mam\u00edfer, end\u00e8mic de Mallorca. Descobert el 1909 per Dorothea Bate. El mam\u00edfer m\u00e9s gran de les illes, pertanyia als ant\u00edlops.","robots":{"index":"index","follow":"follow","max-snippet":"max-snippet:-1","max-image-preview":"max-image-preview:large","max-video-preview":"max-video-preview:-1"},"canonical":"https:\/\/www.masmallorca.es\/ca\/cultura\/myotragus-balearicus.html","og_locale":"ca_ES","og_type":"article","og_title":"Myotragus Balearicus | +Mallorca: la revista de Mallorca","og_description":"El Myotragus Balearicus era un mam\u00edfer, end\u00e8mic de Mallorca. Descobert el 1909 per Dorothea Bate. El mam\u00edfer m\u00e9s gran de les illes, pertanyia als ant\u00edlops.","og_url":"https:\/\/www.masmallorca.es\/ca\/cultura\/myotragus-balearicus.html","og_site_name":"+Mallorca: la revista de Mallorca","article_publisher":"https:\/\/www.facebook.com\/mallorcamagazine\/","article_published_time":"2009-10-20T17:20:14+00:00","article_modified_time":"2020-02-18T09:49:40+00:00","og_image":[{"width":940,"height":593,"url":"https:\/\/www.masmallorca.es\/wp-content\/uploads\/2009\/10\/Myotragus-balearicus-mallorca.jpg","type":"image\/jpeg"}],"author":"masmallorca","twitter_card":"summary_large_image","twitter_creator":"@masmallorca","twitter_site":"@masmallorca","twitter_misc":{"Written by":"masmallorca","Est. reading time":"2 minutes"},"schema":{"@context":"https:\/\/schema.org","@graph":[{"@type":"Article","@id":"https:\/\/www.masmallorca.es\/ca\/cultura\/myotragus-balearicus.html#article","isPartOf":{"@id":"https:\/\/www.masmallorca.es\/ca\/cultura\/myotragus-balearicus.html"},"author":{"name":"masmallorca","@id":"https:\/\/www.masmallorca.es\/ca#\/schema\/person\/554c84e7dfd9917fdba2cace51081633"},"headline":"Myotragus Balearicus","datePublished":"2009-10-20T17:20:14+00:00","dateModified":"2020-02-18T09:49:40+00:00","mainEntityOfPage":{"@id":"https:\/\/www.masmallorca.es\/ca\/cultura\/myotragus-balearicus.html"},"wordCount":422,"publisher":{"@id":"https:\/\/www.masmallorca.es\/ca#organization"},"image":{"@id":"https:\/\/www.masmallorca.es\/ca\/cultura\/myotragus-balearicus.html#primaryimage"},"thumbnailUrl":"https:\/\/www.masmallorca.es\/wp-content\/uploads\/2009\/10\/Myotragus-balearicus-mallorca.jpg","articleSection":["Cultura de Mallorca"],"inLanguage":"ca-ES"},{"@type":"WebPage","@id":"https:\/\/www.masmallorca.es\/ca\/cultura\/myotragus-balearicus.html","url":"https:\/\/www.masmallorca.es\/ca\/cultura\/myotragus-balearicus.html","name":"Myotragus Balearicus | +Mallorca: la revista de Mallorca","isPartOf":{"@id":"https:\/\/www.masmallorca.es\/ca#website"},"primaryImageOfPage":{"@id":"https:\/\/www.masmallorca.es\/ca\/cultura\/myotragus-balearicus.html#primaryimage"},"image":{"@id":"https:\/\/www.masmallorca.es\/ca\/cultura\/myotragus-balearicus.html#primaryimage"},"thumbnailUrl":"https:\/\/www.masmallorca.es\/wp-content\/uploads\/2009\/10\/Myotragus-balearicus-mallorca.jpg","datePublished":"2009-10-20T17:20:14+00:00","dateModified":"2020-02-18T09:49:40+00:00","description":"El Myotragus Balearicus era un mam\u00edfer, end\u00e8mic de Mallorca. Descobert el 1909 per Dorothea Bate. El mam\u00edfer m\u00e9s gran de les illes, pertanyia als ant\u00edlops.","breadcrumb":{"@id":"https:\/\/www.masmallorca.es\/ca\/cultura\/myotragus-balearicus.html#breadcrumb"},"inLanguage":"ca-ES","potentialAction":[{"@type":"ReadAction","target":["https:\/\/www.masmallorca.es\/ca\/cultura\/myotragus-balearicus.html"]}]},{"@type":"ImageObject","inLanguage":"ca-ES","@id":"https:\/\/www.masmallorca.es\/ca\/cultura\/myotragus-balearicus.html#primaryimage","url":"https:\/\/www.masmallorca.es\/wp-content\/uploads\/2009\/10\/Myotragus-balearicus-mallorca.jpg","contentUrl":"https:\/\/www.masmallorca.es\/wp-content\/uploads\/2009\/10\/Myotragus-balearicus-mallorca.jpg","width":940,"height":593,"caption":"Myotragus balearicus, Mallorca"},{"@type":"BreadcrumbList","@id":"https:\/\/www.masmallorca.es\/ca\/cultura\/myotragus-balearicus.html#breadcrumb","itemListElement":[{"@type":"ListItem","position":1,"name":"Portada","item":"https:\/\/www.masmallorca.es\/ca"},{"@type":"ListItem","position":2,"name":"Cultura de Mallorca","item":"https:\/\/www.masmallorca.es\/ca\/cultura"},{"@type":"ListItem","position":3,"name":"Myotragus Balearicus"}]},{"@type":"WebSite","@id":"https:\/\/www.masmallorca.es\/ca#website","url":"https:\/\/www.masmallorca.es\/ca","name":"+Mallorca: la revista de Mallorca","description":"Molt m\u00e9s que sol i platja..","publisher":{"@id":"https:\/\/www.masmallorca.es\/ca#organization"},"alternateName":"+Mallorca","potentialAction":[{"@type":"SearchAction","target":{"@type":"EntryPoint","urlTemplate":"https:\/\/www.masmallorca.es\/ca?s={search_term_string}"},"query-input":{"@type":"PropertyValueSpecification","valueRequired":true,"valueName":"search_term_string"}}],"inLanguage":"ca-ES"},{"@type":"Organization","@id":"https:\/\/www.masmallorca.es\/ca#organization","name":"Revista +Mallorca","alternateName":"M\u00e1s Mallorca","url":"https:\/\/www.masmallorca.es\/ca","logo":{"@type":"ImageObject","inLanguage":"ca-ES","@id":"https:\/\/www.masmallorca.es\/ca#\/schema\/logo\/image\/","url":"https:\/\/www.masmallorca.es\/wp-content\/uploads\/2021\/04\/logomallorca-1.png","contentUrl":"https:\/\/www.masmallorca.es\/wp-content\/uploads\/2021\/04\/logomallorca-1.png","width":326,"height":84,"caption":"Revista +Mallorca"},"image":{"@id":"https:\/\/www.masmallorca.es\/ca#\/schema\/logo\/image\/"},"sameAs":["https:\/\/www.facebook.com\/mallorcamagazine\/","https:\/\/x.com\/masmallorca"]},{"@type":"Person","@id":"https:\/\/www.masmallorca.es\/ca#\/schema\/person\/554c84e7dfd9917fdba2cace51081633","name":"masmallorca"}]}},"_links":{"self":[{"href":"https:\/\/www.masmallorca.es\/ca\/wp-json\/wp\/v2\/posts\/3487","targetHints":{"allow":["GET"]}}],"collection":[{"href":"https:\/\/www.masmallorca.es\/ca\/wp-json\/wp\/v2\/posts"}],"about":[{"href":"https:\/\/www.masmallorca.es\/ca\/wp-json\/wp\/v2\/types\/post"}],"author":[{"embeddable":true,"href":"https:\/\/www.masmallorca.es\/ca\/wp-json\/wp\/v2\/users\/1"}],"replies":[{"embeddable":true,"href":"https:\/\/www.masmallorca.es\/ca\/wp-json\/wp\/v2\/comments?post=3487"}],"version-history":[{"count":0,"href":"https:\/\/www.masmallorca.es\/ca\/wp-json\/wp\/v2\/posts\/3487\/revisions"}],"wp:featuredmedia":[{"embeddable":true,"href":"https:\/\/www.masmallorca.es\/ca\/wp-json\/wp\/v2\/media\/21446"}],"wp:attachment":[{"href":"https:\/\/www.masmallorca.es\/ca\/wp-json\/wp\/v2\/media?parent=3487"}],"wp:term":[{"taxonomy":"category","embeddable":true,"href":"https:\/\/www.masmallorca.es\/ca\/wp-json\/wp\/v2\/categories?post=3487"},{"taxonomy":"post_tag","embeddable":true,"href":"https:\/\/www.masmallorca.es\/ca\/wp-json\/wp\/v2\/tags?post=3487"}],"curies":[{"name":"wp","href":"https:\/\/api.w.org\/{rel}","templated":true}]}}