{"id":323,"date":"2009-04-23T16:25:48","date_gmt":"2009-04-23T14:25:48","guid":{"rendered":"http:\/\/La%20finca%20mallorquina%20de%20Sa%20Bassa%20Blanc"},"modified":"2021-01-25T20:00:30","modified_gmt":"2021-01-25T19:00:30","slug":"sa-bassa-blanca-art-en-estat-natural","status":"publish","type":"post","link":"https:\/\/www.masmallorca.es\/ca\/llocs-amb-encant\/sa-bassa-blanca-art-en-estat-natural.html","title":{"rendered":"Sa bassa blanca, art en estat natural"},"content":{"rendered":"<p><img loading=\"lazy\" decoding=\"async\" class=\"alignright wp-image-301 size-full\" title=\"Sa bassa blanca, Mallorca\" src=\"https:\/\/www.masmallorca.es\/wp-content\/uploads\/2009\/04\/sa_bassa_blanca.jpg\" alt=\"Sa bassa blanca, Mallorca\" width=\"150\" height=\"85\" align=\"right\" border=\"0\" hspace=\"20\" \/><\/p>\n<p align=\"justify\">La finca mallorquina de <strong>Sa Bassa Blanca<\/strong>, a Alc\u00fadia, acull des de 1993 la Fundaci\u00f3 Yannick i Ben Jakober, una de les col\u00b7leccions d&#8217;art privades m\u00e9s importants de l&#8217;Illa. Sa Bassa Blanca, de 16 hect\u00e0rees, est\u00e0 tocant al <strong>parc natural<\/strong> de la Victoria i \u00e9s molt a prop de la mar, oferint al visitant un espectacle dif\u00edcil d&#8217;oblidar.<\/p>\n<p><!--more--><\/p>\n<p align=\"justify\">Sobre una antiga casa de pag\u00e8s, el matrimoni format per <strong>Ben Jakober i Yannick Vu<\/strong>, tamb\u00e9 artistes reconeguts, van concebre una fundaci\u00f3 orientada a conservar el patrimoni hist\u00f2ric espanyol i a exposar art contemporani en les seves m\u00e9s variades manifestacions. El fam\u00f3s arquitecte egipci Hassan Fathy va transformar l&#8217;antiga granja en una notable manifestaci\u00f3 arquitect\u00f2nica. Ho va fer a partir del model en fang que havien fet els seus propietaris, similar al de s&#8217;Estaca de Valldemossa, propietat de Michael Douglas. El resultat va ser un edifici de murs blancs emmerletats, amb un pati granad\u00ed i la joia de la corona: un antic aljub subterrani transformat en sala d&#8217;exposicions.<\/p>\n<p align=\"justify\"><img loading=\"lazy\" decoding=\"async\" class=\"alignleft wp-image-306 size-full\" style=\"margin-right: 20px; margin-left: 0px; float: left;\" title=\"Sa bassa blanca, Mallorca\" src=\"https:\/\/www.masmallorca.es\/wp-content\/uploads\/2009\/04\/sa_bassa_blanca_exteriores.jpg\" alt=\"Sa bassa blanca, Mallorca\" width=\"265\" height=\"199\" \/><\/p>\n<p align=\"justify\">\n<p align=\"justify\">A la finca s&#8217;arriba despr\u00e9s de conduir 4 quil\u00f2metres al llarg d&#8217;un cam\u00ed freq\u00fcentat per senderistes que ens dirigeix a la propera platja de Coll Baix. Per\u00f2 el recorregut val la pena: una vegada que es creuen les reixes de la Fundaci\u00f3, un es troba en un altre m\u00f3n. Cal creuar camps secs de garrovers fins arribar a un tur\u00f3 des d&#8217;on s&#8217;albiren la mar i la casa.<\/p>\n<p align=\"justify\">\n<p align=\"justify\">\n<p align=\"justify\"><img loading=\"lazy\" decoding=\"async\" class=\"alignright wp-image-311 size-full\" style=\"margin-right: 0px; margin-left: 20px; float: right;\" title=\"Sa bassa blanca, Mallorca\" src=\"https:\/\/www.masmallorca.es\/wp-content\/uploads\/2009\/04\/sa_bassa_blanca_arte_en_estado_natural.jpg\" alt=\"Sa bassa blanca, Mallorca\" width=\"265\" height=\"349\" srcset=\"https:\/\/www.masmallorca.es\/wp-content\/uploads\/2009\/04\/sa_bassa_blanca_arte_en_estado_natural.jpg 265w, https:\/\/www.masmallorca.es\/wp-content\/uploads\/2009\/04\/sa_bassa_blanca_arte_en_estado_natural-228x300.jpg 228w\" sizes=\"(max-width: 265px) 100vw, 265px\" \/><\/p>\n<p align=\"justify\">A l&#8217;antic aljub s&#8217;exposa la col\u00b7lecci\u00f3 &#8220;Nins&#8221;, composta per 150 quadres datats entre els segles XVI i XIX. El primer i segon pis de l&#8217;edifici principal acullen obres contempor\u00e0nies d&#8217;artistes com Domenico Gnoli, Rebecca Horn, Fabrizio Plessi, Maret Oppenheim, Miralda i Alan Rath o Vu Cao Dam. Destaquen un espectacular <strong>teginat mud\u00e8jar<\/strong> del 1498, declarat <strong>B\u00e9 d&#8217;Inter\u00e8s Cultural<\/strong>, l&#8217;espai &#8220;S\u00f3krates&#8221; i un parc d&#8217;escultures a l&#8217;aire lliure. Durant els \u00faltims anys, la fundaci\u00f3 ha aconseguit una important projecci\u00f3 internacional gr\u00e0cies a l&#8217;organitzaci\u00f3 d&#8217;exposicions temporals de les seves col\u00b7leccions a altres museus d&#8217;Espanya i l&#8217;estranger.<\/p>\n<p align=\"justify\">\n<p align=\"justify\">Per\u00f2 el millor \u00e9s visitar-la personalment i gaudir d&#8217;un dels espectacles naturals i art\u00edstics m\u00e9s interessants de Mallorca.<\/p>\n<p align=\"justify\">\n<p align=\"justify\"><strong>Horaris<\/strong><\/p>\n<p><span style=\"text-decoration: underline;\">Dimarts<\/span>: dia obert, entrada gratu\u00efta exposici\u00f3 Nins i Parc, 9:30 &#8211; 12:30 h, 14:30 &#8211; 17:30 h.<\/p>\n<p><span style=\"text-decoration: underline;\">Dijous<\/span>: visita gratu\u00efta &#8220;Artesonado&#8221;, 10:00 &#8211; 12:00 h. Amb avis previ.<\/p>\n<p><span style=\"text-decoration: underline;\">Dimecres a Dissabte<\/span>: visita guiada amb cita previa.<\/p>\n<p><span style=\"text-decoration: underline;\">Tancat<\/span>: dilluns, diumenges i festius.<br \/>\n<strong><br \/>\n<\/strong><\/p>\n<p align=\"justify\"><strong>Tarifes<\/strong><\/p>\n<p>Entrada general: 9\u20ac una exposici\u00f3, 12\u20ac dos exposicions, 15\u20ac tres exposicions.<\/p>\n<p align=\"justify\"><strong>Entrada redu\u00efda:<\/strong><\/p>\n<p style=\"padding-left: 30px;\" align=\"justify\">\u00b7 Tercera Edat i Jubilats: 7\u20ac \/ 9\u20ac \/ 12\u20ac<\/p>\n<p>\u00b7 Estudiants: 4.50\u20ac \/ 6\u20ac \/ 7.50\u20ac<\/p>\n<p>\u00b7 Joves (11-17 anys): 5\u20ac<\/p>\n<p>\u00b7 Nins (fins 10 anys i acompanyats de pares): gratu\u00eft<\/p>\n<p>\u00b7 Adults en Dia de la Fam\u00edlia: 10\u20ac<\/p>\n<p>+ info: <a href=\"https:\/\/www.msbb.org\/\" target=\"_blank\" rel=\"noopener\">www.msbb.org<\/a><\/p>\n<p style=\"text-align: center;\" align=\"justify\"><img loading=\"lazy\" decoding=\"async\" class=\"wp-image-316 size-full alignnone\" style=\"float: left; border: 0; margin: 10px 0px 10px 0px;\" title=\"Sa bassa blanca, Mallorca\" src=\"https:\/\/www.masmallorca.es\/wp-content\/uploads\/2009\/04\/sa_bassa_blanca_interiores.jpg\" alt=\"Sa bassa blanca, Mallorca\" width=\"540\" height=\"361\" align=\"left\" border=\"0\" srcset=\"https:\/\/www.masmallorca.es\/wp-content\/uploads\/2009\/04\/sa_bassa_blanca_interiores.jpg 540w, https:\/\/www.masmallorca.es\/wp-content\/uploads\/2009\/04\/sa_bassa_blanca_interiores-300x201.jpg 300w\" sizes=\"(max-width: 540px) 100vw, 540px\" \/><\/p>\n<p style=\"text-align: center;\" align=\"justify\">\n","protected":false},"excerpt":{"rendered":"<p>La finca mallorquina de Sa Bassa Blanca, a Alc\u00fadia, acull des de 1993 la Fundaci\u00f3 Yannick i Ben Jakober, una de les col\u00b7leccions d&#8217;art privades m\u00e9s importants de l&#8217;Illa. Sa Bassa Blanca, de 16 hect\u00e0rees, est\u00e0 tocant al parc natural de la Victoria i \u00e9s molt a prop de la mar, oferint al visitant un [&hellip;]<\/p>\n","protected":false},"author":1,"featured_media":317,"comment_status":"closed","ping_status":"closed","sticky":false,"template":"","format":"standard","meta":{"_et_pb_use_builder":"","_et_pb_old_content":"","_et_gb_content_width":"","footnotes":""},"categories":[34],"tags":[],"class_list":["post-323","post","type-post","status-publish","format-standard","has-post-thumbnail","hentry","category-llocs-amb-encant","et-has-post-format-content","et_post_format-et-post-format-standard"],"yoast_head":"<!-- This site is optimized with the Yoast SEO plugin v27.4 - https:\/\/yoast.com\/product\/yoast-seo-wordpress\/ -->\n<title>Sa bassa blanca, art en estat natural | +Mallorca: la revista de Mallorca<\/title>\n<meta name=\"description\" content=\"El Museo Sa Bassa Blanca, en Alc\u00fadia, acoge la Fundaci\u00f3n Yannick y Ben Jakober, una de las colecciones de arte privadas m\u00e1s importantes de Mallorca\" \/>\n<meta name=\"robots\" content=\"index, follow, max-snippet:-1, max-image-preview:large, max-video-preview:-1\" \/>\n<link rel=\"canonical\" href=\"https:\/\/www.masmallorca.es\/ca\/llocs-amb-encant\/sa-bassa-blanca-art-en-estat-natural.html\" \/>\n<meta property=\"og:locale\" content=\"ca_ES\" \/>\n<meta property=\"og:type\" content=\"article\" \/>\n<meta property=\"og:title\" content=\"Sa bassa blanca, art en estat natural | +Mallorca: la revista de Mallorca\" \/>\n<meta property=\"og:description\" content=\"El Museo Sa Bassa Blanca, en Alc\u00fadia, acoge la Fundaci\u00f3n Yannick y Ben Jakober, una de las colecciones de arte privadas m\u00e1s importantes de Mallorca\" \/>\n<meta property=\"og:url\" content=\"https:\/\/www.masmallorca.es\/ca\/llocs-amb-encant\/sa-bassa-blanca-art-en-estat-natural.html\" \/>\n<meta property=\"og:site_name\" content=\"+Mallorca: la revista de Mallorca\" \/>\n<meta property=\"article:publisher\" content=\"https:\/\/www.facebook.com\/mallorcamagazine\/\" \/>\n<meta property=\"article:published_time\" content=\"2009-04-23T14:25:48+00:00\" \/>\n<meta property=\"article:modified_time\" content=\"2021-01-25T19:00:30+00:00\" \/>\n<meta property=\"og:image\" content=\"https:\/\/www.masmallorca.es\/wp-content\/uploads\/2009\/04\/sa_bassa_blanca_interiores.jpg\" \/>\n\t<meta property=\"og:image:width\" content=\"540\" \/>\n\t<meta property=\"og:image:height\" content=\"361\" \/>\n\t<meta property=\"og:image:type\" content=\"image\/jpeg\" \/>\n<meta name=\"author\" content=\"masmallorca\" \/>\n<meta name=\"twitter:card\" content=\"summary_large_image\" \/>\n<meta name=\"twitter:creator\" content=\"@masmallorca\" \/>\n<meta name=\"twitter:site\" content=\"@masmallorca\" \/>\n<meta name=\"twitter:label1\" content=\"Written by\" \/>\n\t<meta name=\"twitter:data1\" content=\"masmallorca\" \/>\n\t<meta name=\"twitter:label2\" content=\"Est. reading time\" \/>\n\t<meta name=\"twitter:data2\" content=\"3 minutes\" \/>\n<script type=\"application\/ld+json\" class=\"yoast-schema-graph\">{\"@context\":\"https:\\\/\\\/schema.org\",\"@graph\":[{\"@type\":\"Article\",\"@id\":\"https:\\\/\\\/www.masmallorca.es\\\/ca\\\/llocs-amb-encant\\\/sa-bassa-blanca-art-en-estat-natural.html#article\",\"isPartOf\":{\"@id\":\"https:\\\/\\\/www.masmallorca.es\\\/ca\\\/llocs-amb-encant\\\/sa-bassa-blanca-art-en-estat-natural.html\"},\"author\":{\"name\":\"masmallorca\",\"@id\":\"https:\\\/\\\/www.masmallorca.es\\\/ca#\\\/schema\\\/person\\\/554c84e7dfd9917fdba2cace51081633\"},\"headline\":\"Sa bassa blanca, art en estat natural\",\"datePublished\":\"2009-04-23T14:25:48+00:00\",\"dateModified\":\"2021-01-25T19:00:30+00:00\",\"mainEntityOfPage\":{\"@id\":\"https:\\\/\\\/www.masmallorca.es\\\/ca\\\/llocs-amb-encant\\\/sa-bassa-blanca-art-en-estat-natural.html\"},\"wordCount\":472,\"publisher\":{\"@id\":\"https:\\\/\\\/www.masmallorca.es\\\/ca#organization\"},\"image\":{\"@id\":\"https:\\\/\\\/www.masmallorca.es\\\/ca\\\/llocs-amb-encant\\\/sa-bassa-blanca-art-en-estat-natural.html#primaryimage\"},\"thumbnailUrl\":\"https:\\\/\\\/www.masmallorca.es\\\/wp-content\\\/uploads\\\/2009\\\/04\\\/sa_bassa_blanca_interiores.jpg\",\"articleSection\":[\"Llocs amb encant\"],\"inLanguage\":\"ca-ES\"},{\"@type\":\"WebPage\",\"@id\":\"https:\\\/\\\/www.masmallorca.es\\\/ca\\\/llocs-amb-encant\\\/sa-bassa-blanca-art-en-estat-natural.html\",\"url\":\"https:\\\/\\\/www.masmallorca.es\\\/ca\\\/llocs-amb-encant\\\/sa-bassa-blanca-art-en-estat-natural.html\",\"name\":\"Sa bassa blanca, art en estat natural | +Mallorca: la revista de Mallorca\",\"isPartOf\":{\"@id\":\"https:\\\/\\\/www.masmallorca.es\\\/ca#website\"},\"primaryImageOfPage\":{\"@id\":\"https:\\\/\\\/www.masmallorca.es\\\/ca\\\/llocs-amb-encant\\\/sa-bassa-blanca-art-en-estat-natural.html#primaryimage\"},\"image\":{\"@id\":\"https:\\\/\\\/www.masmallorca.es\\\/ca\\\/llocs-amb-encant\\\/sa-bassa-blanca-art-en-estat-natural.html#primaryimage\"},\"thumbnailUrl\":\"https:\\\/\\\/www.masmallorca.es\\\/wp-content\\\/uploads\\\/2009\\\/04\\\/sa_bassa_blanca_interiores.jpg\",\"datePublished\":\"2009-04-23T14:25:48+00:00\",\"dateModified\":\"2021-01-25T19:00:30+00:00\",\"description\":\"El Museo Sa Bassa Blanca, en Alc\u00fadia, acoge la Fundaci\u00f3n Yannick y Ben Jakober, una de las colecciones de arte privadas m\u00e1s importantes de Mallorca\",\"breadcrumb\":{\"@id\":\"https:\\\/\\\/www.masmallorca.es\\\/ca\\\/llocs-amb-encant\\\/sa-bassa-blanca-art-en-estat-natural.html#breadcrumb\"},\"inLanguage\":\"ca-ES\",\"potentialAction\":[{\"@type\":\"ReadAction\",\"target\":[\"https:\\\/\\\/www.masmallorca.es\\\/ca\\\/llocs-amb-encant\\\/sa-bassa-blanca-art-en-estat-natural.html\"]}]},{\"@type\":\"ImageObject\",\"inLanguage\":\"ca-ES\",\"@id\":\"https:\\\/\\\/www.masmallorca.es\\\/ca\\\/llocs-amb-encant\\\/sa-bassa-blanca-art-en-estat-natural.html#primaryimage\",\"url\":\"https:\\\/\\\/www.masmallorca.es\\\/wp-content\\\/uploads\\\/2009\\\/04\\\/sa_bassa_blanca_interiores.jpg\",\"contentUrl\":\"https:\\\/\\\/www.masmallorca.es\\\/wp-content\\\/uploads\\\/2009\\\/04\\\/sa_bassa_blanca_interiores.jpg\",\"width\":540,\"height\":361},{\"@type\":\"BreadcrumbList\",\"@id\":\"https:\\\/\\\/www.masmallorca.es\\\/ca\\\/llocs-amb-encant\\\/sa-bassa-blanca-art-en-estat-natural.html#breadcrumb\",\"itemListElement\":[{\"@type\":\"ListItem\",\"position\":1,\"name\":\"Portada\",\"item\":\"https:\\\/\\\/www.masmallorca.es\\\/ca\"},{\"@type\":\"ListItem\",\"position\":2,\"name\":\"Llocs amb encant\",\"item\":\"https:\\\/\\\/www.masmallorca.es\\\/ca\\\/llocs-amb-encant\"},{\"@type\":\"ListItem\",\"position\":3,\"name\":\"Sa bassa blanca, art en estat natural\"}]},{\"@type\":\"WebSite\",\"@id\":\"https:\\\/\\\/www.masmallorca.es\\\/ca#website\",\"url\":\"https:\\\/\\\/www.masmallorca.es\\\/ca\",\"name\":\"+Mallorca: la revista de Mallorca\",\"description\":\"Molt m\u00e9s que sol i platja..\",\"publisher\":{\"@id\":\"https:\\\/\\\/www.masmallorca.es\\\/ca#organization\"},\"alternateName\":\"+Mallorca\",\"potentialAction\":[{\"@type\":\"SearchAction\",\"target\":{\"@type\":\"EntryPoint\",\"urlTemplate\":\"https:\\\/\\\/www.masmallorca.es\\\/ca?s={search_term_string}\"},\"query-input\":{\"@type\":\"PropertyValueSpecification\",\"valueRequired\":true,\"valueName\":\"search_term_string\"}}],\"inLanguage\":\"ca-ES\"},{\"@type\":\"Organization\",\"@id\":\"https:\\\/\\\/www.masmallorca.es\\\/ca#organization\",\"name\":\"Revista +Mallorca\",\"alternateName\":\"M\u00e1s Mallorca\",\"url\":\"https:\\\/\\\/www.masmallorca.es\\\/ca\",\"logo\":{\"@type\":\"ImageObject\",\"inLanguage\":\"ca-ES\",\"@id\":\"https:\\\/\\\/www.masmallorca.es\\\/ca#\\\/schema\\\/logo\\\/image\\\/\",\"url\":\"https:\\\/\\\/www.masmallorca.es\\\/wp-content\\\/uploads\\\/2021\\\/04\\\/logomallorca-1.png\",\"contentUrl\":\"https:\\\/\\\/www.masmallorca.es\\\/wp-content\\\/uploads\\\/2021\\\/04\\\/logomallorca-1.png\",\"width\":326,\"height\":84,\"caption\":\"Revista +Mallorca\"},\"image\":{\"@id\":\"https:\\\/\\\/www.masmallorca.es\\\/ca#\\\/schema\\\/logo\\\/image\\\/\"},\"sameAs\":[\"https:\\\/\\\/www.facebook.com\\\/mallorcamagazine\\\/\",\"https:\\\/\\\/x.com\\\/masmallorca\"]},{\"@type\":\"Person\",\"@id\":\"https:\\\/\\\/www.masmallorca.es\\\/ca#\\\/schema\\\/person\\\/554c84e7dfd9917fdba2cace51081633\",\"name\":\"masmallorca\"}]}<\/script>\n<!-- \/ Yoast SEO plugin. -->","yoast_head_json":{"title":"Sa bassa blanca, art en estat natural | +Mallorca: la revista de Mallorca","description":"El Museo Sa Bassa Blanca, en Alc\u00fadia, acoge la Fundaci\u00f3n Yannick y Ben Jakober, una de las colecciones de arte privadas m\u00e1s importantes de Mallorca","robots":{"index":"index","follow":"follow","max-snippet":"max-snippet:-1","max-image-preview":"max-image-preview:large","max-video-preview":"max-video-preview:-1"},"canonical":"https:\/\/www.masmallorca.es\/ca\/llocs-amb-encant\/sa-bassa-blanca-art-en-estat-natural.html","og_locale":"ca_ES","og_type":"article","og_title":"Sa bassa blanca, art en estat natural | +Mallorca: la revista de Mallorca","og_description":"El Museo Sa Bassa Blanca, en Alc\u00fadia, acoge la Fundaci\u00f3n Yannick y Ben Jakober, una de las colecciones de arte privadas m\u00e1s importantes de Mallorca","og_url":"https:\/\/www.masmallorca.es\/ca\/llocs-amb-encant\/sa-bassa-blanca-art-en-estat-natural.html","og_site_name":"+Mallorca: la revista de Mallorca","article_publisher":"https:\/\/www.facebook.com\/mallorcamagazine\/","article_published_time":"2009-04-23T14:25:48+00:00","article_modified_time":"2021-01-25T19:00:30+00:00","og_image":[{"width":540,"height":361,"url":"https:\/\/www.masmallorca.es\/wp-content\/uploads\/2009\/04\/sa_bassa_blanca_interiores.jpg","type":"image\/jpeg"}],"author":"masmallorca","twitter_card":"summary_large_image","twitter_creator":"@masmallorca","twitter_site":"@masmallorca","twitter_misc":{"Written by":"masmallorca","Est. reading time":"3 minutes"},"schema":{"@context":"https:\/\/schema.org","@graph":[{"@type":"Article","@id":"https:\/\/www.masmallorca.es\/ca\/llocs-amb-encant\/sa-bassa-blanca-art-en-estat-natural.html#article","isPartOf":{"@id":"https:\/\/www.masmallorca.es\/ca\/llocs-amb-encant\/sa-bassa-blanca-art-en-estat-natural.html"},"author":{"name":"masmallorca","@id":"https:\/\/www.masmallorca.es\/ca#\/schema\/person\/554c84e7dfd9917fdba2cace51081633"},"headline":"Sa bassa blanca, art en estat natural","datePublished":"2009-04-23T14:25:48+00:00","dateModified":"2021-01-25T19:00:30+00:00","mainEntityOfPage":{"@id":"https:\/\/www.masmallorca.es\/ca\/llocs-amb-encant\/sa-bassa-blanca-art-en-estat-natural.html"},"wordCount":472,"publisher":{"@id":"https:\/\/www.masmallorca.es\/ca#organization"},"image":{"@id":"https:\/\/www.masmallorca.es\/ca\/llocs-amb-encant\/sa-bassa-blanca-art-en-estat-natural.html#primaryimage"},"thumbnailUrl":"https:\/\/www.masmallorca.es\/wp-content\/uploads\/2009\/04\/sa_bassa_blanca_interiores.jpg","articleSection":["Llocs amb encant"],"inLanguage":"ca-ES"},{"@type":"WebPage","@id":"https:\/\/www.masmallorca.es\/ca\/llocs-amb-encant\/sa-bassa-blanca-art-en-estat-natural.html","url":"https:\/\/www.masmallorca.es\/ca\/llocs-amb-encant\/sa-bassa-blanca-art-en-estat-natural.html","name":"Sa bassa blanca, art en estat natural | +Mallorca: la revista de Mallorca","isPartOf":{"@id":"https:\/\/www.masmallorca.es\/ca#website"},"primaryImageOfPage":{"@id":"https:\/\/www.masmallorca.es\/ca\/llocs-amb-encant\/sa-bassa-blanca-art-en-estat-natural.html#primaryimage"},"image":{"@id":"https:\/\/www.masmallorca.es\/ca\/llocs-amb-encant\/sa-bassa-blanca-art-en-estat-natural.html#primaryimage"},"thumbnailUrl":"https:\/\/www.masmallorca.es\/wp-content\/uploads\/2009\/04\/sa_bassa_blanca_interiores.jpg","datePublished":"2009-04-23T14:25:48+00:00","dateModified":"2021-01-25T19:00:30+00:00","description":"El Museo Sa Bassa Blanca, en Alc\u00fadia, acoge la Fundaci\u00f3n Yannick y Ben Jakober, una de las colecciones de arte privadas m\u00e1s importantes de Mallorca","breadcrumb":{"@id":"https:\/\/www.masmallorca.es\/ca\/llocs-amb-encant\/sa-bassa-blanca-art-en-estat-natural.html#breadcrumb"},"inLanguage":"ca-ES","potentialAction":[{"@type":"ReadAction","target":["https:\/\/www.masmallorca.es\/ca\/llocs-amb-encant\/sa-bassa-blanca-art-en-estat-natural.html"]}]},{"@type":"ImageObject","inLanguage":"ca-ES","@id":"https:\/\/www.masmallorca.es\/ca\/llocs-amb-encant\/sa-bassa-blanca-art-en-estat-natural.html#primaryimage","url":"https:\/\/www.masmallorca.es\/wp-content\/uploads\/2009\/04\/sa_bassa_blanca_interiores.jpg","contentUrl":"https:\/\/www.masmallorca.es\/wp-content\/uploads\/2009\/04\/sa_bassa_blanca_interiores.jpg","width":540,"height":361},{"@type":"BreadcrumbList","@id":"https:\/\/www.masmallorca.es\/ca\/llocs-amb-encant\/sa-bassa-blanca-art-en-estat-natural.html#breadcrumb","itemListElement":[{"@type":"ListItem","position":1,"name":"Portada","item":"https:\/\/www.masmallorca.es\/ca"},{"@type":"ListItem","position":2,"name":"Llocs amb encant","item":"https:\/\/www.masmallorca.es\/ca\/llocs-amb-encant"},{"@type":"ListItem","position":3,"name":"Sa bassa blanca, art en estat natural"}]},{"@type":"WebSite","@id":"https:\/\/www.masmallorca.es\/ca#website","url":"https:\/\/www.masmallorca.es\/ca","name":"+Mallorca: la revista de Mallorca","description":"Molt m\u00e9s que sol i platja..","publisher":{"@id":"https:\/\/www.masmallorca.es\/ca#organization"},"alternateName":"+Mallorca","potentialAction":[{"@type":"SearchAction","target":{"@type":"EntryPoint","urlTemplate":"https:\/\/www.masmallorca.es\/ca?s={search_term_string}"},"query-input":{"@type":"PropertyValueSpecification","valueRequired":true,"valueName":"search_term_string"}}],"inLanguage":"ca-ES"},{"@type":"Organization","@id":"https:\/\/www.masmallorca.es\/ca#organization","name":"Revista +Mallorca","alternateName":"M\u00e1s Mallorca","url":"https:\/\/www.masmallorca.es\/ca","logo":{"@type":"ImageObject","inLanguage":"ca-ES","@id":"https:\/\/www.masmallorca.es\/ca#\/schema\/logo\/image\/","url":"https:\/\/www.masmallorca.es\/wp-content\/uploads\/2021\/04\/logomallorca-1.png","contentUrl":"https:\/\/www.masmallorca.es\/wp-content\/uploads\/2021\/04\/logomallorca-1.png","width":326,"height":84,"caption":"Revista +Mallorca"},"image":{"@id":"https:\/\/www.masmallorca.es\/ca#\/schema\/logo\/image\/"},"sameAs":["https:\/\/www.facebook.com\/mallorcamagazine\/","https:\/\/x.com\/masmallorca"]},{"@type":"Person","@id":"https:\/\/www.masmallorca.es\/ca#\/schema\/person\/554c84e7dfd9917fdba2cace51081633","name":"masmallorca"}]}},"_links":{"self":[{"href":"https:\/\/www.masmallorca.es\/ca\/wp-json\/wp\/v2\/posts\/323","targetHints":{"allow":["GET"]}}],"collection":[{"href":"https:\/\/www.masmallorca.es\/ca\/wp-json\/wp\/v2\/posts"}],"about":[{"href":"https:\/\/www.masmallorca.es\/ca\/wp-json\/wp\/v2\/types\/post"}],"author":[{"embeddable":true,"href":"https:\/\/www.masmallorca.es\/ca\/wp-json\/wp\/v2\/users\/1"}],"replies":[{"embeddable":true,"href":"https:\/\/www.masmallorca.es\/ca\/wp-json\/wp\/v2\/comments?post=323"}],"version-history":[{"count":0,"href":"https:\/\/www.masmallorca.es\/ca\/wp-json\/wp\/v2\/posts\/323\/revisions"}],"wp:featuredmedia":[{"embeddable":true,"href":"https:\/\/www.masmallorca.es\/ca\/wp-json\/wp\/v2\/media\/317"}],"wp:attachment":[{"href":"https:\/\/www.masmallorca.es\/ca\/wp-json\/wp\/v2\/media?parent=323"}],"wp:term":[{"taxonomy":"category","embeddable":true,"href":"https:\/\/www.masmallorca.es\/ca\/wp-json\/wp\/v2\/categories?post=323"},{"taxonomy":"post_tag","embeddable":true,"href":"https:\/\/www.masmallorca.es\/ca\/wp-json\/wp\/v2\/tags?post=323"}],"curies":[{"name":"wp","href":"https:\/\/api.w.org\/{rel}","templated":true}]}}